{"id":107219,"date":"2023-06-13T10:00:39","date_gmt":"2023-06-13T15:00:39","guid":{"rendered":"https:\/\/lospoliticosveracruz.com.mx\/?p=107219"},"modified":"2023-06-13T10:00:45","modified_gmt":"2023-06-13T15:00:45","slug":"la-radiografia-politica-de-veracruz-rumbo-al-2024","status":"publish","type":"post","link":"https:\/\/lospoliticosveracruz.com\/?p=107219","title":{"rendered":"LA RADIOGRAF\u00cdA POL\u00cdTICA DE VERACRUZ RUMBO AL 2024"},"content":{"rendered":"\n<p><strong>Luis Alberto Romero<\/strong>\u00a0<\/p>\n\n\n\n<p><em>Hora cero<\/em>\u00a0<\/p>\n\n\n\n<p>Una interesante radiograf\u00eda de Veracruz, que aborda de forma muy general temas como la inseguridad, los feminicidios, las desapariciones y el desempleo, difundi\u00f3 de forma reciente el portal de noticias Naci\u00f3n 321.\u00a0<br><\/p>\n\n\n\n<figure class=\"wp-block-embed is-type-video is-provider-youtube wp-block-embed-youtube wp-embed-aspect-16-9 wp-has-aspect-ratio\"><div class=\"wp-block-embed__wrapper\">\n<iframe loading=\"lazy\" title=\"Cluster Coworking\" width=\"696\" height=\"392\" src=\"https:\/\/www.youtube.com\/embed\/Nxe-vxf8GuY?feature=oembed\" frameborder=\"0\" allow=\"accelerometer; autoplay; clipboard-write; encrypted-media; gyroscope; picture-in-picture; web-share\" referrerpolicy=\"strict-origin-when-cross-origin\" allowfullscreen><\/iframe>\n<\/div><\/figure>\n\n\n\n<p>El punto interesante de dicho trabajo, sin embargo, no se relaciona con los mencionados problemas sociales, que han sido muy abordados por los medios informativos, sino con el escenario pol\u00edtico de la entidad, a un a\u00f1o de la jornada electoral de 2024.&nbsp;<\/p>\n\n\n\n<p>La sucesi\u00f3n en Veracruz est\u00e1 en marcha y en el proceso de selecci\u00f3n de candidatos se encuentran todos los partidos pol\u00edticos.&nbsp;<\/p>\n\n\n\n<p>A pesar de que en diferentes espacios se han mencionado cinco y hasta seis nombres como posibilidades de Morena: Roc\u00edo Nahle, Zenyazen Escobar, Ricardo Ahued, Manuel Huerta, Sergio Guti\u00e9rrez y Eric Cisneros, este medio s\u00f3lo incluye a los primeros tres como posible terna final.&nbsp;<\/p>\n\n\n\n<p>Esto de alguna manera refuerza el comentario incluido recientemente por la columna Frentes Pol\u00edticos, de Exc\u00e9lsior, que ubicaba en la recta final los nombres de Nahle, Escobar y Huerta; pero dejaba fuera al alcalde de Xalapa, quien tiene control de la capital, pero insuficiente presencia en el resto de Veracruz.&nbsp;<\/p>\n\n\n\n<p>Ambos an\u00e1lisis, por cierto, dejar\u00edan fuera de toda posibilidad al diputado Sergio Guti\u00e9rrez Luna y al secretario de Gobierno, Eric Cisneros Burgos, quienes parad\u00f3jicamente son quienes m\u00e1s aparecen en anuncios espectaculares.&nbsp;<\/p>\n\n\n\n<p>Otro dato: entre todos los aspirantes de Morena, la \u00fanica posici\u00f3n real del actual ejecutivo es el secretario de Educaci\u00f3n, aunque es evidente la alianza de Garc\u00eda Jim\u00e9nez con la titular de la SENER.&nbsp;<\/p>\n\n\n\n<p>Como sea, considerando los tiempos que establecen los recientes acuerdos del partido, que ubican para septiembre el destape del candidato presidencial de la 4T, podr\u00edamos adelantar que este mismo a\u00f1o habr\u00e1 candidatos de Morena a las gubernaturas en las nueve entidades que estar\u00e1n en juego en 2024.&nbsp;&nbsp;<\/p>\n\n\n\n<p>Lo cierto es que entre los aspirantes de Morena a la gubernatura existe la percepci\u00f3n de que es m\u00e1s complicada la interna que la elecci\u00f3n constitucional, as\u00ed de seguros est\u00e1n del resultado.&nbsp;<\/p>\n\n\n\n<p>Por la oposici\u00f3n, a pesar de que se bajaran al menos cuatro cartas, quienes aparecen como punteros en esta carrera son el diputado Jos\u00e9 Francisco Yunes, del PRI; y el senador Julen Rementer\u00eda, del PAN.&nbsp;&nbsp;<\/p>\n\n\n\n<p>En el tricolor, a pesar de sus espectaculares, H\u00e9ctor Yunes no aparece, pero s\u00ed lo hace, con n\u00fameros discretos en las encuestas el alcalde de Orizaba, Juan Manuel Diez Francos, quien ya se ha descartado para buscar la candidatura.&nbsp;<\/p>\n\n\n\n<p>Por Acci\u00f3n Nacional se menciona a la alcaldesa del Puerto, Patricia Lobeira; a la senadora Indira Rosales, y a los hermanos Miguel \u00c1ngel y Fernando Yunes M\u00e1rquez, pero todo ese grupo, que se identifica con la corriente yunista de Boca del R\u00edo, parece dispuesta a dejar pasar 2024 y esperar mejores tiempos.&nbsp;<\/p>\n\n\n\n<p>A falta de cuadros con presencia estatal, la radiograf\u00eda del mencionado medio s\u00f3lo menciona por Movimiento Ciudadano al senador Dante Delgado como posible carta a la gubernatura; sin embargo, al interior del partido naranja se ha incluido al dirigente estatal, Sergio Gil; y al secretario t\u00e9cnico de la JUCOPO en el Senado, Jos\u00e9 Manuel del R\u00edo.&nbsp;<\/p>\n\n\n\n<p>Son los nombres, en t\u00e9rminos generales, de los personajes que ser\u00e1n los protagonistas de la contienda de 2024 por la gubernatura de Veracruz. @luisromero85<\/p>\n","protected":false},"excerpt":{"rendered":"<p>Luis Alberto Romero\u00a0 Hora cero\u00a0 Una interesante radiograf\u00eda de Veracruz, que aborda de forma muy general temas como la inseguridad, los feminicidios, las desapariciones y el desempleo, difundi\u00f3 de forma reciente el portal de noticias Naci\u00f3n 321.\u00a0 El punto interesante de dicho trabajo, sin embargo, no se relaciona con los mencionados problemas sociales, que han [&hellip;]<\/p>\n","protected":false},"author":2,"featured_media":0,"comment_status":"closed","ping_status":"closed","sticky":false,"template":"","format":"standard","meta":{"tdm_status":"","tdm_grid_status":"","footnotes":""},"categories":[70],"tags":[1006,12299,1130,10317,28226,570,876,3578,28349],"class_list":{"0":"post-107219","1":"post","2":"type-post","3":"status-publish","4":"format-standard","6":"category-de-opinion","7":"tag-dante-delgado-rannauro","8":"tag-eric-cisneros-burgos","9":"tag-julen-rementeria","10":"tag-manuel-huerta","11":"tag-paty-lobeira-de-yunes","12":"tag-pepe-yunes","13":"tag-ricardo-ahued","14":"tag-rocio-nahle","15":"tag-sergio-gutierrez"},"yoast_head":"<!-- This site is optimized with the Yoast SEO plugin v27.4 - https:\/\/yoast.com\/product\/yoast-seo-wordpress\/ -->\n<title>LA RADIOGRAF\u00cdA POL\u00cdTICA DE VERACRUZ RUMBO AL 2024 - Los pol\u00edticos Veracruz<\/title>\n<meta name=\"robots\" content=\"index, follow, max-snippet:-1, max-image-preview:large, max-video-preview:-1\" \/>\n<link rel=\"canonical\" href=\"https:\/\/lospoliticosveracruz.com\/?p=107219\" \/>\n<meta property=\"og:locale\" content=\"es_ES\" \/>\n<meta property=\"og:type\" content=\"article\" \/>\n<meta property=\"og:title\" content=\"LA RADIOGRAF\u00cdA POL\u00cdTICA DE VERACRUZ RUMBO AL 2024 - Los pol\u00edticos Veracruz\" \/>\n<meta property=\"og:description\" content=\"Luis Alberto Romero\u00a0 Hora cero\u00a0 Una interesante radiograf\u00eda de Veracruz, que aborda de forma muy general temas como la inseguridad, los feminicidios, las desapariciones y el desempleo, difundi\u00f3 de forma reciente el portal de noticias Naci\u00f3n 321.\u00a0 El punto interesante de dicho trabajo, sin embargo, no se relaciona con los mencionados problemas sociales, que han [&hellip;]\" \/>\n<meta property=\"og:url\" content=\"https:\/\/lospoliticosveracruz.com\/?p=107219\" \/>\n<meta property=\"og:site_name\" content=\"Los pol\u00edticos Veracruz\" \/>\n<meta property=\"article:publisher\" content=\"https:\/\/www.facebook.com\/people\/Notimemes-de-los-Polticos\/61565672886568\/\" \/>\n<meta property=\"article:published_time\" content=\"2023-06-13T15:00:39+00:00\" \/>\n<meta property=\"article:modified_time\" content=\"2023-06-13T15:00:45+00:00\" \/>\n<meta property=\"og:image\" content=\"https:\/\/lospoliticosveracruz.com\/wp-content\/uploads\/2016\/07\/Logo-Dor.jpg\" \/>\n\t<meta property=\"og:image:width\" content=\"200\" \/>\n\t<meta property=\"og:image:height\" content=\"200\" \/>\n\t<meta property=\"og:image:type\" content=\"image\/jpeg\" \/>\n<meta name=\"author\" content=\"Lo viste en Los Pol\u00edticos\" \/>\n<meta name=\"twitter:card\" content=\"summary_large_image\" \/>\n<meta name=\"twitter:creator\" content=\"@LosPoliticosVer\" \/>\n<meta name=\"twitter:site\" content=\"@LosPoliticosVer\" \/>\n<meta name=\"twitter:label1\" content=\"Escrito por\" \/>\n\t<meta name=\"twitter:data1\" content=\"Lo viste en Los Pol\u00edticos\" \/>\n\t<meta name=\"twitter:label2\" content=\"Tiempo de lectura\" \/>\n\t<meta name=\"twitter:data2\" content=\"3 minutos\" \/>\n<script type=\"application\/ld+json\" class=\"yoast-schema-graph\">{\"@context\":\"https:\\\/\\\/schema.org\",\"@graph\":[{\"@type\":\"Article\",\"@id\":\"https:\\\/\\\/lospoliticosveracruz.com\\\/?p=107219#article\",\"isPartOf\":{\"@id\":\"https:\\\/\\\/lospoliticosveracruz.com\\\/?p=107219\"},\"author\":{\"name\":\"Lo viste en Los Pol\u00edticos\",\"@id\":\"https:\\\/\\\/lospoliticosveracruz.com\\\/#\\\/schema\\\/person\\\/b8702bb0e538456e6efd07080bf2a4a2\"},\"headline\":\"LA RADIOGRAF\u00cdA POL\u00cdTICA DE VERACRUZ RUMBO AL 2024\",\"datePublished\":\"2023-06-13T15:00:39+00:00\",\"dateModified\":\"2023-06-13T15:00:45+00:00\",\"mainEntityOfPage\":{\"@id\":\"https:\\\/\\\/lospoliticosveracruz.com\\\/?p=107219\"},\"wordCount\":608,\"publisher\":{\"@id\":\"https:\\\/\\\/lospoliticosveracruz.com\\\/#organization\"},\"keywords\":[\"Dante Delgado Rannauro\",\"Eric Cisneros Burgos\",\"Julen Rementer\u00eda\",\"Manuel Huerta\",\"Paty Lobeira de Yunes\",\"Pepe Yunes\",\"Ricardo Ahued\",\"Roc\u00edo Nahle\",\"Sergio Guti\u00e9rrez\"],\"articleSection\":[\"De Opini\u00f3n\"],\"inLanguage\":\"es\"},{\"@type\":\"WebPage\",\"@id\":\"https:\\\/\\\/lospoliticosveracruz.com\\\/?p=107219\",\"url\":\"https:\\\/\\\/lospoliticosveracruz.com\\\/?p=107219\",\"name\":\"LA RADIOGRAF\u00cdA POL\u00cdTICA DE VERACRUZ RUMBO AL 2024 - Los pol\u00edticos Veracruz\",\"isPartOf\":{\"@id\":\"https:\\\/\\\/lospoliticosveracruz.com\\\/#website\"},\"datePublished\":\"2023-06-13T15:00:39+00:00\",\"dateModified\":\"2023-06-13T15:00:45+00:00\",\"breadcrumb\":{\"@id\":\"https:\\\/\\\/lospoliticosveracruz.com\\\/?p=107219#breadcrumb\"},\"inLanguage\":\"es\",\"potentialAction\":[{\"@type\":\"ReadAction\",\"target\":[\"https:\\\/\\\/lospoliticosveracruz.com\\\/?p=107219\"]}]},{\"@type\":\"BreadcrumbList\",\"@id\":\"https:\\\/\\\/lospoliticosveracruz.com\\\/?p=107219#breadcrumb\",\"itemListElement\":[{\"@type\":\"ListItem\",\"position\":1,\"name\":\"Portada\",\"item\":\"https:\\\/\\\/lospoliticosveracruz.com\\\/\"},{\"@type\":\"ListItem\",\"position\":2,\"name\":\"LA RADIOGRAF\u00cdA POL\u00cdTICA DE VERACRUZ RUMBO AL 2024\"}]},{\"@type\":\"WebSite\",\"@id\":\"https:\\\/\\\/lospoliticosveracruz.com\\\/#website\",\"url\":\"https:\\\/\\\/lospoliticosveracruz.com\\\/\",\"name\":\"Los pol\u00edticos Veracruz\",\"description\":\"\",\"publisher\":{\"@id\":\"https:\\\/\\\/lospoliticosveracruz.com\\\/#organization\"},\"potentialAction\":[{\"@type\":\"SearchAction\",\"target\":{\"@type\":\"EntryPoint\",\"urlTemplate\":\"https:\\\/\\\/lospoliticosveracruz.com\\\/?s={search_term_string}\"},\"query-input\":{\"@type\":\"PropertyValueSpecification\",\"valueRequired\":true,\"valueName\":\"search_term_string\"}}],\"inLanguage\":\"es\"},{\"@type\":\"Organization\",\"@id\":\"https:\\\/\\\/lospoliticosveracruz.com\\\/#organization\",\"name\":\"Los pol\u00edticos Veracruz\",\"url\":\"https:\\\/\\\/lospoliticosveracruz.com\\\/\",\"logo\":{\"@type\":\"ImageObject\",\"inLanguage\":\"es\",\"@id\":\"https:\\\/\\\/lospoliticosveracruz.com\\\/#\\\/schema\\\/logo\\\/image\\\/\",\"url\":\"https:\\\/\\\/lospoliticosveracruz.com\\\/wp-content\\\/uploads\\\/2025\\\/12\\\/Logo-Nuevo-LOS-POLITICOS-1.jpg\",\"contentUrl\":\"https:\\\/\\\/lospoliticosveracruz.com\\\/wp-content\\\/uploads\\\/2025\\\/12\\\/Logo-Nuevo-LOS-POLITICOS-1.jpg\",\"width\":260,\"height\":70,\"caption\":\"Los pol\u00edticos Veracruz\"},\"image\":{\"@id\":\"https:\\\/\\\/lospoliticosveracruz.com\\\/#\\\/schema\\\/logo\\\/image\\\/\"},\"sameAs\":[\"https:\\\/\\\/www.facebook.com\\\/people\\\/Notimemes-de-los-Polticos\\\/61565672886568\\\/\",\"https:\\\/\\\/x.com\\\/LosPoliticosVer\"]},{\"@type\":\"Person\",\"@id\":\"https:\\\/\\\/lospoliticosveracruz.com\\\/#\\\/schema\\\/person\\\/b8702bb0e538456e6efd07080bf2a4a2\",\"name\":\"Lo viste en Los Pol\u00edticos\",\"image\":{\"@type\":\"ImageObject\",\"inLanguage\":\"es\",\"@id\":\"https:\\\/\\\/secure.gravatar.com\\\/avatar\\\/3a8de04a2656d44082be478bd6c086daa447c4651605818287b9532d3d0bd435?s=96&d=mm&r=g\",\"url\":\"https:\\\/\\\/secure.gravatar.com\\\/avatar\\\/3a8de04a2656d44082be478bd6c086daa447c4651605818287b9532d3d0bd435?s=96&d=mm&r=g\",\"contentUrl\":\"https:\\\/\\\/secure.gravatar.com\\\/avatar\\\/3a8de04a2656d44082be478bd6c086daa447c4651605818287b9532d3d0bd435?s=96&d=mm&r=g\",\"caption\":\"Lo viste en Los Pol\u00edticos\"},\"url\":\"https:\\\/\\\/lospoliticosveracruz.com\\\/?author=2\"}]}<\/script>\n<!-- \/ Yoast SEO plugin. -->","yoast_head_json":{"title":"LA RADIOGRAF\u00cdA POL\u00cdTICA DE VERACRUZ RUMBO AL 2024 - Los pol\u00edticos Veracruz","robots":{"index":"index","follow":"follow","max-snippet":"max-snippet:-1","max-image-preview":"max-image-preview:large","max-video-preview":"max-video-preview:-1"},"canonical":"https:\/\/lospoliticosveracruz.com\/?p=107219","og_locale":"es_ES","og_type":"article","og_title":"LA RADIOGRAF\u00cdA POL\u00cdTICA DE VERACRUZ RUMBO AL 2024 - Los pol\u00edticos Veracruz","og_description":"Luis Alberto Romero\u00a0 Hora cero\u00a0 Una interesante radiograf\u00eda de Veracruz, que aborda de forma muy general temas como la inseguridad, los feminicidios, las desapariciones y el desempleo, difundi\u00f3 de forma reciente el portal de noticias Naci\u00f3n 321.\u00a0 El punto interesante de dicho trabajo, sin embargo, no se relaciona con los mencionados problemas sociales, que han [&hellip;]","og_url":"https:\/\/lospoliticosveracruz.com\/?p=107219","og_site_name":"Los pol\u00edticos Veracruz","article_publisher":"https:\/\/www.facebook.com\/people\/Notimemes-de-los-Polticos\/61565672886568\/","article_published_time":"2023-06-13T15:00:39+00:00","article_modified_time":"2023-06-13T15:00:45+00:00","og_image":[{"width":200,"height":200,"url":"https:\/\/lospoliticosveracruz.com\/wp-content\/uploads\/2016\/07\/Logo-Dor.jpg","type":"image\/jpeg"}],"author":"Lo viste en Los Pol\u00edticos","twitter_card":"summary_large_image","twitter_creator":"@LosPoliticosVer","twitter_site":"@LosPoliticosVer","twitter_misc":{"Escrito por":"Lo viste en Los Pol\u00edticos","Tiempo de lectura":"3 minutos"},"schema":{"@context":"https:\/\/schema.org","@graph":[{"@type":"Article","@id":"https:\/\/lospoliticosveracruz.com\/?p=107219#article","isPartOf":{"@id":"https:\/\/lospoliticosveracruz.com\/?p=107219"},"author":{"name":"Lo viste en Los Pol\u00edticos","@id":"https:\/\/lospoliticosveracruz.com\/#\/schema\/person\/b8702bb0e538456e6efd07080bf2a4a2"},"headline":"LA RADIOGRAF\u00cdA POL\u00cdTICA DE VERACRUZ RUMBO AL 2024","datePublished":"2023-06-13T15:00:39+00:00","dateModified":"2023-06-13T15:00:45+00:00","mainEntityOfPage":{"@id":"https:\/\/lospoliticosveracruz.com\/?p=107219"},"wordCount":608,"publisher":{"@id":"https:\/\/lospoliticosveracruz.com\/#organization"},"keywords":["Dante Delgado Rannauro","Eric Cisneros Burgos","Julen Rementer\u00eda","Manuel Huerta","Paty Lobeira de Yunes","Pepe Yunes","Ricardo Ahued","Roc\u00edo Nahle","Sergio Guti\u00e9rrez"],"articleSection":["De Opini\u00f3n"],"inLanguage":"es"},{"@type":"WebPage","@id":"https:\/\/lospoliticosveracruz.com\/?p=107219","url":"https:\/\/lospoliticosveracruz.com\/?p=107219","name":"LA RADIOGRAF\u00cdA POL\u00cdTICA DE VERACRUZ RUMBO AL 2024 - Los pol\u00edticos Veracruz","isPartOf":{"@id":"https:\/\/lospoliticosveracruz.com\/#website"},"datePublished":"2023-06-13T15:00:39+00:00","dateModified":"2023-06-13T15:00:45+00:00","breadcrumb":{"@id":"https:\/\/lospoliticosveracruz.com\/?p=107219#breadcrumb"},"inLanguage":"es","potentialAction":[{"@type":"ReadAction","target":["https:\/\/lospoliticosveracruz.com\/?p=107219"]}]},{"@type":"BreadcrumbList","@id":"https:\/\/lospoliticosveracruz.com\/?p=107219#breadcrumb","itemListElement":[{"@type":"ListItem","position":1,"name":"Portada","item":"https:\/\/lospoliticosveracruz.com\/"},{"@type":"ListItem","position":2,"name":"LA RADIOGRAF\u00cdA POL\u00cdTICA DE VERACRUZ RUMBO AL 2024"}]},{"@type":"WebSite","@id":"https:\/\/lospoliticosveracruz.com\/#website","url":"https:\/\/lospoliticosveracruz.com\/","name":"Los pol\u00edticos Veracruz","description":"","publisher":{"@id":"https:\/\/lospoliticosveracruz.com\/#organization"},"potentialAction":[{"@type":"SearchAction","target":{"@type":"EntryPoint","urlTemplate":"https:\/\/lospoliticosveracruz.com\/?s={search_term_string}"},"query-input":{"@type":"PropertyValueSpecification","valueRequired":true,"valueName":"search_term_string"}}],"inLanguage":"es"},{"@type":"Organization","@id":"https:\/\/lospoliticosveracruz.com\/#organization","name":"Los pol\u00edticos Veracruz","url":"https:\/\/lospoliticosveracruz.com\/","logo":{"@type":"ImageObject","inLanguage":"es","@id":"https:\/\/lospoliticosveracruz.com\/#\/schema\/logo\/image\/","url":"https:\/\/lospoliticosveracruz.com\/wp-content\/uploads\/2025\/12\/Logo-Nuevo-LOS-POLITICOS-1.jpg","contentUrl":"https:\/\/lospoliticosveracruz.com\/wp-content\/uploads\/2025\/12\/Logo-Nuevo-LOS-POLITICOS-1.jpg","width":260,"height":70,"caption":"Los pol\u00edticos Veracruz"},"image":{"@id":"https:\/\/lospoliticosveracruz.com\/#\/schema\/logo\/image\/"},"sameAs":["https:\/\/www.facebook.com\/people\/Notimemes-de-los-Polticos\/61565672886568\/","https:\/\/x.com\/LosPoliticosVer"]},{"@type":"Person","@id":"https:\/\/lospoliticosveracruz.com\/#\/schema\/person\/b8702bb0e538456e6efd07080bf2a4a2","name":"Lo viste en Los Pol\u00edticos","image":{"@type":"ImageObject","inLanguage":"es","@id":"https:\/\/secure.gravatar.com\/avatar\/3a8de04a2656d44082be478bd6c086daa447c4651605818287b9532d3d0bd435?s=96&d=mm&r=g","url":"https:\/\/secure.gravatar.com\/avatar\/3a8de04a2656d44082be478bd6c086daa447c4651605818287b9532d3d0bd435?s=96&d=mm&r=g","contentUrl":"https:\/\/secure.gravatar.com\/avatar\/3a8de04a2656d44082be478bd6c086daa447c4651605818287b9532d3d0bd435?s=96&d=mm&r=g","caption":"Lo viste en Los Pol\u00edticos"},"url":"https:\/\/lospoliticosveracruz.com\/?author=2"}]}},"_links":{"self":[{"href":"https:\/\/lospoliticosveracruz.com\/index.php?rest_route=\/wp\/v2\/posts\/107219","targetHints":{"allow":["GET"]}}],"collection":[{"href":"https:\/\/lospoliticosveracruz.com\/index.php?rest_route=\/wp\/v2\/posts"}],"about":[{"href":"https:\/\/lospoliticosveracruz.com\/index.php?rest_route=\/wp\/v2\/types\/post"}],"author":[{"embeddable":true,"href":"https:\/\/lospoliticosveracruz.com\/index.php?rest_route=\/wp\/v2\/users\/2"}],"replies":[{"embeddable":true,"href":"https:\/\/lospoliticosveracruz.com\/index.php?rest_route=%2Fwp%2Fv2%2Fcomments&post=107219"}],"version-history":[{"count":1,"href":"https:\/\/lospoliticosveracruz.com\/index.php?rest_route=\/wp\/v2\/posts\/107219\/revisions"}],"predecessor-version":[{"id":107220,"href":"https:\/\/lospoliticosveracruz.com\/index.php?rest_route=\/wp\/v2\/posts\/107219\/revisions\/107220"}],"wp:attachment":[{"href":"https:\/\/lospoliticosveracruz.com\/index.php?rest_route=%2Fwp%2Fv2%2Fmedia&parent=107219"}],"wp:term":[{"taxonomy":"category","embeddable":true,"href":"https:\/\/lospoliticosveracruz.com\/index.php?rest_route=%2Fwp%2Fv2%2Fcategories&post=107219"},{"taxonomy":"post_tag","embeddable":true,"href":"https:\/\/lospoliticosveracruz.com\/index.php?rest_route=%2Fwp%2Fv2%2Ftags&post=107219"}],"curies":[{"name":"wp","href":"https:\/\/api.w.org\/{rel}","templated":true}]}}