{"id":107244,"date":"2023-06-13T17:39:00","date_gmt":"2023-06-13T22:39:00","guid":{"rendered":"https:\/\/lospoliticosveracruz.com.mx\/?p=107244"},"modified":"2023-06-13T17:39:09","modified_gmt":"2023-06-13T22:39:09","slug":"morena-desmantela-el-estado-de-bienestar","status":"publish","type":"post","link":"https:\/\/lospoliticosveracruz.com\/?p=107244","title":{"rendered":"MORENA DESMANTELA EL ESTADO DE BIENESTAR"},"content":{"rendered":"\n<p><strong>Inocencio Y\u00e1\u00f1ez Vicencio<\/strong><\/p>\n\n\n\n<p>Salir de la agenda de Amlo, no es f\u00e1cil. Hay preguntas que se imponen\u00a0\u00a0sobre la escenograf\u00eda y la primera llamada que les ha hecho a sus actores. \u00bfPodr\u00eda\u00a0\u00a0llamarse democr\u00e1tico un r\u00e9gimen de una sola voz y una sola voluntad? \u00bf Qu\u00e9 no se sali\u00f3 del PRI Amlo, porque no le dieron la candidatura a gobernador a Tabasco? \u00bf Porfirio Mu\u00f1oz Ledo, Cuauhtemoc C\u00e1rdenas, Ifiginea Mart\u00ednez&#8230; abandonaron el PRI\u00a0\u00a0porque no se permiti\u00f3 una confrontaci\u00f3n de propuestas? \u00bf Qu\u00e9 no se da una competencia que se niega al promover durante a\u00f1os una candidata que arranca con ventaja? \u00bf Qu\u00e9 no hay dolo dejando un incondicional\u00a0\u00a0en el gobierno capitalino para que desde ah\u00ed respalde con recursos a Claudia, mientras a Marcelo, le ponen un reemplazo con quien ha tenido diferencias?<\/p>\n\n\n<div class=\"wp-block-image\">\n<figure class=\"alignleft size-medium\"><a href=\"https:\/\/lospoliticosveracruz.com.mx\/wp-content\/uploads\/2021\/10\/Zacauilt.jpg\"><img decoding=\"async\" src=\"https:\/\/lospoliticosveracruz.com.mx\/wp-content\/uploads\/2021\/10\/Zacauilt-150x300.jpg\" alt=\"\" class=\"wp-image-80558\"\/><\/a><\/figure>\n<\/div>\n\n\n<p>\u00bf No es un atentado a la pol\u00edtica suprimir los debates entre los contendientes a la nominaci\u00f3n de la candidatura presidencial, cuando es la deliberaci\u00f3n y la confrontaci\u00f3n de ideas y programas&nbsp;&nbsp;la esencia de la pol\u00edtica y lo que permite evaluar y elegir ? \u00bf borrar los debates no tiene el prop\u00f3sito de proteger a Claudia, que es cient\u00edfica, pero la pol\u00edtica no es ciencia sino conocimiento de tu realidad, momento y pulso de tu entorno y retos, cualidades que no tiene ? \u00bf Eliminar los debates tiene como objetivo que Claudia no rinda cuentas de las muertes de la escuela Rebsamen y los muertos de la l\u00ednea 12 del Metro ? \u00bf Por qu\u00e9 Amlo, llama a los aspirantes a sucederlo corcholatas, cuando los pudo llamar tapaderas, que es lo mismo? \u00bf Porque se delatar\u00eda? \u00bf Alguien puede negar que lo que Amlo busca en sucesor es que sea quien le tape todas sus sinverg\u00fcenzadas?<\/p>\n\n\n\n<p>Sinverg\u00fcenzadas&nbsp;&nbsp;es poco, es un crimen suprimir la mayor\u00eda de las guarder\u00edas, la casi totalidad de las escuelas de tiempo completo, los tratamientos y medicinas a los ni\u00f1os con c\u00e1ncer, el Seguro Popular, el INSABE, inviar legiones al IMSS sin el presupuesto respectivo, con el prop\u00f3sito deliberado de reventarlo, robarse el dinero del Instituto para Devolverle al Pueblo&nbsp;&nbsp;lo Robado, robarle m\u00e1s de 15 mil millones de pesos a SAGALMEX ( Antes conasupo), tirar 321 mil millones de pesoas del nuevo aeropuerto, solo para cambiar de contratistas, llamar a sus atracos , ya no corrupci\u00f3n sino aportaciones, entregar el territorio nacional a la delincuencia&#8230; y si cre\u00edamos que ya era todo&nbsp;&nbsp;tomando el INE, nombrando consejeros incondicionales&nbsp;&nbsp;y sitiando con sus v\u00e1ndalos a la SCJN, la resoluci\u00f3n que suprime m\u00e1s de 60 Normas Oficiales&nbsp;&nbsp;Mexicanas, que establecen los protocolos para a tender las enfermedades m\u00e1s importantes en nuestros hospitales, significa que no s\u00f3lo que ya no se atender\u00e1n y dar\u00e1n&nbsp;&nbsp;los medicamentos a los enfermos sino que no podremos reclamar el derecho constitucional a la salud, porque se ha eliminado la gu\u00eda en deb\u00edan de apoyarse los m\u00e9dicos y ver que no hab\u00edan cumplido. La seguridad social no la impuls\u00f3 la izquierda, pero fue por mucho tiempo bandera que levant\u00f3, hoy con Amlo y Morena, solo nos anestesian con su r\u00f3tulo.&nbsp;&nbsp;<\/p>\n\n\n\n<p>Es hora de preguntarse si vale la pena callar por tres mil pesos mensuales que se condene a nuestros ni\u00f1os que pronto no tengan ni clinicas, ni hospitales, ni escuelas ni universidades, ni seguridad de salir a la calle y regresar a su casa.<\/p>\n","protected":false},"excerpt":{"rendered":"<p>Inocencio Y\u00e1\u00f1ez Vicencio Salir de la agenda de Amlo, no es f\u00e1cil. Hay preguntas que se imponen\u00a0\u00a0sobre la escenograf\u00eda y la primera llamada que les ha hecho a sus actores. \u00bfPodr\u00eda\u00a0\u00a0llamarse democr\u00e1tico un r\u00e9gimen de una sola voz y una sola voluntad? \u00bf Qu\u00e9 no se sali\u00f3 del PRI Amlo, porque no le dieron la [&hellip;]<\/p>\n","protected":false},"author":2,"featured_media":0,"comment_status":"closed","ping_status":"closed","sticky":false,"template":"","format":"standard","meta":{"tdm_status":"","tdm_grid_status":"","footnotes":""},"categories":[70],"tags":[618,1026,195],"class_list":{"0":"post-107244","1":"post","2":"type-post","3":"status-publish","4":"format-standard","6":"category-de-opinion","7":"tag-andres-manuel-lopez-obrador","8":"tag-morena","9":"tag-veracruz"},"yoast_head":"<!-- This site is optimized with the Yoast SEO plugin v27.4 - https:\/\/yoast.com\/product\/yoast-seo-wordpress\/ -->\n<title>MORENA DESMANTELA EL ESTADO DE BIENESTAR - Los pol\u00edticos Veracruz<\/title>\n<meta name=\"robots\" content=\"index, follow, max-snippet:-1, max-image-preview:large, max-video-preview:-1\" \/>\n<link rel=\"canonical\" href=\"https:\/\/lospoliticosveracruz.com\/?p=107244\" \/>\n<meta property=\"og:locale\" content=\"es_ES\" \/>\n<meta property=\"og:type\" content=\"article\" \/>\n<meta property=\"og:title\" content=\"MORENA DESMANTELA EL ESTADO DE BIENESTAR - Los pol\u00edticos Veracruz\" \/>\n<meta property=\"og:description\" content=\"Inocencio Y\u00e1\u00f1ez Vicencio Salir de la agenda de Amlo, no es f\u00e1cil. Hay preguntas que se imponen\u00a0\u00a0sobre la escenograf\u00eda y la primera llamada que les ha hecho a sus actores. \u00bfPodr\u00eda\u00a0\u00a0llamarse democr\u00e1tico un r\u00e9gimen de una sola voz y una sola voluntad? \u00bf Qu\u00e9 no se sali\u00f3 del PRI Amlo, porque no le dieron la [&hellip;]\" \/>\n<meta property=\"og:url\" content=\"https:\/\/lospoliticosveracruz.com\/?p=107244\" \/>\n<meta property=\"og:site_name\" content=\"Los pol\u00edticos Veracruz\" \/>\n<meta property=\"article:publisher\" content=\"https:\/\/www.facebook.com\/people\/Notimemes-de-los-Polticos\/61565672886568\/\" \/>\n<meta property=\"article:published_time\" content=\"2023-06-13T22:39:00+00:00\" \/>\n<meta property=\"article:modified_time\" content=\"2023-06-13T22:39:09+00:00\" \/>\n<meta property=\"og:image\" content=\"https:\/\/lospoliticosveracruz.com.mx\/wp-content\/uploads\/2021\/10\/Zacauilt-150x300.jpg\" \/>\n<meta name=\"author\" content=\"Lo viste en Los Pol\u00edticos\" \/>\n<meta name=\"twitter:card\" content=\"summary_large_image\" \/>\n<meta name=\"twitter:creator\" content=\"@LosPoliticosVer\" \/>\n<meta name=\"twitter:site\" content=\"@LosPoliticosVer\" \/>\n<meta name=\"twitter:label1\" content=\"Escrito por\" \/>\n\t<meta name=\"twitter:data1\" content=\"Lo viste en Los Pol\u00edticos\" \/>\n\t<meta name=\"twitter:label2\" content=\"Tiempo de lectura\" \/>\n\t<meta name=\"twitter:data2\" content=\"3 minutos\" \/>\n<script type=\"application\/ld+json\" class=\"yoast-schema-graph\">{\"@context\":\"https:\\\/\\\/schema.org\",\"@graph\":[{\"@type\":\"Article\",\"@id\":\"https:\\\/\\\/lospoliticosveracruz.com\\\/?p=107244#article\",\"isPartOf\":{\"@id\":\"https:\\\/\\\/lospoliticosveracruz.com\\\/?p=107244\"},\"author\":{\"name\":\"Lo viste en Los Pol\u00edticos\",\"@id\":\"https:\\\/\\\/lospoliticosveracruz.com\\\/#\\\/schema\\\/person\\\/b8702bb0e538456e6efd07080bf2a4a2\"},\"headline\":\"MORENA DESMANTELA EL ESTADO DE BIENESTAR\",\"datePublished\":\"2023-06-13T22:39:00+00:00\",\"dateModified\":\"2023-06-13T22:39:09+00:00\",\"mainEntityOfPage\":{\"@id\":\"https:\\\/\\\/lospoliticosveracruz.com\\\/?p=107244\"},\"wordCount\":603,\"publisher\":{\"@id\":\"https:\\\/\\\/lospoliticosveracruz.com\\\/#organization\"},\"image\":{\"@id\":\"https:\\\/\\\/lospoliticosveracruz.com\\\/?p=107244#primaryimage\"},\"thumbnailUrl\":\"https:\\\/\\\/lospoliticosveracruz.com.mx\\\/wp-content\\\/uploads\\\/2021\\\/10\\\/Zacauilt-150x300.jpg\",\"keywords\":[\"Andr\u00e9s Manuel L\u00f3pez Obrador\",\"Morena\",\"Veracruz\"],\"articleSection\":[\"De Opini\u00f3n\"],\"inLanguage\":\"es\"},{\"@type\":\"WebPage\",\"@id\":\"https:\\\/\\\/lospoliticosveracruz.com\\\/?p=107244\",\"url\":\"https:\\\/\\\/lospoliticosveracruz.com\\\/?p=107244\",\"name\":\"MORENA DESMANTELA EL ESTADO DE BIENESTAR - Los pol\u00edticos Veracruz\",\"isPartOf\":{\"@id\":\"https:\\\/\\\/lospoliticosveracruz.com\\\/#website\"},\"primaryImageOfPage\":{\"@id\":\"https:\\\/\\\/lospoliticosveracruz.com\\\/?p=107244#primaryimage\"},\"image\":{\"@id\":\"https:\\\/\\\/lospoliticosveracruz.com\\\/?p=107244#primaryimage\"},\"thumbnailUrl\":\"https:\\\/\\\/lospoliticosveracruz.com.mx\\\/wp-content\\\/uploads\\\/2021\\\/10\\\/Zacauilt-150x300.jpg\",\"datePublished\":\"2023-06-13T22:39:00+00:00\",\"dateModified\":\"2023-06-13T22:39:09+00:00\",\"breadcrumb\":{\"@id\":\"https:\\\/\\\/lospoliticosveracruz.com\\\/?p=107244#breadcrumb\"},\"inLanguage\":\"es\",\"potentialAction\":[{\"@type\":\"ReadAction\",\"target\":[\"https:\\\/\\\/lospoliticosveracruz.com\\\/?p=107244\"]}]},{\"@type\":\"ImageObject\",\"inLanguage\":\"es\",\"@id\":\"https:\\\/\\\/lospoliticosveracruz.com\\\/?p=107244#primaryimage\",\"url\":\"https:\\\/\\\/lospoliticosveracruz.com.mx\\\/wp-content\\\/uploads\\\/2021\\\/10\\\/Zacauilt-150x300.jpg\",\"contentUrl\":\"https:\\\/\\\/lospoliticosveracruz.com.mx\\\/wp-content\\\/uploads\\\/2021\\\/10\\\/Zacauilt-150x300.jpg\"},{\"@type\":\"BreadcrumbList\",\"@id\":\"https:\\\/\\\/lospoliticosveracruz.com\\\/?p=107244#breadcrumb\",\"itemListElement\":[{\"@type\":\"ListItem\",\"position\":1,\"name\":\"Portada\",\"item\":\"https:\\\/\\\/lospoliticosveracruz.com\\\/\"},{\"@type\":\"ListItem\",\"position\":2,\"name\":\"MORENA DESMANTELA EL ESTADO DE BIENESTAR\"}]},{\"@type\":\"WebSite\",\"@id\":\"https:\\\/\\\/lospoliticosveracruz.com\\\/#website\",\"url\":\"https:\\\/\\\/lospoliticosveracruz.com\\\/\",\"name\":\"Los pol\u00edticos Veracruz\",\"description\":\"\",\"publisher\":{\"@id\":\"https:\\\/\\\/lospoliticosveracruz.com\\\/#organization\"},\"potentialAction\":[{\"@type\":\"SearchAction\",\"target\":{\"@type\":\"EntryPoint\",\"urlTemplate\":\"https:\\\/\\\/lospoliticosveracruz.com\\\/?s={search_term_string}\"},\"query-input\":{\"@type\":\"PropertyValueSpecification\",\"valueRequired\":true,\"valueName\":\"search_term_string\"}}],\"inLanguage\":\"es\"},{\"@type\":\"Organization\",\"@id\":\"https:\\\/\\\/lospoliticosveracruz.com\\\/#organization\",\"name\":\"Los pol\u00edticos Veracruz\",\"url\":\"https:\\\/\\\/lospoliticosveracruz.com\\\/\",\"logo\":{\"@type\":\"ImageObject\",\"inLanguage\":\"es\",\"@id\":\"https:\\\/\\\/lospoliticosveracruz.com\\\/#\\\/schema\\\/logo\\\/image\\\/\",\"url\":\"https:\\\/\\\/lospoliticosveracruz.com\\\/wp-content\\\/uploads\\\/2025\\\/12\\\/Logo-Nuevo-LOS-POLITICOS-1.jpg\",\"contentUrl\":\"https:\\\/\\\/lospoliticosveracruz.com\\\/wp-content\\\/uploads\\\/2025\\\/12\\\/Logo-Nuevo-LOS-POLITICOS-1.jpg\",\"width\":260,\"height\":70,\"caption\":\"Los pol\u00edticos Veracruz\"},\"image\":{\"@id\":\"https:\\\/\\\/lospoliticosveracruz.com\\\/#\\\/schema\\\/logo\\\/image\\\/\"},\"sameAs\":[\"https:\\\/\\\/www.facebook.com\\\/people\\\/Notimemes-de-los-Polticos\\\/61565672886568\\\/\",\"https:\\\/\\\/x.com\\\/LosPoliticosVer\"]},{\"@type\":\"Person\",\"@id\":\"https:\\\/\\\/lospoliticosveracruz.com\\\/#\\\/schema\\\/person\\\/b8702bb0e538456e6efd07080bf2a4a2\",\"name\":\"Lo viste en Los Pol\u00edticos\",\"image\":{\"@type\":\"ImageObject\",\"inLanguage\":\"es\",\"@id\":\"https:\\\/\\\/secure.gravatar.com\\\/avatar\\\/3a8de04a2656d44082be478bd6c086daa447c4651605818287b9532d3d0bd435?s=96&d=mm&r=g\",\"url\":\"https:\\\/\\\/secure.gravatar.com\\\/avatar\\\/3a8de04a2656d44082be478bd6c086daa447c4651605818287b9532d3d0bd435?s=96&d=mm&r=g\",\"contentUrl\":\"https:\\\/\\\/secure.gravatar.com\\\/avatar\\\/3a8de04a2656d44082be478bd6c086daa447c4651605818287b9532d3d0bd435?s=96&d=mm&r=g\",\"caption\":\"Lo viste en Los Pol\u00edticos\"},\"url\":\"https:\\\/\\\/lospoliticosveracruz.com\\\/?author=2\"}]}<\/script>\n<!-- \/ Yoast SEO plugin. -->","yoast_head_json":{"title":"MORENA DESMANTELA EL ESTADO DE BIENESTAR - Los pol\u00edticos Veracruz","robots":{"index":"index","follow":"follow","max-snippet":"max-snippet:-1","max-image-preview":"max-image-preview:large","max-video-preview":"max-video-preview:-1"},"canonical":"https:\/\/lospoliticosveracruz.com\/?p=107244","og_locale":"es_ES","og_type":"article","og_title":"MORENA DESMANTELA EL ESTADO DE BIENESTAR - Los pol\u00edticos Veracruz","og_description":"Inocencio Y\u00e1\u00f1ez Vicencio Salir de la agenda de Amlo, no es f\u00e1cil. Hay preguntas que se imponen\u00a0\u00a0sobre la escenograf\u00eda y la primera llamada que les ha hecho a sus actores. \u00bfPodr\u00eda\u00a0\u00a0llamarse democr\u00e1tico un r\u00e9gimen de una sola voz y una sola voluntad? \u00bf Qu\u00e9 no se sali\u00f3 del PRI Amlo, porque no le dieron la [&hellip;]","og_url":"https:\/\/lospoliticosveracruz.com\/?p=107244","og_site_name":"Los pol\u00edticos Veracruz","article_publisher":"https:\/\/www.facebook.com\/people\/Notimemes-de-los-Polticos\/61565672886568\/","article_published_time":"2023-06-13T22:39:00+00:00","article_modified_time":"2023-06-13T22:39:09+00:00","og_image":[{"url":"https:\/\/lospoliticosveracruz.com.mx\/wp-content\/uploads\/2021\/10\/Zacauilt-150x300.jpg","type":"","width":"","height":""}],"author":"Lo viste en Los Pol\u00edticos","twitter_card":"summary_large_image","twitter_creator":"@LosPoliticosVer","twitter_site":"@LosPoliticosVer","twitter_misc":{"Escrito por":"Lo viste en Los Pol\u00edticos","Tiempo de lectura":"3 minutos"},"schema":{"@context":"https:\/\/schema.org","@graph":[{"@type":"Article","@id":"https:\/\/lospoliticosveracruz.com\/?p=107244#article","isPartOf":{"@id":"https:\/\/lospoliticosveracruz.com\/?p=107244"},"author":{"name":"Lo viste en Los Pol\u00edticos","@id":"https:\/\/lospoliticosveracruz.com\/#\/schema\/person\/b8702bb0e538456e6efd07080bf2a4a2"},"headline":"MORENA DESMANTELA EL ESTADO DE BIENESTAR","datePublished":"2023-06-13T22:39:00+00:00","dateModified":"2023-06-13T22:39:09+00:00","mainEntityOfPage":{"@id":"https:\/\/lospoliticosveracruz.com\/?p=107244"},"wordCount":603,"publisher":{"@id":"https:\/\/lospoliticosveracruz.com\/#organization"},"image":{"@id":"https:\/\/lospoliticosveracruz.com\/?p=107244#primaryimage"},"thumbnailUrl":"https:\/\/lospoliticosveracruz.com.mx\/wp-content\/uploads\/2021\/10\/Zacauilt-150x300.jpg","keywords":["Andr\u00e9s Manuel L\u00f3pez Obrador","Morena","Veracruz"],"articleSection":["De Opini\u00f3n"],"inLanguage":"es"},{"@type":"WebPage","@id":"https:\/\/lospoliticosveracruz.com\/?p=107244","url":"https:\/\/lospoliticosveracruz.com\/?p=107244","name":"MORENA DESMANTELA EL ESTADO DE BIENESTAR - Los pol\u00edticos Veracruz","isPartOf":{"@id":"https:\/\/lospoliticosveracruz.com\/#website"},"primaryImageOfPage":{"@id":"https:\/\/lospoliticosveracruz.com\/?p=107244#primaryimage"},"image":{"@id":"https:\/\/lospoliticosveracruz.com\/?p=107244#primaryimage"},"thumbnailUrl":"https:\/\/lospoliticosveracruz.com.mx\/wp-content\/uploads\/2021\/10\/Zacauilt-150x300.jpg","datePublished":"2023-06-13T22:39:00+00:00","dateModified":"2023-06-13T22:39:09+00:00","breadcrumb":{"@id":"https:\/\/lospoliticosveracruz.com\/?p=107244#breadcrumb"},"inLanguage":"es","potentialAction":[{"@type":"ReadAction","target":["https:\/\/lospoliticosveracruz.com\/?p=107244"]}]},{"@type":"ImageObject","inLanguage":"es","@id":"https:\/\/lospoliticosveracruz.com\/?p=107244#primaryimage","url":"https:\/\/lospoliticosveracruz.com.mx\/wp-content\/uploads\/2021\/10\/Zacauilt-150x300.jpg","contentUrl":"https:\/\/lospoliticosveracruz.com.mx\/wp-content\/uploads\/2021\/10\/Zacauilt-150x300.jpg"},{"@type":"BreadcrumbList","@id":"https:\/\/lospoliticosveracruz.com\/?p=107244#breadcrumb","itemListElement":[{"@type":"ListItem","position":1,"name":"Portada","item":"https:\/\/lospoliticosveracruz.com\/"},{"@type":"ListItem","position":2,"name":"MORENA DESMANTELA EL ESTADO DE BIENESTAR"}]},{"@type":"WebSite","@id":"https:\/\/lospoliticosveracruz.com\/#website","url":"https:\/\/lospoliticosveracruz.com\/","name":"Los pol\u00edticos Veracruz","description":"","publisher":{"@id":"https:\/\/lospoliticosveracruz.com\/#organization"},"potentialAction":[{"@type":"SearchAction","target":{"@type":"EntryPoint","urlTemplate":"https:\/\/lospoliticosveracruz.com\/?s={search_term_string}"},"query-input":{"@type":"PropertyValueSpecification","valueRequired":true,"valueName":"search_term_string"}}],"inLanguage":"es"},{"@type":"Organization","@id":"https:\/\/lospoliticosveracruz.com\/#organization","name":"Los pol\u00edticos Veracruz","url":"https:\/\/lospoliticosveracruz.com\/","logo":{"@type":"ImageObject","inLanguage":"es","@id":"https:\/\/lospoliticosveracruz.com\/#\/schema\/logo\/image\/","url":"https:\/\/lospoliticosveracruz.com\/wp-content\/uploads\/2025\/12\/Logo-Nuevo-LOS-POLITICOS-1.jpg","contentUrl":"https:\/\/lospoliticosveracruz.com\/wp-content\/uploads\/2025\/12\/Logo-Nuevo-LOS-POLITICOS-1.jpg","width":260,"height":70,"caption":"Los pol\u00edticos Veracruz"},"image":{"@id":"https:\/\/lospoliticosveracruz.com\/#\/schema\/logo\/image\/"},"sameAs":["https:\/\/www.facebook.com\/people\/Notimemes-de-los-Polticos\/61565672886568\/","https:\/\/x.com\/LosPoliticosVer"]},{"@type":"Person","@id":"https:\/\/lospoliticosveracruz.com\/#\/schema\/person\/b8702bb0e538456e6efd07080bf2a4a2","name":"Lo viste en Los Pol\u00edticos","image":{"@type":"ImageObject","inLanguage":"es","@id":"https:\/\/secure.gravatar.com\/avatar\/3a8de04a2656d44082be478bd6c086daa447c4651605818287b9532d3d0bd435?s=96&d=mm&r=g","url":"https:\/\/secure.gravatar.com\/avatar\/3a8de04a2656d44082be478bd6c086daa447c4651605818287b9532d3d0bd435?s=96&d=mm&r=g","contentUrl":"https:\/\/secure.gravatar.com\/avatar\/3a8de04a2656d44082be478bd6c086daa447c4651605818287b9532d3d0bd435?s=96&d=mm&r=g","caption":"Lo viste en Los Pol\u00edticos"},"url":"https:\/\/lospoliticosveracruz.com\/?author=2"}]}},"_links":{"self":[{"href":"https:\/\/lospoliticosveracruz.com\/index.php?rest_route=\/wp\/v2\/posts\/107244","targetHints":{"allow":["GET"]}}],"collection":[{"href":"https:\/\/lospoliticosveracruz.com\/index.php?rest_route=\/wp\/v2\/posts"}],"about":[{"href":"https:\/\/lospoliticosveracruz.com\/index.php?rest_route=\/wp\/v2\/types\/post"}],"author":[{"embeddable":true,"href":"https:\/\/lospoliticosveracruz.com\/index.php?rest_route=\/wp\/v2\/users\/2"}],"replies":[{"embeddable":true,"href":"https:\/\/lospoliticosveracruz.com\/index.php?rest_route=%2Fwp%2Fv2%2Fcomments&post=107244"}],"version-history":[{"count":1,"href":"https:\/\/lospoliticosveracruz.com\/index.php?rest_route=\/wp\/v2\/posts\/107244\/revisions"}],"predecessor-version":[{"id":107245,"href":"https:\/\/lospoliticosveracruz.com\/index.php?rest_route=\/wp\/v2\/posts\/107244\/revisions\/107245"}],"wp:attachment":[{"href":"https:\/\/lospoliticosveracruz.com\/index.php?rest_route=%2Fwp%2Fv2%2Fmedia&parent=107244"}],"wp:term":[{"taxonomy":"category","embeddable":true,"href":"https:\/\/lospoliticosveracruz.com\/index.php?rest_route=%2Fwp%2Fv2%2Fcategories&post=107244"},{"taxonomy":"post_tag","embeddable":true,"href":"https:\/\/lospoliticosveracruz.com\/index.php?rest_route=%2Fwp%2Fv2%2Ftags&post=107244"}],"curies":[{"name":"wp","href":"https:\/\/api.w.org\/{rel}","templated":true}]}}