{"id":107274,"date":"2023-06-14T08:47:14","date_gmt":"2023-06-14T13:47:14","guid":{"rendered":"https:\/\/lospoliticosveracruz.com.mx\/?p=107274"},"modified":"2023-06-14T08:47:20","modified_gmt":"2023-06-14T13:47:20","slug":"ebrard-gana-en-veracruz","status":"publish","type":"post","link":"https:\/\/lospoliticosveracruz.com\/?p=107274","title":{"rendered":"EBRARD GANA EN VERACRUZ"},"content":{"rendered":"\n<p><strong>Ricardo Chua<br><\/strong><em>Sale y Vale<\/em><\/p>\n\n\n\n<p>Nos dice \u00abGarganta Profunda\u00bb que despu\u00e9s de an\u00e1lisis hechos dentro del comit\u00e9 nacional de MORENA\u2026 Tiene la certeza que ser\u00e1 el ex secretario de Relaciones Exteriores del gobierno federal, Marcel Ebrard Casaubon, el que gane la encuesta interna de este partido para elegir al candidato Presidencial por este organismo pol\u00edtico en 2024.. Siendo Veracruz uno de los 4 estados donde se presume que MORENA est\u00e1 m\u00e1s fuerte en el pa\u00eds\u2026 Dejando el segundo lugar para Claudia Shienbaum o Ad\u00e1n Augusto L\u00f3pez\u2026<\/p>\n\n\n<div class=\"wp-block-image\">\n<figure class=\"alignleft size-medium\"><a href=\"https:\/\/lospoliticosveracruz.com.mx\/wp-content\/uploads\/2021\/10\/WhatsApp-Image-2021-10-02-at-15.20.25.jpeg\"><img loading=\"lazy\" decoding=\"async\" width=\"212\" height=\"300\" src=\"https:\/\/lospoliticosveracruz.com.mx\/wp-content\/uploads\/2021\/10\/WhatsApp-Image-2021-10-02-at-15.20.25-212x300.jpeg\" alt=\"\" class=\"wp-image-80177\" srcset=\"https:\/\/lospoliticosveracruz.com\/wp-content\/uploads\/2021\/10\/WhatsApp-Image-2021-10-02-at-15.20.25-212x300.jpeg 212w, https:\/\/lospoliticosveracruz.com\/wp-content\/uploads\/2021\/10\/WhatsApp-Image-2021-10-02-at-15.20.25-724x1024.jpeg 724w, https:\/\/lospoliticosveracruz.com\/wp-content\/uploads\/2021\/10\/WhatsApp-Image-2021-10-02-at-15.20.25-768x1086.jpeg 768w, https:\/\/lospoliticosveracruz.com\/wp-content\/uploads\/2021\/10\/WhatsApp-Image-2021-10-02-at-15.20.25.jpeg 905w\" sizes=\"auto, (max-width: 212px) 100vw, 212px\" \/><\/a><\/figure>\n<\/div>\n\n\n<p>El asunto que aduce \u00abGarganta Profunda\u00bb del por qu\u00e9 ganar\u00e1 Marchello estos sondeos internos de MORENA en Veracruz.. Es muy sencilla y se debe a que Cuitl\u00e1huac Garc\u00eda Jim\u00e9nez, gobernador, y la titular de la Secretar\u00eda de Energ\u00eda, Roc\u00edo Nahle, le \u00abvenden\u00bb a la Jefa de Gobierno de CDMX que ellos tienen el control de las estructuras de gobierno estatal y las de MORENA que se maneja desde Palacio de Gobierno\u2026<\/p>\n\n\n\n<p>Mismas que han quedado demostrado que no son suficientes para ganar una contienda interna o una elecci\u00f3n constitucional\u2026 \u00abGarganta Profunda\u00bb se\u00f1ala que hay serias molestias entre la burocracia estatal porque son obligados a trabajar hasta los domingos, sin pagos de horas extras.. Tambi\u00e9n los obligan a asistir a los m\u00edtines pol\u00edticos de los \u00abfavoritos\u00bb de Cuitl\u00e1huac Garc\u00eda o ser \u00abmanifestantes org\u00e1nicos\u00bb de las luchas que emprenden desde Palacio Nacional contra organismos aut\u00f3nomos como es la Suprema Corte de Justicia de la Naci\u00f3n\u2026<\/p>\n\n\n\n<p>Estos son obligados a ir y ellos tienen que aportar de su salario para cubrir los gastos de viaje: Transporte, alimentaci\u00f3n y estancia\u2026Presuntamente a los empleados est\u00e1n muy molestos porque los \u00abaprietan\u00bb desde las unidades administrativas de cada dependencia del gobierno estatal.. Mismas que est\u00e1n a las \u00f3rdenes de Eleazar Guerrero P\u00e9rez, primo del gobernador y subsecretario de Finanzas del Estado.. As\u00ed que no tienen para donde moverse..<\/p>\n\n\n\n<p>Lo que quieren ocupar la estructura de \u00abUnidos Todos\u00bb, el grupo pol\u00edtico financiado por el Primo Eleazar para que junto con los bur\u00f3cratas puedan hacerle la \u00abchamba\u00bb a favor de Sheinbaum y desplazar a los dem\u00e1s aspirantes.. Sin embargo, \u00abGarganta Profunda\u00bb fue muy enf\u00e1tico en se\u00f1alar que esas acciones s\u00f3lo est\u00e1n provocando encono con los bur\u00f3cratas y en esta vida \u00abno es indio, el que no se venga\u00bb.. Y eso puede provocar que el d\u00eda de las encuestas \u00abpantalla\u00bb y el sondeo final..<\/p>\n\n\n\n<p>Todo esta situaci\u00f3n le vaya a jugar una mala pasada a Claudia Sheinbaum porque estos grupos que la \u00abapoyan\u00bb a lo mejor de \u00faltimo momento cambiaron su voto y se lo dan a Marcelo Ebrard.. Dando al \u00abtraste\u00bb la aspiraci\u00f3n de Claudia en Veracruz.. Adem\u00e1s advierte \u00abGarganta Profunda\u00bb que toda la inconformidad de lo que \u00abhuela\u00bb a Cuitl\u00e1huac puede ser \u00abcobrado\u00bb por los \u00abauditorios\u00bb no controlados del gobierno estatal y que al final de cada jornada de votaci\u00f3n, el resultado vaya a ser adverso a la Jefa de Gobierno de CDMX,..<\/p>\n\n\n\n<p>Ah\u00ed ser\u00e1 donde Marchello se \u00abcuele\u00bb y despu\u00e9s empiece a \u00abcaminar\u00bb de manera solitaria de aqu\u00ed al 2024 y s\u00f3lo esperando el aval del Presidente para que le den la candidatura.. Al menos, eso se ve en Veracruz\u2026 Por ello, se puede presumir que el problema, quiz\u00e1s, no sea tanto Claudia en Veracruz sino que todo lo que representa ella, que es la continuidad de Cuitl\u00e1huac Garc\u00eda\u2026 Y eso es lo que puede provocar este rechazo a su candidatura.. La tiene dif\u00edcil..<\/p>\n\n\n\n<p>Sobre todo cuando se supone que todo esto tienen controlado.. Pero como esta elecci\u00f3n no se gana con auditorios controlados, como los acostumbra a operar el gobierno del Estado.. Ser\u00e1 dif\u00edcil que la administraci\u00f3n de Cuitl\u00e1huac, se quite de encima el nivel de desaprobaci\u00f3n que tiene ante la sociedad y que mes con mes baja a\u00fan m\u00e1s, quiz\u00e1s, eso sea la causa final, que la gente se vaya con aquel personaje que represente la opci\u00f3n diferente\u2026<\/p>\n\n\n\n<p>EN RESUMEN.. Las historias de animadversi\u00f3n que se crearon alrededor de Cuitl\u00e1huac Garc\u00eda y Marcelo Ebrard, al parecer, empiezan a funcionar a favor del ex canciller mexicano\u2026 Se sabe que hubo varias desavenencias entre los dos personajes\u2026 Y que se acrecent\u00f3 m\u00e1s cuando se sabe en todo Veracruz que la \u00abfavorita\u00bb de Cuitl\u00e1huac para el 2024 a la Presidencia de M\u00e9xico es Claudia Shiembaun.. Y la molestia de Marchello, es por la falta de \u00abpiso parejo\u00bb.. De ganar la contienda Ebrard muchas cosas cambiar\u00edan en Veracruz.. AMEN\u2026<\/p>\n","protected":false},"excerpt":{"rendered":"<p>Ricardo ChuaSale y Vale Nos dice \u00abGarganta Profunda\u00bb que despu\u00e9s de an\u00e1lisis hechos dentro del comit\u00e9 nacional de MORENA\u2026 Tiene la certeza que ser\u00e1 el ex secretario de Relaciones Exteriores del gobierno federal, Marcel Ebrard Casaubon, el que gane la encuesta interna de este partido para elegir al candidato Presidencial por este organismo pol\u00edtico en [&hellip;]<\/p>\n","protected":false},"author":2,"featured_media":0,"comment_status":"closed","ping_status":"closed","sticky":false,"template":"","format":"standard","meta":{"tdm_status":"","tdm_grid_status":"","footnotes":""},"categories":[70],"tags":[37976,1563,13912,38411,1026,3578,33403,195],"class_list":{"0":"post-107274","1":"post","2":"type-post","3":"status-publish","4":"format-standard","6":"category-de-opinion","7":"tag-claudia-shienbaum","8":"tag-cuitlahuac-garcia-jimenez","9":"tag-eleazar-guerrero-perez","10":"tag-marcel-ebrard-casaubon","11":"tag-morena","12":"tag-rocio-nahle","13":"tag-unidos-todos","14":"tag-veracruz"},"yoast_head":"<!-- This site is optimized with the Yoast SEO plugin v27.4 - https:\/\/yoast.com\/product\/yoast-seo-wordpress\/ -->\n<title>EBRARD GANA EN VERACRUZ - Los pol\u00edticos Veracruz<\/title>\n<meta name=\"robots\" content=\"index, follow, max-snippet:-1, max-image-preview:large, max-video-preview:-1\" \/>\n<link rel=\"canonical\" href=\"https:\/\/lospoliticosveracruz.com\/?p=107274\" \/>\n<meta property=\"og:locale\" content=\"es_ES\" \/>\n<meta property=\"og:type\" content=\"article\" \/>\n<meta property=\"og:title\" content=\"EBRARD GANA EN VERACRUZ - Los pol\u00edticos Veracruz\" \/>\n<meta property=\"og:description\" content=\"Ricardo ChuaSale y Vale Nos dice \u00abGarganta Profunda\u00bb que despu\u00e9s de an\u00e1lisis hechos dentro del comit\u00e9 nacional de MORENA\u2026 Tiene la certeza que ser\u00e1 el ex secretario de Relaciones Exteriores del gobierno federal, Marcel Ebrard Casaubon, el que gane la encuesta interna de este partido para elegir al candidato Presidencial por este organismo pol\u00edtico en [&hellip;]\" \/>\n<meta property=\"og:url\" content=\"https:\/\/lospoliticosveracruz.com\/?p=107274\" \/>\n<meta property=\"og:site_name\" content=\"Los pol\u00edticos Veracruz\" \/>\n<meta property=\"article:publisher\" content=\"https:\/\/www.facebook.com\/people\/Notimemes-de-los-Polticos\/61565672886568\/\" \/>\n<meta property=\"article:published_time\" content=\"2023-06-14T13:47:14+00:00\" \/>\n<meta property=\"article:modified_time\" content=\"2023-06-14T13:47:20+00:00\" \/>\n<meta property=\"og:image\" content=\"https:\/\/lospoliticosveracruz.com.mx\/wp-content\/uploads\/2021\/10\/WhatsApp-Image-2021-10-02-at-15.20.25-212x300.jpeg\" \/>\n<meta name=\"author\" content=\"Lo viste en Los Pol\u00edticos\" \/>\n<meta name=\"twitter:card\" content=\"summary_large_image\" \/>\n<meta name=\"twitter:creator\" content=\"@LosPoliticosVer\" \/>\n<meta name=\"twitter:site\" content=\"@LosPoliticosVer\" \/>\n<meta name=\"twitter:label1\" content=\"Escrito por\" \/>\n\t<meta name=\"twitter:data1\" content=\"Lo viste en Los Pol\u00edticos\" \/>\n\t<meta name=\"twitter:label2\" content=\"Tiempo de lectura\" \/>\n\t<meta name=\"twitter:data2\" content=\"4 minutos\" \/>\n<script type=\"application\/ld+json\" class=\"yoast-schema-graph\">{\"@context\":\"https:\\\/\\\/schema.org\",\"@graph\":[{\"@type\":\"Article\",\"@id\":\"https:\\\/\\\/lospoliticosveracruz.com\\\/?p=107274#article\",\"isPartOf\":{\"@id\":\"https:\\\/\\\/lospoliticosveracruz.com\\\/?p=107274\"},\"author\":{\"name\":\"Lo viste en Los Pol\u00edticos\",\"@id\":\"https:\\\/\\\/lospoliticosveracruz.com\\\/#\\\/schema\\\/person\\\/b8702bb0e538456e6efd07080bf2a4a2\"},\"headline\":\"EBRARD GANA EN VERACRUZ\",\"datePublished\":\"2023-06-14T13:47:14+00:00\",\"dateModified\":\"2023-06-14T13:47:20+00:00\",\"mainEntityOfPage\":{\"@id\":\"https:\\\/\\\/lospoliticosveracruz.com\\\/?p=107274\"},\"wordCount\":790,\"publisher\":{\"@id\":\"https:\\\/\\\/lospoliticosveracruz.com\\\/#organization\"},\"image\":{\"@id\":\"https:\\\/\\\/lospoliticosveracruz.com\\\/?p=107274#primaryimage\"},\"thumbnailUrl\":\"https:\\\/\\\/lospoliticosveracruz.com.mx\\\/wp-content\\\/uploads\\\/2021\\\/10\\\/WhatsApp-Image-2021-10-02-at-15.20.25-212x300.jpeg\",\"keywords\":[\"Claudia Shienbaum\",\"Cuitl\u00e1huac Garc\u00eda Jim\u00e9nez\",\"Eleazar Guerrero P\u00e9rez\",\"Marcel Ebrard Casaubon\",\"Morena\",\"Roc\u00edo Nahle\",\"Unidos Todos\",\"Veracruz\"],\"articleSection\":[\"De Opini\u00f3n\"],\"inLanguage\":\"es\"},{\"@type\":\"WebPage\",\"@id\":\"https:\\\/\\\/lospoliticosveracruz.com\\\/?p=107274\",\"url\":\"https:\\\/\\\/lospoliticosveracruz.com\\\/?p=107274\",\"name\":\"EBRARD GANA EN VERACRUZ - Los pol\u00edticos Veracruz\",\"isPartOf\":{\"@id\":\"https:\\\/\\\/lospoliticosveracruz.com\\\/#website\"},\"primaryImageOfPage\":{\"@id\":\"https:\\\/\\\/lospoliticosveracruz.com\\\/?p=107274#primaryimage\"},\"image\":{\"@id\":\"https:\\\/\\\/lospoliticosveracruz.com\\\/?p=107274#primaryimage\"},\"thumbnailUrl\":\"https:\\\/\\\/lospoliticosveracruz.com.mx\\\/wp-content\\\/uploads\\\/2021\\\/10\\\/WhatsApp-Image-2021-10-02-at-15.20.25-212x300.jpeg\",\"datePublished\":\"2023-06-14T13:47:14+00:00\",\"dateModified\":\"2023-06-14T13:47:20+00:00\",\"breadcrumb\":{\"@id\":\"https:\\\/\\\/lospoliticosveracruz.com\\\/?p=107274#breadcrumb\"},\"inLanguage\":\"es\",\"potentialAction\":[{\"@type\":\"ReadAction\",\"target\":[\"https:\\\/\\\/lospoliticosveracruz.com\\\/?p=107274\"]}]},{\"@type\":\"ImageObject\",\"inLanguage\":\"es\",\"@id\":\"https:\\\/\\\/lospoliticosveracruz.com\\\/?p=107274#primaryimage\",\"url\":\"https:\\\/\\\/lospoliticosveracruz.com.mx\\\/wp-content\\\/uploads\\\/2021\\\/10\\\/WhatsApp-Image-2021-10-02-at-15.20.25-212x300.jpeg\",\"contentUrl\":\"https:\\\/\\\/lospoliticosveracruz.com.mx\\\/wp-content\\\/uploads\\\/2021\\\/10\\\/WhatsApp-Image-2021-10-02-at-15.20.25-212x300.jpeg\"},{\"@type\":\"BreadcrumbList\",\"@id\":\"https:\\\/\\\/lospoliticosveracruz.com\\\/?p=107274#breadcrumb\",\"itemListElement\":[{\"@type\":\"ListItem\",\"position\":1,\"name\":\"Portada\",\"item\":\"https:\\\/\\\/lospoliticosveracruz.com\\\/\"},{\"@type\":\"ListItem\",\"position\":2,\"name\":\"EBRARD GANA EN VERACRUZ\"}]},{\"@type\":\"WebSite\",\"@id\":\"https:\\\/\\\/lospoliticosveracruz.com\\\/#website\",\"url\":\"https:\\\/\\\/lospoliticosveracruz.com\\\/\",\"name\":\"Los pol\u00edticos Veracruz\",\"description\":\"\",\"publisher\":{\"@id\":\"https:\\\/\\\/lospoliticosveracruz.com\\\/#organization\"},\"potentialAction\":[{\"@type\":\"SearchAction\",\"target\":{\"@type\":\"EntryPoint\",\"urlTemplate\":\"https:\\\/\\\/lospoliticosveracruz.com\\\/?s={search_term_string}\"},\"query-input\":{\"@type\":\"PropertyValueSpecification\",\"valueRequired\":true,\"valueName\":\"search_term_string\"}}],\"inLanguage\":\"es\"},{\"@type\":\"Organization\",\"@id\":\"https:\\\/\\\/lospoliticosveracruz.com\\\/#organization\",\"name\":\"Los pol\u00edticos Veracruz\",\"url\":\"https:\\\/\\\/lospoliticosveracruz.com\\\/\",\"logo\":{\"@type\":\"ImageObject\",\"inLanguage\":\"es\",\"@id\":\"https:\\\/\\\/lospoliticosveracruz.com\\\/#\\\/schema\\\/logo\\\/image\\\/\",\"url\":\"https:\\\/\\\/lospoliticosveracruz.com\\\/wp-content\\\/uploads\\\/2025\\\/12\\\/Logo-Nuevo-LOS-POLITICOS-1.jpg\",\"contentUrl\":\"https:\\\/\\\/lospoliticosveracruz.com\\\/wp-content\\\/uploads\\\/2025\\\/12\\\/Logo-Nuevo-LOS-POLITICOS-1.jpg\",\"width\":260,\"height\":70,\"caption\":\"Los pol\u00edticos Veracruz\"},\"image\":{\"@id\":\"https:\\\/\\\/lospoliticosveracruz.com\\\/#\\\/schema\\\/logo\\\/image\\\/\"},\"sameAs\":[\"https:\\\/\\\/www.facebook.com\\\/people\\\/Notimemes-de-los-Polticos\\\/61565672886568\\\/\",\"https:\\\/\\\/x.com\\\/LosPoliticosVer\"]},{\"@type\":\"Person\",\"@id\":\"https:\\\/\\\/lospoliticosveracruz.com\\\/#\\\/schema\\\/person\\\/b8702bb0e538456e6efd07080bf2a4a2\",\"name\":\"Lo viste en Los Pol\u00edticos\",\"image\":{\"@type\":\"ImageObject\",\"inLanguage\":\"es\",\"@id\":\"https:\\\/\\\/secure.gravatar.com\\\/avatar\\\/3a8de04a2656d44082be478bd6c086daa447c4651605818287b9532d3d0bd435?s=96&d=mm&r=g\",\"url\":\"https:\\\/\\\/secure.gravatar.com\\\/avatar\\\/3a8de04a2656d44082be478bd6c086daa447c4651605818287b9532d3d0bd435?s=96&d=mm&r=g\",\"contentUrl\":\"https:\\\/\\\/secure.gravatar.com\\\/avatar\\\/3a8de04a2656d44082be478bd6c086daa447c4651605818287b9532d3d0bd435?s=96&d=mm&r=g\",\"caption\":\"Lo viste en Los Pol\u00edticos\"},\"url\":\"https:\\\/\\\/lospoliticosveracruz.com\\\/?author=2\"}]}<\/script>\n<!-- \/ Yoast SEO plugin. -->","yoast_head_json":{"title":"EBRARD GANA EN VERACRUZ - Los pol\u00edticos Veracruz","robots":{"index":"index","follow":"follow","max-snippet":"max-snippet:-1","max-image-preview":"max-image-preview:large","max-video-preview":"max-video-preview:-1"},"canonical":"https:\/\/lospoliticosveracruz.com\/?p=107274","og_locale":"es_ES","og_type":"article","og_title":"EBRARD GANA EN VERACRUZ - Los pol\u00edticos Veracruz","og_description":"Ricardo ChuaSale y Vale Nos dice \u00abGarganta Profunda\u00bb que despu\u00e9s de an\u00e1lisis hechos dentro del comit\u00e9 nacional de MORENA\u2026 Tiene la certeza que ser\u00e1 el ex secretario de Relaciones Exteriores del gobierno federal, Marcel Ebrard Casaubon, el que gane la encuesta interna de este partido para elegir al candidato Presidencial por este organismo pol\u00edtico en [&hellip;]","og_url":"https:\/\/lospoliticosveracruz.com\/?p=107274","og_site_name":"Los pol\u00edticos Veracruz","article_publisher":"https:\/\/www.facebook.com\/people\/Notimemes-de-los-Polticos\/61565672886568\/","article_published_time":"2023-06-14T13:47:14+00:00","article_modified_time":"2023-06-14T13:47:20+00:00","og_image":[{"url":"https:\/\/lospoliticosveracruz.com.mx\/wp-content\/uploads\/2021\/10\/WhatsApp-Image-2021-10-02-at-15.20.25-212x300.jpeg","type":"","width":"","height":""}],"author":"Lo viste en Los Pol\u00edticos","twitter_card":"summary_large_image","twitter_creator":"@LosPoliticosVer","twitter_site":"@LosPoliticosVer","twitter_misc":{"Escrito por":"Lo viste en Los Pol\u00edticos","Tiempo de lectura":"4 minutos"},"schema":{"@context":"https:\/\/schema.org","@graph":[{"@type":"Article","@id":"https:\/\/lospoliticosveracruz.com\/?p=107274#article","isPartOf":{"@id":"https:\/\/lospoliticosveracruz.com\/?p=107274"},"author":{"name":"Lo viste en Los Pol\u00edticos","@id":"https:\/\/lospoliticosveracruz.com\/#\/schema\/person\/b8702bb0e538456e6efd07080bf2a4a2"},"headline":"EBRARD GANA EN VERACRUZ","datePublished":"2023-06-14T13:47:14+00:00","dateModified":"2023-06-14T13:47:20+00:00","mainEntityOfPage":{"@id":"https:\/\/lospoliticosveracruz.com\/?p=107274"},"wordCount":790,"publisher":{"@id":"https:\/\/lospoliticosveracruz.com\/#organization"},"image":{"@id":"https:\/\/lospoliticosveracruz.com\/?p=107274#primaryimage"},"thumbnailUrl":"https:\/\/lospoliticosveracruz.com.mx\/wp-content\/uploads\/2021\/10\/WhatsApp-Image-2021-10-02-at-15.20.25-212x300.jpeg","keywords":["Claudia Shienbaum","Cuitl\u00e1huac Garc\u00eda Jim\u00e9nez","Eleazar Guerrero P\u00e9rez","Marcel Ebrard Casaubon","Morena","Roc\u00edo Nahle","Unidos Todos","Veracruz"],"articleSection":["De Opini\u00f3n"],"inLanguage":"es"},{"@type":"WebPage","@id":"https:\/\/lospoliticosveracruz.com\/?p=107274","url":"https:\/\/lospoliticosveracruz.com\/?p=107274","name":"EBRARD GANA EN VERACRUZ - Los pol\u00edticos Veracruz","isPartOf":{"@id":"https:\/\/lospoliticosveracruz.com\/#website"},"primaryImageOfPage":{"@id":"https:\/\/lospoliticosveracruz.com\/?p=107274#primaryimage"},"image":{"@id":"https:\/\/lospoliticosveracruz.com\/?p=107274#primaryimage"},"thumbnailUrl":"https:\/\/lospoliticosveracruz.com.mx\/wp-content\/uploads\/2021\/10\/WhatsApp-Image-2021-10-02-at-15.20.25-212x300.jpeg","datePublished":"2023-06-14T13:47:14+00:00","dateModified":"2023-06-14T13:47:20+00:00","breadcrumb":{"@id":"https:\/\/lospoliticosveracruz.com\/?p=107274#breadcrumb"},"inLanguage":"es","potentialAction":[{"@type":"ReadAction","target":["https:\/\/lospoliticosveracruz.com\/?p=107274"]}]},{"@type":"ImageObject","inLanguage":"es","@id":"https:\/\/lospoliticosveracruz.com\/?p=107274#primaryimage","url":"https:\/\/lospoliticosveracruz.com.mx\/wp-content\/uploads\/2021\/10\/WhatsApp-Image-2021-10-02-at-15.20.25-212x300.jpeg","contentUrl":"https:\/\/lospoliticosveracruz.com.mx\/wp-content\/uploads\/2021\/10\/WhatsApp-Image-2021-10-02-at-15.20.25-212x300.jpeg"},{"@type":"BreadcrumbList","@id":"https:\/\/lospoliticosveracruz.com\/?p=107274#breadcrumb","itemListElement":[{"@type":"ListItem","position":1,"name":"Portada","item":"https:\/\/lospoliticosveracruz.com\/"},{"@type":"ListItem","position":2,"name":"EBRARD GANA EN VERACRUZ"}]},{"@type":"WebSite","@id":"https:\/\/lospoliticosveracruz.com\/#website","url":"https:\/\/lospoliticosveracruz.com\/","name":"Los pol\u00edticos Veracruz","description":"","publisher":{"@id":"https:\/\/lospoliticosveracruz.com\/#organization"},"potentialAction":[{"@type":"SearchAction","target":{"@type":"EntryPoint","urlTemplate":"https:\/\/lospoliticosveracruz.com\/?s={search_term_string}"},"query-input":{"@type":"PropertyValueSpecification","valueRequired":true,"valueName":"search_term_string"}}],"inLanguage":"es"},{"@type":"Organization","@id":"https:\/\/lospoliticosveracruz.com\/#organization","name":"Los pol\u00edticos Veracruz","url":"https:\/\/lospoliticosveracruz.com\/","logo":{"@type":"ImageObject","inLanguage":"es","@id":"https:\/\/lospoliticosveracruz.com\/#\/schema\/logo\/image\/","url":"https:\/\/lospoliticosveracruz.com\/wp-content\/uploads\/2025\/12\/Logo-Nuevo-LOS-POLITICOS-1.jpg","contentUrl":"https:\/\/lospoliticosveracruz.com\/wp-content\/uploads\/2025\/12\/Logo-Nuevo-LOS-POLITICOS-1.jpg","width":260,"height":70,"caption":"Los pol\u00edticos Veracruz"},"image":{"@id":"https:\/\/lospoliticosveracruz.com\/#\/schema\/logo\/image\/"},"sameAs":["https:\/\/www.facebook.com\/people\/Notimemes-de-los-Polticos\/61565672886568\/","https:\/\/x.com\/LosPoliticosVer"]},{"@type":"Person","@id":"https:\/\/lospoliticosveracruz.com\/#\/schema\/person\/b8702bb0e538456e6efd07080bf2a4a2","name":"Lo viste en Los Pol\u00edticos","image":{"@type":"ImageObject","inLanguage":"es","@id":"https:\/\/secure.gravatar.com\/avatar\/3a8de04a2656d44082be478bd6c086daa447c4651605818287b9532d3d0bd435?s=96&d=mm&r=g","url":"https:\/\/secure.gravatar.com\/avatar\/3a8de04a2656d44082be478bd6c086daa447c4651605818287b9532d3d0bd435?s=96&d=mm&r=g","contentUrl":"https:\/\/secure.gravatar.com\/avatar\/3a8de04a2656d44082be478bd6c086daa447c4651605818287b9532d3d0bd435?s=96&d=mm&r=g","caption":"Lo viste en Los Pol\u00edticos"},"url":"https:\/\/lospoliticosveracruz.com\/?author=2"}]}},"_links":{"self":[{"href":"https:\/\/lospoliticosveracruz.com\/index.php?rest_route=\/wp\/v2\/posts\/107274","targetHints":{"allow":["GET"]}}],"collection":[{"href":"https:\/\/lospoliticosveracruz.com\/index.php?rest_route=\/wp\/v2\/posts"}],"about":[{"href":"https:\/\/lospoliticosveracruz.com\/index.php?rest_route=\/wp\/v2\/types\/post"}],"author":[{"embeddable":true,"href":"https:\/\/lospoliticosveracruz.com\/index.php?rest_route=\/wp\/v2\/users\/2"}],"replies":[{"embeddable":true,"href":"https:\/\/lospoliticosveracruz.com\/index.php?rest_route=%2Fwp%2Fv2%2Fcomments&post=107274"}],"version-history":[{"count":1,"href":"https:\/\/lospoliticosveracruz.com\/index.php?rest_route=\/wp\/v2\/posts\/107274\/revisions"}],"predecessor-version":[{"id":107275,"href":"https:\/\/lospoliticosveracruz.com\/index.php?rest_route=\/wp\/v2\/posts\/107274\/revisions\/107275"}],"wp:attachment":[{"href":"https:\/\/lospoliticosveracruz.com\/index.php?rest_route=%2Fwp%2Fv2%2Fmedia&parent=107274"}],"wp:term":[{"taxonomy":"category","embeddable":true,"href":"https:\/\/lospoliticosveracruz.com\/index.php?rest_route=%2Fwp%2Fv2%2Fcategories&post=107274"},{"taxonomy":"post_tag","embeddable":true,"href":"https:\/\/lospoliticosveracruz.com\/index.php?rest_route=%2Fwp%2Fv2%2Ftags&post=107274"}],"curies":[{"name":"wp","href":"https:\/\/api.w.org\/{rel}","templated":true}]}}