{"id":107276,"date":"2023-06-14T08:51:26","date_gmt":"2023-06-14T13:51:26","guid":{"rendered":"https:\/\/lospoliticosveracruz.com.mx\/?p=107276"},"modified":"2023-06-14T08:51:31","modified_gmt":"2023-06-14T13:51:31","slug":"el-mas-represor-de-los-ultimos-90-anos","status":"publish","type":"post","link":"https:\/\/lospoliticosveracruz.com\/?p=107276","title":{"rendered":"EL M\u00c1S REPRESOR DE LOS \u00daLTIMOS 90 A\u00d1OS"},"content":{"rendered":"\n<p><\/p>\n\n\n\n<p><strong>Bernardo Guti\u00e9rrez Parra<br><\/strong><em>Desde el Caf\u00e9<\/em><\/p>\n\n\n\n<p>El primer preso pol\u00edtico de Cuitl\u00e1huac Garc\u00eda fue Rogelio Franco Cast\u00e1n al que el 13 de marzo del 2021 agentes ministeriales le llegaron con una orden de aprehensi\u00f3n por violencia familiar. Rogelio mostr\u00f3 un amparo contra ese delito, hubo un forcejeo, uno de los ministeriales result\u00f3 con la camiseta rota y eso bast\u00f3 para que lo detuvieran por \u201cultrajes a la autoridad\u201d.<\/p>\n\n\n<div class=\"wp-block-image\">\n<figure class=\"alignleft size-medium\"><a href=\"https:\/\/lospoliticosveracruz.com.mx\/wp-content\/uploads\/2021\/10\/Zacauilt.jpg\"><img decoding=\"async\" src=\"https:\/\/lospoliticosveracruz.com.mx\/wp-content\/uploads\/2021\/10\/Zacauilt-150x300.jpg\" alt=\"\" class=\"wp-image-80558\"\/><\/a><\/figure>\n<\/div>\n\n\n<p>A Rogelio le siguieron Tito Delf\u00edn Cano, Fabi\u00e1n C\u00e1rdenas, Omar Ram\u00edrez, Gregorio G\u00f3mez Mart\u00ednez, Azucena Rodr\u00edguez, Ram\u00f3n Ortiz; Yolli Garc\u00eda \u00c1lvarez y Jos\u00e9 Manuel del R\u00edo Virgen, solo por citar algunos.<\/p>\n\n\n\n<p>La mayor\u00eda son pol\u00edticos de oposici\u00f3n que contend\u00edan por un cargo de elecci\u00f3n popular, iban ganando en las encuestas y los bajaron. Pero tambi\u00e9n fue detenida una ex diputada federal, una ex comisionada del IVAI y un distinguido asesor en el Senado.<\/p>\n\n\n\n<p>Con excepci\u00f3n de Azucena Rodr\u00edguez que fue acusada de homicidio, a los dem\u00e1s les inventaron los delitos. (S\u00ed s\u00ed, ya s\u00e9 que Tito Delf\u00edn est\u00e1 acusado de desviar recursos, pero no est\u00e1 detenido por eso).<\/p>\n\n\n\n<p>S\u00f3lo han recobrado su libertad Azucena Rodr\u00edguez y Jos\u00e9 Manuel del R\u00edo, los dem\u00e1s siguen presos.<\/p>\n\n\n\n<p>Hay que agregar en la lista a m\u00e1s o menos 2 mil ciudadanos como tu y yo lector que estuvieron privados de su libertad por \u201cultrajes a la autoridad\u201d, un delito derogado, abolido y anulado desde tiempos de Mar\u00eda Canica, pero que el gobernador sac\u00f3 del caj\u00f3n del olvido para justificar sus atropellos \u201cporque en Veracruz nadie est\u00e1 por encima de la ley\u201d.<\/p>\n\n\n\n<p>Ignorante de lo que son las leyes y su manera de aplicarlas, arbitrario y altanero por el apoyo que recibe de Palacio Nacional, Cuitl\u00e1huac se ha erigido en un juez y fiscal que no se anda con rodeos a la hora de encarcelar a sus adversarios.<\/p>\n\n\n\n<p>El 28 de mayo orden\u00f3 la detenci\u00f3n de la periodista y ex alcaldesa panista de Ixhuatl\u00e1n del Caf\u00e9, Viridiana Bret\u00f3n Feito. \u00bfSu delito? Decirle no gracias cuando le propuso que se pasara a las filas de Morena y por apoyar al legislador Sergio Guti\u00e9rrez. Con ella fueron detenidos cuatro l\u00edderes cafetaleros acusados de quemar las oficinas de un beneficio del caf\u00e9.<\/p>\n\n\n\n<p>Sus abogados han probado que ellos no fueron los incendiarios, han apelado al derecho que tienen los acusados de defenderse en libertad porque el delito que les imputan no es considerado grave y sin embargo siguen presos.<\/p>\n\n\n\n<p>Su \u00faltimo abuso de autoridad (hasta ahora) fue ordenar la detenci\u00f3n de la jueza Ang\u00e9lica S\u00e1nchez Hern\u00e1ndez porque, seg\u00fan \u00e9l, orden\u00f3 la libertad de un tal Ithiel N alias \u201cEl Compa Playa\u201d presunto asesino del diputado local Juan Carlos Molina.<\/p>\n\n\n\n<p>A la jueza la bajaron a empellones y leperadas de su autom\u00f3vil, le pusieron una capucha, le quitaron su bolso, celular, dinero y documentos; le sembraron droga y ya en los separos la obligaron a disparar una pistola para hacer creer que hab\u00eda disparado contra los propios agentes.<\/p>\n\n\n\n<p>Imposible m\u00e1s sevicia de estos tipos.<\/p>\n\n\n\n<p>Pero sigui\u00f3 la altaner\u00eda del gobernador. El d\u00eda que la detuvieron dijo: \u201cTenemos indicios de que hab\u00eda comunicaci\u00f3n por v\u00eda indirecta entre la jueza y el abogado del delincuente. Ay nom\u00e1s se las dejo\u201d.<\/p>\n\n\n\n<p>Cuando la periodista Claudia Montero le pidi\u00f3 que confirmara el delito por el que estaba detenida, Cuitl\u00e1huac contest\u00f3 sin precisar: \u201cEs jueza, se va a poder defender\u201d. \u201cEs s\u00f3lo para informar por qu\u00e9 la detuvieron\u201d, insisti\u00f3 Claudia. \u201cNo voy a dar argumentos aqu\u00ed, lo que resulte lo que se haga por ah\u00ed\u2026 es jueza\u201d, contest\u00f3 el gobernador entre trastabilleos.<\/p>\n\n\n\n<p>\u201cTenemos indicios y ay se las dejo. Es una jueza y se va a poder defender\u201d. \u00bfAs\u00ed se maneja la justicia en Veracruz? Ni m\u00e1s ni menos, lector.<\/p>\n\n\n\n<p>Para quien pens\u00f3 que este ingeniero mec\u00e1nico electricistas habilitado como gobernador, ser\u00eda m\u00e1s humano y justo con sus gobernados y m\u00e1s congruente entre lo que dice y hace, vaya frentazo que debi\u00f3 darse.<\/p>\n\n\n\n<p>Aparte de ignorante e incapaz, aparte de indolente ante la violencia que azota a la entidad; negado para frenar el desempleo, la deserci\u00f3n escolar, el aumento de la pobreza y la pobreza extrema, Cuitl\u00e1huac Garc\u00eda Jim\u00e9nez pasar\u00e1 a la historia como el gobernador m\u00e1s represor de los \u00faltimos 90 a\u00f1os. Le guste o no le guste al se\u00f1or.<\/p>\n\n\n\n<p>\u00bfY Yunes Linares qu\u00e9? Ja, ese desalmado represor, es un ni\u00f1o de pecho a lado del \u201chonesto\u201d gobernador que les toc\u00f3 en suerte a los veracruzanos.<\/p>\n\n\n\n<p>bernardogup@hotmail.com<\/p>\n","protected":false},"excerpt":{"rendered":"<p>Bernardo Guti\u00e9rrez ParraDesde el Caf\u00e9 El primer preso pol\u00edtico de Cuitl\u00e1huac Garc\u00eda fue Rogelio Franco Cast\u00e1n al que el 13 de marzo del 2021 agentes ministeriales le llegaron con una orden de aprehensi\u00f3n por violencia familiar. Rogelio mostr\u00f3 un amparo contra ese delito, hubo un forcejeo, uno de los ministeriales result\u00f3 con la camiseta rota [&hellip;]<\/p>\n","protected":false},"author":2,"featured_media":0,"comment_status":"closed","ping_status":"closed","sticky":false,"template":"","format":"standard","meta":{"tdm_status":"","tdm_grid_status":"","footnotes":""},"categories":[70],"tags":[38328,1563,21068,9252,985,7909,38412,38413,808,7518],"class_list":{"0":"post-107276","1":"post","2":"type-post","3":"status-publish","4":"format-standard","6":"category-de-opinion","7":"tag-angelica-sanchez-hernandez","8":"tag-cuitlahuac-garcia-jimenez","9":"tag-fabian-cardenas","10":"tag-gregorio-gomez-martinez","11":"tag-ivai","12":"tag-jose-manuel-del-rio-virgen","13":"tag-omar-ramirez","14":"tag-ramon-ortiz","15":"tag-rogelio-franco-castan","16":"tag-tito-delfin-cano"},"yoast_head":"<!-- This site is optimized with the Yoast SEO plugin v27.4 - https:\/\/yoast.com\/product\/yoast-seo-wordpress\/ -->\n<title>EL M\u00c1S REPRESOR DE LOS \u00daLTIMOS 90 A\u00d1OS - Los pol\u00edticos Veracruz<\/title>\n<meta name=\"robots\" content=\"index, follow, max-snippet:-1, max-image-preview:large, max-video-preview:-1\" \/>\n<link rel=\"canonical\" href=\"https:\/\/lospoliticosveracruz.com\/?p=107276\" \/>\n<meta property=\"og:locale\" content=\"es_ES\" \/>\n<meta property=\"og:type\" content=\"article\" \/>\n<meta property=\"og:title\" content=\"EL M\u00c1S REPRESOR DE LOS \u00daLTIMOS 90 A\u00d1OS - Los pol\u00edticos Veracruz\" \/>\n<meta property=\"og:description\" content=\"Bernardo Guti\u00e9rrez ParraDesde el Caf\u00e9 El primer preso pol\u00edtico de Cuitl\u00e1huac Garc\u00eda fue Rogelio Franco Cast\u00e1n al que el 13 de marzo del 2021 agentes ministeriales le llegaron con una orden de aprehensi\u00f3n por violencia familiar. Rogelio mostr\u00f3 un amparo contra ese delito, hubo un forcejeo, uno de los ministeriales result\u00f3 con la camiseta rota [&hellip;]\" \/>\n<meta property=\"og:url\" content=\"https:\/\/lospoliticosveracruz.com\/?p=107276\" \/>\n<meta property=\"og:site_name\" content=\"Los pol\u00edticos Veracruz\" \/>\n<meta property=\"article:publisher\" content=\"https:\/\/www.facebook.com\/people\/Notimemes-de-los-Polticos\/61565672886568\/\" \/>\n<meta property=\"article:published_time\" content=\"2023-06-14T13:51:26+00:00\" \/>\n<meta property=\"article:modified_time\" content=\"2023-06-14T13:51:31+00:00\" \/>\n<meta property=\"og:image\" content=\"https:\/\/lospoliticosveracruz.com.mx\/wp-content\/uploads\/2021\/10\/Zacauilt-150x300.jpg\" \/>\n<meta name=\"author\" content=\"Lo viste en Los Pol\u00edticos\" \/>\n<meta name=\"twitter:card\" content=\"summary_large_image\" \/>\n<meta name=\"twitter:creator\" content=\"@LosPoliticosVer\" \/>\n<meta name=\"twitter:site\" content=\"@LosPoliticosVer\" \/>\n<meta name=\"twitter:label1\" content=\"Escrito por\" \/>\n\t<meta name=\"twitter:data1\" content=\"Lo viste en Los Pol\u00edticos\" \/>\n\t<meta name=\"twitter:label2\" content=\"Tiempo de lectura\" \/>\n\t<meta name=\"twitter:data2\" content=\"4 minutos\" \/>\n<script type=\"application\/ld+json\" class=\"yoast-schema-graph\">{\"@context\":\"https:\\\/\\\/schema.org\",\"@graph\":[{\"@type\":\"Article\",\"@id\":\"https:\\\/\\\/lospoliticosveracruz.com\\\/?p=107276#article\",\"isPartOf\":{\"@id\":\"https:\\\/\\\/lospoliticosveracruz.com\\\/?p=107276\"},\"author\":{\"name\":\"Lo viste en Los Pol\u00edticos\",\"@id\":\"https:\\\/\\\/lospoliticosveracruz.com\\\/#\\\/schema\\\/person\\\/b8702bb0e538456e6efd07080bf2a4a2\"},\"headline\":\"EL M\u00c1S REPRESOR DE LOS \u00daLTIMOS 90 A\u00d1OS\",\"datePublished\":\"2023-06-14T13:51:26+00:00\",\"dateModified\":\"2023-06-14T13:51:31+00:00\",\"mainEntityOfPage\":{\"@id\":\"https:\\\/\\\/lospoliticosveracruz.com\\\/?p=107276\"},\"wordCount\":806,\"publisher\":{\"@id\":\"https:\\\/\\\/lospoliticosveracruz.com\\\/#organization\"},\"image\":{\"@id\":\"https:\\\/\\\/lospoliticosveracruz.com\\\/?p=107276#primaryimage\"},\"thumbnailUrl\":\"https:\\\/\\\/lospoliticosveracruz.com.mx\\\/wp-content\\\/uploads\\\/2021\\\/10\\\/Zacauilt-150x300.jpg\",\"keywords\":[\"Ang\u00e9lica S\u00e1nchez Hern\u00e1ndez\",\"Cuitl\u00e1huac Garc\u00eda Jim\u00e9nez\",\"Fabi\u00e1n C\u00e1rdenas\",\"Gregorio G\u00f3mez Mart\u00ednez\",\"IVAI\",\"Jos\u00e9 Manuel del R\u00edo Virgen\",\"Omar Ram\u00edrez\",\"Ram\u00f3n Ortiz\",\"Rogelio Franco Cast\u00e1n\",\"Tito Delf\u00edn Cano\"],\"articleSection\":[\"De Opini\u00f3n\"],\"inLanguage\":\"es\"},{\"@type\":\"WebPage\",\"@id\":\"https:\\\/\\\/lospoliticosveracruz.com\\\/?p=107276\",\"url\":\"https:\\\/\\\/lospoliticosveracruz.com\\\/?p=107276\",\"name\":\"EL M\u00c1S REPRESOR DE LOS \u00daLTIMOS 90 A\u00d1OS - Los pol\u00edticos Veracruz\",\"isPartOf\":{\"@id\":\"https:\\\/\\\/lospoliticosveracruz.com\\\/#website\"},\"primaryImageOfPage\":{\"@id\":\"https:\\\/\\\/lospoliticosveracruz.com\\\/?p=107276#primaryimage\"},\"image\":{\"@id\":\"https:\\\/\\\/lospoliticosveracruz.com\\\/?p=107276#primaryimage\"},\"thumbnailUrl\":\"https:\\\/\\\/lospoliticosveracruz.com.mx\\\/wp-content\\\/uploads\\\/2021\\\/10\\\/Zacauilt-150x300.jpg\",\"datePublished\":\"2023-06-14T13:51:26+00:00\",\"dateModified\":\"2023-06-14T13:51:31+00:00\",\"breadcrumb\":{\"@id\":\"https:\\\/\\\/lospoliticosveracruz.com\\\/?p=107276#breadcrumb\"},\"inLanguage\":\"es\",\"potentialAction\":[{\"@type\":\"ReadAction\",\"target\":[\"https:\\\/\\\/lospoliticosveracruz.com\\\/?p=107276\"]}]},{\"@type\":\"ImageObject\",\"inLanguage\":\"es\",\"@id\":\"https:\\\/\\\/lospoliticosveracruz.com\\\/?p=107276#primaryimage\",\"url\":\"https:\\\/\\\/lospoliticosveracruz.com.mx\\\/wp-content\\\/uploads\\\/2021\\\/10\\\/Zacauilt-150x300.jpg\",\"contentUrl\":\"https:\\\/\\\/lospoliticosveracruz.com.mx\\\/wp-content\\\/uploads\\\/2021\\\/10\\\/Zacauilt-150x300.jpg\"},{\"@type\":\"BreadcrumbList\",\"@id\":\"https:\\\/\\\/lospoliticosveracruz.com\\\/?p=107276#breadcrumb\",\"itemListElement\":[{\"@type\":\"ListItem\",\"position\":1,\"name\":\"Portada\",\"item\":\"https:\\\/\\\/lospoliticosveracruz.com\\\/\"},{\"@type\":\"ListItem\",\"position\":2,\"name\":\"EL M\u00c1S REPRESOR DE LOS \u00daLTIMOS 90 A\u00d1OS\"}]},{\"@type\":\"WebSite\",\"@id\":\"https:\\\/\\\/lospoliticosveracruz.com\\\/#website\",\"url\":\"https:\\\/\\\/lospoliticosveracruz.com\\\/\",\"name\":\"Los pol\u00edticos Veracruz\",\"description\":\"\",\"publisher\":{\"@id\":\"https:\\\/\\\/lospoliticosveracruz.com\\\/#organization\"},\"potentialAction\":[{\"@type\":\"SearchAction\",\"target\":{\"@type\":\"EntryPoint\",\"urlTemplate\":\"https:\\\/\\\/lospoliticosveracruz.com\\\/?s={search_term_string}\"},\"query-input\":{\"@type\":\"PropertyValueSpecification\",\"valueRequired\":true,\"valueName\":\"search_term_string\"}}],\"inLanguage\":\"es\"},{\"@type\":\"Organization\",\"@id\":\"https:\\\/\\\/lospoliticosveracruz.com\\\/#organization\",\"name\":\"Los pol\u00edticos Veracruz\",\"url\":\"https:\\\/\\\/lospoliticosveracruz.com\\\/\",\"logo\":{\"@type\":\"ImageObject\",\"inLanguage\":\"es\",\"@id\":\"https:\\\/\\\/lospoliticosveracruz.com\\\/#\\\/schema\\\/logo\\\/image\\\/\",\"url\":\"https:\\\/\\\/lospoliticosveracruz.com\\\/wp-content\\\/uploads\\\/2025\\\/12\\\/Logo-Nuevo-LOS-POLITICOS-1.jpg\",\"contentUrl\":\"https:\\\/\\\/lospoliticosveracruz.com\\\/wp-content\\\/uploads\\\/2025\\\/12\\\/Logo-Nuevo-LOS-POLITICOS-1.jpg\",\"width\":260,\"height\":70,\"caption\":\"Los pol\u00edticos Veracruz\"},\"image\":{\"@id\":\"https:\\\/\\\/lospoliticosveracruz.com\\\/#\\\/schema\\\/logo\\\/image\\\/\"},\"sameAs\":[\"https:\\\/\\\/www.facebook.com\\\/people\\\/Notimemes-de-los-Polticos\\\/61565672886568\\\/\",\"https:\\\/\\\/x.com\\\/LosPoliticosVer\"]},{\"@type\":\"Person\",\"@id\":\"https:\\\/\\\/lospoliticosveracruz.com\\\/#\\\/schema\\\/person\\\/b8702bb0e538456e6efd07080bf2a4a2\",\"name\":\"Lo viste en Los Pol\u00edticos\",\"image\":{\"@type\":\"ImageObject\",\"inLanguage\":\"es\",\"@id\":\"https:\\\/\\\/secure.gravatar.com\\\/avatar\\\/3a8de04a2656d44082be478bd6c086daa447c4651605818287b9532d3d0bd435?s=96&d=mm&r=g\",\"url\":\"https:\\\/\\\/secure.gravatar.com\\\/avatar\\\/3a8de04a2656d44082be478bd6c086daa447c4651605818287b9532d3d0bd435?s=96&d=mm&r=g\",\"contentUrl\":\"https:\\\/\\\/secure.gravatar.com\\\/avatar\\\/3a8de04a2656d44082be478bd6c086daa447c4651605818287b9532d3d0bd435?s=96&d=mm&r=g\",\"caption\":\"Lo viste en Los Pol\u00edticos\"},\"url\":\"https:\\\/\\\/lospoliticosveracruz.com\\\/?author=2\"}]}<\/script>\n<!-- \/ Yoast SEO plugin. -->","yoast_head_json":{"title":"EL M\u00c1S REPRESOR DE LOS \u00daLTIMOS 90 A\u00d1OS - Los pol\u00edticos Veracruz","robots":{"index":"index","follow":"follow","max-snippet":"max-snippet:-1","max-image-preview":"max-image-preview:large","max-video-preview":"max-video-preview:-1"},"canonical":"https:\/\/lospoliticosveracruz.com\/?p=107276","og_locale":"es_ES","og_type":"article","og_title":"EL M\u00c1S REPRESOR DE LOS \u00daLTIMOS 90 A\u00d1OS - Los pol\u00edticos Veracruz","og_description":"Bernardo Guti\u00e9rrez ParraDesde el Caf\u00e9 El primer preso pol\u00edtico de Cuitl\u00e1huac Garc\u00eda fue Rogelio Franco Cast\u00e1n al que el 13 de marzo del 2021 agentes ministeriales le llegaron con una orden de aprehensi\u00f3n por violencia familiar. Rogelio mostr\u00f3 un amparo contra ese delito, hubo un forcejeo, uno de los ministeriales result\u00f3 con la camiseta rota [&hellip;]","og_url":"https:\/\/lospoliticosveracruz.com\/?p=107276","og_site_name":"Los pol\u00edticos Veracruz","article_publisher":"https:\/\/www.facebook.com\/people\/Notimemes-de-los-Polticos\/61565672886568\/","article_published_time":"2023-06-14T13:51:26+00:00","article_modified_time":"2023-06-14T13:51:31+00:00","og_image":[{"url":"https:\/\/lospoliticosveracruz.com.mx\/wp-content\/uploads\/2021\/10\/Zacauilt-150x300.jpg","type":"","width":"","height":""}],"author":"Lo viste en Los Pol\u00edticos","twitter_card":"summary_large_image","twitter_creator":"@LosPoliticosVer","twitter_site":"@LosPoliticosVer","twitter_misc":{"Escrito por":"Lo viste en Los Pol\u00edticos","Tiempo de lectura":"4 minutos"},"schema":{"@context":"https:\/\/schema.org","@graph":[{"@type":"Article","@id":"https:\/\/lospoliticosveracruz.com\/?p=107276#article","isPartOf":{"@id":"https:\/\/lospoliticosveracruz.com\/?p=107276"},"author":{"name":"Lo viste en Los Pol\u00edticos","@id":"https:\/\/lospoliticosveracruz.com\/#\/schema\/person\/b8702bb0e538456e6efd07080bf2a4a2"},"headline":"EL M\u00c1S REPRESOR DE LOS \u00daLTIMOS 90 A\u00d1OS","datePublished":"2023-06-14T13:51:26+00:00","dateModified":"2023-06-14T13:51:31+00:00","mainEntityOfPage":{"@id":"https:\/\/lospoliticosveracruz.com\/?p=107276"},"wordCount":806,"publisher":{"@id":"https:\/\/lospoliticosveracruz.com\/#organization"},"image":{"@id":"https:\/\/lospoliticosveracruz.com\/?p=107276#primaryimage"},"thumbnailUrl":"https:\/\/lospoliticosveracruz.com.mx\/wp-content\/uploads\/2021\/10\/Zacauilt-150x300.jpg","keywords":["Ang\u00e9lica S\u00e1nchez Hern\u00e1ndez","Cuitl\u00e1huac Garc\u00eda Jim\u00e9nez","Fabi\u00e1n C\u00e1rdenas","Gregorio G\u00f3mez Mart\u00ednez","IVAI","Jos\u00e9 Manuel del R\u00edo Virgen","Omar Ram\u00edrez","Ram\u00f3n Ortiz","Rogelio Franco Cast\u00e1n","Tito Delf\u00edn Cano"],"articleSection":["De Opini\u00f3n"],"inLanguage":"es"},{"@type":"WebPage","@id":"https:\/\/lospoliticosveracruz.com\/?p=107276","url":"https:\/\/lospoliticosveracruz.com\/?p=107276","name":"EL M\u00c1S REPRESOR DE LOS \u00daLTIMOS 90 A\u00d1OS - Los pol\u00edticos Veracruz","isPartOf":{"@id":"https:\/\/lospoliticosveracruz.com\/#website"},"primaryImageOfPage":{"@id":"https:\/\/lospoliticosveracruz.com\/?p=107276#primaryimage"},"image":{"@id":"https:\/\/lospoliticosveracruz.com\/?p=107276#primaryimage"},"thumbnailUrl":"https:\/\/lospoliticosveracruz.com.mx\/wp-content\/uploads\/2021\/10\/Zacauilt-150x300.jpg","datePublished":"2023-06-14T13:51:26+00:00","dateModified":"2023-06-14T13:51:31+00:00","breadcrumb":{"@id":"https:\/\/lospoliticosveracruz.com\/?p=107276#breadcrumb"},"inLanguage":"es","potentialAction":[{"@type":"ReadAction","target":["https:\/\/lospoliticosveracruz.com\/?p=107276"]}]},{"@type":"ImageObject","inLanguage":"es","@id":"https:\/\/lospoliticosveracruz.com\/?p=107276#primaryimage","url":"https:\/\/lospoliticosveracruz.com.mx\/wp-content\/uploads\/2021\/10\/Zacauilt-150x300.jpg","contentUrl":"https:\/\/lospoliticosveracruz.com.mx\/wp-content\/uploads\/2021\/10\/Zacauilt-150x300.jpg"},{"@type":"BreadcrumbList","@id":"https:\/\/lospoliticosveracruz.com\/?p=107276#breadcrumb","itemListElement":[{"@type":"ListItem","position":1,"name":"Portada","item":"https:\/\/lospoliticosveracruz.com\/"},{"@type":"ListItem","position":2,"name":"EL M\u00c1S REPRESOR DE LOS \u00daLTIMOS 90 A\u00d1OS"}]},{"@type":"WebSite","@id":"https:\/\/lospoliticosveracruz.com\/#website","url":"https:\/\/lospoliticosveracruz.com\/","name":"Los pol\u00edticos Veracruz","description":"","publisher":{"@id":"https:\/\/lospoliticosveracruz.com\/#organization"},"potentialAction":[{"@type":"SearchAction","target":{"@type":"EntryPoint","urlTemplate":"https:\/\/lospoliticosveracruz.com\/?s={search_term_string}"},"query-input":{"@type":"PropertyValueSpecification","valueRequired":true,"valueName":"search_term_string"}}],"inLanguage":"es"},{"@type":"Organization","@id":"https:\/\/lospoliticosveracruz.com\/#organization","name":"Los pol\u00edticos Veracruz","url":"https:\/\/lospoliticosveracruz.com\/","logo":{"@type":"ImageObject","inLanguage":"es","@id":"https:\/\/lospoliticosveracruz.com\/#\/schema\/logo\/image\/","url":"https:\/\/lospoliticosveracruz.com\/wp-content\/uploads\/2025\/12\/Logo-Nuevo-LOS-POLITICOS-1.jpg","contentUrl":"https:\/\/lospoliticosveracruz.com\/wp-content\/uploads\/2025\/12\/Logo-Nuevo-LOS-POLITICOS-1.jpg","width":260,"height":70,"caption":"Los pol\u00edticos Veracruz"},"image":{"@id":"https:\/\/lospoliticosveracruz.com\/#\/schema\/logo\/image\/"},"sameAs":["https:\/\/www.facebook.com\/people\/Notimemes-de-los-Polticos\/61565672886568\/","https:\/\/x.com\/LosPoliticosVer"]},{"@type":"Person","@id":"https:\/\/lospoliticosveracruz.com\/#\/schema\/person\/b8702bb0e538456e6efd07080bf2a4a2","name":"Lo viste en Los Pol\u00edticos","image":{"@type":"ImageObject","inLanguage":"es","@id":"https:\/\/secure.gravatar.com\/avatar\/3a8de04a2656d44082be478bd6c086daa447c4651605818287b9532d3d0bd435?s=96&d=mm&r=g","url":"https:\/\/secure.gravatar.com\/avatar\/3a8de04a2656d44082be478bd6c086daa447c4651605818287b9532d3d0bd435?s=96&d=mm&r=g","contentUrl":"https:\/\/secure.gravatar.com\/avatar\/3a8de04a2656d44082be478bd6c086daa447c4651605818287b9532d3d0bd435?s=96&d=mm&r=g","caption":"Lo viste en Los Pol\u00edticos"},"url":"https:\/\/lospoliticosveracruz.com\/?author=2"}]}},"_links":{"self":[{"href":"https:\/\/lospoliticosveracruz.com\/index.php?rest_route=\/wp\/v2\/posts\/107276","targetHints":{"allow":["GET"]}}],"collection":[{"href":"https:\/\/lospoliticosveracruz.com\/index.php?rest_route=\/wp\/v2\/posts"}],"about":[{"href":"https:\/\/lospoliticosveracruz.com\/index.php?rest_route=\/wp\/v2\/types\/post"}],"author":[{"embeddable":true,"href":"https:\/\/lospoliticosveracruz.com\/index.php?rest_route=\/wp\/v2\/users\/2"}],"replies":[{"embeddable":true,"href":"https:\/\/lospoliticosveracruz.com\/index.php?rest_route=%2Fwp%2Fv2%2Fcomments&post=107276"}],"version-history":[{"count":1,"href":"https:\/\/lospoliticosveracruz.com\/index.php?rest_route=\/wp\/v2\/posts\/107276\/revisions"}],"predecessor-version":[{"id":107277,"href":"https:\/\/lospoliticosveracruz.com\/index.php?rest_route=\/wp\/v2\/posts\/107276\/revisions\/107277"}],"wp:attachment":[{"href":"https:\/\/lospoliticosveracruz.com\/index.php?rest_route=%2Fwp%2Fv2%2Fmedia&parent=107276"}],"wp:term":[{"taxonomy":"category","embeddable":true,"href":"https:\/\/lospoliticosveracruz.com\/index.php?rest_route=%2Fwp%2Fv2%2Fcategories&post=107276"},{"taxonomy":"post_tag","embeddable":true,"href":"https:\/\/lospoliticosveracruz.com\/index.php?rest_route=%2Fwp%2Fv2%2Ftags&post=107276"}],"curies":[{"name":"wp","href":"https:\/\/api.w.org\/{rel}","templated":true}]}}