{"id":107650,"date":"2023-06-22T09:17:16","date_gmt":"2023-06-22T14:17:16","guid":{"rendered":"https:\/\/lospoliticosveracruz.com.mx\/?p=107650"},"modified":"2023-06-22T09:21:02","modified_gmt":"2023-06-22T14:21:02","slug":"veracruz-mi-casa-y-mi-destino-nahle","status":"publish","type":"post","link":"https:\/\/lospoliticosveracruz.com\/?p=107650","title":{"rendered":"VERACRUZ MI CASA Y MI DESTINO: NAHLE"},"content":{"rendered":"\n<p><\/p>\n\n\n\n<ul class=\"wp-block-list\">\n<li><\/li>\n<\/ul>\n\n\n\n<p><strong>Ciudad de M\u00e9xico<br><\/strong>Al ser cuestionada sobre su futuro pol\u00edtico, la Secretaria de Energ\u00eda del Gobierno de M\u00e9xico, Roc\u00edo Nahle Garc\u00eda, reiter\u00f3 que este se encuentra en Veracruz, no obstante, primero entregar\u00e1 refinando Dos Bocas, la factor\u00eda denominada la \u201cjoya de la corona\u201d del Sistema de Refinaci\u00f3n Nacional y la Cuarta Transformaci\u00f3n de Andr\u00e9s Manuel L\u00f3pez Obrador.<\/p>\n\n\n\n<p>En entrevista telef\u00f3nica a nivel nacional, Roc\u00edo Nahle nuevamente fue cuestionada respecto a si renunciar\u00e1 en breve al cargo para buscar la candidatura de su partido, Movimiento Regeneraci\u00f3n Nacional (Morena) a la gobernatura de Veracruz y en su respuesta fue contundente y clara:<\/p>\n\n\n\n<p>\u201cVeracruz es mi hogar, es mi casa y es mi destino, Veracruz es mi destino pero lo primero es qu\u00e9 hay que cumplir con la transformaci\u00f3n de M\u00e9xico, a eso llegamos, llegamos a trabajar, a ayudarle al presidente\u201d, enfatiz\u00f3.<\/p>\n\n\n\n<p>-\u00bfY se va a Veracruz a ser candidata?<br>-Bueno, tenemos que terminar esto, Veracruz es mi hogar es mi casa y es mi destino\u2026<br>-Pero \u00bfeso no o es un tal vez?<br>-No me diga (risas).&nbsp;<br>-Oiga, ah\u00ed cuando va a Palacio Nacional con el presidente, alguien dijo ah\u00ed que le hab\u00edan interpretado un gesto como que s\u00ed, como que s\u00ed va a competir.<br>-Bueno, yo le dije claramente que Veracruz es mi hogar, es mi casa, es mi familia y es mi destino. Vamos a terminar la Refiner\u00eda de Dos Bocas y despu\u00e9s hablamos.<br>-Yo la verdad, yo la verdad es que lo que quiero saber es si va a competir a Veracruz o no, secretaria.<br>-Ya le dije que Veracruz es mi destino, pero lo primero es que hay que cumplir con la transformaci\u00f3n de M\u00e9xico.&nbsp;<br>A eso llegamos, llegamos a trabajar, llegamos a ayudarle al presidente, esa es mi m\u00e1xima responsabilidad.<br>-Bueno, o sea, se queda hasta el final del sexenio.<br>-Ya le dije que Veracruz es mi destino, \u00bfmuy bien?<br>-\u00c1ndele pues. Gracias y suerte, secretaria.<\/p>\n\n\n\n<p>La titular de Sener confirm\u00f3 adem\u00e1s que la refiner\u00eda de Dos Bocas ser\u00e1 entregada en tiempo y forma y la primera carga de crudo a refinar ser\u00e1 el pr\u00f3ximo 1 de julio como lo inform\u00f3 el presidente Andr\u00e9s Manuel L\u00f3pez Obrador.<\/p>\n\n\n\n<p>\u201cNo es como poner un switch y decir&nbsp;\u201cya prend\u00ed, ya puse el switch y ya tengo la luz\u201d,&nbsp;no, procesar la refiner\u00eda te puede llevar una, dos semanas, pero lo m\u00e1s importante es meter carga porque hay que calentar toda la refiner\u00eda, todos los tubos, toda la maquinaria. Todo llega a temperaturas m\u00e1ximas de 350 grados cent\u00edgrados, entonces hay que ir metiendo el producto llevando esta temperatura poco a poco hasta obtener, en una forma homog\u00e9nea en todas las plantas, hasta 350 grados cent\u00edgrados.(\u2026) Ninguna refiner\u00eda, en una sola etapa, se construye en el tiempo que se ha construido en M\u00e9xico\u201d, detall\u00f3.<\/p>\n\n\n\n<p>-\u00bfCu\u00e1ndo se refina, cu\u00e1ndo refina el primer barril?<br>-El primero de julio vamos a meter.<br>-\u00bfCu\u00e1ndo, cu\u00e1ndo es la fecha de entrega de la refiner\u00eda?<br>-En proceso, qu\u00e9 bueno que me preguntan esto para que la gente me pueda entender. La refiner\u00eda entra\u2026 son dos trenes de refinaci\u00f3n, va a entrar a la refiner\u00eda, son 18 plantas de proceso, y entra el primer tren que son 170 mil barriles de crudo, tenemos que estabilizar etc\u00e9tera, nos puede llevar dos o tres meses; despu\u00e9s, entra el segundo tren que son otros 170 mil barriles, porque la refiner\u00eda tiene una capacidad de 340 mil, se estabiliza la refiner\u00eda, el proceso, toda la refiner\u00eda a 350 grados cent\u00edgrados y en ese momento es cuando se dice, en el t\u00e9rmino de ingenier\u00eda,&nbsp;\u201cel proceso est\u00e1 completo\u201d.&nbsp;<br>Y una vez que el proceso est\u00e1 completo es cuando se dice aqu\u00ed est\u00e1 la refiner\u00eda trabajando.<br>-\u00bfY eso m\u00e1s o menos para cu\u00e1ndo es, para cu\u00e1ndo es?<br>-Al 100%. Ya se los vamos a explicar porque despu\u00e9s les digo una fecha y si llegamos antes van a decir&nbsp;\u201cno dije nada\u201d&nbsp;y si llegamos despu\u00e9s dicen&nbsp;\u201cya se pas\u00f3 un d\u00eda\u201d&nbsp;pero les vamos a explicar.<\/p>\n\n\n\n<p>Finalmente, la titular de SENER confirm\u00f3 que no hay lesionados ni p\u00e9rdidas humanas tras el accidente suscitado este mi\u00e9rcoles al interior de la Refiner\u00eda de Dos Bocas en Tabasco.<\/p>\n\n\n\n<p>\u201cNo, afortunadamente no hay ning\u00fan trabajador lesionado, no hay ninguna p\u00e9rdida material, s\u00f3lo la pipa de la empresa que est\u00e1 trabajando ah\u00ed en una compa\u00f1\u00eda constructora fue nada m\u00e1s los da\u00f1os de la pipa, nada m\u00e1s, pero afortunadamente todo bien\u201d, subray\u00f3.<\/p>\n\n\n\n<p><strong>MORENA<\/strong><\/p>\n\n\n\n<p>En materia pol\u00edtica cabe recordar que las reglas bajo las cuales se regir\u00e1 el proceso interno de Morena en cuanto a los aspirantes a alg\u00fan cargo de elecci\u00f3n popular fueron emitidas en el pasado Consejo Pol\u00edtico Nacional, que obliga a la renuncia de los mismos a un cargo en la funci\u00f3n p\u00fablica, y de elecci\u00f3n o representaci\u00f3n popular para elegir al promotor de voto a nivel federal.<\/p>\n\n\n\n<p>La elecci\u00f3n del Coordinador\/Coordinadora Estatal para la Defensa del Voto en Veracruz (potencial candidato a gobernador) iniciar\u00e1 una vez que se elija al coordinador nacional, es decir, a partir del pr\u00f3ximo 6 de septiembre cuando se d\u00e9 a conocer el nombre del potencial candidato del partido a la presidencia de la Rep\u00fablica.<\/p>\n\n\n\n<p>Es decir, a m\u00e1s tardar, a mediados de septiembre, los aspirantes a la gobernatura de Veracruz tendr\u00e1n que renunciar a los cargos o puestos de elecci\u00f3n popular que tienen en la actualidad y empezar a trabajar con miras a las encuestas que se van a aplicar en Veracruz.<\/p>\n\n\n\n<p>Esta primera fase no se trata de la elecci\u00f3n de candidatos como tal, ser\u00e1n promotores del voto que m\u00e1s adelante podr\u00edan ser postulados a la candidatura de la Presidencia de la Rep\u00fablica y la gubernatura de alguna de las seis entidades federativas que ser\u00e1n renovadas, sin embargo, si podr\u00edan aparecer en la boleta electoral.<\/p>\n","protected":false},"excerpt":{"rendered":"<p>Ciudad de M\u00e9xicoAl ser cuestionada sobre su futuro pol\u00edtico, la Secretaria de Energ\u00eda del Gobierno de M\u00e9xico, Roc\u00edo Nahle Garc\u00eda, reiter\u00f3 que este se encuentra en Veracruz, no obstante, primero entregar\u00e1 refinando Dos Bocas, la factor\u00eda denominada la \u201cjoya de la corona\u201d del Sistema de Refinaci\u00f3n Nacional y la Cuarta Transformaci\u00f3n de Andr\u00e9s Manuel L\u00f3pez [&hellip;]<\/p>\n","protected":false},"author":2,"featured_media":0,"comment_status":"closed","ping_status":"closed","sticky":false,"template":"","format":"standard","meta":{"tdm_status":"","tdm_grid_status":"","footnotes":""},"categories":[72],"tags":[618,14643,1026,4386,195],"class_list":{"0":"post-107650","1":"post","2":"type-post","3":"status-publish","4":"format-standard","6":"category-palomazos","7":"tag-andres-manuel-lopez-obrador","8":"tag-dos-bocas","9":"tag-morena","10":"tag-rocio-nahle-garcia","11":"tag-veracruz"},"yoast_head":"<!-- This site is optimized with the Yoast SEO plugin v27.4 - https:\/\/yoast.com\/product\/yoast-seo-wordpress\/ -->\n<title>VERACRUZ MI CASA Y MI DESTINO: NAHLE - Los pol\u00edticos Veracruz<\/title>\n<meta name=\"robots\" content=\"index, follow, max-snippet:-1, max-image-preview:large, max-video-preview:-1\" \/>\n<link rel=\"canonical\" href=\"https:\/\/lospoliticosveracruz.com\/?p=107650\" \/>\n<meta property=\"og:locale\" content=\"es_ES\" \/>\n<meta property=\"og:type\" content=\"article\" \/>\n<meta property=\"og:title\" content=\"VERACRUZ MI CASA Y MI DESTINO: NAHLE - Los pol\u00edticos Veracruz\" \/>\n<meta property=\"og:description\" content=\"Ciudad de M\u00e9xicoAl ser cuestionada sobre su futuro pol\u00edtico, la Secretaria de Energ\u00eda del Gobierno de M\u00e9xico, Roc\u00edo Nahle Garc\u00eda, reiter\u00f3 que este se encuentra en Veracruz, no obstante, primero entregar\u00e1 refinando Dos Bocas, la factor\u00eda denominada la \u201cjoya de la corona\u201d del Sistema de Refinaci\u00f3n Nacional y la Cuarta Transformaci\u00f3n de Andr\u00e9s Manuel L\u00f3pez [&hellip;]\" \/>\n<meta property=\"og:url\" content=\"https:\/\/lospoliticosveracruz.com\/?p=107650\" \/>\n<meta property=\"og:site_name\" content=\"Los pol\u00edticos Veracruz\" \/>\n<meta property=\"article:publisher\" content=\"https:\/\/www.facebook.com\/people\/Notimemes-de-los-Polticos\/61565672886568\/\" \/>\n<meta property=\"article:published_time\" content=\"2023-06-22T14:17:16+00:00\" \/>\n<meta property=\"article:modified_time\" content=\"2023-06-22T14:21:02+00:00\" \/>\n<meta property=\"og:image\" content=\"https:\/\/lospoliticosveracruz.com\/wp-content\/uploads\/2016\/07\/Logo-Dor.jpg\" \/>\n\t<meta property=\"og:image:width\" content=\"200\" \/>\n\t<meta property=\"og:image:height\" content=\"200\" \/>\n\t<meta property=\"og:image:type\" content=\"image\/jpeg\" \/>\n<meta name=\"author\" content=\"Lo viste en Los Pol\u00edticos\" \/>\n<meta name=\"twitter:card\" content=\"summary_large_image\" \/>\n<meta name=\"twitter:creator\" content=\"@LosPoliticosVer\" \/>\n<meta name=\"twitter:site\" content=\"@LosPoliticosVer\" \/>\n<meta name=\"twitter:label1\" content=\"Escrito por\" \/>\n\t<meta name=\"twitter:data1\" content=\"Lo viste en Los Pol\u00edticos\" \/>\n\t<meta name=\"twitter:label2\" content=\"Tiempo de lectura\" \/>\n\t<meta name=\"twitter:data2\" content=\"5 minutos\" \/>\n<script type=\"application\/ld+json\" class=\"yoast-schema-graph\">{\"@context\":\"https:\\\/\\\/schema.org\",\"@graph\":[{\"@type\":\"Article\",\"@id\":\"https:\\\/\\\/lospoliticosveracruz.com\\\/?p=107650#article\",\"isPartOf\":{\"@id\":\"https:\\\/\\\/lospoliticosveracruz.com\\\/?p=107650\"},\"author\":{\"name\":\"Lo viste en Los Pol\u00edticos\",\"@id\":\"https:\\\/\\\/lospoliticosveracruz.com\\\/#\\\/schema\\\/person\\\/b8702bb0e538456e6efd07080bf2a4a2\"},\"headline\":\"VERACRUZ MI CASA Y MI DESTINO: NAHLE\",\"datePublished\":\"2023-06-22T14:17:16+00:00\",\"dateModified\":\"2023-06-22T14:21:02+00:00\",\"mainEntityOfPage\":{\"@id\":\"https:\\\/\\\/lospoliticosveracruz.com\\\/?p=107650\"},\"wordCount\":1057,\"publisher\":{\"@id\":\"https:\\\/\\\/lospoliticosveracruz.com\\\/#organization\"},\"keywords\":[\"Andr\u00e9s Manuel L\u00f3pez Obrador\",\"Dos Bocas\",\"Morena\",\"Roc\u00edo Nahle Garc\u00eda\",\"Veracruz\"],\"articleSection\":[\"Palomazos\"],\"inLanguage\":\"es\"},{\"@type\":\"WebPage\",\"@id\":\"https:\\\/\\\/lospoliticosveracruz.com\\\/?p=107650\",\"url\":\"https:\\\/\\\/lospoliticosveracruz.com\\\/?p=107650\",\"name\":\"VERACRUZ MI CASA Y MI DESTINO: NAHLE - Los pol\u00edticos Veracruz\",\"isPartOf\":{\"@id\":\"https:\\\/\\\/lospoliticosveracruz.com\\\/#website\"},\"datePublished\":\"2023-06-22T14:17:16+00:00\",\"dateModified\":\"2023-06-22T14:21:02+00:00\",\"breadcrumb\":{\"@id\":\"https:\\\/\\\/lospoliticosveracruz.com\\\/?p=107650#breadcrumb\"},\"inLanguage\":\"es\",\"potentialAction\":[{\"@type\":\"ReadAction\",\"target\":[\"https:\\\/\\\/lospoliticosveracruz.com\\\/?p=107650\"]}]},{\"@type\":\"BreadcrumbList\",\"@id\":\"https:\\\/\\\/lospoliticosveracruz.com\\\/?p=107650#breadcrumb\",\"itemListElement\":[{\"@type\":\"ListItem\",\"position\":1,\"name\":\"Portada\",\"item\":\"https:\\\/\\\/lospoliticosveracruz.com\\\/\"},{\"@type\":\"ListItem\",\"position\":2,\"name\":\"VERACRUZ MI CASA Y MI DESTINO: NAHLE\"}]},{\"@type\":\"WebSite\",\"@id\":\"https:\\\/\\\/lospoliticosveracruz.com\\\/#website\",\"url\":\"https:\\\/\\\/lospoliticosveracruz.com\\\/\",\"name\":\"Los pol\u00edticos Veracruz\",\"description\":\"\",\"publisher\":{\"@id\":\"https:\\\/\\\/lospoliticosveracruz.com\\\/#organization\"},\"potentialAction\":[{\"@type\":\"SearchAction\",\"target\":{\"@type\":\"EntryPoint\",\"urlTemplate\":\"https:\\\/\\\/lospoliticosveracruz.com\\\/?s={search_term_string}\"},\"query-input\":{\"@type\":\"PropertyValueSpecification\",\"valueRequired\":true,\"valueName\":\"search_term_string\"}}],\"inLanguage\":\"es\"},{\"@type\":\"Organization\",\"@id\":\"https:\\\/\\\/lospoliticosveracruz.com\\\/#organization\",\"name\":\"Los pol\u00edticos Veracruz\",\"url\":\"https:\\\/\\\/lospoliticosveracruz.com\\\/\",\"logo\":{\"@type\":\"ImageObject\",\"inLanguage\":\"es\",\"@id\":\"https:\\\/\\\/lospoliticosveracruz.com\\\/#\\\/schema\\\/logo\\\/image\\\/\",\"url\":\"https:\\\/\\\/lospoliticosveracruz.com\\\/wp-content\\\/uploads\\\/2025\\\/12\\\/Logo-Nuevo-LOS-POLITICOS-1.jpg\",\"contentUrl\":\"https:\\\/\\\/lospoliticosveracruz.com\\\/wp-content\\\/uploads\\\/2025\\\/12\\\/Logo-Nuevo-LOS-POLITICOS-1.jpg\",\"width\":260,\"height\":70,\"caption\":\"Los pol\u00edticos Veracruz\"},\"image\":{\"@id\":\"https:\\\/\\\/lospoliticosveracruz.com\\\/#\\\/schema\\\/logo\\\/image\\\/\"},\"sameAs\":[\"https:\\\/\\\/www.facebook.com\\\/people\\\/Notimemes-de-los-Polticos\\\/61565672886568\\\/\",\"https:\\\/\\\/x.com\\\/LosPoliticosVer\"]},{\"@type\":\"Person\",\"@id\":\"https:\\\/\\\/lospoliticosveracruz.com\\\/#\\\/schema\\\/person\\\/b8702bb0e538456e6efd07080bf2a4a2\",\"name\":\"Lo viste en Los Pol\u00edticos\",\"image\":{\"@type\":\"ImageObject\",\"inLanguage\":\"es\",\"@id\":\"https:\\\/\\\/secure.gravatar.com\\\/avatar\\\/3a8de04a2656d44082be478bd6c086daa447c4651605818287b9532d3d0bd435?s=96&d=mm&r=g\",\"url\":\"https:\\\/\\\/secure.gravatar.com\\\/avatar\\\/3a8de04a2656d44082be478bd6c086daa447c4651605818287b9532d3d0bd435?s=96&d=mm&r=g\",\"contentUrl\":\"https:\\\/\\\/secure.gravatar.com\\\/avatar\\\/3a8de04a2656d44082be478bd6c086daa447c4651605818287b9532d3d0bd435?s=96&d=mm&r=g\",\"caption\":\"Lo viste en Los Pol\u00edticos\"},\"url\":\"https:\\\/\\\/lospoliticosveracruz.com\\\/?author=2\"}]}<\/script>\n<!-- \/ Yoast SEO plugin. -->","yoast_head_json":{"title":"VERACRUZ MI CASA Y MI DESTINO: NAHLE - Los pol\u00edticos Veracruz","robots":{"index":"index","follow":"follow","max-snippet":"max-snippet:-1","max-image-preview":"max-image-preview:large","max-video-preview":"max-video-preview:-1"},"canonical":"https:\/\/lospoliticosveracruz.com\/?p=107650","og_locale":"es_ES","og_type":"article","og_title":"VERACRUZ MI CASA Y MI DESTINO: NAHLE - Los pol\u00edticos Veracruz","og_description":"Ciudad de M\u00e9xicoAl ser cuestionada sobre su futuro pol\u00edtico, la Secretaria de Energ\u00eda del Gobierno de M\u00e9xico, Roc\u00edo Nahle Garc\u00eda, reiter\u00f3 que este se encuentra en Veracruz, no obstante, primero entregar\u00e1 refinando Dos Bocas, la factor\u00eda denominada la \u201cjoya de la corona\u201d del Sistema de Refinaci\u00f3n Nacional y la Cuarta Transformaci\u00f3n de Andr\u00e9s Manuel L\u00f3pez [&hellip;]","og_url":"https:\/\/lospoliticosveracruz.com\/?p=107650","og_site_name":"Los pol\u00edticos Veracruz","article_publisher":"https:\/\/www.facebook.com\/people\/Notimemes-de-los-Polticos\/61565672886568\/","article_published_time":"2023-06-22T14:17:16+00:00","article_modified_time":"2023-06-22T14:21:02+00:00","og_image":[{"width":200,"height":200,"url":"https:\/\/lospoliticosveracruz.com\/wp-content\/uploads\/2016\/07\/Logo-Dor.jpg","type":"image\/jpeg"}],"author":"Lo viste en Los Pol\u00edticos","twitter_card":"summary_large_image","twitter_creator":"@LosPoliticosVer","twitter_site":"@LosPoliticosVer","twitter_misc":{"Escrito por":"Lo viste en Los Pol\u00edticos","Tiempo de lectura":"5 minutos"},"schema":{"@context":"https:\/\/schema.org","@graph":[{"@type":"Article","@id":"https:\/\/lospoliticosveracruz.com\/?p=107650#article","isPartOf":{"@id":"https:\/\/lospoliticosveracruz.com\/?p=107650"},"author":{"name":"Lo viste en Los Pol\u00edticos","@id":"https:\/\/lospoliticosveracruz.com\/#\/schema\/person\/b8702bb0e538456e6efd07080bf2a4a2"},"headline":"VERACRUZ MI CASA Y MI DESTINO: NAHLE","datePublished":"2023-06-22T14:17:16+00:00","dateModified":"2023-06-22T14:21:02+00:00","mainEntityOfPage":{"@id":"https:\/\/lospoliticosveracruz.com\/?p=107650"},"wordCount":1057,"publisher":{"@id":"https:\/\/lospoliticosveracruz.com\/#organization"},"keywords":["Andr\u00e9s Manuel L\u00f3pez Obrador","Dos Bocas","Morena","Roc\u00edo Nahle Garc\u00eda","Veracruz"],"articleSection":["Palomazos"],"inLanguage":"es"},{"@type":"WebPage","@id":"https:\/\/lospoliticosveracruz.com\/?p=107650","url":"https:\/\/lospoliticosveracruz.com\/?p=107650","name":"VERACRUZ MI CASA Y MI DESTINO: NAHLE - Los pol\u00edticos Veracruz","isPartOf":{"@id":"https:\/\/lospoliticosveracruz.com\/#website"},"datePublished":"2023-06-22T14:17:16+00:00","dateModified":"2023-06-22T14:21:02+00:00","breadcrumb":{"@id":"https:\/\/lospoliticosveracruz.com\/?p=107650#breadcrumb"},"inLanguage":"es","potentialAction":[{"@type":"ReadAction","target":["https:\/\/lospoliticosveracruz.com\/?p=107650"]}]},{"@type":"BreadcrumbList","@id":"https:\/\/lospoliticosveracruz.com\/?p=107650#breadcrumb","itemListElement":[{"@type":"ListItem","position":1,"name":"Portada","item":"https:\/\/lospoliticosveracruz.com\/"},{"@type":"ListItem","position":2,"name":"VERACRUZ MI CASA Y MI DESTINO: NAHLE"}]},{"@type":"WebSite","@id":"https:\/\/lospoliticosveracruz.com\/#website","url":"https:\/\/lospoliticosveracruz.com\/","name":"Los pol\u00edticos Veracruz","description":"","publisher":{"@id":"https:\/\/lospoliticosveracruz.com\/#organization"},"potentialAction":[{"@type":"SearchAction","target":{"@type":"EntryPoint","urlTemplate":"https:\/\/lospoliticosveracruz.com\/?s={search_term_string}"},"query-input":{"@type":"PropertyValueSpecification","valueRequired":true,"valueName":"search_term_string"}}],"inLanguage":"es"},{"@type":"Organization","@id":"https:\/\/lospoliticosveracruz.com\/#organization","name":"Los pol\u00edticos Veracruz","url":"https:\/\/lospoliticosveracruz.com\/","logo":{"@type":"ImageObject","inLanguage":"es","@id":"https:\/\/lospoliticosveracruz.com\/#\/schema\/logo\/image\/","url":"https:\/\/lospoliticosveracruz.com\/wp-content\/uploads\/2025\/12\/Logo-Nuevo-LOS-POLITICOS-1.jpg","contentUrl":"https:\/\/lospoliticosveracruz.com\/wp-content\/uploads\/2025\/12\/Logo-Nuevo-LOS-POLITICOS-1.jpg","width":260,"height":70,"caption":"Los pol\u00edticos Veracruz"},"image":{"@id":"https:\/\/lospoliticosveracruz.com\/#\/schema\/logo\/image\/"},"sameAs":["https:\/\/www.facebook.com\/people\/Notimemes-de-los-Polticos\/61565672886568\/","https:\/\/x.com\/LosPoliticosVer"]},{"@type":"Person","@id":"https:\/\/lospoliticosveracruz.com\/#\/schema\/person\/b8702bb0e538456e6efd07080bf2a4a2","name":"Lo viste en Los Pol\u00edticos","image":{"@type":"ImageObject","inLanguage":"es","@id":"https:\/\/secure.gravatar.com\/avatar\/3a8de04a2656d44082be478bd6c086daa447c4651605818287b9532d3d0bd435?s=96&d=mm&r=g","url":"https:\/\/secure.gravatar.com\/avatar\/3a8de04a2656d44082be478bd6c086daa447c4651605818287b9532d3d0bd435?s=96&d=mm&r=g","contentUrl":"https:\/\/secure.gravatar.com\/avatar\/3a8de04a2656d44082be478bd6c086daa447c4651605818287b9532d3d0bd435?s=96&d=mm&r=g","caption":"Lo viste en Los Pol\u00edticos"},"url":"https:\/\/lospoliticosveracruz.com\/?author=2"}]}},"_links":{"self":[{"href":"https:\/\/lospoliticosveracruz.com\/index.php?rest_route=\/wp\/v2\/posts\/107650","targetHints":{"allow":["GET"]}}],"collection":[{"href":"https:\/\/lospoliticosveracruz.com\/index.php?rest_route=\/wp\/v2\/posts"}],"about":[{"href":"https:\/\/lospoliticosveracruz.com\/index.php?rest_route=\/wp\/v2\/types\/post"}],"author":[{"embeddable":true,"href":"https:\/\/lospoliticosveracruz.com\/index.php?rest_route=\/wp\/v2\/users\/2"}],"replies":[{"embeddable":true,"href":"https:\/\/lospoliticosveracruz.com\/index.php?rest_route=%2Fwp%2Fv2%2Fcomments&post=107650"}],"version-history":[{"count":1,"href":"https:\/\/lospoliticosveracruz.com\/index.php?rest_route=\/wp\/v2\/posts\/107650\/revisions"}],"predecessor-version":[{"id":107652,"href":"https:\/\/lospoliticosveracruz.com\/index.php?rest_route=\/wp\/v2\/posts\/107650\/revisions\/107652"}],"wp:attachment":[{"href":"https:\/\/lospoliticosveracruz.com\/index.php?rest_route=%2Fwp%2Fv2%2Fmedia&parent=107650"}],"wp:term":[{"taxonomy":"category","embeddable":true,"href":"https:\/\/lospoliticosveracruz.com\/index.php?rest_route=%2Fwp%2Fv2%2Fcategories&post=107650"},{"taxonomy":"post_tag","embeddable":true,"href":"https:\/\/lospoliticosveracruz.com\/index.php?rest_route=%2Fwp%2Fv2%2Ftags&post=107650"}],"curies":[{"name":"wp","href":"https:\/\/api.w.org\/{rel}","templated":true}]}}