{"id":107706,"date":"2023-06-23T11:40:33","date_gmt":"2023-06-23T16:40:33","guid":{"rendered":"https:\/\/lospoliticosveracruz.com.mx\/?p=107706"},"modified":"2023-06-23T11:40:38","modified_gmt":"2023-06-23T16:40:38","slug":"la-resurreccion-de-las-deudas","status":"publish","type":"post","link":"https:\/\/lospoliticosveracruz.com\/?p=107706","title":{"rendered":"LA RESURRECCI\u00d3N DE LAS DEUDAS"},"content":{"rendered":"\n<p><strong>Teresa Carbajal<\/strong><\/p>\n\n\n\n<p><em>Debo, no niego; pago, lo justo<\/em>\u00a0<\/p>\n\n\n\n<p>Trabajadores de la educaci\u00f3n alertan en redes sociales sobre la llegada de ola de embargos en su contra, advierten que se trata de adeudos que tuvieron su origen en cr\u00e9ditos cuyo pago pactaron v\u00eda descuento de su n\u00f3mina y quedaron inconclusos.<\/p>\n\n\n<div class=\"wp-block-image\">\n<figure class=\"alignleft size-medium\"><a href=\"https:\/\/lospoliticosveracruz.com.mx\/wp-content\/uploads\/2021\/10\/Zacauilt.jpg\"><img decoding=\"async\" src=\"https:\/\/lospoliticosveracruz.com.mx\/wp-content\/uploads\/2021\/10\/Zacauilt-150x300.jpg\" alt=\"\" class=\"wp-image-80558\"\/><\/a><\/figure>\n<\/div>\n\n\n<p>As\u00ed las quejas de profesores, que justo en la pasada quincena comenzaron a recibir demandas y embargos de financieras, que en su momento hicieron del magisterio un nicho de mercado para la colocaci\u00f3n de cr\u00e9ditos caros, abusando de la necesidad de liquidez de los maestros, y de las ventajas de obtener un pago directo y sin cobranzas al cobrarse \u201ca lo chino\u201d directo de su n\u00f3mina, desde luego con la complacencia y visto bueno de los pagadores.<\/p>\n\n\n\n<p>Al tiempo, y por diversos supuestos, algunos de esos descuentos dejaron de realizarse, lo que represent\u00f3 un alivio en el caso de aquellos que ya no ten\u00edan aliento ni fuerzas para resistir con lo que les dejaban de su pago.<\/p>\n\n\n\n<p>El caso es que despu\u00e9s de varios a\u00f1os aquellos descuentos en suspenso que parec\u00edan haber dado fin al problema, se han convertido en demandas mercantiles, en donde se les exige a los acreditados el pago pendiente con penas de embargo, para el caso de no cubrirlos en una sola exhibici\u00f3n.<\/p>\n\n\n\n<p>Lo que ha causado el desconcierto en el sector, pues pasaron tantos a\u00f1os que ya ni siquiera recordaban aquellas historias de deudas pasadas; y por tal motivo es que me contactan para saber qu\u00e9 hacer, pues su responsabilidad ha propiciado que comprometan nuevamente sus ingresos en pagos no programados, con tal de liberarse del estr\u00e9s y ante el temor a los juicios.<\/p>\n\n\n\n<p>Ello me lleva a prestar la atenci\u00f3n solicitada aprovechando este valioso espacio. Primero, si le llega la demanda hay que cerciorarse que quien cobra tiene el derecho de hacerlo o est\u00e1 legitimado para ello; legitimaci\u00f3n en la causa, decimos los abogados.<\/p>\n\n\n\n<p>Puede ser que el pagar\u00e9 que se firm\u00f3 para el respaldo haya sido cedido a alg\u00fan despacho de cobranza o lo ejercite un apoderado de la financiera, quien sea, debe mostrar el documento al Juez para poder proceder con el reclamo del pago; no hacerlo le har\u00eda correr el riesgo de pagar a quien carece de derecho para cobrar, exponi\u00e9ndose a un doble cobro.<\/p>\n\n\n\n<p>Segundo, habr\u00e1 que cerciorarse de la vigencia del derecho, recuerde que, as\u00ed como los alimentos y los medicamente caducan, los derechos tambi\u00e9n. As\u00ed que es muy importante revisar que el pagar\u00e9 -y el derecho de cobro- est\u00e9 vigente, pues no puede ejercitarse un derecho caduco.<\/p>\n\n\n\n<p>A ver, atenci\u00f3n aqu\u00ed, cualquiera pensar\u00eda que si ya no hay derecho de cobro el Juez as\u00ed lo va a determinar, y esto no es as\u00ed. Porque para eso el tribunal que admite y tramita la demanda le corre un traslado, le emplaza, le da vista, en otras palabras, le hace llegar una copia de la demanda para que la conteste y exponga ah\u00ed todas las defensas y excepciones que tenga para el caso de negar -legalmente- la deuda.<\/p>\n\n\n\n<p>\u00a1Claro!, se tiene que negar la deuda cuando el acreedor pide algo, a lo que no tiene derecho, o cuando pide con exceso; es una oposici\u00f3n t\u00e9cnica, legal, al pago de lo que no corresponde. Pero eso debe plantearse por el abogado que est\u00e9 a cargo de la defensa.<\/p>\n\n\n\n<p>Otro aspecto, el tercero; es la v\u00eda en la que se va a tramitar la demanda, cobrar un pagar\u00e9 parece relativamente f\u00e1cil pero el abogado debe elegir la v\u00eda (judicial) en la que va a realizar el cobro dependiendo b\u00e1sicamente del tipo de derecho que le corresponda conforme al documento.<\/p>\n\n\n\n<p>Los embargos solo acontecen antes de sentencia en la v\u00eda ejecutiva mercantil, pues la v\u00eda lleva la prioridad de asegurar el pago de manera previa.<\/p>\n\n\n\n<p>El cuarto punto, es relativo a los abonos pagados a la deuda. Los agiotistas tienen la mala costumbre de cobrar toda la deuda, y dejan al deudor la carga de acreditar cuantos pagos han hecho, que, en este caso, fueron los descuentos de su n\u00f3mina.<\/p>\n\n\n\n<p>As\u00ed que haga bien sus cuentas y pida con tiempo una constancia de los pagos hechos, o bien busque sus talones de pago en donde se acredita lo que pag\u00f3 para que esas sumas sean descontadas.<\/p>\n\n\n\n<p>Vale la pena tomar nota de esto, antes de hacer convenios que le comprometan un dinero que no tiene, por miedo o desconocimiento, una correcta asesor\u00eda y defensa le garantiza pagar lo justo ante los abusos.<\/p>\n\n\n\n<p>\u00danase ya, a la Jornada Estatal para la Defensa del Patrimonio Familiar 2281148502 visite&nbsp;&nbsp;www.elbarzonrc.org Contacte elbarzonrc@yahoo.com.mx, O s\u00edgame en @terecarbajal<\/p>\n","protected":false},"excerpt":{"rendered":"<p>Teresa Carbajal Debo, no niego; pago, lo justo\u00a0 Trabajadores de la educaci\u00f3n alertan en redes sociales sobre la llegada de ola de embargos en su contra, advierten que se trata de adeudos que tuvieron su origen en cr\u00e9ditos cuyo pago pactaron v\u00eda descuento de su n\u00f3mina y quedaron inconclusos. As\u00ed las quejas de profesores, que [&hellip;]<\/p>\n","protected":false},"author":2,"featured_media":0,"comment_status":"closed","ping_status":"closed","sticky":false,"template":"","format":"standard","meta":{"tdm_status":"","tdm_grid_status":"","footnotes":""},"categories":[70],"tags":[3718,15570],"class_list":{"0":"post-107706","1":"post","2":"type-post","3":"status-publish","4":"format-standard","6":"category-de-opinion","7":"tag-maestros","8":"tag-teresa-carbajal"},"yoast_head":"<!-- This site is optimized with the Yoast SEO plugin v27.4 - https:\/\/yoast.com\/product\/yoast-seo-wordpress\/ -->\n<title>LA RESURRECCI\u00d3N DE LAS DEUDAS - Los pol\u00edticos Veracruz<\/title>\n<meta name=\"robots\" content=\"index, follow, max-snippet:-1, max-image-preview:large, max-video-preview:-1\" \/>\n<link rel=\"canonical\" href=\"https:\/\/lospoliticosveracruz.com\/?p=107706\" \/>\n<meta property=\"og:locale\" content=\"es_ES\" \/>\n<meta property=\"og:type\" content=\"article\" \/>\n<meta property=\"og:title\" content=\"LA RESURRECCI\u00d3N DE LAS DEUDAS - Los pol\u00edticos Veracruz\" \/>\n<meta property=\"og:description\" content=\"Teresa Carbajal Debo, no niego; pago, lo justo\u00a0 Trabajadores de la educaci\u00f3n alertan en redes sociales sobre la llegada de ola de embargos en su contra, advierten que se trata de adeudos que tuvieron su origen en cr\u00e9ditos cuyo pago pactaron v\u00eda descuento de su n\u00f3mina y quedaron inconclusos. As\u00ed las quejas de profesores, que [&hellip;]\" \/>\n<meta property=\"og:url\" content=\"https:\/\/lospoliticosveracruz.com\/?p=107706\" \/>\n<meta property=\"og:site_name\" content=\"Los pol\u00edticos Veracruz\" \/>\n<meta property=\"article:publisher\" content=\"https:\/\/www.facebook.com\/people\/Notimemes-de-los-Polticos\/61565672886568\/\" \/>\n<meta property=\"article:published_time\" content=\"2023-06-23T16:40:33+00:00\" \/>\n<meta property=\"article:modified_time\" content=\"2023-06-23T16:40:38+00:00\" \/>\n<meta property=\"og:image\" content=\"https:\/\/lospoliticosveracruz.com.mx\/wp-content\/uploads\/2021\/10\/Zacauilt-150x300.jpg\" \/>\n<meta name=\"author\" content=\"Lo viste en Los Pol\u00edticos\" \/>\n<meta name=\"twitter:card\" content=\"summary_large_image\" \/>\n<meta name=\"twitter:creator\" content=\"@LosPoliticosVer\" \/>\n<meta name=\"twitter:site\" content=\"@LosPoliticosVer\" \/>\n<meta name=\"twitter:label1\" content=\"Escrito por\" \/>\n\t<meta name=\"twitter:data1\" content=\"Lo viste en Los Pol\u00edticos\" \/>\n\t<meta name=\"twitter:label2\" content=\"Tiempo de lectura\" \/>\n\t<meta name=\"twitter:data2\" content=\"4 minutos\" \/>\n<script type=\"application\/ld+json\" class=\"yoast-schema-graph\">{\"@context\":\"https:\\\/\\\/schema.org\",\"@graph\":[{\"@type\":\"Article\",\"@id\":\"https:\\\/\\\/lospoliticosveracruz.com\\\/?p=107706#article\",\"isPartOf\":{\"@id\":\"https:\\\/\\\/lospoliticosveracruz.com\\\/?p=107706\"},\"author\":{\"name\":\"Lo viste en Los Pol\u00edticos\",\"@id\":\"https:\\\/\\\/lospoliticosveracruz.com\\\/#\\\/schema\\\/person\\\/b8702bb0e538456e6efd07080bf2a4a2\"},\"headline\":\"LA RESURRECCI\u00d3N DE LAS DEUDAS\",\"datePublished\":\"2023-06-23T16:40:33+00:00\",\"dateModified\":\"2023-06-23T16:40:38+00:00\",\"mainEntityOfPage\":{\"@id\":\"https:\\\/\\\/lospoliticosveracruz.com\\\/?p=107706\"},\"wordCount\":814,\"publisher\":{\"@id\":\"https:\\\/\\\/lospoliticosveracruz.com\\\/#organization\"},\"image\":{\"@id\":\"https:\\\/\\\/lospoliticosveracruz.com\\\/?p=107706#primaryimage\"},\"thumbnailUrl\":\"https:\\\/\\\/lospoliticosveracruz.com.mx\\\/wp-content\\\/uploads\\\/2021\\\/10\\\/Zacauilt-150x300.jpg\",\"keywords\":[\"maestros\",\"Teresa Carbajal\"],\"articleSection\":[\"De Opini\u00f3n\"],\"inLanguage\":\"es\"},{\"@type\":\"WebPage\",\"@id\":\"https:\\\/\\\/lospoliticosveracruz.com\\\/?p=107706\",\"url\":\"https:\\\/\\\/lospoliticosveracruz.com\\\/?p=107706\",\"name\":\"LA RESURRECCI\u00d3N DE LAS DEUDAS - Los pol\u00edticos Veracruz\",\"isPartOf\":{\"@id\":\"https:\\\/\\\/lospoliticosveracruz.com\\\/#website\"},\"primaryImageOfPage\":{\"@id\":\"https:\\\/\\\/lospoliticosveracruz.com\\\/?p=107706#primaryimage\"},\"image\":{\"@id\":\"https:\\\/\\\/lospoliticosveracruz.com\\\/?p=107706#primaryimage\"},\"thumbnailUrl\":\"https:\\\/\\\/lospoliticosveracruz.com.mx\\\/wp-content\\\/uploads\\\/2021\\\/10\\\/Zacauilt-150x300.jpg\",\"datePublished\":\"2023-06-23T16:40:33+00:00\",\"dateModified\":\"2023-06-23T16:40:38+00:00\",\"breadcrumb\":{\"@id\":\"https:\\\/\\\/lospoliticosveracruz.com\\\/?p=107706#breadcrumb\"},\"inLanguage\":\"es\",\"potentialAction\":[{\"@type\":\"ReadAction\",\"target\":[\"https:\\\/\\\/lospoliticosveracruz.com\\\/?p=107706\"]}]},{\"@type\":\"ImageObject\",\"inLanguage\":\"es\",\"@id\":\"https:\\\/\\\/lospoliticosveracruz.com\\\/?p=107706#primaryimage\",\"url\":\"https:\\\/\\\/lospoliticosveracruz.com.mx\\\/wp-content\\\/uploads\\\/2021\\\/10\\\/Zacauilt-150x300.jpg\",\"contentUrl\":\"https:\\\/\\\/lospoliticosveracruz.com.mx\\\/wp-content\\\/uploads\\\/2021\\\/10\\\/Zacauilt-150x300.jpg\"},{\"@type\":\"BreadcrumbList\",\"@id\":\"https:\\\/\\\/lospoliticosveracruz.com\\\/?p=107706#breadcrumb\",\"itemListElement\":[{\"@type\":\"ListItem\",\"position\":1,\"name\":\"Portada\",\"item\":\"https:\\\/\\\/lospoliticosveracruz.com\\\/\"},{\"@type\":\"ListItem\",\"position\":2,\"name\":\"LA RESURRECCI\u00d3N DE LAS DEUDAS\"}]},{\"@type\":\"WebSite\",\"@id\":\"https:\\\/\\\/lospoliticosveracruz.com\\\/#website\",\"url\":\"https:\\\/\\\/lospoliticosveracruz.com\\\/\",\"name\":\"Los pol\u00edticos Veracruz\",\"description\":\"\",\"publisher\":{\"@id\":\"https:\\\/\\\/lospoliticosveracruz.com\\\/#organization\"},\"potentialAction\":[{\"@type\":\"SearchAction\",\"target\":{\"@type\":\"EntryPoint\",\"urlTemplate\":\"https:\\\/\\\/lospoliticosveracruz.com\\\/?s={search_term_string}\"},\"query-input\":{\"@type\":\"PropertyValueSpecification\",\"valueRequired\":true,\"valueName\":\"search_term_string\"}}],\"inLanguage\":\"es\"},{\"@type\":\"Organization\",\"@id\":\"https:\\\/\\\/lospoliticosveracruz.com\\\/#organization\",\"name\":\"Los pol\u00edticos Veracruz\",\"url\":\"https:\\\/\\\/lospoliticosveracruz.com\\\/\",\"logo\":{\"@type\":\"ImageObject\",\"inLanguage\":\"es\",\"@id\":\"https:\\\/\\\/lospoliticosveracruz.com\\\/#\\\/schema\\\/logo\\\/image\\\/\",\"url\":\"https:\\\/\\\/lospoliticosveracruz.com\\\/wp-content\\\/uploads\\\/2025\\\/12\\\/Logo-Nuevo-LOS-POLITICOS-1.jpg\",\"contentUrl\":\"https:\\\/\\\/lospoliticosveracruz.com\\\/wp-content\\\/uploads\\\/2025\\\/12\\\/Logo-Nuevo-LOS-POLITICOS-1.jpg\",\"width\":260,\"height\":70,\"caption\":\"Los pol\u00edticos Veracruz\"},\"image\":{\"@id\":\"https:\\\/\\\/lospoliticosveracruz.com\\\/#\\\/schema\\\/logo\\\/image\\\/\"},\"sameAs\":[\"https:\\\/\\\/www.facebook.com\\\/people\\\/Notimemes-de-los-Polticos\\\/61565672886568\\\/\",\"https:\\\/\\\/x.com\\\/LosPoliticosVer\"]},{\"@type\":\"Person\",\"@id\":\"https:\\\/\\\/lospoliticosveracruz.com\\\/#\\\/schema\\\/person\\\/b8702bb0e538456e6efd07080bf2a4a2\",\"name\":\"Lo viste en Los Pol\u00edticos\",\"image\":{\"@type\":\"ImageObject\",\"inLanguage\":\"es\",\"@id\":\"https:\\\/\\\/secure.gravatar.com\\\/avatar\\\/3a8de04a2656d44082be478bd6c086daa447c4651605818287b9532d3d0bd435?s=96&d=mm&r=g\",\"url\":\"https:\\\/\\\/secure.gravatar.com\\\/avatar\\\/3a8de04a2656d44082be478bd6c086daa447c4651605818287b9532d3d0bd435?s=96&d=mm&r=g\",\"contentUrl\":\"https:\\\/\\\/secure.gravatar.com\\\/avatar\\\/3a8de04a2656d44082be478bd6c086daa447c4651605818287b9532d3d0bd435?s=96&d=mm&r=g\",\"caption\":\"Lo viste en Los Pol\u00edticos\"},\"url\":\"https:\\\/\\\/lospoliticosveracruz.com\\\/?author=2\"}]}<\/script>\n<!-- \/ Yoast SEO plugin. -->","yoast_head_json":{"title":"LA RESURRECCI\u00d3N DE LAS DEUDAS - Los pol\u00edticos Veracruz","robots":{"index":"index","follow":"follow","max-snippet":"max-snippet:-1","max-image-preview":"max-image-preview:large","max-video-preview":"max-video-preview:-1"},"canonical":"https:\/\/lospoliticosveracruz.com\/?p=107706","og_locale":"es_ES","og_type":"article","og_title":"LA RESURRECCI\u00d3N DE LAS DEUDAS - Los pol\u00edticos Veracruz","og_description":"Teresa Carbajal Debo, no niego; pago, lo justo\u00a0 Trabajadores de la educaci\u00f3n alertan en redes sociales sobre la llegada de ola de embargos en su contra, advierten que se trata de adeudos que tuvieron su origen en cr\u00e9ditos cuyo pago pactaron v\u00eda descuento de su n\u00f3mina y quedaron inconclusos. As\u00ed las quejas de profesores, que [&hellip;]","og_url":"https:\/\/lospoliticosveracruz.com\/?p=107706","og_site_name":"Los pol\u00edticos Veracruz","article_publisher":"https:\/\/www.facebook.com\/people\/Notimemes-de-los-Polticos\/61565672886568\/","article_published_time":"2023-06-23T16:40:33+00:00","article_modified_time":"2023-06-23T16:40:38+00:00","og_image":[{"url":"https:\/\/lospoliticosveracruz.com.mx\/wp-content\/uploads\/2021\/10\/Zacauilt-150x300.jpg","type":"","width":"","height":""}],"author":"Lo viste en Los Pol\u00edticos","twitter_card":"summary_large_image","twitter_creator":"@LosPoliticosVer","twitter_site":"@LosPoliticosVer","twitter_misc":{"Escrito por":"Lo viste en Los Pol\u00edticos","Tiempo de lectura":"4 minutos"},"schema":{"@context":"https:\/\/schema.org","@graph":[{"@type":"Article","@id":"https:\/\/lospoliticosveracruz.com\/?p=107706#article","isPartOf":{"@id":"https:\/\/lospoliticosveracruz.com\/?p=107706"},"author":{"name":"Lo viste en Los Pol\u00edticos","@id":"https:\/\/lospoliticosveracruz.com\/#\/schema\/person\/b8702bb0e538456e6efd07080bf2a4a2"},"headline":"LA RESURRECCI\u00d3N DE LAS DEUDAS","datePublished":"2023-06-23T16:40:33+00:00","dateModified":"2023-06-23T16:40:38+00:00","mainEntityOfPage":{"@id":"https:\/\/lospoliticosveracruz.com\/?p=107706"},"wordCount":814,"publisher":{"@id":"https:\/\/lospoliticosveracruz.com\/#organization"},"image":{"@id":"https:\/\/lospoliticosveracruz.com\/?p=107706#primaryimage"},"thumbnailUrl":"https:\/\/lospoliticosveracruz.com.mx\/wp-content\/uploads\/2021\/10\/Zacauilt-150x300.jpg","keywords":["maestros","Teresa Carbajal"],"articleSection":["De Opini\u00f3n"],"inLanguage":"es"},{"@type":"WebPage","@id":"https:\/\/lospoliticosveracruz.com\/?p=107706","url":"https:\/\/lospoliticosveracruz.com\/?p=107706","name":"LA RESURRECCI\u00d3N DE LAS DEUDAS - Los pol\u00edticos Veracruz","isPartOf":{"@id":"https:\/\/lospoliticosveracruz.com\/#website"},"primaryImageOfPage":{"@id":"https:\/\/lospoliticosveracruz.com\/?p=107706#primaryimage"},"image":{"@id":"https:\/\/lospoliticosveracruz.com\/?p=107706#primaryimage"},"thumbnailUrl":"https:\/\/lospoliticosveracruz.com.mx\/wp-content\/uploads\/2021\/10\/Zacauilt-150x300.jpg","datePublished":"2023-06-23T16:40:33+00:00","dateModified":"2023-06-23T16:40:38+00:00","breadcrumb":{"@id":"https:\/\/lospoliticosveracruz.com\/?p=107706#breadcrumb"},"inLanguage":"es","potentialAction":[{"@type":"ReadAction","target":["https:\/\/lospoliticosveracruz.com\/?p=107706"]}]},{"@type":"ImageObject","inLanguage":"es","@id":"https:\/\/lospoliticosveracruz.com\/?p=107706#primaryimage","url":"https:\/\/lospoliticosveracruz.com.mx\/wp-content\/uploads\/2021\/10\/Zacauilt-150x300.jpg","contentUrl":"https:\/\/lospoliticosveracruz.com.mx\/wp-content\/uploads\/2021\/10\/Zacauilt-150x300.jpg"},{"@type":"BreadcrumbList","@id":"https:\/\/lospoliticosveracruz.com\/?p=107706#breadcrumb","itemListElement":[{"@type":"ListItem","position":1,"name":"Portada","item":"https:\/\/lospoliticosveracruz.com\/"},{"@type":"ListItem","position":2,"name":"LA RESURRECCI\u00d3N DE LAS DEUDAS"}]},{"@type":"WebSite","@id":"https:\/\/lospoliticosveracruz.com\/#website","url":"https:\/\/lospoliticosveracruz.com\/","name":"Los pol\u00edticos Veracruz","description":"","publisher":{"@id":"https:\/\/lospoliticosveracruz.com\/#organization"},"potentialAction":[{"@type":"SearchAction","target":{"@type":"EntryPoint","urlTemplate":"https:\/\/lospoliticosveracruz.com\/?s={search_term_string}"},"query-input":{"@type":"PropertyValueSpecification","valueRequired":true,"valueName":"search_term_string"}}],"inLanguage":"es"},{"@type":"Organization","@id":"https:\/\/lospoliticosveracruz.com\/#organization","name":"Los pol\u00edticos Veracruz","url":"https:\/\/lospoliticosveracruz.com\/","logo":{"@type":"ImageObject","inLanguage":"es","@id":"https:\/\/lospoliticosveracruz.com\/#\/schema\/logo\/image\/","url":"https:\/\/lospoliticosveracruz.com\/wp-content\/uploads\/2025\/12\/Logo-Nuevo-LOS-POLITICOS-1.jpg","contentUrl":"https:\/\/lospoliticosveracruz.com\/wp-content\/uploads\/2025\/12\/Logo-Nuevo-LOS-POLITICOS-1.jpg","width":260,"height":70,"caption":"Los pol\u00edticos Veracruz"},"image":{"@id":"https:\/\/lospoliticosveracruz.com\/#\/schema\/logo\/image\/"},"sameAs":["https:\/\/www.facebook.com\/people\/Notimemes-de-los-Polticos\/61565672886568\/","https:\/\/x.com\/LosPoliticosVer"]},{"@type":"Person","@id":"https:\/\/lospoliticosveracruz.com\/#\/schema\/person\/b8702bb0e538456e6efd07080bf2a4a2","name":"Lo viste en Los Pol\u00edticos","image":{"@type":"ImageObject","inLanguage":"es","@id":"https:\/\/secure.gravatar.com\/avatar\/3a8de04a2656d44082be478bd6c086daa447c4651605818287b9532d3d0bd435?s=96&d=mm&r=g","url":"https:\/\/secure.gravatar.com\/avatar\/3a8de04a2656d44082be478bd6c086daa447c4651605818287b9532d3d0bd435?s=96&d=mm&r=g","contentUrl":"https:\/\/secure.gravatar.com\/avatar\/3a8de04a2656d44082be478bd6c086daa447c4651605818287b9532d3d0bd435?s=96&d=mm&r=g","caption":"Lo viste en Los Pol\u00edticos"},"url":"https:\/\/lospoliticosveracruz.com\/?author=2"}]}},"_links":{"self":[{"href":"https:\/\/lospoliticosveracruz.com\/index.php?rest_route=\/wp\/v2\/posts\/107706","targetHints":{"allow":["GET"]}}],"collection":[{"href":"https:\/\/lospoliticosveracruz.com\/index.php?rest_route=\/wp\/v2\/posts"}],"about":[{"href":"https:\/\/lospoliticosveracruz.com\/index.php?rest_route=\/wp\/v2\/types\/post"}],"author":[{"embeddable":true,"href":"https:\/\/lospoliticosveracruz.com\/index.php?rest_route=\/wp\/v2\/users\/2"}],"replies":[{"embeddable":true,"href":"https:\/\/lospoliticosveracruz.com\/index.php?rest_route=%2Fwp%2Fv2%2Fcomments&post=107706"}],"version-history":[{"count":1,"href":"https:\/\/lospoliticosveracruz.com\/index.php?rest_route=\/wp\/v2\/posts\/107706\/revisions"}],"predecessor-version":[{"id":107707,"href":"https:\/\/lospoliticosveracruz.com\/index.php?rest_route=\/wp\/v2\/posts\/107706\/revisions\/107707"}],"wp:attachment":[{"href":"https:\/\/lospoliticosveracruz.com\/index.php?rest_route=%2Fwp%2Fv2%2Fmedia&parent=107706"}],"wp:term":[{"taxonomy":"category","embeddable":true,"href":"https:\/\/lospoliticosveracruz.com\/index.php?rest_route=%2Fwp%2Fv2%2Fcategories&post=107706"},{"taxonomy":"post_tag","embeddable":true,"href":"https:\/\/lospoliticosveracruz.com\/index.php?rest_route=%2Fwp%2Fv2%2Ftags&post=107706"}],"curies":[{"name":"wp","href":"https:\/\/api.w.org\/{rel}","templated":true}]}}