{"id":107733,"date":"2023-06-24T01:12:00","date_gmt":"2023-06-24T06:12:00","guid":{"rendered":"https:\/\/lospoliticosveracruz.com.mx\/?p=107733"},"modified":"2023-06-23T23:15:21","modified_gmt":"2023-06-24T04:15:21","slug":"norona-soy-pueblo","status":"publish","type":"post","link":"https:\/\/lospoliticosveracruz.com\/?p=107733","title":{"rendered":"NORO\u00d1A: SOY PUEBLO"},"content":{"rendered":"\n<p><strong>Brenda Caballero<br><\/strong><em>N\u00fameros Rojos<\/em><\/p>\n\n\n\n<p>La emoci\u00f3n de entrevistar a un candidato a la Presidencia se apoder\u00f3 de m\u00ed. Corrijo antes que me corrijan la plana, digo, la columna y me digan Pinocha: \u201cLa emoci\u00f3n de entrevistar a un candidato a Coordinador Nacional para la defensa de la 4T se apoder\u00f3 de m\u00ed\u201d.<\/p>\n\n\n\n<figure class=\"wp-block-image size-large\"><a href=\"https:\/\/lospoliticosveracruz.com.mx\/wp-content\/uploads\/2016\/07\/Seguro-Julio-Cerecedo-2.jpg\"><img decoding=\"async\" src=\"https:\/\/lospoliticosveracruz.com.mx\/wp-content\/uploads\/2016\/07\/Seguro-Julio-Cerecedo-2-1024x381.jpg\" alt=\"\" class=\"wp-image-105879\"\/><\/a><\/figure>\n\n\n\n<p><br>Y all\u00ed me tiene esperando a Gerardo Fern\u00e1ndez Noro\u00f1a en una de las bancas del Parque Ju\u00e1rez de mi natal Xalapa, con unos 25 grados de temperatura que parec\u00edan 40.<br>Altivo, sonriente y saludando a los all\u00ed presentes, lleg\u00f3 con libros bajo el brazo.<br>-Don Gerardo, Don Gerardo, \u00bfpodr\u00eda entrevistarlo?<br>-Este, este, este\u2026<br>-\u00a1Solo ser\u00e1 un par de minutos!<br>-Pero ya di entrevistas, \u00bfDe qu\u00e9 medio eres? -Yo soy Pueblo<br>-Pues compa\u00f1era, si te esperas a que les regale La Casa Blanca\u2026 Total, como dijera un motel de Monterrey: \u00a1No dejes para ma\u00f1ana las ganas que te tengo hoy! \u00bfNo?<br>-No me diga que usted tambi\u00e9n tiene una Casa Blanca\u2026como aquella de \u201cLa Gaviota\u201d?<br>-\u00a1Ya vali\u00f3 madre! \u00bfQu\u00e9 pas\u00f3 compa\u00f1era? \u00bfA poco me ve cara de hip\u00f3crita, traidor o vende-patrias? \u00a1Es mi libro que quiero dejar de recuerdo a los xalape\u00f1os! \u00a1Si lo est\u00e1s viendo en tus narices! Pero a m\u00ed me da lo mismo, si no lo quieres ver. \u00a1El que tenga ojos para ver que vea!<br>-Este, este\u2026. ya me lo peg\u00f3\u2026 pero no se enoje, que ya vi los libros. Mejor d\u00edgame \u00bfPor qu\u00e9 en La Encuesta\u2026 Noro\u00f1a es la Respuesta?<br>-Pues es muy f\u00e1cil compa\u00f1era \u00a1Yo soy Pueblo! \u00a1T\u00fa eres Pueblo! \u00a1\u00c9l es Pueblo!. \u00a1Ella es Pueblo! \u00a1Nosotros somos Pueblo! \u00a1Ustedes son Pueblo! Acu\u00e9rdate\u2026\u00a1Noro\u00f1a es Pueblo!<br>-\u00bfY el chango\u2026 le\u00f3n?<br>-\u00bfQu\u00e9 pas\u00f3 compa\u00f1era? \u00a1Ya vali\u00f3 madre esta entrevista! \u00bfNo me salgas con que eres clasista y racista, como aquellos miserables?<br>-Nooo Don Gerardo, me refiero a que si el chango y el le\u00f3n que le acompa\u00f1an tambi\u00e9n son pueblo.<br>-\u00a1Claro! Acu\u00e9rdate: \u00a1Todos somos Pueblo!<br>-Entonces \u00bfcree usted que ganar\u00e1 la Encuesta?<br>-\u00a1Claro!<br>-\u00a1Pero con un ejercicio de imaginaci\u00f3n!<br>-\u00bfQu\u00e9 dijiste reportera del pueblo?<br>-\u00a1Que ser\u00e1 interesante el ejercicio de votaci\u00f3n! Mejor d\u00edgame: \u00bfPor qu\u00e9 decidi\u00f3 visitar el estado de Veracruz?<br>-Bueno, yo me identifico con el pueblo veracruzano.<br>-\u00bfPor lo del colorido lenguaje y las guayaberas?<br>-\u00a1Ya veo que no entendiste\u2026 P-u-e-b-l-o Veracruzano! \u00a1Noro\u00f1a es Pueblo!<br>-Ya, ya, ya entend\u00ed\u2026 \u00a1Yo soy Pueblo! \u00a1T\u00fa eres Pueblo! \u00a1\u00c9l es Pueblo! \u00a1Ella es Pueblo! \u00a1Nosotros somos Pueblo! \u00a1Ustedes son Pueblo!<br>-\u00a1Exacto compa\u00f1era! \u00a1Y ya! d\u00e9jame obsequiar mis libros!<br>-\u00a1Ya\u2026 ya para finalizar \u00bfregresar\u00e1 pronto a Veracruz?<br>-Primero voy a Puebla\u2026 porque dej\u00e9 un libro, \u00a1qu\u00e9 cabr\u00f3n\u2026 ya casi terminaba de leer! Ahhh pero antes de que me vaya \u00a1Les dejo un saludo cabr\u00f3n!<\/p>\n\n\n\n<p>*Entrevista ficticia con la \u00fanica intenci\u00f3n de devolverle al Pueblo la emoci\u00f3n del humor y la risa.<\/p>\n\n\n\n<p>correo:caballero_brenda@hotmail.com<br>Twitter: @NumerosRojos_BC<\/p>\n","protected":false},"excerpt":{"rendered":"<p>Brenda CaballeroN\u00fameros Rojos La emoci\u00f3n de entrevistar a un candidato a la Presidencia se apoder\u00f3 de m\u00ed. Corrijo antes que me corrijan la plana, digo, la columna y me digan Pinocha: \u201cLa emoci\u00f3n de entrevistar a un candidato a Coordinador Nacional para la defensa de la 4T se apoder\u00f3 de m\u00ed\u201d. Y all\u00ed me tiene [&hellip;]<\/p>\n","protected":false},"author":2,"featured_media":0,"comment_status":"closed","ping_status":"closed","sticky":false,"template":"","format":"standard","meta":{"tdm_status":"","tdm_grid_status":"","footnotes":""},"categories":[70],"tags":[17426,12598,1026,2289,195],"class_list":{"0":"post-107733","1":"post","2":"type-post","3":"status-publish","4":"format-standard","6":"category-de-opinion","7":"tag-4t","8":"tag-gerardo-fernandez-norona","9":"tag-morena","10":"tag-pt","11":"tag-veracruz"},"yoast_head":"<!-- This site is optimized with the Yoast SEO plugin v27.4 - https:\/\/yoast.com\/product\/yoast-seo-wordpress\/ -->\n<title>NORO\u00d1A: SOY PUEBLO - Los pol\u00edticos Veracruz<\/title>\n<meta name=\"robots\" content=\"index, follow, max-snippet:-1, max-image-preview:large, max-video-preview:-1\" \/>\n<link rel=\"canonical\" href=\"https:\/\/lospoliticosveracruz.com\/?p=107733\" \/>\n<meta property=\"og:locale\" content=\"es_ES\" \/>\n<meta property=\"og:type\" content=\"article\" \/>\n<meta property=\"og:title\" content=\"NORO\u00d1A: SOY PUEBLO - Los pol\u00edticos Veracruz\" \/>\n<meta property=\"og:description\" content=\"Brenda CaballeroN\u00fameros Rojos La emoci\u00f3n de entrevistar a un candidato a la Presidencia se apoder\u00f3 de m\u00ed. Corrijo antes que me corrijan la plana, digo, la columna y me digan Pinocha: \u201cLa emoci\u00f3n de entrevistar a un candidato a Coordinador Nacional para la defensa de la 4T se apoder\u00f3 de m\u00ed\u201d. Y all\u00ed me tiene [&hellip;]\" \/>\n<meta property=\"og:url\" content=\"https:\/\/lospoliticosveracruz.com\/?p=107733\" \/>\n<meta property=\"og:site_name\" content=\"Los pol\u00edticos Veracruz\" \/>\n<meta property=\"article:publisher\" content=\"https:\/\/www.facebook.com\/people\/Notimemes-de-los-Polticos\/61565672886568\/\" \/>\n<meta property=\"article:published_time\" content=\"2023-06-24T06:12:00+00:00\" \/>\n<meta property=\"og:image\" content=\"https:\/\/lospoliticosveracruz.com.mx\/wp-content\/uploads\/2016\/07\/Seguro-Julio-Cerecedo-2-1024x381.jpg\" \/>\n<meta name=\"author\" content=\"Lo viste en Los Pol\u00edticos\" \/>\n<meta name=\"twitter:card\" content=\"summary_large_image\" \/>\n<meta name=\"twitter:creator\" content=\"@LosPoliticosVer\" \/>\n<meta name=\"twitter:site\" content=\"@LosPoliticosVer\" \/>\n<meta name=\"twitter:label1\" content=\"Escrito por\" \/>\n\t<meta name=\"twitter:data1\" content=\"Lo viste en Los Pol\u00edticos\" \/>\n\t<meta name=\"twitter:label2\" content=\"Tiempo de lectura\" \/>\n\t<meta name=\"twitter:data2\" content=\"3 minutos\" \/>\n<script type=\"application\/ld+json\" class=\"yoast-schema-graph\">{\"@context\":\"https:\\\/\\\/schema.org\",\"@graph\":[{\"@type\":\"Article\",\"@id\":\"https:\\\/\\\/lospoliticosveracruz.com\\\/?p=107733#article\",\"isPartOf\":{\"@id\":\"https:\\\/\\\/lospoliticosveracruz.com\\\/?p=107733\"},\"author\":{\"name\":\"Lo viste en Los Pol\u00edticos\",\"@id\":\"https:\\\/\\\/lospoliticosveracruz.com\\\/#\\\/schema\\\/person\\\/b8702bb0e538456e6efd07080bf2a4a2\"},\"headline\":\"NORO\u00d1A: SOY PUEBLO\",\"datePublished\":\"2023-06-24T06:12:00+00:00\",\"mainEntityOfPage\":{\"@id\":\"https:\\\/\\\/lospoliticosveracruz.com\\\/?p=107733\"},\"wordCount\":524,\"publisher\":{\"@id\":\"https:\\\/\\\/lospoliticosveracruz.com\\\/#organization\"},\"image\":{\"@id\":\"https:\\\/\\\/lospoliticosveracruz.com\\\/?p=107733#primaryimage\"},\"thumbnailUrl\":\"https:\\\/\\\/lospoliticosveracruz.com.mx\\\/wp-content\\\/uploads\\\/2016\\\/07\\\/Seguro-Julio-Cerecedo-2-1024x381.jpg\",\"keywords\":[\"4T\",\"Gerardo Fern\u00e1ndez Noro\u00f1a\",\"Morena\",\"PT\",\"Veracruz\"],\"articleSection\":[\"De Opini\u00f3n\"],\"inLanguage\":\"es\"},{\"@type\":\"WebPage\",\"@id\":\"https:\\\/\\\/lospoliticosveracruz.com\\\/?p=107733\",\"url\":\"https:\\\/\\\/lospoliticosveracruz.com\\\/?p=107733\",\"name\":\"NORO\u00d1A: SOY PUEBLO - Los pol\u00edticos Veracruz\",\"isPartOf\":{\"@id\":\"https:\\\/\\\/lospoliticosveracruz.com\\\/#website\"},\"primaryImageOfPage\":{\"@id\":\"https:\\\/\\\/lospoliticosveracruz.com\\\/?p=107733#primaryimage\"},\"image\":{\"@id\":\"https:\\\/\\\/lospoliticosveracruz.com\\\/?p=107733#primaryimage\"},\"thumbnailUrl\":\"https:\\\/\\\/lospoliticosveracruz.com.mx\\\/wp-content\\\/uploads\\\/2016\\\/07\\\/Seguro-Julio-Cerecedo-2-1024x381.jpg\",\"datePublished\":\"2023-06-24T06:12:00+00:00\",\"breadcrumb\":{\"@id\":\"https:\\\/\\\/lospoliticosveracruz.com\\\/?p=107733#breadcrumb\"},\"inLanguage\":\"es\",\"potentialAction\":[{\"@type\":\"ReadAction\",\"target\":[\"https:\\\/\\\/lospoliticosveracruz.com\\\/?p=107733\"]}]},{\"@type\":\"ImageObject\",\"inLanguage\":\"es\",\"@id\":\"https:\\\/\\\/lospoliticosveracruz.com\\\/?p=107733#primaryimage\",\"url\":\"https:\\\/\\\/lospoliticosveracruz.com.mx\\\/wp-content\\\/uploads\\\/2016\\\/07\\\/Seguro-Julio-Cerecedo-2-1024x381.jpg\",\"contentUrl\":\"https:\\\/\\\/lospoliticosveracruz.com.mx\\\/wp-content\\\/uploads\\\/2016\\\/07\\\/Seguro-Julio-Cerecedo-2-1024x381.jpg\"},{\"@type\":\"BreadcrumbList\",\"@id\":\"https:\\\/\\\/lospoliticosveracruz.com\\\/?p=107733#breadcrumb\",\"itemListElement\":[{\"@type\":\"ListItem\",\"position\":1,\"name\":\"Portada\",\"item\":\"https:\\\/\\\/lospoliticosveracruz.com\\\/\"},{\"@type\":\"ListItem\",\"position\":2,\"name\":\"NORO\u00d1A: SOY PUEBLO\"}]},{\"@type\":\"WebSite\",\"@id\":\"https:\\\/\\\/lospoliticosveracruz.com\\\/#website\",\"url\":\"https:\\\/\\\/lospoliticosveracruz.com\\\/\",\"name\":\"Los pol\u00edticos Veracruz\",\"description\":\"\",\"publisher\":{\"@id\":\"https:\\\/\\\/lospoliticosveracruz.com\\\/#organization\"},\"potentialAction\":[{\"@type\":\"SearchAction\",\"target\":{\"@type\":\"EntryPoint\",\"urlTemplate\":\"https:\\\/\\\/lospoliticosveracruz.com\\\/?s={search_term_string}\"},\"query-input\":{\"@type\":\"PropertyValueSpecification\",\"valueRequired\":true,\"valueName\":\"search_term_string\"}}],\"inLanguage\":\"es\"},{\"@type\":\"Organization\",\"@id\":\"https:\\\/\\\/lospoliticosveracruz.com\\\/#organization\",\"name\":\"Los pol\u00edticos Veracruz\",\"url\":\"https:\\\/\\\/lospoliticosveracruz.com\\\/\",\"logo\":{\"@type\":\"ImageObject\",\"inLanguage\":\"es\",\"@id\":\"https:\\\/\\\/lospoliticosveracruz.com\\\/#\\\/schema\\\/logo\\\/image\\\/\",\"url\":\"https:\\\/\\\/lospoliticosveracruz.com\\\/wp-content\\\/uploads\\\/2025\\\/12\\\/Logo-Nuevo-LOS-POLITICOS-1.jpg\",\"contentUrl\":\"https:\\\/\\\/lospoliticosveracruz.com\\\/wp-content\\\/uploads\\\/2025\\\/12\\\/Logo-Nuevo-LOS-POLITICOS-1.jpg\",\"width\":260,\"height\":70,\"caption\":\"Los pol\u00edticos Veracruz\"},\"image\":{\"@id\":\"https:\\\/\\\/lospoliticosveracruz.com\\\/#\\\/schema\\\/logo\\\/image\\\/\"},\"sameAs\":[\"https:\\\/\\\/www.facebook.com\\\/people\\\/Notimemes-de-los-Polticos\\\/61565672886568\\\/\",\"https:\\\/\\\/x.com\\\/LosPoliticosVer\"]},{\"@type\":\"Person\",\"@id\":\"https:\\\/\\\/lospoliticosveracruz.com\\\/#\\\/schema\\\/person\\\/b8702bb0e538456e6efd07080bf2a4a2\",\"name\":\"Lo viste en Los Pol\u00edticos\",\"image\":{\"@type\":\"ImageObject\",\"inLanguage\":\"es\",\"@id\":\"https:\\\/\\\/secure.gravatar.com\\\/avatar\\\/3a8de04a2656d44082be478bd6c086daa447c4651605818287b9532d3d0bd435?s=96&d=mm&r=g\",\"url\":\"https:\\\/\\\/secure.gravatar.com\\\/avatar\\\/3a8de04a2656d44082be478bd6c086daa447c4651605818287b9532d3d0bd435?s=96&d=mm&r=g\",\"contentUrl\":\"https:\\\/\\\/secure.gravatar.com\\\/avatar\\\/3a8de04a2656d44082be478bd6c086daa447c4651605818287b9532d3d0bd435?s=96&d=mm&r=g\",\"caption\":\"Lo viste en Los Pol\u00edticos\"},\"url\":\"https:\\\/\\\/lospoliticosveracruz.com\\\/?author=2\"}]}<\/script>\n<!-- \/ Yoast SEO plugin. -->","yoast_head_json":{"title":"NORO\u00d1A: SOY PUEBLO - Los pol\u00edticos Veracruz","robots":{"index":"index","follow":"follow","max-snippet":"max-snippet:-1","max-image-preview":"max-image-preview:large","max-video-preview":"max-video-preview:-1"},"canonical":"https:\/\/lospoliticosveracruz.com\/?p=107733","og_locale":"es_ES","og_type":"article","og_title":"NORO\u00d1A: SOY PUEBLO - Los pol\u00edticos Veracruz","og_description":"Brenda CaballeroN\u00fameros Rojos La emoci\u00f3n de entrevistar a un candidato a la Presidencia se apoder\u00f3 de m\u00ed. Corrijo antes que me corrijan la plana, digo, la columna y me digan Pinocha: \u201cLa emoci\u00f3n de entrevistar a un candidato a Coordinador Nacional para la defensa de la 4T se apoder\u00f3 de m\u00ed\u201d. Y all\u00ed me tiene [&hellip;]","og_url":"https:\/\/lospoliticosveracruz.com\/?p=107733","og_site_name":"Los pol\u00edticos Veracruz","article_publisher":"https:\/\/www.facebook.com\/people\/Notimemes-de-los-Polticos\/61565672886568\/","article_published_time":"2023-06-24T06:12:00+00:00","og_image":[{"url":"https:\/\/lospoliticosveracruz.com.mx\/wp-content\/uploads\/2016\/07\/Seguro-Julio-Cerecedo-2-1024x381.jpg","type":"","width":"","height":""}],"author":"Lo viste en Los Pol\u00edticos","twitter_card":"summary_large_image","twitter_creator":"@LosPoliticosVer","twitter_site":"@LosPoliticosVer","twitter_misc":{"Escrito por":"Lo viste en Los Pol\u00edticos","Tiempo de lectura":"3 minutos"},"schema":{"@context":"https:\/\/schema.org","@graph":[{"@type":"Article","@id":"https:\/\/lospoliticosveracruz.com\/?p=107733#article","isPartOf":{"@id":"https:\/\/lospoliticosveracruz.com\/?p=107733"},"author":{"name":"Lo viste en Los Pol\u00edticos","@id":"https:\/\/lospoliticosveracruz.com\/#\/schema\/person\/b8702bb0e538456e6efd07080bf2a4a2"},"headline":"NORO\u00d1A: SOY PUEBLO","datePublished":"2023-06-24T06:12:00+00:00","mainEntityOfPage":{"@id":"https:\/\/lospoliticosveracruz.com\/?p=107733"},"wordCount":524,"publisher":{"@id":"https:\/\/lospoliticosveracruz.com\/#organization"},"image":{"@id":"https:\/\/lospoliticosveracruz.com\/?p=107733#primaryimage"},"thumbnailUrl":"https:\/\/lospoliticosveracruz.com.mx\/wp-content\/uploads\/2016\/07\/Seguro-Julio-Cerecedo-2-1024x381.jpg","keywords":["4T","Gerardo Fern\u00e1ndez Noro\u00f1a","Morena","PT","Veracruz"],"articleSection":["De Opini\u00f3n"],"inLanguage":"es"},{"@type":"WebPage","@id":"https:\/\/lospoliticosveracruz.com\/?p=107733","url":"https:\/\/lospoliticosveracruz.com\/?p=107733","name":"NORO\u00d1A: SOY PUEBLO - Los pol\u00edticos Veracruz","isPartOf":{"@id":"https:\/\/lospoliticosveracruz.com\/#website"},"primaryImageOfPage":{"@id":"https:\/\/lospoliticosveracruz.com\/?p=107733#primaryimage"},"image":{"@id":"https:\/\/lospoliticosveracruz.com\/?p=107733#primaryimage"},"thumbnailUrl":"https:\/\/lospoliticosveracruz.com.mx\/wp-content\/uploads\/2016\/07\/Seguro-Julio-Cerecedo-2-1024x381.jpg","datePublished":"2023-06-24T06:12:00+00:00","breadcrumb":{"@id":"https:\/\/lospoliticosveracruz.com\/?p=107733#breadcrumb"},"inLanguage":"es","potentialAction":[{"@type":"ReadAction","target":["https:\/\/lospoliticosveracruz.com\/?p=107733"]}]},{"@type":"ImageObject","inLanguage":"es","@id":"https:\/\/lospoliticosveracruz.com\/?p=107733#primaryimage","url":"https:\/\/lospoliticosveracruz.com.mx\/wp-content\/uploads\/2016\/07\/Seguro-Julio-Cerecedo-2-1024x381.jpg","contentUrl":"https:\/\/lospoliticosveracruz.com.mx\/wp-content\/uploads\/2016\/07\/Seguro-Julio-Cerecedo-2-1024x381.jpg"},{"@type":"BreadcrumbList","@id":"https:\/\/lospoliticosveracruz.com\/?p=107733#breadcrumb","itemListElement":[{"@type":"ListItem","position":1,"name":"Portada","item":"https:\/\/lospoliticosveracruz.com\/"},{"@type":"ListItem","position":2,"name":"NORO\u00d1A: SOY PUEBLO"}]},{"@type":"WebSite","@id":"https:\/\/lospoliticosveracruz.com\/#website","url":"https:\/\/lospoliticosveracruz.com\/","name":"Los pol\u00edticos Veracruz","description":"","publisher":{"@id":"https:\/\/lospoliticosveracruz.com\/#organization"},"potentialAction":[{"@type":"SearchAction","target":{"@type":"EntryPoint","urlTemplate":"https:\/\/lospoliticosveracruz.com\/?s={search_term_string}"},"query-input":{"@type":"PropertyValueSpecification","valueRequired":true,"valueName":"search_term_string"}}],"inLanguage":"es"},{"@type":"Organization","@id":"https:\/\/lospoliticosveracruz.com\/#organization","name":"Los pol\u00edticos Veracruz","url":"https:\/\/lospoliticosveracruz.com\/","logo":{"@type":"ImageObject","inLanguage":"es","@id":"https:\/\/lospoliticosveracruz.com\/#\/schema\/logo\/image\/","url":"https:\/\/lospoliticosveracruz.com\/wp-content\/uploads\/2025\/12\/Logo-Nuevo-LOS-POLITICOS-1.jpg","contentUrl":"https:\/\/lospoliticosveracruz.com\/wp-content\/uploads\/2025\/12\/Logo-Nuevo-LOS-POLITICOS-1.jpg","width":260,"height":70,"caption":"Los pol\u00edticos Veracruz"},"image":{"@id":"https:\/\/lospoliticosveracruz.com\/#\/schema\/logo\/image\/"},"sameAs":["https:\/\/www.facebook.com\/people\/Notimemes-de-los-Polticos\/61565672886568\/","https:\/\/x.com\/LosPoliticosVer"]},{"@type":"Person","@id":"https:\/\/lospoliticosveracruz.com\/#\/schema\/person\/b8702bb0e538456e6efd07080bf2a4a2","name":"Lo viste en Los Pol\u00edticos","image":{"@type":"ImageObject","inLanguage":"es","@id":"https:\/\/secure.gravatar.com\/avatar\/3a8de04a2656d44082be478bd6c086daa447c4651605818287b9532d3d0bd435?s=96&d=mm&r=g","url":"https:\/\/secure.gravatar.com\/avatar\/3a8de04a2656d44082be478bd6c086daa447c4651605818287b9532d3d0bd435?s=96&d=mm&r=g","contentUrl":"https:\/\/secure.gravatar.com\/avatar\/3a8de04a2656d44082be478bd6c086daa447c4651605818287b9532d3d0bd435?s=96&d=mm&r=g","caption":"Lo viste en Los Pol\u00edticos"},"url":"https:\/\/lospoliticosveracruz.com\/?author=2"}]}},"_links":{"self":[{"href":"https:\/\/lospoliticosveracruz.com\/index.php?rest_route=\/wp\/v2\/posts\/107733","targetHints":{"allow":["GET"]}}],"collection":[{"href":"https:\/\/lospoliticosveracruz.com\/index.php?rest_route=\/wp\/v2\/posts"}],"about":[{"href":"https:\/\/lospoliticosveracruz.com\/index.php?rest_route=\/wp\/v2\/types\/post"}],"author":[{"embeddable":true,"href":"https:\/\/lospoliticosveracruz.com\/index.php?rest_route=\/wp\/v2\/users\/2"}],"replies":[{"embeddable":true,"href":"https:\/\/lospoliticosveracruz.com\/index.php?rest_route=%2Fwp%2Fv2%2Fcomments&post=107733"}],"version-history":[{"count":1,"href":"https:\/\/lospoliticosveracruz.com\/index.php?rest_route=\/wp\/v2\/posts\/107733\/revisions"}],"predecessor-version":[{"id":107735,"href":"https:\/\/lospoliticosveracruz.com\/index.php?rest_route=\/wp\/v2\/posts\/107733\/revisions\/107735"}],"wp:attachment":[{"href":"https:\/\/lospoliticosveracruz.com\/index.php?rest_route=%2Fwp%2Fv2%2Fmedia&parent=107733"}],"wp:term":[{"taxonomy":"category","embeddable":true,"href":"https:\/\/lospoliticosveracruz.com\/index.php?rest_route=%2Fwp%2Fv2%2Fcategories&post=107733"},{"taxonomy":"post_tag","embeddable":true,"href":"https:\/\/lospoliticosveracruz.com\/index.php?rest_route=%2Fwp%2Fv2%2Ftags&post=107733"}],"curies":[{"name":"wp","href":"https:\/\/api.w.org\/{rel}","templated":true}]}}