{"id":108081,"date":"2023-07-01T13:43:14","date_gmt":"2023-07-01T18:43:14","guid":{"rendered":"https:\/\/lospoliticosveracruz.com.mx\/?p=108081"},"modified":"2023-07-01T13:43:25","modified_gmt":"2023-07-01T18:43:25","slug":"osorio-chong","status":"publish","type":"post","link":"https:\/\/lospoliticosveracruz.com\/?p=108081","title":{"rendered":"OSORIO CHONG"},"content":{"rendered":"\n<p><\/p>\n\n\n\n<p><strong>Luis Bustos<\/strong><\/p>\n\n\n\n<p>EnEstaHora<\/p>\n\n\n\n<p>Se ha filtrado la informaci\u00f3n de que el pr\u00f3ximo lunes 3 de julio, Miguel \u00c1ngel Osorio Chong y algunos de sus cercanos, har\u00e1n publica la renuncia a su militancia en el PRI, alegando o argumentando todos los negativos (que son muchos) de Alejandro Moreno C\u00e1rdenas, actual dirigente formal de ese partido.<\/p>\n\n\n\n<p>Sin dejar de reconocer que es su derecho hacer lo que a ese grupo le convenga, bien vale poner en la mesa lo siguiente:<\/p>\n\n\n\n<p>En lo personal, quien esto escribe se pregunta si esa renuncia es \u201cfuera de tiempo\u201d o \u201ca modo 4T\u201d?<\/p>\n\n\n\n<p>Primero dejo en claro que \u201cAlito\u201d no ha sido capaz de llevar al interior del PRI una pizca de armon\u00eda y concordia para la reconciliaci\u00f3n, todo lo contrario, ha provocado enojo interno y desbandada de militancia, pero tiene un acierto, acaso el \u00fanico: haber mantenido al PRI dentro de la Coalici\u00f3n Va por M\u00e9xico con el acertado traslado al Frente Amplio por M\u00e9xico.<\/p>\n\n\n\n<p>Por qu\u00e9 creo que la Osorio Chong salta del barco en el peor momento y lo \u00fanico que provoca es un da\u00f1o que repercute en la oposici\u00f3n en su conjunto y para M\u00e9xico.<\/p>\n\n\n\n<p>1.- Acaso la renuncia no hubiera sido m\u00e1s oportuna y justificable, en el momento en que Moreno C\u00e1rdenas obtuvo la v\u00eda libre para permanecer en la dirigencia hasta el 2024?<\/p>\n\n\n\n<p>2.- Ahora, despu\u00e9s de la derrota en Hidalgo, Osorio se ha quedado sin base partidista al perderse la elecci\u00f3n en su tierra natal a la que gobern\u00f3 gracias al PRI.<\/p>\n\n\n\n<p>La salida de diputados, dirigentes, s\u00edndicos y regidores, reflejan perfectamente la realidad priista en ese estado: El exgobernador Omar Fayad, neocuatroteista, mantuvo m\u00e1s control en esos cuadros y se los llev\u00f3 fuera del PRI, es decir, no se sinti\u00f3 la presencia ni la mano de Osorio Chong.<\/p>\n\n\n\n<p>3.- En este momento, el \u201cboquete\u201d grande o chico que hacen al PRI, lastima m\u00e1s a la oposici\u00f3n en su conjunto y al M\u00e9xico ciudadano que a las siglas del tricolor.<\/p>\n\n\n\n<p>4.-Hasta el momento, Osorio y sus correligionarios, no han demostrado que su \u201camor y gratitud a la camiseta\u201d se tradujera en votos a favor de su partido\u2026al menos en Hidalgo y, quiz\u00e1s Guerrero, si es que la senadora Claudia Ruiz Massieu, tambi\u00e9n se va, o Edomex, si Eruviel \u00c1vila, decide abandonar la nave.<\/p>\n\n\n\n<p>En los tres estados, se perdi\u00f3 sin que sus militantes de lujo, como Miguel \u00c1ngel, Claudia y Eruviel se hicieran sentir entre la poblaci\u00f3n votante.<\/p>\n\n\n\n<p>Repito, es su derecho, pero ese derecho no tiene derecho a lastimar los esfuerzos de la oposici\u00f3n en su conjunto en el Frente Amplio por M\u00e9xico y, pareciera, que esa es la intenci\u00f3n, precisamente, golpear a lo que se opone a Morena, porque al final de cuentas, diez, veinte, treinta, cien, quinientos, o mil, diez mil, cien mil o un mill\u00f3n de votos que logren reunir entre todos los que se van, si lastiman, efectivamente, a la oposici\u00f3n, pero, en realidad, ayudan m\u00e1s a Morena y sus aliados para conservar el poder.<\/p>\n\n\n\n<p>Por todo ello, reitero: la renuncia es fuera de tiempo o a modo 4T?<\/p>\n\n\n\n<p>Porque al final de cuentas Alito, Osorio, y aliados, de lado y lado, lo \u00fanico que han logrado es sentar las bases para la destrucci\u00f3n del PRI, porque no han sido capaces de dejar de lado sus inter\u00e9s personales para anteponer los de su partido y, con sus acciones divisionistas, lo \u00fanico que logran es el fortalecimiento de la Coalici\u00f3n Juntos Hacemos Historia.<\/p>\n","protected":false},"excerpt":{"rendered":"<p>Luis Bustos EnEstaHora Se ha filtrado la informaci\u00f3n de que el pr\u00f3ximo lunes 3 de julio, Miguel \u00c1ngel Osorio Chong y algunos de sus cercanos, har\u00e1n publica la renuncia a su militancia en el PRI, alegando o argumentando todos los negativos (que son muchos) de Alejandro Moreno C\u00e1rdenas, actual dirigente formal de ese partido. Sin [&hellip;]<\/p>\n","protected":false},"author":2,"featured_media":0,"comment_status":"closed","ping_status":"closed","sticky":false,"template":"","format":"standard","meta":{"tdm_status":"","tdm_grid_status":"","footnotes":""},"categories":[70],"tags":[15048,445,146],"class_list":{"0":"post-108081","1":"post","2":"type-post","3":"status-publish","4":"format-standard","6":"category-de-opinion","7":"tag-alejandro-moreno-cardenas","8":"tag-miguel-angel-osorio-chong","9":"tag-osorio-chong"},"yoast_head":"<!-- This site is optimized with the Yoast SEO plugin v27.4 - https:\/\/yoast.com\/product\/yoast-seo-wordpress\/ -->\n<title>OSORIO CHONG - Los pol\u00edticos Veracruz<\/title>\n<meta name=\"robots\" content=\"index, follow, max-snippet:-1, max-image-preview:large, max-video-preview:-1\" \/>\n<link rel=\"canonical\" href=\"https:\/\/lospoliticosveracruz.com\/?p=108081\" \/>\n<meta property=\"og:locale\" content=\"es_ES\" \/>\n<meta property=\"og:type\" content=\"article\" \/>\n<meta property=\"og:title\" content=\"OSORIO CHONG - Los pol\u00edticos Veracruz\" \/>\n<meta property=\"og:description\" content=\"Luis Bustos EnEstaHora Se ha filtrado la informaci\u00f3n de que el pr\u00f3ximo lunes 3 de julio, Miguel \u00c1ngel Osorio Chong y algunos de sus cercanos, har\u00e1n publica la renuncia a su militancia en el PRI, alegando o argumentando todos los negativos (que son muchos) de Alejandro Moreno C\u00e1rdenas, actual dirigente formal de ese partido. Sin [&hellip;]\" \/>\n<meta property=\"og:url\" content=\"https:\/\/lospoliticosveracruz.com\/?p=108081\" \/>\n<meta property=\"og:site_name\" content=\"Los pol\u00edticos Veracruz\" \/>\n<meta property=\"article:publisher\" content=\"https:\/\/www.facebook.com\/people\/Notimemes-de-los-Polticos\/61565672886568\/\" \/>\n<meta property=\"article:published_time\" content=\"2023-07-01T18:43:14+00:00\" \/>\n<meta property=\"article:modified_time\" content=\"2023-07-01T18:43:25+00:00\" \/>\n<meta property=\"og:image\" content=\"https:\/\/lospoliticosveracruz.com\/wp-content\/uploads\/2016\/07\/Logo-Dor.jpg\" \/>\n\t<meta property=\"og:image:width\" content=\"200\" \/>\n\t<meta property=\"og:image:height\" content=\"200\" \/>\n\t<meta property=\"og:image:type\" content=\"image\/jpeg\" \/>\n<meta name=\"author\" content=\"Lo viste en Los Pol\u00edticos\" \/>\n<meta name=\"twitter:card\" content=\"summary_large_image\" \/>\n<meta name=\"twitter:creator\" content=\"@LosPoliticosVer\" \/>\n<meta name=\"twitter:site\" content=\"@LosPoliticosVer\" \/>\n<meta name=\"twitter:label1\" content=\"Escrito por\" \/>\n\t<meta name=\"twitter:data1\" content=\"Lo viste en Los Pol\u00edticos\" \/>\n\t<meta name=\"twitter:label2\" content=\"Tiempo de lectura\" \/>\n\t<meta name=\"twitter:data2\" content=\"3 minutos\" \/>\n<script type=\"application\/ld+json\" class=\"yoast-schema-graph\">{\"@context\":\"https:\\\/\\\/schema.org\",\"@graph\":[{\"@type\":\"Article\",\"@id\":\"https:\\\/\\\/lospoliticosveracruz.com\\\/?p=108081#article\",\"isPartOf\":{\"@id\":\"https:\\\/\\\/lospoliticosveracruz.com\\\/?p=108081\"},\"author\":{\"name\":\"Lo viste en Los Pol\u00edticos\",\"@id\":\"https:\\\/\\\/lospoliticosveracruz.com\\\/#\\\/schema\\\/person\\\/b8702bb0e538456e6efd07080bf2a4a2\"},\"headline\":\"OSORIO CHONG\",\"datePublished\":\"2023-07-01T18:43:14+00:00\",\"dateModified\":\"2023-07-01T18:43:25+00:00\",\"mainEntityOfPage\":{\"@id\":\"https:\\\/\\\/lospoliticosveracruz.com\\\/?p=108081\"},\"wordCount\":613,\"publisher\":{\"@id\":\"https:\\\/\\\/lospoliticosveracruz.com\\\/#organization\"},\"keywords\":[\"Alejandro Moreno C\u00e1rdenas\",\"Miguel \u00c1ngel Osorio Chong\",\"Osorio Chong\"],\"articleSection\":[\"De Opini\u00f3n\"],\"inLanguage\":\"es\"},{\"@type\":\"WebPage\",\"@id\":\"https:\\\/\\\/lospoliticosveracruz.com\\\/?p=108081\",\"url\":\"https:\\\/\\\/lospoliticosveracruz.com\\\/?p=108081\",\"name\":\"OSORIO CHONG - Los pol\u00edticos Veracruz\",\"isPartOf\":{\"@id\":\"https:\\\/\\\/lospoliticosveracruz.com\\\/#website\"},\"datePublished\":\"2023-07-01T18:43:14+00:00\",\"dateModified\":\"2023-07-01T18:43:25+00:00\",\"breadcrumb\":{\"@id\":\"https:\\\/\\\/lospoliticosveracruz.com\\\/?p=108081#breadcrumb\"},\"inLanguage\":\"es\",\"potentialAction\":[{\"@type\":\"ReadAction\",\"target\":[\"https:\\\/\\\/lospoliticosveracruz.com\\\/?p=108081\"]}]},{\"@type\":\"BreadcrumbList\",\"@id\":\"https:\\\/\\\/lospoliticosveracruz.com\\\/?p=108081#breadcrumb\",\"itemListElement\":[{\"@type\":\"ListItem\",\"position\":1,\"name\":\"Portada\",\"item\":\"https:\\\/\\\/lospoliticosveracruz.com\\\/\"},{\"@type\":\"ListItem\",\"position\":2,\"name\":\"OSORIO CHONG\"}]},{\"@type\":\"WebSite\",\"@id\":\"https:\\\/\\\/lospoliticosveracruz.com\\\/#website\",\"url\":\"https:\\\/\\\/lospoliticosveracruz.com\\\/\",\"name\":\"Los pol\u00edticos Veracruz\",\"description\":\"\",\"publisher\":{\"@id\":\"https:\\\/\\\/lospoliticosveracruz.com\\\/#organization\"},\"potentialAction\":[{\"@type\":\"SearchAction\",\"target\":{\"@type\":\"EntryPoint\",\"urlTemplate\":\"https:\\\/\\\/lospoliticosveracruz.com\\\/?s={search_term_string}\"},\"query-input\":{\"@type\":\"PropertyValueSpecification\",\"valueRequired\":true,\"valueName\":\"search_term_string\"}}],\"inLanguage\":\"es\"},{\"@type\":\"Organization\",\"@id\":\"https:\\\/\\\/lospoliticosveracruz.com\\\/#organization\",\"name\":\"Los pol\u00edticos Veracruz\",\"url\":\"https:\\\/\\\/lospoliticosveracruz.com\\\/\",\"logo\":{\"@type\":\"ImageObject\",\"inLanguage\":\"es\",\"@id\":\"https:\\\/\\\/lospoliticosveracruz.com\\\/#\\\/schema\\\/logo\\\/image\\\/\",\"url\":\"https:\\\/\\\/lospoliticosveracruz.com\\\/wp-content\\\/uploads\\\/2025\\\/12\\\/Logo-Nuevo-LOS-POLITICOS-1.jpg\",\"contentUrl\":\"https:\\\/\\\/lospoliticosveracruz.com\\\/wp-content\\\/uploads\\\/2025\\\/12\\\/Logo-Nuevo-LOS-POLITICOS-1.jpg\",\"width\":260,\"height\":70,\"caption\":\"Los pol\u00edticos Veracruz\"},\"image\":{\"@id\":\"https:\\\/\\\/lospoliticosveracruz.com\\\/#\\\/schema\\\/logo\\\/image\\\/\"},\"sameAs\":[\"https:\\\/\\\/www.facebook.com\\\/people\\\/Notimemes-de-los-Polticos\\\/61565672886568\\\/\",\"https:\\\/\\\/x.com\\\/LosPoliticosVer\"]},{\"@type\":\"Person\",\"@id\":\"https:\\\/\\\/lospoliticosveracruz.com\\\/#\\\/schema\\\/person\\\/b8702bb0e538456e6efd07080bf2a4a2\",\"name\":\"Lo viste en Los Pol\u00edticos\",\"image\":{\"@type\":\"ImageObject\",\"inLanguage\":\"es\",\"@id\":\"https:\\\/\\\/secure.gravatar.com\\\/avatar\\\/3a8de04a2656d44082be478bd6c086daa447c4651605818287b9532d3d0bd435?s=96&d=mm&r=g\",\"url\":\"https:\\\/\\\/secure.gravatar.com\\\/avatar\\\/3a8de04a2656d44082be478bd6c086daa447c4651605818287b9532d3d0bd435?s=96&d=mm&r=g\",\"contentUrl\":\"https:\\\/\\\/secure.gravatar.com\\\/avatar\\\/3a8de04a2656d44082be478bd6c086daa447c4651605818287b9532d3d0bd435?s=96&d=mm&r=g\",\"caption\":\"Lo viste en Los Pol\u00edticos\"},\"url\":\"https:\\\/\\\/lospoliticosveracruz.com\\\/?author=2\"}]}<\/script>\n<!-- \/ Yoast SEO plugin. -->","yoast_head_json":{"title":"OSORIO CHONG - Los pol\u00edticos Veracruz","robots":{"index":"index","follow":"follow","max-snippet":"max-snippet:-1","max-image-preview":"max-image-preview:large","max-video-preview":"max-video-preview:-1"},"canonical":"https:\/\/lospoliticosveracruz.com\/?p=108081","og_locale":"es_ES","og_type":"article","og_title":"OSORIO CHONG - Los pol\u00edticos Veracruz","og_description":"Luis Bustos EnEstaHora Se ha filtrado la informaci\u00f3n de que el pr\u00f3ximo lunes 3 de julio, Miguel \u00c1ngel Osorio Chong y algunos de sus cercanos, har\u00e1n publica la renuncia a su militancia en el PRI, alegando o argumentando todos los negativos (que son muchos) de Alejandro Moreno C\u00e1rdenas, actual dirigente formal de ese partido. Sin [&hellip;]","og_url":"https:\/\/lospoliticosveracruz.com\/?p=108081","og_site_name":"Los pol\u00edticos Veracruz","article_publisher":"https:\/\/www.facebook.com\/people\/Notimemes-de-los-Polticos\/61565672886568\/","article_published_time":"2023-07-01T18:43:14+00:00","article_modified_time":"2023-07-01T18:43:25+00:00","og_image":[{"width":200,"height":200,"url":"https:\/\/lospoliticosveracruz.com\/wp-content\/uploads\/2016\/07\/Logo-Dor.jpg","type":"image\/jpeg"}],"author":"Lo viste en Los Pol\u00edticos","twitter_card":"summary_large_image","twitter_creator":"@LosPoliticosVer","twitter_site":"@LosPoliticosVer","twitter_misc":{"Escrito por":"Lo viste en Los Pol\u00edticos","Tiempo de lectura":"3 minutos"},"schema":{"@context":"https:\/\/schema.org","@graph":[{"@type":"Article","@id":"https:\/\/lospoliticosveracruz.com\/?p=108081#article","isPartOf":{"@id":"https:\/\/lospoliticosveracruz.com\/?p=108081"},"author":{"name":"Lo viste en Los Pol\u00edticos","@id":"https:\/\/lospoliticosveracruz.com\/#\/schema\/person\/b8702bb0e538456e6efd07080bf2a4a2"},"headline":"OSORIO CHONG","datePublished":"2023-07-01T18:43:14+00:00","dateModified":"2023-07-01T18:43:25+00:00","mainEntityOfPage":{"@id":"https:\/\/lospoliticosveracruz.com\/?p=108081"},"wordCount":613,"publisher":{"@id":"https:\/\/lospoliticosveracruz.com\/#organization"},"keywords":["Alejandro Moreno C\u00e1rdenas","Miguel \u00c1ngel Osorio Chong","Osorio Chong"],"articleSection":["De Opini\u00f3n"],"inLanguage":"es"},{"@type":"WebPage","@id":"https:\/\/lospoliticosveracruz.com\/?p=108081","url":"https:\/\/lospoliticosveracruz.com\/?p=108081","name":"OSORIO CHONG - Los pol\u00edticos Veracruz","isPartOf":{"@id":"https:\/\/lospoliticosveracruz.com\/#website"},"datePublished":"2023-07-01T18:43:14+00:00","dateModified":"2023-07-01T18:43:25+00:00","breadcrumb":{"@id":"https:\/\/lospoliticosveracruz.com\/?p=108081#breadcrumb"},"inLanguage":"es","potentialAction":[{"@type":"ReadAction","target":["https:\/\/lospoliticosveracruz.com\/?p=108081"]}]},{"@type":"BreadcrumbList","@id":"https:\/\/lospoliticosveracruz.com\/?p=108081#breadcrumb","itemListElement":[{"@type":"ListItem","position":1,"name":"Portada","item":"https:\/\/lospoliticosveracruz.com\/"},{"@type":"ListItem","position":2,"name":"OSORIO CHONG"}]},{"@type":"WebSite","@id":"https:\/\/lospoliticosveracruz.com\/#website","url":"https:\/\/lospoliticosveracruz.com\/","name":"Los pol\u00edticos Veracruz","description":"","publisher":{"@id":"https:\/\/lospoliticosveracruz.com\/#organization"},"potentialAction":[{"@type":"SearchAction","target":{"@type":"EntryPoint","urlTemplate":"https:\/\/lospoliticosveracruz.com\/?s={search_term_string}"},"query-input":{"@type":"PropertyValueSpecification","valueRequired":true,"valueName":"search_term_string"}}],"inLanguage":"es"},{"@type":"Organization","@id":"https:\/\/lospoliticosveracruz.com\/#organization","name":"Los pol\u00edticos Veracruz","url":"https:\/\/lospoliticosveracruz.com\/","logo":{"@type":"ImageObject","inLanguage":"es","@id":"https:\/\/lospoliticosveracruz.com\/#\/schema\/logo\/image\/","url":"https:\/\/lospoliticosveracruz.com\/wp-content\/uploads\/2025\/12\/Logo-Nuevo-LOS-POLITICOS-1.jpg","contentUrl":"https:\/\/lospoliticosveracruz.com\/wp-content\/uploads\/2025\/12\/Logo-Nuevo-LOS-POLITICOS-1.jpg","width":260,"height":70,"caption":"Los pol\u00edticos Veracruz"},"image":{"@id":"https:\/\/lospoliticosveracruz.com\/#\/schema\/logo\/image\/"},"sameAs":["https:\/\/www.facebook.com\/people\/Notimemes-de-los-Polticos\/61565672886568\/","https:\/\/x.com\/LosPoliticosVer"]},{"@type":"Person","@id":"https:\/\/lospoliticosveracruz.com\/#\/schema\/person\/b8702bb0e538456e6efd07080bf2a4a2","name":"Lo viste en Los Pol\u00edticos","image":{"@type":"ImageObject","inLanguage":"es","@id":"https:\/\/secure.gravatar.com\/avatar\/3a8de04a2656d44082be478bd6c086daa447c4651605818287b9532d3d0bd435?s=96&d=mm&r=g","url":"https:\/\/secure.gravatar.com\/avatar\/3a8de04a2656d44082be478bd6c086daa447c4651605818287b9532d3d0bd435?s=96&d=mm&r=g","contentUrl":"https:\/\/secure.gravatar.com\/avatar\/3a8de04a2656d44082be478bd6c086daa447c4651605818287b9532d3d0bd435?s=96&d=mm&r=g","caption":"Lo viste en Los Pol\u00edticos"},"url":"https:\/\/lospoliticosveracruz.com\/?author=2"}]}},"_links":{"self":[{"href":"https:\/\/lospoliticosveracruz.com\/index.php?rest_route=\/wp\/v2\/posts\/108081","targetHints":{"allow":["GET"]}}],"collection":[{"href":"https:\/\/lospoliticosveracruz.com\/index.php?rest_route=\/wp\/v2\/posts"}],"about":[{"href":"https:\/\/lospoliticosveracruz.com\/index.php?rest_route=\/wp\/v2\/types\/post"}],"author":[{"embeddable":true,"href":"https:\/\/lospoliticosveracruz.com\/index.php?rest_route=\/wp\/v2\/users\/2"}],"replies":[{"embeddable":true,"href":"https:\/\/lospoliticosveracruz.com\/index.php?rest_route=%2Fwp%2Fv2%2Fcomments&post=108081"}],"version-history":[{"count":1,"href":"https:\/\/lospoliticosveracruz.com\/index.php?rest_route=\/wp\/v2\/posts\/108081\/revisions"}],"predecessor-version":[{"id":108082,"href":"https:\/\/lospoliticosveracruz.com\/index.php?rest_route=\/wp\/v2\/posts\/108081\/revisions\/108082"}],"wp:attachment":[{"href":"https:\/\/lospoliticosveracruz.com\/index.php?rest_route=%2Fwp%2Fv2%2Fmedia&parent=108081"}],"wp:term":[{"taxonomy":"category","embeddable":true,"href":"https:\/\/lospoliticosveracruz.com\/index.php?rest_route=%2Fwp%2Fv2%2Fcategories&post=108081"},{"taxonomy":"post_tag","embeddable":true,"href":"https:\/\/lospoliticosveracruz.com\/index.php?rest_route=%2Fwp%2Fv2%2Ftags&post=108081"}],"curies":[{"name":"wp","href":"https:\/\/api.w.org\/{rel}","templated":true}]}}