{"id":108126,"date":"2023-07-03T08:52:12","date_gmt":"2023-07-03T13:52:12","guid":{"rendered":"https:\/\/lospoliticosveracruz.com.mx\/?p=108126"},"modified":"2023-07-03T08:52:17","modified_gmt":"2023-07-03T13:52:17","slug":"dos-bocas","status":"publish","type":"post","link":"https:\/\/lospoliticosveracruz.com\/?p=108126","title":{"rendered":"DOS BOCAS"},"content":{"rendered":"\n<p><strong>Bernardo Guti\u00e9rrez Parra<br><\/strong><em>Desde el Caf\u00e9<\/em><\/p>\n\n\n\n<p>Dos d\u00edas antes de la fecha fijada por el presidente L\u00f3pez Obrador para que comenzara el proceso de refinaci\u00f3n en Dos Bocas, pero sin su presencia para evitarle m\u00e1s verg\u00fcenzas, Roc\u00edo Nahle anunci\u00f3 mediante un video que el milagro se hab\u00eda consumado: \u201cHoy es 29 de junio y exactamente a la una de la tarde, empezamos a transportar crudo a recircular en una primera etapa en la refiner\u00eda de Dos Bocas\u201d, dijo la mujer y con esto la libr\u00f3.<\/p>\n\n\n<div class=\"wp-block-image\">\n<figure class=\"alignleft size-full is-resized\"><a href=\"https:\/\/lospoliticosveracruz.com.mx\/wp-content\/uploads\/2023\/02\/Vinissimo.jpg\"><img loading=\"lazy\" decoding=\"async\" src=\"https:\/\/lospoliticosveracruz.com.mx\/wp-content\/uploads\/2023\/02\/Vinissimo.jpg\" alt=\"\" class=\"wp-image-102752\" width=\"175\" height=\"178\"\/><\/a><\/figure>\n<\/div>\n\n\n<p>Y es que el s\u00e1bado 1 de julio y desde el Z\u00f3calo, Andr\u00e9s Manuel le extendi\u00f3 un cheque posfechado para fin de a\u00f1o y aparentemente le abri\u00f3 la puerta de la candidatura a la gubernatura de Veracruz al manifestar: \u201cYa empez\u00f3 a cargarse con petr\u00f3leo crudo la refiner\u00eda de Dos Bocas y a finales de este a\u00f1o estar\u00e1 produciendo 290 mil barriles diarios de combustibles\u201d.<\/p>\n\n\n\n<p>Es decir, ya no los 170 mil barriles cada 24 horas que se supone comenzar\u00eda a refinar desde el 1 de julio y menos los 340 mil diarios que procesar\u00eda a partir del 15 de septiembre, sino 50 mil barriles menos \u201ca finales de este a\u00f1o\u201d. \u00bfCu\u00e1ndo? \u00bfEn noviembre o en diciembre? Eso ser\u00e1 bronca del nuevo responsable porque para esas fechas Roc\u00edo ya andar\u00e1 en campa\u00f1a\u2026 si en efecto es la elegida.<\/p>\n\n\n\n<p>La primera se\u00f1al de que las cosas no hab\u00edan salido nada mal para la zacatecana durante la v\u00edspera, fue cuando los asistentes a la manifestaci\u00f3n zocalera la vieron subir al templete presidencial y sentarse en una de las esquinas. Ya no estuvo cerca del presidente y menos dijo el discurso oficial, pero estaba en el pres\u00eddium.<\/p>\n\n\n\n<p>\u201c\u00a1Sigues viva Roci\u00f3, sigues viva mi candidata!\u201d le grit\u00f3 uno de sus incondicionales al que la Ch\u00edo aparent\u00f3 no escuchar.<\/p>\n\n\n\n<p>Pero \u00bfqu\u00e9 fue lo que entreg\u00f3 la mujer en Dos Bocas?<\/p>\n\n\n\n<p>Una gran mentira condensada en un video de unos cuantos minutos.<\/p>\n\n\n\n<p>El 30 de mayo escrib\u00ed que los 170 mil barriles que Dos Bocas refinar\u00eda a partir del 1 de julio eran puro cuento ya que s\u00f3lo saldr\u00eda un chisguete. Y un chisguete entre caf\u00e9 renegrido y negro retinto fue lo que sali\u00f3 de un peque\u00f1o ducto y se embaz\u00f3 en un frasco de 500 mg en el que sobr\u00f3 espacio. Acto seguido una chica que parec\u00eda edec\u00e1n en lugar de trabajadora de Pemex, lo entreg\u00f3 a Roc\u00edo que lo present\u00f3 a la c\u00e1mara con la misma solemnidad con la que Rafiki present\u00f3 al cachorro del Rey Le\u00f3n.<\/p>\n\n\n\n<p>Ese chisguete ha costado hasta hoy arriba de 17 mil millones de d\u00f3lares, pero adem\u00e1s y por extensi\u00f3n, es la cantidad que le est\u00e1 costando a todos los mexicanos la candidatura de Roc\u00edo a la gubernatura de Veracruz. Cantidad jam\u00e1s pagada en la historia.<\/p>\n\n\n\n<p>\u00bfYa la hizo Nahle con el costos\u00edsimo chisguete?<\/p>\n\n\n\n<p>Qui\u00e9n sabe. Por un lado no la corrieron de manera fulminante, pero por otro, hasta el personal de intendencia sabe que Dos Bocas jam\u00e1s producir\u00e1 en este sexenio arriba de cien barriles de crudo. De ah\u00ed que con la pr\u00f3rroga de fin de a\u00f1o lo que estar\u00eda haciendo el presidente ser\u00eda prepararle la despedida a la se\u00f1ora pero a su casa.<\/p>\n\n\n\n<p>Salvo tu mejor opini\u00f3n lector, pienso que por ah\u00ed va el asunto. Andr\u00e9s Manuel ya se dio cuenta que Roc\u00edo no pudo ni podr\u00e1 con el paquete y con ese antecedente menos podr\u00e1 con la candidatura a la que llegar\u00e1 de a tiro muy flaca (hipot\u00e9ticamente hablando \u00bfeh?).<\/p>\n\n\n\n<p>Como quiera que sea, habr\u00e1 que esperar a septiembre u octubre en que se dar\u00e1 a conocer el nombre del moreno o la morena para Veracruz, sin olvidar que la decisi\u00f3n depender\u00e1 de c\u00f3mo amanezca ese d\u00eda el h\u00edgado del tabasque\u00f1o.<\/p>\n\n\n\n<p>Ok, ok, ok, todo eso est\u00e1 bien. Pero \u00bfcu\u00e1ndo va a refinar Dos Bocas los 170 mil barriles diarios ordenados, prometidos y reiterados por L\u00f3pez Obrador?<\/p>\n\n\n\n<p>De acuerdo con toooooodos los expertos y las casas especializadas, muy entrado el 2026 pero lo m\u00e1s seguro es que sea a finales del 2027.<\/p>\n\n\n\n<p>Para que nadie, ni el presidente, se siga haciendo chaquetas mentales.<\/p>\n\n\n\n<p>bernardogup@hotmail.com<\/p>\n","protected":false},"excerpt":{"rendered":"<p>Bernardo Guti\u00e9rrez ParraDesde el Caf\u00e9 Dos d\u00edas antes de la fecha fijada por el presidente L\u00f3pez Obrador para que comenzara el proceso de refinaci\u00f3n en Dos Bocas, pero sin su presencia para evitarle m\u00e1s verg\u00fcenzas, Roc\u00edo Nahle anunci\u00f3 mediante un video que el milagro se hab\u00eda consumado: \u201cHoy es 29 de junio y exactamente a [&hellip;]<\/p>\n","protected":false},"author":2,"featured_media":0,"comment_status":"closed","ping_status":"closed","sticky":false,"template":"","format":"standard","meta":{"tdm_status":"","tdm_grid_status":"","footnotes":""},"categories":[70],"tags":[618,34206,14643,1026,3578,195],"class_list":{"0":"post-108126","1":"post","2":"type-post","3":"status-publish","4":"format-standard","6":"category-de-opinion","7":"tag-andres-manuel-lopez-obrador","8":"tag-bernardo-gutierrez-parra","9":"tag-dos-bocas","10":"tag-morena","11":"tag-rocio-nahle","12":"tag-veracruz"},"yoast_head":"<!-- This site is optimized with the Yoast SEO plugin v27.4 - https:\/\/yoast.com\/product\/yoast-seo-wordpress\/ -->\n<title>DOS BOCAS - Los pol\u00edticos Veracruz<\/title>\n<meta name=\"robots\" content=\"index, follow, max-snippet:-1, max-image-preview:large, max-video-preview:-1\" \/>\n<link rel=\"canonical\" href=\"https:\/\/lospoliticosveracruz.com\/?p=108126\" \/>\n<meta property=\"og:locale\" content=\"es_ES\" \/>\n<meta property=\"og:type\" content=\"article\" \/>\n<meta property=\"og:title\" content=\"DOS BOCAS - Los pol\u00edticos Veracruz\" \/>\n<meta property=\"og:description\" content=\"Bernardo Guti\u00e9rrez ParraDesde el Caf\u00e9 Dos d\u00edas antes de la fecha fijada por el presidente L\u00f3pez Obrador para que comenzara el proceso de refinaci\u00f3n en Dos Bocas, pero sin su presencia para evitarle m\u00e1s verg\u00fcenzas, Roc\u00edo Nahle anunci\u00f3 mediante un video que el milagro se hab\u00eda consumado: \u201cHoy es 29 de junio y exactamente a [&hellip;]\" \/>\n<meta property=\"og:url\" content=\"https:\/\/lospoliticosveracruz.com\/?p=108126\" \/>\n<meta property=\"og:site_name\" content=\"Los pol\u00edticos Veracruz\" \/>\n<meta property=\"article:publisher\" content=\"https:\/\/www.facebook.com\/people\/Notimemes-de-los-Polticos\/61565672886568\/\" \/>\n<meta property=\"article:published_time\" content=\"2023-07-03T13:52:12+00:00\" \/>\n<meta property=\"article:modified_time\" content=\"2023-07-03T13:52:17+00:00\" \/>\n<meta property=\"og:image\" content=\"https:\/\/lospoliticosveracruz.com.mx\/wp-content\/uploads\/2023\/02\/Vinissimo.jpg\" \/>\n<meta name=\"author\" content=\"Lo viste en Los Pol\u00edticos\" \/>\n<meta name=\"twitter:card\" content=\"summary_large_image\" \/>\n<meta name=\"twitter:creator\" content=\"@LosPoliticosVer\" \/>\n<meta name=\"twitter:site\" content=\"@LosPoliticosVer\" \/>\n<meta name=\"twitter:label1\" content=\"Escrito por\" \/>\n\t<meta name=\"twitter:data1\" content=\"Lo viste en Los Pol\u00edticos\" \/>\n\t<meta name=\"twitter:label2\" content=\"Tiempo de lectura\" \/>\n\t<meta name=\"twitter:data2\" content=\"4 minutos\" \/>\n<script type=\"application\/ld+json\" class=\"yoast-schema-graph\">{\"@context\":\"https:\\\/\\\/schema.org\",\"@graph\":[{\"@type\":\"Article\",\"@id\":\"https:\\\/\\\/lospoliticosveracruz.com\\\/?p=108126#article\",\"isPartOf\":{\"@id\":\"https:\\\/\\\/lospoliticosveracruz.com\\\/?p=108126\"},\"author\":{\"name\":\"Lo viste en Los Pol\u00edticos\",\"@id\":\"https:\\\/\\\/lospoliticosveracruz.com\\\/#\\\/schema\\\/person\\\/b8702bb0e538456e6efd07080bf2a4a2\"},\"headline\":\"DOS BOCAS\",\"datePublished\":\"2023-07-03T13:52:12+00:00\",\"dateModified\":\"2023-07-03T13:52:17+00:00\",\"mainEntityOfPage\":{\"@id\":\"https:\\\/\\\/lospoliticosveracruz.com\\\/?p=108126\"},\"wordCount\":732,\"publisher\":{\"@id\":\"https:\\\/\\\/lospoliticosveracruz.com\\\/#organization\"},\"image\":{\"@id\":\"https:\\\/\\\/lospoliticosveracruz.com\\\/?p=108126#primaryimage\"},\"thumbnailUrl\":\"https:\\\/\\\/lospoliticosveracruz.com.mx\\\/wp-content\\\/uploads\\\/2023\\\/02\\\/Vinissimo.jpg\",\"keywords\":[\"Andr\u00e9s Manuel L\u00f3pez Obrador\",\"Bernardo Guti\u00e9rrez Parra\",\"Dos Bocas\",\"Morena\",\"Roc\u00edo Nahle\",\"Veracruz\"],\"articleSection\":[\"De Opini\u00f3n\"],\"inLanguage\":\"es\"},{\"@type\":\"WebPage\",\"@id\":\"https:\\\/\\\/lospoliticosveracruz.com\\\/?p=108126\",\"url\":\"https:\\\/\\\/lospoliticosveracruz.com\\\/?p=108126\",\"name\":\"DOS BOCAS - Los pol\u00edticos Veracruz\",\"isPartOf\":{\"@id\":\"https:\\\/\\\/lospoliticosveracruz.com\\\/#website\"},\"primaryImageOfPage\":{\"@id\":\"https:\\\/\\\/lospoliticosveracruz.com\\\/?p=108126#primaryimage\"},\"image\":{\"@id\":\"https:\\\/\\\/lospoliticosveracruz.com\\\/?p=108126#primaryimage\"},\"thumbnailUrl\":\"https:\\\/\\\/lospoliticosveracruz.com.mx\\\/wp-content\\\/uploads\\\/2023\\\/02\\\/Vinissimo.jpg\",\"datePublished\":\"2023-07-03T13:52:12+00:00\",\"dateModified\":\"2023-07-03T13:52:17+00:00\",\"breadcrumb\":{\"@id\":\"https:\\\/\\\/lospoliticosveracruz.com\\\/?p=108126#breadcrumb\"},\"inLanguage\":\"es\",\"potentialAction\":[{\"@type\":\"ReadAction\",\"target\":[\"https:\\\/\\\/lospoliticosveracruz.com\\\/?p=108126\"]}]},{\"@type\":\"ImageObject\",\"inLanguage\":\"es\",\"@id\":\"https:\\\/\\\/lospoliticosveracruz.com\\\/?p=108126#primaryimage\",\"url\":\"https:\\\/\\\/lospoliticosveracruz.com.mx\\\/wp-content\\\/uploads\\\/2023\\\/02\\\/Vinissimo.jpg\",\"contentUrl\":\"https:\\\/\\\/lospoliticosveracruz.com.mx\\\/wp-content\\\/uploads\\\/2023\\\/02\\\/Vinissimo.jpg\"},{\"@type\":\"BreadcrumbList\",\"@id\":\"https:\\\/\\\/lospoliticosveracruz.com\\\/?p=108126#breadcrumb\",\"itemListElement\":[{\"@type\":\"ListItem\",\"position\":1,\"name\":\"Portada\",\"item\":\"https:\\\/\\\/lospoliticosveracruz.com\\\/\"},{\"@type\":\"ListItem\",\"position\":2,\"name\":\"DOS BOCAS\"}]},{\"@type\":\"WebSite\",\"@id\":\"https:\\\/\\\/lospoliticosveracruz.com\\\/#website\",\"url\":\"https:\\\/\\\/lospoliticosveracruz.com\\\/\",\"name\":\"Los pol\u00edticos Veracruz\",\"description\":\"\",\"publisher\":{\"@id\":\"https:\\\/\\\/lospoliticosveracruz.com\\\/#organization\"},\"potentialAction\":[{\"@type\":\"SearchAction\",\"target\":{\"@type\":\"EntryPoint\",\"urlTemplate\":\"https:\\\/\\\/lospoliticosveracruz.com\\\/?s={search_term_string}\"},\"query-input\":{\"@type\":\"PropertyValueSpecification\",\"valueRequired\":true,\"valueName\":\"search_term_string\"}}],\"inLanguage\":\"es\"},{\"@type\":\"Organization\",\"@id\":\"https:\\\/\\\/lospoliticosveracruz.com\\\/#organization\",\"name\":\"Los pol\u00edticos Veracruz\",\"url\":\"https:\\\/\\\/lospoliticosveracruz.com\\\/\",\"logo\":{\"@type\":\"ImageObject\",\"inLanguage\":\"es\",\"@id\":\"https:\\\/\\\/lospoliticosveracruz.com\\\/#\\\/schema\\\/logo\\\/image\\\/\",\"url\":\"https:\\\/\\\/lospoliticosveracruz.com\\\/wp-content\\\/uploads\\\/2025\\\/12\\\/Logo-Nuevo-LOS-POLITICOS-1.jpg\",\"contentUrl\":\"https:\\\/\\\/lospoliticosveracruz.com\\\/wp-content\\\/uploads\\\/2025\\\/12\\\/Logo-Nuevo-LOS-POLITICOS-1.jpg\",\"width\":260,\"height\":70,\"caption\":\"Los pol\u00edticos Veracruz\"},\"image\":{\"@id\":\"https:\\\/\\\/lospoliticosveracruz.com\\\/#\\\/schema\\\/logo\\\/image\\\/\"},\"sameAs\":[\"https:\\\/\\\/www.facebook.com\\\/people\\\/Notimemes-de-los-Polticos\\\/61565672886568\\\/\",\"https:\\\/\\\/x.com\\\/LosPoliticosVer\"]},{\"@type\":\"Person\",\"@id\":\"https:\\\/\\\/lospoliticosveracruz.com\\\/#\\\/schema\\\/person\\\/b8702bb0e538456e6efd07080bf2a4a2\",\"name\":\"Lo viste en Los Pol\u00edticos\",\"image\":{\"@type\":\"ImageObject\",\"inLanguage\":\"es\",\"@id\":\"https:\\\/\\\/secure.gravatar.com\\\/avatar\\\/3a8de04a2656d44082be478bd6c086daa447c4651605818287b9532d3d0bd435?s=96&d=mm&r=g\",\"url\":\"https:\\\/\\\/secure.gravatar.com\\\/avatar\\\/3a8de04a2656d44082be478bd6c086daa447c4651605818287b9532d3d0bd435?s=96&d=mm&r=g\",\"contentUrl\":\"https:\\\/\\\/secure.gravatar.com\\\/avatar\\\/3a8de04a2656d44082be478bd6c086daa447c4651605818287b9532d3d0bd435?s=96&d=mm&r=g\",\"caption\":\"Lo viste en Los Pol\u00edticos\"},\"url\":\"https:\\\/\\\/lospoliticosveracruz.com\\\/?author=2\"}]}<\/script>\n<!-- \/ Yoast SEO plugin. -->","yoast_head_json":{"title":"DOS BOCAS - Los pol\u00edticos Veracruz","robots":{"index":"index","follow":"follow","max-snippet":"max-snippet:-1","max-image-preview":"max-image-preview:large","max-video-preview":"max-video-preview:-1"},"canonical":"https:\/\/lospoliticosveracruz.com\/?p=108126","og_locale":"es_ES","og_type":"article","og_title":"DOS BOCAS - Los pol\u00edticos Veracruz","og_description":"Bernardo Guti\u00e9rrez ParraDesde el Caf\u00e9 Dos d\u00edas antes de la fecha fijada por el presidente L\u00f3pez Obrador para que comenzara el proceso de refinaci\u00f3n en Dos Bocas, pero sin su presencia para evitarle m\u00e1s verg\u00fcenzas, Roc\u00edo Nahle anunci\u00f3 mediante un video que el milagro se hab\u00eda consumado: \u201cHoy es 29 de junio y exactamente a [&hellip;]","og_url":"https:\/\/lospoliticosveracruz.com\/?p=108126","og_site_name":"Los pol\u00edticos Veracruz","article_publisher":"https:\/\/www.facebook.com\/people\/Notimemes-de-los-Polticos\/61565672886568\/","article_published_time":"2023-07-03T13:52:12+00:00","article_modified_time":"2023-07-03T13:52:17+00:00","og_image":[{"url":"https:\/\/lospoliticosveracruz.com.mx\/wp-content\/uploads\/2023\/02\/Vinissimo.jpg","type":"","width":"","height":""}],"author":"Lo viste en Los Pol\u00edticos","twitter_card":"summary_large_image","twitter_creator":"@LosPoliticosVer","twitter_site":"@LosPoliticosVer","twitter_misc":{"Escrito por":"Lo viste en Los Pol\u00edticos","Tiempo de lectura":"4 minutos"},"schema":{"@context":"https:\/\/schema.org","@graph":[{"@type":"Article","@id":"https:\/\/lospoliticosveracruz.com\/?p=108126#article","isPartOf":{"@id":"https:\/\/lospoliticosveracruz.com\/?p=108126"},"author":{"name":"Lo viste en Los Pol\u00edticos","@id":"https:\/\/lospoliticosveracruz.com\/#\/schema\/person\/b8702bb0e538456e6efd07080bf2a4a2"},"headline":"DOS BOCAS","datePublished":"2023-07-03T13:52:12+00:00","dateModified":"2023-07-03T13:52:17+00:00","mainEntityOfPage":{"@id":"https:\/\/lospoliticosveracruz.com\/?p=108126"},"wordCount":732,"publisher":{"@id":"https:\/\/lospoliticosveracruz.com\/#organization"},"image":{"@id":"https:\/\/lospoliticosveracruz.com\/?p=108126#primaryimage"},"thumbnailUrl":"https:\/\/lospoliticosveracruz.com.mx\/wp-content\/uploads\/2023\/02\/Vinissimo.jpg","keywords":["Andr\u00e9s Manuel L\u00f3pez Obrador","Bernardo Guti\u00e9rrez Parra","Dos Bocas","Morena","Roc\u00edo Nahle","Veracruz"],"articleSection":["De Opini\u00f3n"],"inLanguage":"es"},{"@type":"WebPage","@id":"https:\/\/lospoliticosveracruz.com\/?p=108126","url":"https:\/\/lospoliticosveracruz.com\/?p=108126","name":"DOS BOCAS - Los pol\u00edticos Veracruz","isPartOf":{"@id":"https:\/\/lospoliticosveracruz.com\/#website"},"primaryImageOfPage":{"@id":"https:\/\/lospoliticosveracruz.com\/?p=108126#primaryimage"},"image":{"@id":"https:\/\/lospoliticosveracruz.com\/?p=108126#primaryimage"},"thumbnailUrl":"https:\/\/lospoliticosveracruz.com.mx\/wp-content\/uploads\/2023\/02\/Vinissimo.jpg","datePublished":"2023-07-03T13:52:12+00:00","dateModified":"2023-07-03T13:52:17+00:00","breadcrumb":{"@id":"https:\/\/lospoliticosveracruz.com\/?p=108126#breadcrumb"},"inLanguage":"es","potentialAction":[{"@type":"ReadAction","target":["https:\/\/lospoliticosveracruz.com\/?p=108126"]}]},{"@type":"ImageObject","inLanguage":"es","@id":"https:\/\/lospoliticosveracruz.com\/?p=108126#primaryimage","url":"https:\/\/lospoliticosveracruz.com.mx\/wp-content\/uploads\/2023\/02\/Vinissimo.jpg","contentUrl":"https:\/\/lospoliticosveracruz.com.mx\/wp-content\/uploads\/2023\/02\/Vinissimo.jpg"},{"@type":"BreadcrumbList","@id":"https:\/\/lospoliticosveracruz.com\/?p=108126#breadcrumb","itemListElement":[{"@type":"ListItem","position":1,"name":"Portada","item":"https:\/\/lospoliticosveracruz.com\/"},{"@type":"ListItem","position":2,"name":"DOS BOCAS"}]},{"@type":"WebSite","@id":"https:\/\/lospoliticosveracruz.com\/#website","url":"https:\/\/lospoliticosveracruz.com\/","name":"Los pol\u00edticos Veracruz","description":"","publisher":{"@id":"https:\/\/lospoliticosveracruz.com\/#organization"},"potentialAction":[{"@type":"SearchAction","target":{"@type":"EntryPoint","urlTemplate":"https:\/\/lospoliticosveracruz.com\/?s={search_term_string}"},"query-input":{"@type":"PropertyValueSpecification","valueRequired":true,"valueName":"search_term_string"}}],"inLanguage":"es"},{"@type":"Organization","@id":"https:\/\/lospoliticosveracruz.com\/#organization","name":"Los pol\u00edticos Veracruz","url":"https:\/\/lospoliticosveracruz.com\/","logo":{"@type":"ImageObject","inLanguage":"es","@id":"https:\/\/lospoliticosveracruz.com\/#\/schema\/logo\/image\/","url":"https:\/\/lospoliticosveracruz.com\/wp-content\/uploads\/2025\/12\/Logo-Nuevo-LOS-POLITICOS-1.jpg","contentUrl":"https:\/\/lospoliticosveracruz.com\/wp-content\/uploads\/2025\/12\/Logo-Nuevo-LOS-POLITICOS-1.jpg","width":260,"height":70,"caption":"Los pol\u00edticos Veracruz"},"image":{"@id":"https:\/\/lospoliticosveracruz.com\/#\/schema\/logo\/image\/"},"sameAs":["https:\/\/www.facebook.com\/people\/Notimemes-de-los-Polticos\/61565672886568\/","https:\/\/x.com\/LosPoliticosVer"]},{"@type":"Person","@id":"https:\/\/lospoliticosveracruz.com\/#\/schema\/person\/b8702bb0e538456e6efd07080bf2a4a2","name":"Lo viste en Los Pol\u00edticos","image":{"@type":"ImageObject","inLanguage":"es","@id":"https:\/\/secure.gravatar.com\/avatar\/3a8de04a2656d44082be478bd6c086daa447c4651605818287b9532d3d0bd435?s=96&d=mm&r=g","url":"https:\/\/secure.gravatar.com\/avatar\/3a8de04a2656d44082be478bd6c086daa447c4651605818287b9532d3d0bd435?s=96&d=mm&r=g","contentUrl":"https:\/\/secure.gravatar.com\/avatar\/3a8de04a2656d44082be478bd6c086daa447c4651605818287b9532d3d0bd435?s=96&d=mm&r=g","caption":"Lo viste en Los Pol\u00edticos"},"url":"https:\/\/lospoliticosveracruz.com\/?author=2"}]}},"_links":{"self":[{"href":"https:\/\/lospoliticosveracruz.com\/index.php?rest_route=\/wp\/v2\/posts\/108126","targetHints":{"allow":["GET"]}}],"collection":[{"href":"https:\/\/lospoliticosveracruz.com\/index.php?rest_route=\/wp\/v2\/posts"}],"about":[{"href":"https:\/\/lospoliticosveracruz.com\/index.php?rest_route=\/wp\/v2\/types\/post"}],"author":[{"embeddable":true,"href":"https:\/\/lospoliticosveracruz.com\/index.php?rest_route=\/wp\/v2\/users\/2"}],"replies":[{"embeddable":true,"href":"https:\/\/lospoliticosveracruz.com\/index.php?rest_route=%2Fwp%2Fv2%2Fcomments&post=108126"}],"version-history":[{"count":1,"href":"https:\/\/lospoliticosveracruz.com\/index.php?rest_route=\/wp\/v2\/posts\/108126\/revisions"}],"predecessor-version":[{"id":108127,"href":"https:\/\/lospoliticosveracruz.com\/index.php?rest_route=\/wp\/v2\/posts\/108126\/revisions\/108127"}],"wp:attachment":[{"href":"https:\/\/lospoliticosveracruz.com\/index.php?rest_route=%2Fwp%2Fv2%2Fmedia&parent=108126"}],"wp:term":[{"taxonomy":"category","embeddable":true,"href":"https:\/\/lospoliticosveracruz.com\/index.php?rest_route=%2Fwp%2Fv2%2Fcategories&post=108126"},{"taxonomy":"post_tag","embeddable":true,"href":"https:\/\/lospoliticosveracruz.com\/index.php?rest_route=%2Fwp%2Fv2%2Ftags&post=108126"}],"curies":[{"name":"wp","href":"https:\/\/api.w.org\/{rel}","templated":true}]}}