{"id":108166,"date":"2023-07-03T13:09:03","date_gmt":"2023-07-03T18:09:03","guid":{"rendered":"https:\/\/lospoliticosveracruz.com.mx\/?p=108166"},"modified":"2023-07-03T13:09:12","modified_gmt":"2023-07-03T18:09:12","slug":"otra-vez-el-zocalo","status":"publish","type":"post","link":"https:\/\/lospoliticosveracruz.com\/?p=108166","title":{"rendered":"OTRA VEZ EL Z\u00d3CALO!"},"content":{"rendered":"\n<p><\/p>\n\n\n\n<p><strong>Juan Javier G\u00f3mez Cazar\u00edn*<br><\/strong><em>Parlamento Veracruz<\/em><\/p>\n\n\n\n<p>El Z\u00f3calo es el coraz\u00f3n pol\u00edtico de M\u00e9xico. Ah\u00ed se concentra el sentir de la gente. Ah\u00ed se expresa lo que est\u00e1 pensando el pueblo.<\/p>\n\n\n<div class=\"wp-block-image\">\n<figure class=\"alignleft size-full is-resized\"><a href=\"https:\/\/lospoliticosveracruz.com.mx\/wp-content\/uploads\/2023\/02\/Vinissimo.jpg\"><img loading=\"lazy\" decoding=\"async\" src=\"https:\/\/lospoliticosveracruz.com.mx\/wp-content\/uploads\/2023\/02\/Vinissimo.jpg\" alt=\"\" class=\"wp-image-102752\" width=\"175\" height=\"178\"\/><\/a><\/figure>\n<\/div>\n\n\n<p>Este s\u00e1bado, pis\u00e9 el Z\u00f3calo una vez m\u00e1s \u2013ya hasta perd\u00ed la cuenta-. Rodeado de amigas y amigos, lo camin\u00e9 alegre, orgulloso, optimista. M\u00e1s que nunca, dir\u00eda yo.<\/p>\n\n\n\n<p>Y una vez m\u00e1s, el Z\u00f3calo se desbord\u00f3 a favor del presidente Andr\u00e9s Manuel L\u00f3pez Obrador y de su proyecto: la Cuarta Transformaci\u00f3n del pa\u00eds. Tiene raz\u00f3n el gobernador Cuitl\u00e1huac Garc\u00eda cuando dice que a la 4T ya le quedan chicas las plazas, porque ya ni en el Z\u00f3calo cabemos.<\/p>\n\n\n\n<p>Las palabras del Presidente fueron de aliento, de \u00e1nimo, de informe de avances, de logros. Como siempre, los hechos respaldan sus dichos.<\/p>\n\n\n\n<p>Cinco a\u00f1os despu\u00e9s del hist\u00f3rico triunfo del 2018, el pueblo de M\u00e9xico ratific\u00f3 su lealtad, felicidad y confianza. No es para menos: resulta que, cinco a\u00f1os despu\u00e9s, las promesas de campa\u00f1a, de aquel entonces, se han vuelto compromisos cumplidos de este Gobierno.<\/p>\n\n\n\n<p>Y esos compromisos cumplidos, a su vez, parecen ser pron\u00f3sticos renovados de las cosas buenas que vienen. Los objetivos alcanzados parecen decirnos que esto no se ha terminado y que nos esperan muchos a\u00f1os m\u00e1s de continuidad.<\/p>\n\n\n\n<p>Una de esas promesas cumplidas tiene particular conexi\u00f3n con Veracruz y con el futuro de nuestra tierra: la Refiner\u00eda Olmeca, en Dos Bocas, Tabasco, a cargo de la secretaria de Energ\u00eda, Roc\u00edo Nahle Garc\u00eda.<\/p>\n\n\n\n<p>La primera refiner\u00eda mexicana en varias d\u00e9cadas, a cargo de una mujer, de una veracruzana, de una aliada comprometida con el desarrollo de esta tierra. Una amiga nuestra que le cumpli\u00f3 al Presidente y le cumpli\u00f3 al M\u00e9xico de hoy, al M\u00e9xico de ma\u00f1ana.<\/p>\n\n\n\n<p>Para orgullo nuestro, veracruzanas y veracruzanos en el Z\u00f3calo tuvimos doble raz\u00f3n para festejar, no s\u00f3lo ahora, sino la etapa que viene.<\/p>\n\n\n\n<p>Estoy seguro de algo: el Z\u00f3calo de este s\u00e1bado mand\u00f3 un mensaje contundente de lo que le espera a M\u00e9xico en el 2024. Ya ver\u00e1n que de m\u00ed se acuerdan. Se los vengo diciendo con tiempo.<\/p>\n\n\n\n<p>*Diputado local. Presidente de la Junta de Coordinaci\u00f3n Pol\u00edtica del Congreso del Estado.<\/p>\n","protected":false},"excerpt":{"rendered":"<p>Juan Javier G\u00f3mez Cazar\u00edn*Parlamento Veracruz El Z\u00f3calo es el coraz\u00f3n pol\u00edtico de M\u00e9xico. Ah\u00ed se concentra el sentir de la gente. Ah\u00ed se expresa lo que est\u00e1 pensando el pueblo. Este s\u00e1bado, pis\u00e9 el Z\u00f3calo una vez m\u00e1s \u2013ya hasta perd\u00ed la cuenta-. Rodeado de amigas y amigos, lo camin\u00e9 alegre, orgulloso, optimista. M\u00e1s que [&hellip;]<\/p>\n","protected":false},"author":2,"featured_media":0,"comment_status":"closed","ping_status":"closed","sticky":false,"template":"","format":"standard","meta":{"tdm_status":"","tdm_grid_status":"","footnotes":""},"categories":[70],"tags":[618,38581,1026,195],"class_list":{"0":"post-108166","1":"post","2":"type-post","3":"status-publish","4":"format-standard","6":"category-de-opinion","7":"tag-andres-manuel-lopez-obrador","8":"tag-juan-javier-gomez-cazarin-3","9":"tag-morena","10":"tag-veracruz"},"yoast_head":"<!-- This site is optimized with the Yoast SEO plugin v27.4 - https:\/\/yoast.com\/product\/yoast-seo-wordpress\/ -->\n<title>OTRA VEZ EL Z\u00d3CALO! - Los pol\u00edticos Veracruz<\/title>\n<meta name=\"robots\" content=\"index, follow, max-snippet:-1, max-image-preview:large, max-video-preview:-1\" \/>\n<link rel=\"canonical\" href=\"https:\/\/lospoliticosveracruz.com\/?p=108166\" \/>\n<meta property=\"og:locale\" content=\"es_ES\" \/>\n<meta property=\"og:type\" content=\"article\" \/>\n<meta property=\"og:title\" content=\"OTRA VEZ EL Z\u00d3CALO! - Los pol\u00edticos Veracruz\" \/>\n<meta property=\"og:description\" content=\"Juan Javier G\u00f3mez Cazar\u00edn*Parlamento Veracruz El Z\u00f3calo es el coraz\u00f3n pol\u00edtico de M\u00e9xico. Ah\u00ed se concentra el sentir de la gente. Ah\u00ed se expresa lo que est\u00e1 pensando el pueblo. Este s\u00e1bado, pis\u00e9 el Z\u00f3calo una vez m\u00e1s \u2013ya hasta perd\u00ed la cuenta-. Rodeado de amigas y amigos, lo camin\u00e9 alegre, orgulloso, optimista. M\u00e1s que [&hellip;]\" \/>\n<meta property=\"og:url\" content=\"https:\/\/lospoliticosveracruz.com\/?p=108166\" \/>\n<meta property=\"og:site_name\" content=\"Los pol\u00edticos Veracruz\" \/>\n<meta property=\"article:publisher\" content=\"https:\/\/www.facebook.com\/people\/Notimemes-de-los-Polticos\/61565672886568\/\" \/>\n<meta property=\"article:published_time\" content=\"2023-07-03T18:09:03+00:00\" \/>\n<meta property=\"article:modified_time\" content=\"2023-07-03T18:09:12+00:00\" \/>\n<meta property=\"og:image\" content=\"https:\/\/lospoliticosveracruz.com.mx\/wp-content\/uploads\/2023\/02\/Vinissimo.jpg\" \/>\n<meta name=\"author\" content=\"Lo viste en Los Pol\u00edticos\" \/>\n<meta name=\"twitter:card\" content=\"summary_large_image\" \/>\n<meta name=\"twitter:creator\" content=\"@LosPoliticosVer\" \/>\n<meta name=\"twitter:site\" content=\"@LosPoliticosVer\" \/>\n<meta name=\"twitter:label1\" content=\"Escrito por\" \/>\n\t<meta name=\"twitter:data1\" content=\"Lo viste en Los Pol\u00edticos\" \/>\n\t<meta name=\"twitter:label2\" content=\"Tiempo de lectura\" \/>\n\t<meta name=\"twitter:data2\" content=\"2 minutos\" \/>\n<script type=\"application\/ld+json\" class=\"yoast-schema-graph\">{\"@context\":\"https:\\\/\\\/schema.org\",\"@graph\":[{\"@type\":\"Article\",\"@id\":\"https:\\\/\\\/lospoliticosveracruz.com\\\/?p=108166#article\",\"isPartOf\":{\"@id\":\"https:\\\/\\\/lospoliticosveracruz.com\\\/?p=108166\"},\"author\":{\"name\":\"Lo viste en Los Pol\u00edticos\",\"@id\":\"https:\\\/\\\/lospoliticosveracruz.com\\\/#\\\/schema\\\/person\\\/b8702bb0e538456e6efd07080bf2a4a2\"},\"headline\":\"OTRA VEZ EL Z\u00d3CALO!\",\"datePublished\":\"2023-07-03T18:09:03+00:00\",\"dateModified\":\"2023-07-03T18:09:12+00:00\",\"mainEntityOfPage\":{\"@id\":\"https:\\\/\\\/lospoliticosveracruz.com\\\/?p=108166\"},\"wordCount\":412,\"publisher\":{\"@id\":\"https:\\\/\\\/lospoliticosveracruz.com\\\/#organization\"},\"image\":{\"@id\":\"https:\\\/\\\/lospoliticosveracruz.com\\\/?p=108166#primaryimage\"},\"thumbnailUrl\":\"https:\\\/\\\/lospoliticosveracruz.com.mx\\\/wp-content\\\/uploads\\\/2023\\\/02\\\/Vinissimo.jpg\",\"keywords\":[\"Andr\u00e9s Manuel L\u00f3pez Obrador\",\"Juan Javier G\u00f3mez Cazar\u00edn*\",\"Morena\",\"Veracruz\"],\"articleSection\":[\"De Opini\u00f3n\"],\"inLanguage\":\"es\"},{\"@type\":\"WebPage\",\"@id\":\"https:\\\/\\\/lospoliticosveracruz.com\\\/?p=108166\",\"url\":\"https:\\\/\\\/lospoliticosveracruz.com\\\/?p=108166\",\"name\":\"OTRA VEZ EL Z\u00d3CALO! - Los pol\u00edticos Veracruz\",\"isPartOf\":{\"@id\":\"https:\\\/\\\/lospoliticosveracruz.com\\\/#website\"},\"primaryImageOfPage\":{\"@id\":\"https:\\\/\\\/lospoliticosveracruz.com\\\/?p=108166#primaryimage\"},\"image\":{\"@id\":\"https:\\\/\\\/lospoliticosveracruz.com\\\/?p=108166#primaryimage\"},\"thumbnailUrl\":\"https:\\\/\\\/lospoliticosveracruz.com.mx\\\/wp-content\\\/uploads\\\/2023\\\/02\\\/Vinissimo.jpg\",\"datePublished\":\"2023-07-03T18:09:03+00:00\",\"dateModified\":\"2023-07-03T18:09:12+00:00\",\"breadcrumb\":{\"@id\":\"https:\\\/\\\/lospoliticosveracruz.com\\\/?p=108166#breadcrumb\"},\"inLanguage\":\"es\",\"potentialAction\":[{\"@type\":\"ReadAction\",\"target\":[\"https:\\\/\\\/lospoliticosveracruz.com\\\/?p=108166\"]}]},{\"@type\":\"ImageObject\",\"inLanguage\":\"es\",\"@id\":\"https:\\\/\\\/lospoliticosveracruz.com\\\/?p=108166#primaryimage\",\"url\":\"https:\\\/\\\/lospoliticosveracruz.com.mx\\\/wp-content\\\/uploads\\\/2023\\\/02\\\/Vinissimo.jpg\",\"contentUrl\":\"https:\\\/\\\/lospoliticosveracruz.com.mx\\\/wp-content\\\/uploads\\\/2023\\\/02\\\/Vinissimo.jpg\"},{\"@type\":\"BreadcrumbList\",\"@id\":\"https:\\\/\\\/lospoliticosveracruz.com\\\/?p=108166#breadcrumb\",\"itemListElement\":[{\"@type\":\"ListItem\",\"position\":1,\"name\":\"Portada\",\"item\":\"https:\\\/\\\/lospoliticosveracruz.com\\\/\"},{\"@type\":\"ListItem\",\"position\":2,\"name\":\"OTRA VEZ EL Z\u00d3CALO!\"}]},{\"@type\":\"WebSite\",\"@id\":\"https:\\\/\\\/lospoliticosveracruz.com\\\/#website\",\"url\":\"https:\\\/\\\/lospoliticosveracruz.com\\\/\",\"name\":\"Los pol\u00edticos Veracruz\",\"description\":\"\",\"publisher\":{\"@id\":\"https:\\\/\\\/lospoliticosveracruz.com\\\/#organization\"},\"potentialAction\":[{\"@type\":\"SearchAction\",\"target\":{\"@type\":\"EntryPoint\",\"urlTemplate\":\"https:\\\/\\\/lospoliticosveracruz.com\\\/?s={search_term_string}\"},\"query-input\":{\"@type\":\"PropertyValueSpecification\",\"valueRequired\":true,\"valueName\":\"search_term_string\"}}],\"inLanguage\":\"es\"},{\"@type\":\"Organization\",\"@id\":\"https:\\\/\\\/lospoliticosveracruz.com\\\/#organization\",\"name\":\"Los pol\u00edticos Veracruz\",\"url\":\"https:\\\/\\\/lospoliticosveracruz.com\\\/\",\"logo\":{\"@type\":\"ImageObject\",\"inLanguage\":\"es\",\"@id\":\"https:\\\/\\\/lospoliticosveracruz.com\\\/#\\\/schema\\\/logo\\\/image\\\/\",\"url\":\"https:\\\/\\\/lospoliticosveracruz.com\\\/wp-content\\\/uploads\\\/2025\\\/12\\\/Logo-Nuevo-LOS-POLITICOS-1.jpg\",\"contentUrl\":\"https:\\\/\\\/lospoliticosveracruz.com\\\/wp-content\\\/uploads\\\/2025\\\/12\\\/Logo-Nuevo-LOS-POLITICOS-1.jpg\",\"width\":260,\"height\":70,\"caption\":\"Los pol\u00edticos Veracruz\"},\"image\":{\"@id\":\"https:\\\/\\\/lospoliticosveracruz.com\\\/#\\\/schema\\\/logo\\\/image\\\/\"},\"sameAs\":[\"https:\\\/\\\/www.facebook.com\\\/people\\\/Notimemes-de-los-Polticos\\\/61565672886568\\\/\",\"https:\\\/\\\/x.com\\\/LosPoliticosVer\"]},{\"@type\":\"Person\",\"@id\":\"https:\\\/\\\/lospoliticosveracruz.com\\\/#\\\/schema\\\/person\\\/b8702bb0e538456e6efd07080bf2a4a2\",\"name\":\"Lo viste en Los Pol\u00edticos\",\"image\":{\"@type\":\"ImageObject\",\"inLanguage\":\"es\",\"@id\":\"https:\\\/\\\/secure.gravatar.com\\\/avatar\\\/3a8de04a2656d44082be478bd6c086daa447c4651605818287b9532d3d0bd435?s=96&d=mm&r=g\",\"url\":\"https:\\\/\\\/secure.gravatar.com\\\/avatar\\\/3a8de04a2656d44082be478bd6c086daa447c4651605818287b9532d3d0bd435?s=96&d=mm&r=g\",\"contentUrl\":\"https:\\\/\\\/secure.gravatar.com\\\/avatar\\\/3a8de04a2656d44082be478bd6c086daa447c4651605818287b9532d3d0bd435?s=96&d=mm&r=g\",\"caption\":\"Lo viste en Los Pol\u00edticos\"},\"url\":\"https:\\\/\\\/lospoliticosveracruz.com\\\/?author=2\"}]}<\/script>\n<!-- \/ Yoast SEO plugin. -->","yoast_head_json":{"title":"OTRA VEZ EL Z\u00d3CALO! - Los pol\u00edticos Veracruz","robots":{"index":"index","follow":"follow","max-snippet":"max-snippet:-1","max-image-preview":"max-image-preview:large","max-video-preview":"max-video-preview:-1"},"canonical":"https:\/\/lospoliticosveracruz.com\/?p=108166","og_locale":"es_ES","og_type":"article","og_title":"OTRA VEZ EL Z\u00d3CALO! - Los pol\u00edticos Veracruz","og_description":"Juan Javier G\u00f3mez Cazar\u00edn*Parlamento Veracruz El Z\u00f3calo es el coraz\u00f3n pol\u00edtico de M\u00e9xico. Ah\u00ed se concentra el sentir de la gente. Ah\u00ed se expresa lo que est\u00e1 pensando el pueblo. Este s\u00e1bado, pis\u00e9 el Z\u00f3calo una vez m\u00e1s \u2013ya hasta perd\u00ed la cuenta-. Rodeado de amigas y amigos, lo camin\u00e9 alegre, orgulloso, optimista. M\u00e1s que [&hellip;]","og_url":"https:\/\/lospoliticosveracruz.com\/?p=108166","og_site_name":"Los pol\u00edticos Veracruz","article_publisher":"https:\/\/www.facebook.com\/people\/Notimemes-de-los-Polticos\/61565672886568\/","article_published_time":"2023-07-03T18:09:03+00:00","article_modified_time":"2023-07-03T18:09:12+00:00","og_image":[{"url":"https:\/\/lospoliticosveracruz.com.mx\/wp-content\/uploads\/2023\/02\/Vinissimo.jpg","type":"","width":"","height":""}],"author":"Lo viste en Los Pol\u00edticos","twitter_card":"summary_large_image","twitter_creator":"@LosPoliticosVer","twitter_site":"@LosPoliticosVer","twitter_misc":{"Escrito por":"Lo viste en Los Pol\u00edticos","Tiempo de lectura":"2 minutos"},"schema":{"@context":"https:\/\/schema.org","@graph":[{"@type":"Article","@id":"https:\/\/lospoliticosveracruz.com\/?p=108166#article","isPartOf":{"@id":"https:\/\/lospoliticosveracruz.com\/?p=108166"},"author":{"name":"Lo viste en Los Pol\u00edticos","@id":"https:\/\/lospoliticosveracruz.com\/#\/schema\/person\/b8702bb0e538456e6efd07080bf2a4a2"},"headline":"OTRA VEZ EL Z\u00d3CALO!","datePublished":"2023-07-03T18:09:03+00:00","dateModified":"2023-07-03T18:09:12+00:00","mainEntityOfPage":{"@id":"https:\/\/lospoliticosveracruz.com\/?p=108166"},"wordCount":412,"publisher":{"@id":"https:\/\/lospoliticosveracruz.com\/#organization"},"image":{"@id":"https:\/\/lospoliticosveracruz.com\/?p=108166#primaryimage"},"thumbnailUrl":"https:\/\/lospoliticosveracruz.com.mx\/wp-content\/uploads\/2023\/02\/Vinissimo.jpg","keywords":["Andr\u00e9s Manuel L\u00f3pez Obrador","Juan Javier G\u00f3mez Cazar\u00edn*","Morena","Veracruz"],"articleSection":["De Opini\u00f3n"],"inLanguage":"es"},{"@type":"WebPage","@id":"https:\/\/lospoliticosveracruz.com\/?p=108166","url":"https:\/\/lospoliticosveracruz.com\/?p=108166","name":"OTRA VEZ EL Z\u00d3CALO! - Los pol\u00edticos Veracruz","isPartOf":{"@id":"https:\/\/lospoliticosveracruz.com\/#website"},"primaryImageOfPage":{"@id":"https:\/\/lospoliticosveracruz.com\/?p=108166#primaryimage"},"image":{"@id":"https:\/\/lospoliticosveracruz.com\/?p=108166#primaryimage"},"thumbnailUrl":"https:\/\/lospoliticosveracruz.com.mx\/wp-content\/uploads\/2023\/02\/Vinissimo.jpg","datePublished":"2023-07-03T18:09:03+00:00","dateModified":"2023-07-03T18:09:12+00:00","breadcrumb":{"@id":"https:\/\/lospoliticosveracruz.com\/?p=108166#breadcrumb"},"inLanguage":"es","potentialAction":[{"@type":"ReadAction","target":["https:\/\/lospoliticosveracruz.com\/?p=108166"]}]},{"@type":"ImageObject","inLanguage":"es","@id":"https:\/\/lospoliticosveracruz.com\/?p=108166#primaryimage","url":"https:\/\/lospoliticosveracruz.com.mx\/wp-content\/uploads\/2023\/02\/Vinissimo.jpg","contentUrl":"https:\/\/lospoliticosveracruz.com.mx\/wp-content\/uploads\/2023\/02\/Vinissimo.jpg"},{"@type":"BreadcrumbList","@id":"https:\/\/lospoliticosveracruz.com\/?p=108166#breadcrumb","itemListElement":[{"@type":"ListItem","position":1,"name":"Portada","item":"https:\/\/lospoliticosveracruz.com\/"},{"@type":"ListItem","position":2,"name":"OTRA VEZ EL Z\u00d3CALO!"}]},{"@type":"WebSite","@id":"https:\/\/lospoliticosveracruz.com\/#website","url":"https:\/\/lospoliticosveracruz.com\/","name":"Los pol\u00edticos Veracruz","description":"","publisher":{"@id":"https:\/\/lospoliticosveracruz.com\/#organization"},"potentialAction":[{"@type":"SearchAction","target":{"@type":"EntryPoint","urlTemplate":"https:\/\/lospoliticosveracruz.com\/?s={search_term_string}"},"query-input":{"@type":"PropertyValueSpecification","valueRequired":true,"valueName":"search_term_string"}}],"inLanguage":"es"},{"@type":"Organization","@id":"https:\/\/lospoliticosveracruz.com\/#organization","name":"Los pol\u00edticos Veracruz","url":"https:\/\/lospoliticosveracruz.com\/","logo":{"@type":"ImageObject","inLanguage":"es","@id":"https:\/\/lospoliticosveracruz.com\/#\/schema\/logo\/image\/","url":"https:\/\/lospoliticosveracruz.com\/wp-content\/uploads\/2025\/12\/Logo-Nuevo-LOS-POLITICOS-1.jpg","contentUrl":"https:\/\/lospoliticosveracruz.com\/wp-content\/uploads\/2025\/12\/Logo-Nuevo-LOS-POLITICOS-1.jpg","width":260,"height":70,"caption":"Los pol\u00edticos Veracruz"},"image":{"@id":"https:\/\/lospoliticosveracruz.com\/#\/schema\/logo\/image\/"},"sameAs":["https:\/\/www.facebook.com\/people\/Notimemes-de-los-Polticos\/61565672886568\/","https:\/\/x.com\/LosPoliticosVer"]},{"@type":"Person","@id":"https:\/\/lospoliticosveracruz.com\/#\/schema\/person\/b8702bb0e538456e6efd07080bf2a4a2","name":"Lo viste en Los Pol\u00edticos","image":{"@type":"ImageObject","inLanguage":"es","@id":"https:\/\/secure.gravatar.com\/avatar\/3a8de04a2656d44082be478bd6c086daa447c4651605818287b9532d3d0bd435?s=96&d=mm&r=g","url":"https:\/\/secure.gravatar.com\/avatar\/3a8de04a2656d44082be478bd6c086daa447c4651605818287b9532d3d0bd435?s=96&d=mm&r=g","contentUrl":"https:\/\/secure.gravatar.com\/avatar\/3a8de04a2656d44082be478bd6c086daa447c4651605818287b9532d3d0bd435?s=96&d=mm&r=g","caption":"Lo viste en Los Pol\u00edticos"},"url":"https:\/\/lospoliticosveracruz.com\/?author=2"}]}},"_links":{"self":[{"href":"https:\/\/lospoliticosveracruz.com\/index.php?rest_route=\/wp\/v2\/posts\/108166","targetHints":{"allow":["GET"]}}],"collection":[{"href":"https:\/\/lospoliticosveracruz.com\/index.php?rest_route=\/wp\/v2\/posts"}],"about":[{"href":"https:\/\/lospoliticosveracruz.com\/index.php?rest_route=\/wp\/v2\/types\/post"}],"author":[{"embeddable":true,"href":"https:\/\/lospoliticosveracruz.com\/index.php?rest_route=\/wp\/v2\/users\/2"}],"replies":[{"embeddable":true,"href":"https:\/\/lospoliticosveracruz.com\/index.php?rest_route=%2Fwp%2Fv2%2Fcomments&post=108166"}],"version-history":[{"count":1,"href":"https:\/\/lospoliticosveracruz.com\/index.php?rest_route=\/wp\/v2\/posts\/108166\/revisions"}],"predecessor-version":[{"id":108168,"href":"https:\/\/lospoliticosveracruz.com\/index.php?rest_route=\/wp\/v2\/posts\/108166\/revisions\/108168"}],"wp:attachment":[{"href":"https:\/\/lospoliticosveracruz.com\/index.php?rest_route=%2Fwp%2Fv2%2Fmedia&parent=108166"}],"wp:term":[{"taxonomy":"category","embeddable":true,"href":"https:\/\/lospoliticosveracruz.com\/index.php?rest_route=%2Fwp%2Fv2%2Fcategories&post=108166"},{"taxonomy":"post_tag","embeddable":true,"href":"https:\/\/lospoliticosveracruz.com\/index.php?rest_route=%2Fwp%2Fv2%2Ftags&post=108166"}],"curies":[{"name":"wp","href":"https:\/\/api.w.org\/{rel}","templated":true}]}}