{"id":108186,"date":"2023-07-03T18:46:29","date_gmt":"2023-07-03T23:46:29","guid":{"rendered":"https:\/\/lospoliticosveracruz.com.mx\/?p=108186"},"modified":"2023-07-03T18:46:38","modified_gmt":"2023-07-03T23:46:38","slug":"el-violentador-julen","status":"publish","type":"post","link":"https:\/\/lospoliticosveracruz.com\/?p=108186","title":{"rendered":"EL VIOLENTADOR JULEN\u2026"},"content":{"rendered":"\n<p><strong>Adriana Mu\u00f1oz<\/strong><\/p>\n\n\n\n<p><em>Sin Rencores<\/em><\/p>\n\n\n\n<p>La violencia y misoginia de Julen Rementer\u00eda del Puerto no solo fue heredada por su hijo Imanol N, sino que cada lunes ya sea en el tradicional caf\u00e9 en Xalapa, frente a palacio de Gobierno o en el puerto, queda de manifiesto cuando antes de regresar al Senado de la Rep\u00fablica pasa a despotricar en contra de la Secretaria de Energ\u00eda, Roc\u00edo Nahle Garc\u00eda a quien a fuerza pretende provocar para subirla al ring medi\u00e1tico.<\/p>\n\n\n\n<p><a href=\"https:\/\/youtu.be\/Nxe-vxf8GuY\"><\/a><\/p>\n\n\n\n<figure class=\"wp-block-embed is-type-video is-provider-youtube wp-block-embed-youtube wp-embed-aspect-16-9 wp-has-aspect-ratio\"><div class=\"wp-block-embed__wrapper\">\n<iframe loading=\"lazy\" title=\"Cluster Coworking\" width=\"696\" height=\"392\" src=\"https:\/\/www.youtube.com\/embed\/Nxe-vxf8GuY?feature=oembed\" frameborder=\"0\" allow=\"accelerometer; autoplay; clipboard-write; encrypted-media; gyroscope; picture-in-picture; web-share\" referrerpolicy=\"strict-origin-when-cross-origin\" allowfullscreen><\/iframe>\n<\/div><\/figure>\n\n\n\n<p>Alguien que le diga que se desgasta en vano, o como los gallegos: a lo puro \u2026endejo porque una secretaria de Estado y adem\u00e1s una dama jam\u00e1s va a rebajar su investidura a pleitos medi\u00e1ticos ni a debates est\u00e9riles y menos cuando su encargo est\u00e1 por arriba de rencillas pol\u00edticas y absurdas suposiciones de quien no termin\u00f3 ni el bachillerato, sin menospreciar.&nbsp;<\/p>\n\n\n\n<p>Sin embargo, el que Julen Rementer\u00eda haya comprendido hace muchos a\u00f1os el gran negocio que es la pol\u00edtica y que por ende, se haya convertido en un empresario de la misma al grado de convertir sus negociaciones en un emporio familiar, no implica que todos sean iguales.<\/p>\n\n\n\n<p>Para muestra las encuestas, origen de los ataques de la oposici\u00f3n a las \u201ccorcholatas\u201d de la 4T para 2024, donde la puntera en Veracruz es Nahle por nombre y por marca.&nbsp;<\/p>\n\n\n\n<p>\u2014\u2014\u2014\/\/\/\u2014\u2014<\/p>\n\n\n\n<p><strong>JULEN, SABI\u00c9NDOSE\u2026<\/strong><\/p>\n\n\n\n<p>Al amparo del poder y con \u00ednfulas espa\u00f1oletas, ha demostrado de viva voz que tanto \u00e9l como padre y su hijo Imanol N, son adictos a la violencia y plasman el machismo y la mis\u00f3gina donde quiera que se paran.<\/p>\n\n\n\n<p>Este lunes, nuevamente, Julen Rementer\u00eda fue a la capital a vomitar su odio y desd\u00e9n contra la Secretaria de Energ\u00eda, Roc\u00edo Nahle ante el \u00e9xito de la construcci\u00f3n de la refiner\u00eda OLMECA y su alta popularidad en el Estado.<\/p>\n\n\n\n<p>Por ende, desesperado, ha pasado de la cr\u00edtica opositora al insulto, a las&nbsp;&nbsp;ofensas que rayan en lo grosero y hasta en la discriminaci\u00f3n, pero para el ilustre senador eso es normal, lo tiene en su ADN. No debe extra\u00f1arnos.<\/p>\n\n\n\n<p>Dicho sea de paso, ADN que le ha transmitido a su hijo Imanol N quien cuenta con una orden de aprensi\u00f3n por parte de la Fiscal\u00eda General de Veracruz&nbsp;misma que tambi\u00e9n fue emitida contra los \u201camiguitos\u201d del junior quienes en 2019 habr\u00edan participado en una golpiza&nbsp;en contra de&nbsp;&nbsp;Manuel P\u00e9rez Sainz de la Fuente.<\/p>\n\n\n\n<p>Los montoneros y \u201cvalientes\u201d v\u00e1stagos se\u00f1alados son Imanol N, Juan Antonio \u00abN\u00bb, Hugo Eduardo \u00abN\u00bb y Alejandro \u00abN\u00bb, todos acusados de lesiones dolosas&nbsp;quienes le habr\u00edan provocado a Sainz de la Fuente afectaciones en el ojo izquierdo y un desprendimiento de retina, as\u00ed como una fractura en la nariz.<\/p>\n\n\n\n<p>\u2014\u2014-\/\/\/\u2014\u2014<\/p>\n\n\n\n<p><strong>SIN EMBARGO\u2026<\/strong><\/p>\n\n\n\n<p>Parece ser que la violencia no es el \u00fanico gen que ha heredado a sus hijos y para muestra otro bot\u00f3n.<\/p>\n\n\n\n<p>Ah\u00ed est\u00e1 el ausente Bingen Rementer\u00eda, flamante diputado local del PAN gracias a las negociaciones de su padre pues el chamaco jam\u00e1s ha dado golpe, no obstante ya es otro vividor de la pol\u00edtica y anda loco por ser alcalde de Veracruz sin m\u00e9rito pol\u00edtico alguno m\u00e1s que ser el hijo de.<\/p>\n\n\n\n<p>Es m\u00e1s, si usted desea una gesti\u00f3n con el joven legislador es m\u00e1s f\u00e1cil que lo busque en un bar del Puerto de Veracruz o Xalapa -eso si va a sesi\u00f3n-, siempre brindando por sus nuevos \u201cnegocios\u201d inmobiliarios a que est\u00e9 en su curul u oficina en el Congreso Local.<\/p>\n\n\n\n<p>Sus compa\u00f1eros de bancada ya le dicen \u201cla corcholata\u201d, porque cuando no est\u00e1 en la botella, est\u00e1 en el piso.&nbsp;<\/p>\n\n\n\n<p>Como prueba de la ascendencia gen\u00e9tica de Julen, ah\u00ed est\u00e1 su propia conferencia de este lunes.<\/p>\n\n\n\n<p>El mismo senador azul utiliza el argot de sus debilidades al criticar la refiner\u00eda de Dos Bocas \u201cse habla de un pre arranque, como si fuera un \u201cprecopeo\u201d, dijo textual, simplemente no lo puede evitar.<\/p>\n\n\n\n<p>La cruda moral y f\u00edsica lo traicionan.&nbsp;<\/p>\n\n\n\n<p>Cree que hacer y hablar de una refiner\u00eda es escoger un buen escoc\u00e9s o vender muebles y ropa al mayoreo como en sus or\u00edgenes lo cual no es malo ni denigrante pero tampoco puede comparar la complejidad de acomodar la mercanc\u00eda a planear, proyectar y arrancar una factor\u00eda \u00bfpues como?<\/p>\n\n\n\n<p>Es pedirle peras al olmo.<\/p>\n\n\n\n<p>\u2014\u2014\u2014\/\/\/\u2014\u2014<\/p>\n\n\n\n<p><strong>A JULEN\u2026<\/strong><\/p>\n\n\n\n<p>Se le olvida que en el mismo nivel y discurso, all\u00e1 en San L\u00e1zaro, en calidad de senadora de la Rep\u00fablica y tambi\u00e9n como funcionaria, Roc\u00edo Nahle ya le contest\u00f3 y ataj\u00f3 sus insultos y diatribas medi\u00e1ticas aquel 26 de octubre de 2020 en el pleno de la C\u00e1mara Alta.<\/p>\n\n\n\n<p>En su respuesta hacia Rementer\u00eda fue clara y contundente y cito:<\/p>\n\n\n\n<p>-Paso a la intervenci\u00f3n del Senador Julen:<\/p>\n\n\n\n<p>\u2014-Enga\u00f1ar. No senador no somos iguales. Yo no enga\u00f1o, yo di n\u00fameros exactos. Yo no vine a decir mentiras, vine a dar letras y n\u00fameros concretos, las campa\u00f1as pol\u00edticas son en otro lado, aqu\u00ed yo tengo una responsabilidad como secretaria y represento al ejecutivo.&nbsp;<\/p>\n\n\n\n<p>\u2014-Usted es representante de los ciudadanos y debe de cuidarlos y debe de protegerlos, no venir aqu\u00ed a difamar o a repetir una difamaci\u00f3n.<\/p>\n\n\n\n<p>Por \u00faltimo le sentenci\u00f3 que en el pleno no iba a protagonizar un debate est\u00e9ril con temas pol\u00edticos ajenos a los legislativos, los pol\u00edticos, advirti\u00f3 la senadora con licencia, los volver\u00edan a tocar seguramente en otro escenario.&nbsp;<\/p>\n\n\n\n<p>El tap\u00f3n de boca que en el pleno dio Nahle a Rementer\u00eda en ese entonces parece no le bast\u00f3.<\/p>\n\n\n\n<p>Desesperado c\u00f3mo est\u00e1 por pactar nuevamente posiciones a cambio de sus propias aspiraciones como siempre hace de cara a 2024, hace de todo por llamar la atenci\u00f3n de quien ser\u00e1 la pr\u00f3xima gobernadora de Veracruz.<\/p>\n\n\n\n<p>No debe olvidar el \u201ccr\u00edtico\u201d senador que los acuerdos fenecen al concluir las administraciones y que una vez que se cambia la estafeta, es borr\u00f3n y cuenta nueva.&nbsp;<\/p>\n\n\n\n<p>P.D. Dicen los reporteros de Xalapa y Veracruz que una cosa es que lo cubran porque no est\u00e1n en n\u00f3mina en la 4T pero otra es que Julen llegue cada lunes a los caf\u00e9s en la capital y el puerto y no quiera ni pagarles el caf\u00e9 y la canilla. Que no sea marro. Tiene para eso y para m\u00e1s.&nbsp;<\/p>\n\n\n\n<p>\u2014\u2014-\/\/\/\u2014\u2014<\/p>\n\n\n\n<p><strong>AMLO\u2026<\/strong><\/p>\n\n\n\n<p>Confirm\u00f3 que la oposici\u00f3n est\u00e1 tan desesperada que mientras los priistas aliados se est\u00e1n bajando del carro y dicen que no ir\u00e1n ya por la grande, otros creen que la panista neoind\u00edgena X\u00f3chitl Galvez ser\u00e1 la soluci\u00f3n a sus problemas de liquidez, contratos y les garantizar\u00e1 retomar el control del pa\u00eds. Craso error.<\/p>\n\n\n\n<p>Acostumbrada al mitote y la faramalla, la hoy senadora compa\u00f1era de Julen Rementer\u00eda por cierto, trae lastres muy pesados que deber\u00e1 aclarar al \u201cpueblo bueno\u201d antes de criticar una gran obra como Dos Bocas por ejemplo, de la que habla sin conocimiento de causa.<\/p>\n\n\n\n<p>De entrada, una hermana criminal y sendos se\u00f1alamientos en todo lo que lleva de su carrera pol\u00edtica, siempre enquistada en la burbuja del poder pese a que \u201cde ni\u00f1a vendi\u00f3 gelatinas para sobrevivir\u201d<\/p>\n\n\n\n<p>La hipocres\u00eda de la oposici\u00f3n est\u00e1 bien representada y apuestan a una mujer manipulable para denostar e insultar a la puntera de la 4T, Claudia Sheimbaum.&nbsp;<\/p>\n\n\n\n<p>Ojal\u00e1 con ese arrojo con el que pide cuentas de Dos Bocas, X\u00f3chitl Galvez hubiese cuestionado los millones de d\u00f3lares que cost\u00f3 la barda de la refiner\u00eda que su expresidente Felipe Calder\u00f3n iba a construir en Guanajuato, hoy tambi\u00e9n gobernado por el PAN y plagado de violencia.&nbsp;<\/p>\n\n\n\n<p>Al tiempo.<\/p>\n\n\n\n<p>e-mail: sinrencorespuntocom@gmail.com<\/p>\n\n\n\n<p><a href=\"https:\/\/lospoliticosveracruz.com.mx\/?p=108178\"><\/a><br><\/p>\n","protected":false},"excerpt":{"rendered":"<p>Adriana Mu\u00f1oz Sin Rencores La violencia y misoginia de Julen Rementer\u00eda del Puerto no solo fue heredada por su hijo Imanol N, sino que cada lunes ya sea en el tradicional caf\u00e9 en Xalapa, frente a palacio de Gobierno o en el puerto, queda de manifiesto cuando antes de regresar al Senado de la Rep\u00fablica [&hellip;]<\/p>\n","protected":false},"author":2,"featured_media":0,"comment_status":"closed","ping_status":"closed","sticky":false,"template":"","format":"standard","meta":{"tdm_status":"","tdm_grid_status":"","footnotes":""},"categories":[70],"tags":[23135,618,14643,1130,1026,3578,195],"class_list":{"0":"post-108186","1":"post","2":"type-post","3":"status-publish","4":"format-standard","6":"category-de-opinion","7":"tag-adriana-munoz","8":"tag-andres-manuel-lopez-obrador","9":"tag-dos-bocas","10":"tag-julen-rementeria","11":"tag-morena","12":"tag-rocio-nahle","13":"tag-veracruz"},"yoast_head":"<!-- This site is optimized with the Yoast SEO plugin v27.4 - https:\/\/yoast.com\/product\/yoast-seo-wordpress\/ -->\n<title>EL VIOLENTADOR JULEN\u2026 - Los pol\u00edticos Veracruz<\/title>\n<meta name=\"robots\" content=\"index, follow, max-snippet:-1, max-image-preview:large, max-video-preview:-1\" \/>\n<link rel=\"canonical\" href=\"https:\/\/lospoliticosveracruz.com\/?p=108186\" \/>\n<meta property=\"og:locale\" content=\"es_ES\" \/>\n<meta property=\"og:type\" content=\"article\" \/>\n<meta property=\"og:title\" content=\"EL VIOLENTADOR JULEN\u2026 - Los pol\u00edticos Veracruz\" \/>\n<meta property=\"og:description\" content=\"Adriana Mu\u00f1oz Sin Rencores La violencia y misoginia de Julen Rementer\u00eda del Puerto no solo fue heredada por su hijo Imanol N, sino que cada lunes ya sea en el tradicional caf\u00e9 en Xalapa, frente a palacio de Gobierno o en el puerto, queda de manifiesto cuando antes de regresar al Senado de la Rep\u00fablica [&hellip;]\" \/>\n<meta property=\"og:url\" content=\"https:\/\/lospoliticosveracruz.com\/?p=108186\" \/>\n<meta property=\"og:site_name\" content=\"Los pol\u00edticos Veracruz\" \/>\n<meta property=\"article:publisher\" content=\"https:\/\/www.facebook.com\/people\/Notimemes-de-los-Polticos\/61565672886568\/\" \/>\n<meta property=\"article:published_time\" content=\"2023-07-03T23:46:29+00:00\" \/>\n<meta property=\"article:modified_time\" content=\"2023-07-03T23:46:38+00:00\" \/>\n<meta property=\"og:image\" content=\"https:\/\/lospoliticosveracruz.com\/wp-content\/uploads\/2016\/07\/Logo-Dor.jpg\" \/>\n\t<meta property=\"og:image:width\" content=\"200\" \/>\n\t<meta property=\"og:image:height\" content=\"200\" \/>\n\t<meta property=\"og:image:type\" content=\"image\/jpeg\" \/>\n<meta name=\"author\" content=\"Lo viste en Los Pol\u00edticos\" \/>\n<meta name=\"twitter:card\" content=\"summary_large_image\" \/>\n<meta name=\"twitter:creator\" content=\"@LosPoliticosVer\" \/>\n<meta name=\"twitter:site\" content=\"@LosPoliticosVer\" \/>\n<meta name=\"twitter:label1\" content=\"Escrito por\" \/>\n\t<meta name=\"twitter:data1\" content=\"Lo viste en Los Pol\u00edticos\" \/>\n\t<meta name=\"twitter:label2\" content=\"Tiempo de lectura\" \/>\n\t<meta name=\"twitter:data2\" content=\"7 minutos\" \/>\n<script type=\"application\/ld+json\" class=\"yoast-schema-graph\">{\"@context\":\"https:\\\/\\\/schema.org\",\"@graph\":[{\"@type\":\"Article\",\"@id\":\"https:\\\/\\\/lospoliticosveracruz.com\\\/?p=108186#article\",\"isPartOf\":{\"@id\":\"https:\\\/\\\/lospoliticosveracruz.com\\\/?p=108186\"},\"author\":{\"name\":\"Lo viste en Los Pol\u00edticos\",\"@id\":\"https:\\\/\\\/lospoliticosveracruz.com\\\/#\\\/schema\\\/person\\\/b8702bb0e538456e6efd07080bf2a4a2\"},\"headline\":\"EL VIOLENTADOR JULEN\u2026\",\"datePublished\":\"2023-07-03T23:46:29+00:00\",\"dateModified\":\"2023-07-03T23:46:38+00:00\",\"mainEntityOfPage\":{\"@id\":\"https:\\\/\\\/lospoliticosveracruz.com\\\/?p=108186\"},\"wordCount\":1359,\"publisher\":{\"@id\":\"https:\\\/\\\/lospoliticosveracruz.com\\\/#organization\"},\"keywords\":[\"Adriana Mu\u00f1oz\",\"Andr\u00e9s Manuel L\u00f3pez Obrador\",\"Dos Bocas\",\"Julen Rementer\u00eda\",\"Morena\",\"Roc\u00edo Nahle\",\"Veracruz\"],\"articleSection\":[\"De Opini\u00f3n\"],\"inLanguage\":\"es\"},{\"@type\":\"WebPage\",\"@id\":\"https:\\\/\\\/lospoliticosveracruz.com\\\/?p=108186\",\"url\":\"https:\\\/\\\/lospoliticosveracruz.com\\\/?p=108186\",\"name\":\"EL VIOLENTADOR JULEN\u2026 - Los pol\u00edticos Veracruz\",\"isPartOf\":{\"@id\":\"https:\\\/\\\/lospoliticosveracruz.com\\\/#website\"},\"datePublished\":\"2023-07-03T23:46:29+00:00\",\"dateModified\":\"2023-07-03T23:46:38+00:00\",\"breadcrumb\":{\"@id\":\"https:\\\/\\\/lospoliticosveracruz.com\\\/?p=108186#breadcrumb\"},\"inLanguage\":\"es\",\"potentialAction\":[{\"@type\":\"ReadAction\",\"target\":[\"https:\\\/\\\/lospoliticosveracruz.com\\\/?p=108186\"]}]},{\"@type\":\"BreadcrumbList\",\"@id\":\"https:\\\/\\\/lospoliticosveracruz.com\\\/?p=108186#breadcrumb\",\"itemListElement\":[{\"@type\":\"ListItem\",\"position\":1,\"name\":\"Portada\",\"item\":\"https:\\\/\\\/lospoliticosveracruz.com\\\/\"},{\"@type\":\"ListItem\",\"position\":2,\"name\":\"EL VIOLENTADOR JULEN\u2026\"}]},{\"@type\":\"WebSite\",\"@id\":\"https:\\\/\\\/lospoliticosveracruz.com\\\/#website\",\"url\":\"https:\\\/\\\/lospoliticosveracruz.com\\\/\",\"name\":\"Los pol\u00edticos Veracruz\",\"description\":\"\",\"publisher\":{\"@id\":\"https:\\\/\\\/lospoliticosveracruz.com\\\/#organization\"},\"potentialAction\":[{\"@type\":\"SearchAction\",\"target\":{\"@type\":\"EntryPoint\",\"urlTemplate\":\"https:\\\/\\\/lospoliticosveracruz.com\\\/?s={search_term_string}\"},\"query-input\":{\"@type\":\"PropertyValueSpecification\",\"valueRequired\":true,\"valueName\":\"search_term_string\"}}],\"inLanguage\":\"es\"},{\"@type\":\"Organization\",\"@id\":\"https:\\\/\\\/lospoliticosveracruz.com\\\/#organization\",\"name\":\"Los pol\u00edticos Veracruz\",\"url\":\"https:\\\/\\\/lospoliticosveracruz.com\\\/\",\"logo\":{\"@type\":\"ImageObject\",\"inLanguage\":\"es\",\"@id\":\"https:\\\/\\\/lospoliticosveracruz.com\\\/#\\\/schema\\\/logo\\\/image\\\/\",\"url\":\"https:\\\/\\\/lospoliticosveracruz.com\\\/wp-content\\\/uploads\\\/2025\\\/12\\\/Logo-Nuevo-LOS-POLITICOS-1.jpg\",\"contentUrl\":\"https:\\\/\\\/lospoliticosveracruz.com\\\/wp-content\\\/uploads\\\/2025\\\/12\\\/Logo-Nuevo-LOS-POLITICOS-1.jpg\",\"width\":260,\"height\":70,\"caption\":\"Los pol\u00edticos Veracruz\"},\"image\":{\"@id\":\"https:\\\/\\\/lospoliticosveracruz.com\\\/#\\\/schema\\\/logo\\\/image\\\/\"},\"sameAs\":[\"https:\\\/\\\/www.facebook.com\\\/people\\\/Notimemes-de-los-Polticos\\\/61565672886568\\\/\",\"https:\\\/\\\/x.com\\\/LosPoliticosVer\"]},{\"@type\":\"Person\",\"@id\":\"https:\\\/\\\/lospoliticosveracruz.com\\\/#\\\/schema\\\/person\\\/b8702bb0e538456e6efd07080bf2a4a2\",\"name\":\"Lo viste en Los Pol\u00edticos\",\"image\":{\"@type\":\"ImageObject\",\"inLanguage\":\"es\",\"@id\":\"https:\\\/\\\/secure.gravatar.com\\\/avatar\\\/3a8de04a2656d44082be478bd6c086daa447c4651605818287b9532d3d0bd435?s=96&d=mm&r=g\",\"url\":\"https:\\\/\\\/secure.gravatar.com\\\/avatar\\\/3a8de04a2656d44082be478bd6c086daa447c4651605818287b9532d3d0bd435?s=96&d=mm&r=g\",\"contentUrl\":\"https:\\\/\\\/secure.gravatar.com\\\/avatar\\\/3a8de04a2656d44082be478bd6c086daa447c4651605818287b9532d3d0bd435?s=96&d=mm&r=g\",\"caption\":\"Lo viste en Los Pol\u00edticos\"},\"url\":\"https:\\\/\\\/lospoliticosveracruz.com\\\/?author=2\"}]}<\/script>\n<!-- \/ Yoast SEO plugin. -->","yoast_head_json":{"title":"EL VIOLENTADOR JULEN\u2026 - Los pol\u00edticos Veracruz","robots":{"index":"index","follow":"follow","max-snippet":"max-snippet:-1","max-image-preview":"max-image-preview:large","max-video-preview":"max-video-preview:-1"},"canonical":"https:\/\/lospoliticosveracruz.com\/?p=108186","og_locale":"es_ES","og_type":"article","og_title":"EL VIOLENTADOR JULEN\u2026 - Los pol\u00edticos Veracruz","og_description":"Adriana Mu\u00f1oz Sin Rencores La violencia y misoginia de Julen Rementer\u00eda del Puerto no solo fue heredada por su hijo Imanol N, sino que cada lunes ya sea en el tradicional caf\u00e9 en Xalapa, frente a palacio de Gobierno o en el puerto, queda de manifiesto cuando antes de regresar al Senado de la Rep\u00fablica [&hellip;]","og_url":"https:\/\/lospoliticosveracruz.com\/?p=108186","og_site_name":"Los pol\u00edticos Veracruz","article_publisher":"https:\/\/www.facebook.com\/people\/Notimemes-de-los-Polticos\/61565672886568\/","article_published_time":"2023-07-03T23:46:29+00:00","article_modified_time":"2023-07-03T23:46:38+00:00","og_image":[{"width":200,"height":200,"url":"https:\/\/lospoliticosveracruz.com\/wp-content\/uploads\/2016\/07\/Logo-Dor.jpg","type":"image\/jpeg"}],"author":"Lo viste en Los Pol\u00edticos","twitter_card":"summary_large_image","twitter_creator":"@LosPoliticosVer","twitter_site":"@LosPoliticosVer","twitter_misc":{"Escrito por":"Lo viste en Los Pol\u00edticos","Tiempo de lectura":"7 minutos"},"schema":{"@context":"https:\/\/schema.org","@graph":[{"@type":"Article","@id":"https:\/\/lospoliticosveracruz.com\/?p=108186#article","isPartOf":{"@id":"https:\/\/lospoliticosveracruz.com\/?p=108186"},"author":{"name":"Lo viste en Los Pol\u00edticos","@id":"https:\/\/lospoliticosveracruz.com\/#\/schema\/person\/b8702bb0e538456e6efd07080bf2a4a2"},"headline":"EL VIOLENTADOR JULEN\u2026","datePublished":"2023-07-03T23:46:29+00:00","dateModified":"2023-07-03T23:46:38+00:00","mainEntityOfPage":{"@id":"https:\/\/lospoliticosveracruz.com\/?p=108186"},"wordCount":1359,"publisher":{"@id":"https:\/\/lospoliticosveracruz.com\/#organization"},"keywords":["Adriana Mu\u00f1oz","Andr\u00e9s Manuel L\u00f3pez Obrador","Dos Bocas","Julen Rementer\u00eda","Morena","Roc\u00edo Nahle","Veracruz"],"articleSection":["De Opini\u00f3n"],"inLanguage":"es"},{"@type":"WebPage","@id":"https:\/\/lospoliticosveracruz.com\/?p=108186","url":"https:\/\/lospoliticosveracruz.com\/?p=108186","name":"EL VIOLENTADOR JULEN\u2026 - Los pol\u00edticos Veracruz","isPartOf":{"@id":"https:\/\/lospoliticosveracruz.com\/#website"},"datePublished":"2023-07-03T23:46:29+00:00","dateModified":"2023-07-03T23:46:38+00:00","breadcrumb":{"@id":"https:\/\/lospoliticosveracruz.com\/?p=108186#breadcrumb"},"inLanguage":"es","potentialAction":[{"@type":"ReadAction","target":["https:\/\/lospoliticosveracruz.com\/?p=108186"]}]},{"@type":"BreadcrumbList","@id":"https:\/\/lospoliticosveracruz.com\/?p=108186#breadcrumb","itemListElement":[{"@type":"ListItem","position":1,"name":"Portada","item":"https:\/\/lospoliticosveracruz.com\/"},{"@type":"ListItem","position":2,"name":"EL VIOLENTADOR JULEN\u2026"}]},{"@type":"WebSite","@id":"https:\/\/lospoliticosveracruz.com\/#website","url":"https:\/\/lospoliticosveracruz.com\/","name":"Los pol\u00edticos Veracruz","description":"","publisher":{"@id":"https:\/\/lospoliticosveracruz.com\/#organization"},"potentialAction":[{"@type":"SearchAction","target":{"@type":"EntryPoint","urlTemplate":"https:\/\/lospoliticosveracruz.com\/?s={search_term_string}"},"query-input":{"@type":"PropertyValueSpecification","valueRequired":true,"valueName":"search_term_string"}}],"inLanguage":"es"},{"@type":"Organization","@id":"https:\/\/lospoliticosveracruz.com\/#organization","name":"Los pol\u00edticos Veracruz","url":"https:\/\/lospoliticosveracruz.com\/","logo":{"@type":"ImageObject","inLanguage":"es","@id":"https:\/\/lospoliticosveracruz.com\/#\/schema\/logo\/image\/","url":"https:\/\/lospoliticosveracruz.com\/wp-content\/uploads\/2025\/12\/Logo-Nuevo-LOS-POLITICOS-1.jpg","contentUrl":"https:\/\/lospoliticosveracruz.com\/wp-content\/uploads\/2025\/12\/Logo-Nuevo-LOS-POLITICOS-1.jpg","width":260,"height":70,"caption":"Los pol\u00edticos Veracruz"},"image":{"@id":"https:\/\/lospoliticosveracruz.com\/#\/schema\/logo\/image\/"},"sameAs":["https:\/\/www.facebook.com\/people\/Notimemes-de-los-Polticos\/61565672886568\/","https:\/\/x.com\/LosPoliticosVer"]},{"@type":"Person","@id":"https:\/\/lospoliticosveracruz.com\/#\/schema\/person\/b8702bb0e538456e6efd07080bf2a4a2","name":"Lo viste en Los Pol\u00edticos","image":{"@type":"ImageObject","inLanguage":"es","@id":"https:\/\/secure.gravatar.com\/avatar\/3a8de04a2656d44082be478bd6c086daa447c4651605818287b9532d3d0bd435?s=96&d=mm&r=g","url":"https:\/\/secure.gravatar.com\/avatar\/3a8de04a2656d44082be478bd6c086daa447c4651605818287b9532d3d0bd435?s=96&d=mm&r=g","contentUrl":"https:\/\/secure.gravatar.com\/avatar\/3a8de04a2656d44082be478bd6c086daa447c4651605818287b9532d3d0bd435?s=96&d=mm&r=g","caption":"Lo viste en Los Pol\u00edticos"},"url":"https:\/\/lospoliticosveracruz.com\/?author=2"}]}},"_links":{"self":[{"href":"https:\/\/lospoliticosveracruz.com\/index.php?rest_route=\/wp\/v2\/posts\/108186","targetHints":{"allow":["GET"]}}],"collection":[{"href":"https:\/\/lospoliticosveracruz.com\/index.php?rest_route=\/wp\/v2\/posts"}],"about":[{"href":"https:\/\/lospoliticosveracruz.com\/index.php?rest_route=\/wp\/v2\/types\/post"}],"author":[{"embeddable":true,"href":"https:\/\/lospoliticosveracruz.com\/index.php?rest_route=\/wp\/v2\/users\/2"}],"replies":[{"embeddable":true,"href":"https:\/\/lospoliticosveracruz.com\/index.php?rest_route=%2Fwp%2Fv2%2Fcomments&post=108186"}],"version-history":[{"count":1,"href":"https:\/\/lospoliticosveracruz.com\/index.php?rest_route=\/wp\/v2\/posts\/108186\/revisions"}],"predecessor-version":[{"id":108188,"href":"https:\/\/lospoliticosveracruz.com\/index.php?rest_route=\/wp\/v2\/posts\/108186\/revisions\/108188"}],"wp:attachment":[{"href":"https:\/\/lospoliticosveracruz.com\/index.php?rest_route=%2Fwp%2Fv2%2Fmedia&parent=108186"}],"wp:term":[{"taxonomy":"category","embeddable":true,"href":"https:\/\/lospoliticosveracruz.com\/index.php?rest_route=%2Fwp%2Fv2%2Fcategories&post=108186"},{"taxonomy":"post_tag","embeddable":true,"href":"https:\/\/lospoliticosveracruz.com\/index.php?rest_route=%2Fwp%2Fv2%2Ftags&post=108186"}],"curies":[{"name":"wp","href":"https:\/\/api.w.org\/{rel}","templated":true}]}}