{"id":108193,"date":"2023-07-03T20:22:26","date_gmt":"2023-07-04T01:22:26","guid":{"rendered":"https:\/\/lospoliticosveracruz.com.mx\/?p=108193"},"modified":"2023-07-03T20:22:34","modified_gmt":"2023-07-04T01:22:34","slug":"el-nino-y-la-nina-nos-cobraran-factura","status":"publish","type":"post","link":"https:\/\/lospoliticosveracruz.com\/?p=108193","title":{"rendered":"EL NI\u00d1O Y LA NI\u00d1A NOS COBRAR\u00c1N FACTURA"},"content":{"rendered":"\n<p><strong>Jos\u00e9 Luis Enr\u00edquez Ambell<br><\/strong><em>Caf\u00e9 de Ma\u00f1ana<\/em><\/p>\n\n\n\n<p>En Am\u00e9rica Latina y el Caribe se conocen bien los cambios repentinos de temperatura, esto debido a las experiencias en vivir los&nbsp;fen\u00f3menos de \u00abEl Ni\u00f1o&#8217;&nbsp;y&nbsp;\u00abLa Ni\u00f1a\u00bb -patr\u00f3n clim\u00e1tico que es caracterizado por temporadas c\u00e1lidas, en el primer caso, y un enfriamiento, en el segundo- y en los dos momentos han pasado factura a m\u00e1s de un pa\u00eds en esta parte del continente.<\/p>\n\n\n\n<p>La ONU, a trav\u00e9s de la Oficina Regional para las Am\u00e9ricas y el Caribe para la Reducci\u00f3n del Riesgo de Desastres, desde principios de a\u00f1o ha informado que \u201cla regi\u00f3n ha asumido el 53% de las p\u00e9rdidas econ\u00f3micas globales\u201d relacionadas a estos acontecimientos, por los fen\u00f3menos El Ni\u00f1o y La Ni\u00f1a.<\/p>\n\n\n\n<p>Est\u00e1 demostrado que el 2022 fue marcado por un fuerte fen\u00f3meno de La Ni\u00f1a en pa\u00edses de Am\u00e9rica, y en algunos casos se alcanz\u00f3 un 60% superior en lluvias, lo que evidentemente lleva a cualquier pa\u00eds a declarar sus emergencias y esto impacta en la econom\u00eda en alg\u00fan momento.<\/p>\n\n\n\n<p>En ese sentido, las condiciones de una intensa sequ\u00eda o por el fen\u00f3meno de La Ni\u00f1a afectan los cultivos, secando r\u00edos e impactado la generaci\u00f3n hidroel\u00e9ctrica, lo que en Veracruz este 2023, en su primer semestre, ya nos lo est\u00e1 cobrando en m\u00e1s de uno de los sectores de la producci\u00f3n.<\/p>\n\n\n\n<p>La temporada intensa de calor que se ha vivido en las recientes semanas, ahora prev\u00e9n&nbsp;lluvias torrenciales en el pa\u00eds, e intensas en Veracruz. Y con ello, el&nbsp;riesgo de inundaciones y el aumento en los niveles de r\u00edos y arroyos que ya sabemos que en nuestra entidad incrementan su caudal de manera r\u00e1pida, pero pasando a lo veloz, y sin descontar que somos por ubicaci\u00f3n natural un gran colector pluvial al Golfo de M\u00e9xico.<\/p>\n\n\n\n<p>Grande es la proporci\u00f3n de da\u00f1os humanos, materiales y econ\u00f3micos que han causado las afectaciones y cat\u00e1strofes, en al menos los \u00faltimos 25 a\u00f1os, relacionados con el agua y el clima c\u00e1lido.<\/p>\n\n\n\n<p>En Veracruz la historia nos refiere que&nbsp;entre los meses de abril y noviembre -informaci\u00f3n que confirma la Comisi\u00f3n Nacional del Agua- entre el calor, las lluvias y precipitaciones, ciclones, huracanes y frentes fr\u00edos destacan en el origen de los da\u00f1os que por supuesto alteran cualquier presupuesto y programaci\u00f3n financiera en las instituciones de gobierno.<\/p>\n\n\n\n<p>En s\u00edntesis, estando m\u00e1s caliente el clima se presenta el fen\u00f3meno de El Ni\u00f1o, y cuando est\u00e1 m\u00e1s fr\u00edo de lo normal, La Ni\u00f1a, pero en las dos situaciones revisten la necesidad de alterar los presupuestos p\u00fablicos, lo que ahora lleva a que se consideren \u00aba tiempo\u00bb para enfrentar \u00abtiempos dif\u00edciles,\u00bb estimando recursos al respecto.<\/p>\n\n\n\n<p><strong>UN CAF\u00c9 CON DOBLE CARGA<\/strong><\/p>\n\n\n\n<p>En el pa\u00eds, Veracruz est\u00e1 ubicado entre los estados del sur que m\u00e1s se ven afectados por las lluvias, pero tambi\u00e9n cuando hay calores extremos que se suscitan se suda la gota gorda.<\/p>\n\n\n\n<p><strong>DE SOBREMESA<\/strong><\/p>\n\n\n\n<p>Los ciclones tropicales en sus categor\u00edas de depresi\u00f3n tropical, tormenta tropical y hurac\u00e1n (ciclones intensos) y sin descontar frentes fr\u00edos, ponen a Veracruz en alerta siempre, de ah\u00ed la necesidad de prepararse en todos sentidos.<\/p>\n\n\n\n<p><strong>UN CAF\u00c9 LECHERO LIGHT DIVORCIADO<\/strong><\/p>\n\n\n\n<p>Este a\u00f1o las altas temperaturas -fen\u00f3meno de El Ni\u00f1o -afectaron en la escasez de agua y apagones en el servicio de energ\u00eda el\u00e9ctrica en muchos sitios del estado. Y en igual proporci\u00f3n &#8211; La Ni\u00f1a -en el resto del a\u00f1o, supone quedarse a oscuras ante las tormentas y lluvias que se han pronosticado.<\/p>\n\n\n\n<p><strong>UN CAF\u00c9 PARA LLEVAR<\/strong><\/p>\n\n\n\n<p>Todos esperamos y deseamos que en nuestro estado, los efectos de El Ni\u00f1o y La Ni\u00f1a no traigan da\u00f1os humanos, aunque los materiales a veces resultan inevitables por las inundaciones y lo que eso ocasiona en t\u00e9rminos de destrucciones, y algunas veces hasta en zonas que en cierta manera est\u00e1n acostumbradas a convivir con los fen\u00f3menos tropicales.<\/p>\n\n\n\n<p><strong>UN CAF\u00c9 CON CANELA Y PANELA<\/strong><\/p>\n\n\n\n<p>La Ley en materia de Protecci\u00f3n Civil exige que los municipios del estado deben contar con el Atlas de Riesgos -actualizado-, y recientemente se mencion\u00f3 en diversos medios que de los 212 ayuntamientos veracruzanos s\u00f3lo alrededor de 40 est\u00e1n en regla.<br><strong>UN CAF\u00c9 NEGRO VERACRUZANO<\/strong><\/p>\n\n\n\n<p>La existencia y vigencia del Atlas de Riesgo por los ayuntamientos, se enlazan con otras \u00e1reas municipales como Desarrollo Urbano, Tesorer\u00eda, Obras P\u00fablicas -al menos-, en t\u00e9rminos de la autorizaci\u00f3n procedente o no, en todo tipo de construcciones, remodelaciones, adaptaciones, obras de infraestructura y lo que tenga que ver con los asentamientos humanos.<\/p>\n\n\n\n<p>\u00a1 ES CUANTO !<\/p>\n\n\n\n<p>enriquezambell@gmail.com<\/p>\n","protected":false},"excerpt":{"rendered":"<p>Jos\u00e9 Luis Enr\u00edquez AmbellCaf\u00e9 de Ma\u00f1ana En Am\u00e9rica Latina y el Caribe se conocen bien los cambios repentinos de temperatura, esto debido a las experiencias en vivir los&nbsp;fen\u00f3menos de \u00abEl Ni\u00f1o&#8217;&nbsp;y&nbsp;\u00abLa Ni\u00f1a\u00bb -patr\u00f3n clim\u00e1tico que es caracterizado por temporadas c\u00e1lidas, en el primer caso, y un enfriamiento, en el segundo- y en los dos momentos [&hellip;]<\/p>\n","protected":false},"author":2,"featured_media":0,"comment_status":"closed","ping_status":"closed","sticky":false,"template":"","format":"standard","meta":{"tdm_status":"","tdm_grid_status":"","footnotes":""},"categories":[70],"tags":[20918,38582,1026,195],"class_list":{"0":"post-108193","1":"post","2":"type-post","3":"status-publish","4":"format-standard","6":"category-de-opinion","7":"tag-comision-nacional-del-agua","8":"tag-fenomeno-de-la-nina","9":"tag-morena","10":"tag-veracruz"},"yoast_head":"<!-- This site is optimized with the Yoast SEO plugin v27.4 - https:\/\/yoast.com\/product\/yoast-seo-wordpress\/ -->\n<title>EL NI\u00d1O Y LA NI\u00d1A NOS COBRAR\u00c1N FACTURA - Los pol\u00edticos Veracruz<\/title>\n<meta name=\"robots\" content=\"index, follow, max-snippet:-1, max-image-preview:large, max-video-preview:-1\" \/>\n<link rel=\"canonical\" href=\"https:\/\/lospoliticosveracruz.com\/?p=108193\" \/>\n<meta property=\"og:locale\" content=\"es_ES\" \/>\n<meta property=\"og:type\" content=\"article\" \/>\n<meta property=\"og:title\" content=\"EL NI\u00d1O Y LA NI\u00d1A NOS COBRAR\u00c1N FACTURA - Los pol\u00edticos Veracruz\" \/>\n<meta property=\"og:description\" content=\"Jos\u00e9 Luis Enr\u00edquez AmbellCaf\u00e9 de Ma\u00f1ana En Am\u00e9rica Latina y el Caribe se conocen bien los cambios repentinos de temperatura, esto debido a las experiencias en vivir los&nbsp;fen\u00f3menos de \u00abEl Ni\u00f1o&#8217;&nbsp;y&nbsp;\u00abLa Ni\u00f1a\u00bb -patr\u00f3n clim\u00e1tico que es caracterizado por temporadas c\u00e1lidas, en el primer caso, y un enfriamiento, en el segundo- y en los dos momentos [&hellip;]\" \/>\n<meta property=\"og:url\" content=\"https:\/\/lospoliticosveracruz.com\/?p=108193\" \/>\n<meta property=\"og:site_name\" content=\"Los pol\u00edticos Veracruz\" \/>\n<meta property=\"article:publisher\" content=\"https:\/\/www.facebook.com\/people\/Notimemes-de-los-Polticos\/61565672886568\/\" \/>\n<meta property=\"article:published_time\" content=\"2023-07-04T01:22:26+00:00\" \/>\n<meta property=\"article:modified_time\" content=\"2023-07-04T01:22:34+00:00\" \/>\n<meta property=\"og:image\" content=\"https:\/\/lospoliticosveracruz.com\/wp-content\/uploads\/2016\/07\/Logo-Dor.jpg\" \/>\n\t<meta property=\"og:image:width\" content=\"200\" \/>\n\t<meta property=\"og:image:height\" content=\"200\" \/>\n\t<meta property=\"og:image:type\" content=\"image\/jpeg\" \/>\n<meta name=\"author\" content=\"Lo viste en Los Pol\u00edticos\" \/>\n<meta name=\"twitter:card\" content=\"summary_large_image\" \/>\n<meta name=\"twitter:creator\" content=\"@LosPoliticosVer\" \/>\n<meta name=\"twitter:site\" content=\"@LosPoliticosVer\" \/>\n<meta name=\"twitter:label1\" content=\"Escrito por\" \/>\n\t<meta name=\"twitter:data1\" content=\"Lo viste en Los Pol\u00edticos\" \/>\n\t<meta name=\"twitter:label2\" content=\"Tiempo de lectura\" \/>\n\t<meta name=\"twitter:data2\" content=\"4 minutos\" \/>\n<script type=\"application\/ld+json\" class=\"yoast-schema-graph\">{\"@context\":\"https:\\\/\\\/schema.org\",\"@graph\":[{\"@type\":\"Article\",\"@id\":\"https:\\\/\\\/lospoliticosveracruz.com\\\/?p=108193#article\",\"isPartOf\":{\"@id\":\"https:\\\/\\\/lospoliticosveracruz.com\\\/?p=108193\"},\"author\":{\"name\":\"Lo viste en Los Pol\u00edticos\",\"@id\":\"https:\\\/\\\/lospoliticosveracruz.com\\\/#\\\/schema\\\/person\\\/b8702bb0e538456e6efd07080bf2a4a2\"},\"headline\":\"EL NI\u00d1O Y LA NI\u00d1A NOS COBRAR\u00c1N FACTURA\",\"datePublished\":\"2023-07-04T01:22:26+00:00\",\"dateModified\":\"2023-07-04T01:22:34+00:00\",\"mainEntityOfPage\":{\"@id\":\"https:\\\/\\\/lospoliticosveracruz.com\\\/?p=108193\"},\"wordCount\":843,\"publisher\":{\"@id\":\"https:\\\/\\\/lospoliticosveracruz.com\\\/#organization\"},\"keywords\":[\"Comisi\u00f3n Nacional del Agua\",\"fen\u00f3meno de La Ni\u00f1a\",\"Morena\",\"Veracruz\"],\"articleSection\":[\"De Opini\u00f3n\"],\"inLanguage\":\"es\"},{\"@type\":\"WebPage\",\"@id\":\"https:\\\/\\\/lospoliticosveracruz.com\\\/?p=108193\",\"url\":\"https:\\\/\\\/lospoliticosveracruz.com\\\/?p=108193\",\"name\":\"EL NI\u00d1O Y LA NI\u00d1A NOS COBRAR\u00c1N FACTURA - Los pol\u00edticos Veracruz\",\"isPartOf\":{\"@id\":\"https:\\\/\\\/lospoliticosveracruz.com\\\/#website\"},\"datePublished\":\"2023-07-04T01:22:26+00:00\",\"dateModified\":\"2023-07-04T01:22:34+00:00\",\"breadcrumb\":{\"@id\":\"https:\\\/\\\/lospoliticosveracruz.com\\\/?p=108193#breadcrumb\"},\"inLanguage\":\"es\",\"potentialAction\":[{\"@type\":\"ReadAction\",\"target\":[\"https:\\\/\\\/lospoliticosveracruz.com\\\/?p=108193\"]}]},{\"@type\":\"BreadcrumbList\",\"@id\":\"https:\\\/\\\/lospoliticosveracruz.com\\\/?p=108193#breadcrumb\",\"itemListElement\":[{\"@type\":\"ListItem\",\"position\":1,\"name\":\"Portada\",\"item\":\"https:\\\/\\\/lospoliticosveracruz.com\\\/\"},{\"@type\":\"ListItem\",\"position\":2,\"name\":\"EL NI\u00d1O Y LA NI\u00d1A NOS COBRAR\u00c1N FACTURA\"}]},{\"@type\":\"WebSite\",\"@id\":\"https:\\\/\\\/lospoliticosveracruz.com\\\/#website\",\"url\":\"https:\\\/\\\/lospoliticosveracruz.com\\\/\",\"name\":\"Los pol\u00edticos Veracruz\",\"description\":\"\",\"publisher\":{\"@id\":\"https:\\\/\\\/lospoliticosveracruz.com\\\/#organization\"},\"potentialAction\":[{\"@type\":\"SearchAction\",\"target\":{\"@type\":\"EntryPoint\",\"urlTemplate\":\"https:\\\/\\\/lospoliticosveracruz.com\\\/?s={search_term_string}\"},\"query-input\":{\"@type\":\"PropertyValueSpecification\",\"valueRequired\":true,\"valueName\":\"search_term_string\"}}],\"inLanguage\":\"es\"},{\"@type\":\"Organization\",\"@id\":\"https:\\\/\\\/lospoliticosveracruz.com\\\/#organization\",\"name\":\"Los pol\u00edticos Veracruz\",\"url\":\"https:\\\/\\\/lospoliticosveracruz.com\\\/\",\"logo\":{\"@type\":\"ImageObject\",\"inLanguage\":\"es\",\"@id\":\"https:\\\/\\\/lospoliticosveracruz.com\\\/#\\\/schema\\\/logo\\\/image\\\/\",\"url\":\"https:\\\/\\\/lospoliticosveracruz.com\\\/wp-content\\\/uploads\\\/2025\\\/12\\\/Logo-Nuevo-LOS-POLITICOS-1.jpg\",\"contentUrl\":\"https:\\\/\\\/lospoliticosveracruz.com\\\/wp-content\\\/uploads\\\/2025\\\/12\\\/Logo-Nuevo-LOS-POLITICOS-1.jpg\",\"width\":260,\"height\":70,\"caption\":\"Los pol\u00edticos Veracruz\"},\"image\":{\"@id\":\"https:\\\/\\\/lospoliticosveracruz.com\\\/#\\\/schema\\\/logo\\\/image\\\/\"},\"sameAs\":[\"https:\\\/\\\/www.facebook.com\\\/people\\\/Notimemes-de-los-Polticos\\\/61565672886568\\\/\",\"https:\\\/\\\/x.com\\\/LosPoliticosVer\"]},{\"@type\":\"Person\",\"@id\":\"https:\\\/\\\/lospoliticosveracruz.com\\\/#\\\/schema\\\/person\\\/b8702bb0e538456e6efd07080bf2a4a2\",\"name\":\"Lo viste en Los Pol\u00edticos\",\"image\":{\"@type\":\"ImageObject\",\"inLanguage\":\"es\",\"@id\":\"https:\\\/\\\/secure.gravatar.com\\\/avatar\\\/3a8de04a2656d44082be478bd6c086daa447c4651605818287b9532d3d0bd435?s=96&d=mm&r=g\",\"url\":\"https:\\\/\\\/secure.gravatar.com\\\/avatar\\\/3a8de04a2656d44082be478bd6c086daa447c4651605818287b9532d3d0bd435?s=96&d=mm&r=g\",\"contentUrl\":\"https:\\\/\\\/secure.gravatar.com\\\/avatar\\\/3a8de04a2656d44082be478bd6c086daa447c4651605818287b9532d3d0bd435?s=96&d=mm&r=g\",\"caption\":\"Lo viste en Los Pol\u00edticos\"},\"url\":\"https:\\\/\\\/lospoliticosveracruz.com\\\/?author=2\"}]}<\/script>\n<!-- \/ Yoast SEO plugin. -->","yoast_head_json":{"title":"EL NI\u00d1O Y LA NI\u00d1A NOS COBRAR\u00c1N FACTURA - Los pol\u00edticos Veracruz","robots":{"index":"index","follow":"follow","max-snippet":"max-snippet:-1","max-image-preview":"max-image-preview:large","max-video-preview":"max-video-preview:-1"},"canonical":"https:\/\/lospoliticosveracruz.com\/?p=108193","og_locale":"es_ES","og_type":"article","og_title":"EL NI\u00d1O Y LA NI\u00d1A NOS COBRAR\u00c1N FACTURA - Los pol\u00edticos Veracruz","og_description":"Jos\u00e9 Luis Enr\u00edquez AmbellCaf\u00e9 de Ma\u00f1ana En Am\u00e9rica Latina y el Caribe se conocen bien los cambios repentinos de temperatura, esto debido a las experiencias en vivir los&nbsp;fen\u00f3menos de \u00abEl Ni\u00f1o&#8217;&nbsp;y&nbsp;\u00abLa Ni\u00f1a\u00bb -patr\u00f3n clim\u00e1tico que es caracterizado por temporadas c\u00e1lidas, en el primer caso, y un enfriamiento, en el segundo- y en los dos momentos [&hellip;]","og_url":"https:\/\/lospoliticosveracruz.com\/?p=108193","og_site_name":"Los pol\u00edticos Veracruz","article_publisher":"https:\/\/www.facebook.com\/people\/Notimemes-de-los-Polticos\/61565672886568\/","article_published_time":"2023-07-04T01:22:26+00:00","article_modified_time":"2023-07-04T01:22:34+00:00","og_image":[{"width":200,"height":200,"url":"https:\/\/lospoliticosveracruz.com\/wp-content\/uploads\/2016\/07\/Logo-Dor.jpg","type":"image\/jpeg"}],"author":"Lo viste en Los Pol\u00edticos","twitter_card":"summary_large_image","twitter_creator":"@LosPoliticosVer","twitter_site":"@LosPoliticosVer","twitter_misc":{"Escrito por":"Lo viste en Los Pol\u00edticos","Tiempo de lectura":"4 minutos"},"schema":{"@context":"https:\/\/schema.org","@graph":[{"@type":"Article","@id":"https:\/\/lospoliticosveracruz.com\/?p=108193#article","isPartOf":{"@id":"https:\/\/lospoliticosveracruz.com\/?p=108193"},"author":{"name":"Lo viste en Los Pol\u00edticos","@id":"https:\/\/lospoliticosveracruz.com\/#\/schema\/person\/b8702bb0e538456e6efd07080bf2a4a2"},"headline":"EL NI\u00d1O Y LA NI\u00d1A NOS COBRAR\u00c1N FACTURA","datePublished":"2023-07-04T01:22:26+00:00","dateModified":"2023-07-04T01:22:34+00:00","mainEntityOfPage":{"@id":"https:\/\/lospoliticosveracruz.com\/?p=108193"},"wordCount":843,"publisher":{"@id":"https:\/\/lospoliticosveracruz.com\/#organization"},"keywords":["Comisi\u00f3n Nacional del Agua","fen\u00f3meno de La Ni\u00f1a","Morena","Veracruz"],"articleSection":["De Opini\u00f3n"],"inLanguage":"es"},{"@type":"WebPage","@id":"https:\/\/lospoliticosveracruz.com\/?p=108193","url":"https:\/\/lospoliticosveracruz.com\/?p=108193","name":"EL NI\u00d1O Y LA NI\u00d1A NOS COBRAR\u00c1N FACTURA - Los pol\u00edticos Veracruz","isPartOf":{"@id":"https:\/\/lospoliticosveracruz.com\/#website"},"datePublished":"2023-07-04T01:22:26+00:00","dateModified":"2023-07-04T01:22:34+00:00","breadcrumb":{"@id":"https:\/\/lospoliticosveracruz.com\/?p=108193#breadcrumb"},"inLanguage":"es","potentialAction":[{"@type":"ReadAction","target":["https:\/\/lospoliticosveracruz.com\/?p=108193"]}]},{"@type":"BreadcrumbList","@id":"https:\/\/lospoliticosveracruz.com\/?p=108193#breadcrumb","itemListElement":[{"@type":"ListItem","position":1,"name":"Portada","item":"https:\/\/lospoliticosveracruz.com\/"},{"@type":"ListItem","position":2,"name":"EL NI\u00d1O Y LA NI\u00d1A NOS COBRAR\u00c1N FACTURA"}]},{"@type":"WebSite","@id":"https:\/\/lospoliticosveracruz.com\/#website","url":"https:\/\/lospoliticosveracruz.com\/","name":"Los pol\u00edticos Veracruz","description":"","publisher":{"@id":"https:\/\/lospoliticosveracruz.com\/#organization"},"potentialAction":[{"@type":"SearchAction","target":{"@type":"EntryPoint","urlTemplate":"https:\/\/lospoliticosveracruz.com\/?s={search_term_string}"},"query-input":{"@type":"PropertyValueSpecification","valueRequired":true,"valueName":"search_term_string"}}],"inLanguage":"es"},{"@type":"Organization","@id":"https:\/\/lospoliticosveracruz.com\/#organization","name":"Los pol\u00edticos Veracruz","url":"https:\/\/lospoliticosveracruz.com\/","logo":{"@type":"ImageObject","inLanguage":"es","@id":"https:\/\/lospoliticosveracruz.com\/#\/schema\/logo\/image\/","url":"https:\/\/lospoliticosveracruz.com\/wp-content\/uploads\/2025\/12\/Logo-Nuevo-LOS-POLITICOS-1.jpg","contentUrl":"https:\/\/lospoliticosveracruz.com\/wp-content\/uploads\/2025\/12\/Logo-Nuevo-LOS-POLITICOS-1.jpg","width":260,"height":70,"caption":"Los pol\u00edticos Veracruz"},"image":{"@id":"https:\/\/lospoliticosveracruz.com\/#\/schema\/logo\/image\/"},"sameAs":["https:\/\/www.facebook.com\/people\/Notimemes-de-los-Polticos\/61565672886568\/","https:\/\/x.com\/LosPoliticosVer"]},{"@type":"Person","@id":"https:\/\/lospoliticosveracruz.com\/#\/schema\/person\/b8702bb0e538456e6efd07080bf2a4a2","name":"Lo viste en Los Pol\u00edticos","image":{"@type":"ImageObject","inLanguage":"es","@id":"https:\/\/secure.gravatar.com\/avatar\/3a8de04a2656d44082be478bd6c086daa447c4651605818287b9532d3d0bd435?s=96&d=mm&r=g","url":"https:\/\/secure.gravatar.com\/avatar\/3a8de04a2656d44082be478bd6c086daa447c4651605818287b9532d3d0bd435?s=96&d=mm&r=g","contentUrl":"https:\/\/secure.gravatar.com\/avatar\/3a8de04a2656d44082be478bd6c086daa447c4651605818287b9532d3d0bd435?s=96&d=mm&r=g","caption":"Lo viste en Los Pol\u00edticos"},"url":"https:\/\/lospoliticosveracruz.com\/?author=2"}]}},"_links":{"self":[{"href":"https:\/\/lospoliticosveracruz.com\/index.php?rest_route=\/wp\/v2\/posts\/108193","targetHints":{"allow":["GET"]}}],"collection":[{"href":"https:\/\/lospoliticosveracruz.com\/index.php?rest_route=\/wp\/v2\/posts"}],"about":[{"href":"https:\/\/lospoliticosveracruz.com\/index.php?rest_route=\/wp\/v2\/types\/post"}],"author":[{"embeddable":true,"href":"https:\/\/lospoliticosveracruz.com\/index.php?rest_route=\/wp\/v2\/users\/2"}],"replies":[{"embeddable":true,"href":"https:\/\/lospoliticosveracruz.com\/index.php?rest_route=%2Fwp%2Fv2%2Fcomments&post=108193"}],"version-history":[{"count":1,"href":"https:\/\/lospoliticosveracruz.com\/index.php?rest_route=\/wp\/v2\/posts\/108193\/revisions"}],"predecessor-version":[{"id":108194,"href":"https:\/\/lospoliticosveracruz.com\/index.php?rest_route=\/wp\/v2\/posts\/108193\/revisions\/108194"}],"wp:attachment":[{"href":"https:\/\/lospoliticosveracruz.com\/index.php?rest_route=%2Fwp%2Fv2%2Fmedia&parent=108193"}],"wp:term":[{"taxonomy":"category","embeddable":true,"href":"https:\/\/lospoliticosveracruz.com\/index.php?rest_route=%2Fwp%2Fv2%2Fcategories&post=108193"},{"taxonomy":"post_tag","embeddable":true,"href":"https:\/\/lospoliticosveracruz.com\/index.php?rest_route=%2Fwp%2Fv2%2Ftags&post=108193"}],"curies":[{"name":"wp","href":"https:\/\/api.w.org\/{rel}","templated":true}]}}