{"id":108343,"date":"2023-07-06T20:02:44","date_gmt":"2023-07-07T01:02:44","guid":{"rendered":"https:\/\/lospoliticosveracruz.com.mx\/?p=108343"},"modified":"2023-07-06T20:02:56","modified_gmt":"2023-07-07T01:02:56","slug":"prioridades-4","status":"publish","type":"post","link":"https:\/\/lospoliticosveracruz.com\/?p=108343","title":{"rendered":"PRIORIDADES"},"content":{"rendered":"\n<p><strong>Guadalupe H. Mar<\/strong><\/p>\n\n\n\n<p><em>Mira Pol\u00edtica\u00a0<\/em><\/p>\n\n\n\n<p><strong>PROYECTO DEL JEFE \u2026<\/strong> En este pa\u00eds, donde en promedio son asesinadas 77 personas diariamente y las organizaciones del crimen organizado, al amparo de la impunidad que les dan los abrazos y los no balazos cuelgan partes de cad\u00e1veres humanos en los puentes del Estado de M\u00e9xico, la Guardia Nacional arm\u00f3 un apabullante operativo para escoltar o resguardar los cuatro vagones del Tren Maya que salieron de Ciudad Sahag\u00fan en el estado de Hidalgo, con rumbo a Canc\u00fan Quintana Roo.<\/p>\n\n\n\n<figure class=\"wp-block-image size-large\"><a href=\"https:\/\/lospoliticosveracruz.com.mx\/wp-content\/uploads\/2016\/07\/Seguro-Julio-Cerecedo-2.jpg\"><img decoding=\"async\" src=\"https:\/\/lospoliticosveracruz.com.mx\/wp-content\/uploads\/2016\/07\/Seguro-Julio-Cerecedo-2-1024x381.jpg\" alt=\"\" class=\"wp-image-105879\"\/><\/a><\/figure>\n\n\n\n<p>Ese sorprendente operativo de los elementos de la Guardia Nacional es para garantizar la seguridad de esos cuatro vagones, no sea que se los roben a medio camino, as\u00ed como para asegurarle el tr\u00e1nsito continuo al convoy, haciendo los cortes de circulaci\u00f3n necesarios para que la caravana no se detenga.<\/p>\n\n\n\n<p>En esta tarea de darle seguridad a los cuatro vagones del Tren Maya, participar\u00e1n tambi\u00e9n los cuerpos de seguridad de los estados de la rep\u00fablica en el sureste mexicano por los que circular\u00e1 el convoy, como fue el caso de Veracruz donde incluso el gobierno estatal a trav\u00e9s de sus cuentas en redes sociales, difundieron orgullosos el magno operativo de seguridad implementado por el paso del convoy por territorio veracruzano.<\/p>\n\n\n\n<p>Vaya, hasta se difundi\u00f3 un video del paso del multi protegido convoy por la autopista Xalapa- Perote, a su paso por el lugar que se conoce como Las Vigas.<\/p>\n\n\n\n<p>Claro, trat\u00f3 de opacarse el retraso del convoy en las carreteras veracruzanas del sur, pese a que era recomendaci\u00f3n del \u201cjefe\u201d abrirle camino a la caravana que encabezaba la Guardia Nacional, por lo que era un asunto de vital importancia, seg\u00fan ellos. Cuesti\u00f3n de prioridades.<\/p>\n\n\n\n<p>No cabe duda amables lectoras y lectores que M\u00e9xico ha sido el pa\u00eds de los gustitos de sus gobernantes, cualquiera que sea su corriente ideol\u00f3gica.<\/p>\n\n\n\n<p><strong>BIEN MERECIDO \u2026<\/strong> Nos sumamos a las felicitaciones al comunicador, periodista y buen amigo Jorge Faibre \u00c1lvarez a quien le otorgaron el premio \u00abYax Balam 2023\u201d de la Universidad de Xalapa, en reconocimiento por su trayectoria y desempe\u00f1o period\u00edstico.<\/p>\n\n\n\n<p>Jorge Faibre, como se le conoce y llama, se ha destacado en los \u00e1mbitos de la comunicaci\u00f3n y el periodismo por su profesionalismo y entereza, virtudes que le han merecido el reconocimiento de sus pares, pero, sobre todo, el de los gobernantes que con \u00e9l han comprobado la excepci\u00f3n a la regla de quienes creen que el le\u00f3n es de su misma condici\u00f3n. \u00bfCapisci?<\/p>\n\n\n\n<p><strong>LO VIVEN Y PADECEN \u2026<\/strong> Empresarios afiliados a la Confederaci\u00f3n Patronal de la Rep\u00fablica Mexicana (Coparmex) en sus distintas delegaciones en el estado de Veracruz, hacen eco de los resultados que arroj\u00f3 el \u201cSem\u00e1foro delictivo\u201d de esta organizaci\u00f3n a nivel nacional.<\/p>\n\n\n\n<p>La delegaci\u00f3n de la Coparmex con sede en la ciudad de C\u00f3rdoba, Veracruz, ha sido una de las que m\u00e1s ha insistido en los temas de inseguridad en la entidad veracruzana, adjudicando el hecho, al alejamiento que el gobierno del estado ha mantenido con el sector empresarial.<\/p>\n\n\n\n<p>La Coparmex en la ciudad de C\u00f3rdoba, advierte que en los \u00faltimos cuatro a\u00f1os este sector no ha concretado ninguna reuni\u00f3n de trabajo con el titular de la administraci\u00f3n estatal, el ingeniero mec\u00e1nico electricista, Cuitl\u00e1huac Garc\u00eda Jim\u00e9nez, vaya, ni con el secretario de gobierno, Eric Patrocinio Cisneros Burgos.<\/p>\n\n\n\n<p>D\u00cdGALO SIN MIEDO \u2026 Al correo electr\u00f3nico guadalupehmar@yahoo.com<\/p>\n","protected":false},"excerpt":{"rendered":"<p>Guadalupe H. Mar Mira Pol\u00edtica\u00a0 PROYECTO DEL JEFE \u2026 En este pa\u00eds, donde en promedio son asesinadas 77 personas diariamente y las organizaciones del crimen organizado, al amparo de la impunidad que les dan los abrazos y los no balazos cuelgan partes de cad\u00e1veres humanos en los puentes del Estado de M\u00e9xico, la Guardia Nacional [&hellip;]<\/p>\n","protected":false},"author":2,"featured_media":0,"comment_status":"closed","ping_status":"closed","sticky":false,"template":"","format":"standard","meta":{"tdm_status":"","tdm_grid_status":"","footnotes":""},"categories":[70],"tags":[6293,1563,1606,1026,13466,195],"class_list":{"0":"post-108343","1":"post","2":"type-post","3":"status-publish","4":"format-standard","6":"category-de-opinion","7":"tag-coparmex","8":"tag-cuitlahuac-garcia-jimenez","9":"tag-guadalupe-h-mar","10":"tag-morena","11":"tag-tren-maya","12":"tag-veracruz"},"yoast_head":"<!-- This site is optimized with the Yoast SEO plugin v27.4 - https:\/\/yoast.com\/product\/yoast-seo-wordpress\/ -->\n<title>PRIORIDADES - Los pol\u00edticos Veracruz<\/title>\n<meta name=\"robots\" content=\"index, follow, max-snippet:-1, max-image-preview:large, max-video-preview:-1\" \/>\n<link rel=\"canonical\" href=\"https:\/\/lospoliticosveracruz.com\/?p=108343\" \/>\n<meta property=\"og:locale\" content=\"es_ES\" \/>\n<meta property=\"og:type\" content=\"article\" \/>\n<meta property=\"og:title\" content=\"PRIORIDADES - Los pol\u00edticos Veracruz\" \/>\n<meta property=\"og:description\" content=\"Guadalupe H. Mar Mira Pol\u00edtica\u00a0 PROYECTO DEL JEFE \u2026 En este pa\u00eds, donde en promedio son asesinadas 77 personas diariamente y las organizaciones del crimen organizado, al amparo de la impunidad que les dan los abrazos y los no balazos cuelgan partes de cad\u00e1veres humanos en los puentes del Estado de M\u00e9xico, la Guardia Nacional [&hellip;]\" \/>\n<meta property=\"og:url\" content=\"https:\/\/lospoliticosveracruz.com\/?p=108343\" \/>\n<meta property=\"og:site_name\" content=\"Los pol\u00edticos Veracruz\" \/>\n<meta property=\"article:publisher\" content=\"https:\/\/www.facebook.com\/people\/Notimemes-de-los-Polticos\/61565672886568\/\" \/>\n<meta property=\"article:published_time\" content=\"2023-07-07T01:02:44+00:00\" \/>\n<meta property=\"article:modified_time\" content=\"2023-07-07T01:02:56+00:00\" \/>\n<meta property=\"og:image\" content=\"https:\/\/lospoliticosveracruz.com.mx\/wp-content\/uploads\/2016\/07\/Seguro-Julio-Cerecedo-2-1024x381.jpg\" \/>\n<meta name=\"author\" content=\"Lo viste en Los Pol\u00edticos\" \/>\n<meta name=\"twitter:card\" content=\"summary_large_image\" \/>\n<meta name=\"twitter:creator\" content=\"@LosPoliticosVer\" \/>\n<meta name=\"twitter:site\" content=\"@LosPoliticosVer\" \/>\n<meta name=\"twitter:label1\" content=\"Escrito por\" \/>\n\t<meta name=\"twitter:data1\" content=\"Lo viste en Los Pol\u00edticos\" \/>\n\t<meta name=\"twitter:label2\" content=\"Tiempo de lectura\" \/>\n\t<meta name=\"twitter:data2\" content=\"3 minutos\" \/>\n<script type=\"application\/ld+json\" class=\"yoast-schema-graph\">{\"@context\":\"https:\\\/\\\/schema.org\",\"@graph\":[{\"@type\":\"Article\",\"@id\":\"https:\\\/\\\/lospoliticosveracruz.com\\\/?p=108343#article\",\"isPartOf\":{\"@id\":\"https:\\\/\\\/lospoliticosveracruz.com\\\/?p=108343\"},\"author\":{\"name\":\"Lo viste en Los Pol\u00edticos\",\"@id\":\"https:\\\/\\\/lospoliticosveracruz.com\\\/#\\\/schema\\\/person\\\/b8702bb0e538456e6efd07080bf2a4a2\"},\"headline\":\"PRIORIDADES\",\"datePublished\":\"2023-07-07T01:02:44+00:00\",\"dateModified\":\"2023-07-07T01:02:56+00:00\",\"mainEntityOfPage\":{\"@id\":\"https:\\\/\\\/lospoliticosveracruz.com\\\/?p=108343\"},\"wordCount\":589,\"publisher\":{\"@id\":\"https:\\\/\\\/lospoliticosveracruz.com\\\/#organization\"},\"image\":{\"@id\":\"https:\\\/\\\/lospoliticosveracruz.com\\\/?p=108343#primaryimage\"},\"thumbnailUrl\":\"https:\\\/\\\/lospoliticosveracruz.com.mx\\\/wp-content\\\/uploads\\\/2016\\\/07\\\/Seguro-Julio-Cerecedo-2-1024x381.jpg\",\"keywords\":[\"Coparmex\",\"Cuitl\u00e1huac Garc\u00eda Jim\u00e9nez\",\"Guadalupe H. Mar\",\"Morena\",\"Tren Maya\",\"Veracruz\"],\"articleSection\":[\"De Opini\u00f3n\"],\"inLanguage\":\"es\"},{\"@type\":\"WebPage\",\"@id\":\"https:\\\/\\\/lospoliticosveracruz.com\\\/?p=108343\",\"url\":\"https:\\\/\\\/lospoliticosveracruz.com\\\/?p=108343\",\"name\":\"PRIORIDADES - Los pol\u00edticos Veracruz\",\"isPartOf\":{\"@id\":\"https:\\\/\\\/lospoliticosveracruz.com\\\/#website\"},\"primaryImageOfPage\":{\"@id\":\"https:\\\/\\\/lospoliticosveracruz.com\\\/?p=108343#primaryimage\"},\"image\":{\"@id\":\"https:\\\/\\\/lospoliticosveracruz.com\\\/?p=108343#primaryimage\"},\"thumbnailUrl\":\"https:\\\/\\\/lospoliticosveracruz.com.mx\\\/wp-content\\\/uploads\\\/2016\\\/07\\\/Seguro-Julio-Cerecedo-2-1024x381.jpg\",\"datePublished\":\"2023-07-07T01:02:44+00:00\",\"dateModified\":\"2023-07-07T01:02:56+00:00\",\"breadcrumb\":{\"@id\":\"https:\\\/\\\/lospoliticosveracruz.com\\\/?p=108343#breadcrumb\"},\"inLanguage\":\"es\",\"potentialAction\":[{\"@type\":\"ReadAction\",\"target\":[\"https:\\\/\\\/lospoliticosveracruz.com\\\/?p=108343\"]}]},{\"@type\":\"ImageObject\",\"inLanguage\":\"es\",\"@id\":\"https:\\\/\\\/lospoliticosveracruz.com\\\/?p=108343#primaryimage\",\"url\":\"https:\\\/\\\/lospoliticosveracruz.com.mx\\\/wp-content\\\/uploads\\\/2016\\\/07\\\/Seguro-Julio-Cerecedo-2-1024x381.jpg\",\"contentUrl\":\"https:\\\/\\\/lospoliticosveracruz.com.mx\\\/wp-content\\\/uploads\\\/2016\\\/07\\\/Seguro-Julio-Cerecedo-2-1024x381.jpg\"},{\"@type\":\"BreadcrumbList\",\"@id\":\"https:\\\/\\\/lospoliticosveracruz.com\\\/?p=108343#breadcrumb\",\"itemListElement\":[{\"@type\":\"ListItem\",\"position\":1,\"name\":\"Portada\",\"item\":\"https:\\\/\\\/lospoliticosveracruz.com\\\/\"},{\"@type\":\"ListItem\",\"position\":2,\"name\":\"PRIORIDADES\"}]},{\"@type\":\"WebSite\",\"@id\":\"https:\\\/\\\/lospoliticosveracruz.com\\\/#website\",\"url\":\"https:\\\/\\\/lospoliticosveracruz.com\\\/\",\"name\":\"Los pol\u00edticos Veracruz\",\"description\":\"\",\"publisher\":{\"@id\":\"https:\\\/\\\/lospoliticosveracruz.com\\\/#organization\"},\"potentialAction\":[{\"@type\":\"SearchAction\",\"target\":{\"@type\":\"EntryPoint\",\"urlTemplate\":\"https:\\\/\\\/lospoliticosveracruz.com\\\/?s={search_term_string}\"},\"query-input\":{\"@type\":\"PropertyValueSpecification\",\"valueRequired\":true,\"valueName\":\"search_term_string\"}}],\"inLanguage\":\"es\"},{\"@type\":\"Organization\",\"@id\":\"https:\\\/\\\/lospoliticosveracruz.com\\\/#organization\",\"name\":\"Los pol\u00edticos Veracruz\",\"url\":\"https:\\\/\\\/lospoliticosveracruz.com\\\/\",\"logo\":{\"@type\":\"ImageObject\",\"inLanguage\":\"es\",\"@id\":\"https:\\\/\\\/lospoliticosveracruz.com\\\/#\\\/schema\\\/logo\\\/image\\\/\",\"url\":\"https:\\\/\\\/lospoliticosveracruz.com\\\/wp-content\\\/uploads\\\/2025\\\/12\\\/Logo-Nuevo-LOS-POLITICOS-1.jpg\",\"contentUrl\":\"https:\\\/\\\/lospoliticosveracruz.com\\\/wp-content\\\/uploads\\\/2025\\\/12\\\/Logo-Nuevo-LOS-POLITICOS-1.jpg\",\"width\":260,\"height\":70,\"caption\":\"Los pol\u00edticos Veracruz\"},\"image\":{\"@id\":\"https:\\\/\\\/lospoliticosveracruz.com\\\/#\\\/schema\\\/logo\\\/image\\\/\"},\"sameAs\":[\"https:\\\/\\\/www.facebook.com\\\/people\\\/Notimemes-de-los-Polticos\\\/61565672886568\\\/\",\"https:\\\/\\\/x.com\\\/LosPoliticosVer\"]},{\"@type\":\"Person\",\"@id\":\"https:\\\/\\\/lospoliticosveracruz.com\\\/#\\\/schema\\\/person\\\/b8702bb0e538456e6efd07080bf2a4a2\",\"name\":\"Lo viste en Los Pol\u00edticos\",\"image\":{\"@type\":\"ImageObject\",\"inLanguage\":\"es\",\"@id\":\"https:\\\/\\\/secure.gravatar.com\\\/avatar\\\/3a8de04a2656d44082be478bd6c086daa447c4651605818287b9532d3d0bd435?s=96&d=mm&r=g\",\"url\":\"https:\\\/\\\/secure.gravatar.com\\\/avatar\\\/3a8de04a2656d44082be478bd6c086daa447c4651605818287b9532d3d0bd435?s=96&d=mm&r=g\",\"contentUrl\":\"https:\\\/\\\/secure.gravatar.com\\\/avatar\\\/3a8de04a2656d44082be478bd6c086daa447c4651605818287b9532d3d0bd435?s=96&d=mm&r=g\",\"caption\":\"Lo viste en Los Pol\u00edticos\"},\"url\":\"https:\\\/\\\/lospoliticosveracruz.com\\\/?author=2\"}]}<\/script>\n<!-- \/ Yoast SEO plugin. -->","yoast_head_json":{"title":"PRIORIDADES - Los pol\u00edticos Veracruz","robots":{"index":"index","follow":"follow","max-snippet":"max-snippet:-1","max-image-preview":"max-image-preview:large","max-video-preview":"max-video-preview:-1"},"canonical":"https:\/\/lospoliticosveracruz.com\/?p=108343","og_locale":"es_ES","og_type":"article","og_title":"PRIORIDADES - Los pol\u00edticos Veracruz","og_description":"Guadalupe H. Mar Mira Pol\u00edtica\u00a0 PROYECTO DEL JEFE \u2026 En este pa\u00eds, donde en promedio son asesinadas 77 personas diariamente y las organizaciones del crimen organizado, al amparo de la impunidad que les dan los abrazos y los no balazos cuelgan partes de cad\u00e1veres humanos en los puentes del Estado de M\u00e9xico, la Guardia Nacional [&hellip;]","og_url":"https:\/\/lospoliticosveracruz.com\/?p=108343","og_site_name":"Los pol\u00edticos Veracruz","article_publisher":"https:\/\/www.facebook.com\/people\/Notimemes-de-los-Polticos\/61565672886568\/","article_published_time":"2023-07-07T01:02:44+00:00","article_modified_time":"2023-07-07T01:02:56+00:00","og_image":[{"url":"https:\/\/lospoliticosveracruz.com.mx\/wp-content\/uploads\/2016\/07\/Seguro-Julio-Cerecedo-2-1024x381.jpg","type":"","width":"","height":""}],"author":"Lo viste en Los Pol\u00edticos","twitter_card":"summary_large_image","twitter_creator":"@LosPoliticosVer","twitter_site":"@LosPoliticosVer","twitter_misc":{"Escrito por":"Lo viste en Los Pol\u00edticos","Tiempo de lectura":"3 minutos"},"schema":{"@context":"https:\/\/schema.org","@graph":[{"@type":"Article","@id":"https:\/\/lospoliticosveracruz.com\/?p=108343#article","isPartOf":{"@id":"https:\/\/lospoliticosveracruz.com\/?p=108343"},"author":{"name":"Lo viste en Los Pol\u00edticos","@id":"https:\/\/lospoliticosveracruz.com\/#\/schema\/person\/b8702bb0e538456e6efd07080bf2a4a2"},"headline":"PRIORIDADES","datePublished":"2023-07-07T01:02:44+00:00","dateModified":"2023-07-07T01:02:56+00:00","mainEntityOfPage":{"@id":"https:\/\/lospoliticosveracruz.com\/?p=108343"},"wordCount":589,"publisher":{"@id":"https:\/\/lospoliticosveracruz.com\/#organization"},"image":{"@id":"https:\/\/lospoliticosveracruz.com\/?p=108343#primaryimage"},"thumbnailUrl":"https:\/\/lospoliticosveracruz.com.mx\/wp-content\/uploads\/2016\/07\/Seguro-Julio-Cerecedo-2-1024x381.jpg","keywords":["Coparmex","Cuitl\u00e1huac Garc\u00eda Jim\u00e9nez","Guadalupe H. Mar","Morena","Tren Maya","Veracruz"],"articleSection":["De Opini\u00f3n"],"inLanguage":"es"},{"@type":"WebPage","@id":"https:\/\/lospoliticosveracruz.com\/?p=108343","url":"https:\/\/lospoliticosveracruz.com\/?p=108343","name":"PRIORIDADES - Los pol\u00edticos Veracruz","isPartOf":{"@id":"https:\/\/lospoliticosveracruz.com\/#website"},"primaryImageOfPage":{"@id":"https:\/\/lospoliticosveracruz.com\/?p=108343#primaryimage"},"image":{"@id":"https:\/\/lospoliticosveracruz.com\/?p=108343#primaryimage"},"thumbnailUrl":"https:\/\/lospoliticosveracruz.com.mx\/wp-content\/uploads\/2016\/07\/Seguro-Julio-Cerecedo-2-1024x381.jpg","datePublished":"2023-07-07T01:02:44+00:00","dateModified":"2023-07-07T01:02:56+00:00","breadcrumb":{"@id":"https:\/\/lospoliticosveracruz.com\/?p=108343#breadcrumb"},"inLanguage":"es","potentialAction":[{"@type":"ReadAction","target":["https:\/\/lospoliticosveracruz.com\/?p=108343"]}]},{"@type":"ImageObject","inLanguage":"es","@id":"https:\/\/lospoliticosveracruz.com\/?p=108343#primaryimage","url":"https:\/\/lospoliticosveracruz.com.mx\/wp-content\/uploads\/2016\/07\/Seguro-Julio-Cerecedo-2-1024x381.jpg","contentUrl":"https:\/\/lospoliticosveracruz.com.mx\/wp-content\/uploads\/2016\/07\/Seguro-Julio-Cerecedo-2-1024x381.jpg"},{"@type":"BreadcrumbList","@id":"https:\/\/lospoliticosveracruz.com\/?p=108343#breadcrumb","itemListElement":[{"@type":"ListItem","position":1,"name":"Portada","item":"https:\/\/lospoliticosveracruz.com\/"},{"@type":"ListItem","position":2,"name":"PRIORIDADES"}]},{"@type":"WebSite","@id":"https:\/\/lospoliticosveracruz.com\/#website","url":"https:\/\/lospoliticosveracruz.com\/","name":"Los pol\u00edticos Veracruz","description":"","publisher":{"@id":"https:\/\/lospoliticosveracruz.com\/#organization"},"potentialAction":[{"@type":"SearchAction","target":{"@type":"EntryPoint","urlTemplate":"https:\/\/lospoliticosveracruz.com\/?s={search_term_string}"},"query-input":{"@type":"PropertyValueSpecification","valueRequired":true,"valueName":"search_term_string"}}],"inLanguage":"es"},{"@type":"Organization","@id":"https:\/\/lospoliticosveracruz.com\/#organization","name":"Los pol\u00edticos Veracruz","url":"https:\/\/lospoliticosveracruz.com\/","logo":{"@type":"ImageObject","inLanguage":"es","@id":"https:\/\/lospoliticosveracruz.com\/#\/schema\/logo\/image\/","url":"https:\/\/lospoliticosveracruz.com\/wp-content\/uploads\/2025\/12\/Logo-Nuevo-LOS-POLITICOS-1.jpg","contentUrl":"https:\/\/lospoliticosveracruz.com\/wp-content\/uploads\/2025\/12\/Logo-Nuevo-LOS-POLITICOS-1.jpg","width":260,"height":70,"caption":"Los pol\u00edticos Veracruz"},"image":{"@id":"https:\/\/lospoliticosveracruz.com\/#\/schema\/logo\/image\/"},"sameAs":["https:\/\/www.facebook.com\/people\/Notimemes-de-los-Polticos\/61565672886568\/","https:\/\/x.com\/LosPoliticosVer"]},{"@type":"Person","@id":"https:\/\/lospoliticosveracruz.com\/#\/schema\/person\/b8702bb0e538456e6efd07080bf2a4a2","name":"Lo viste en Los Pol\u00edticos","image":{"@type":"ImageObject","inLanguage":"es","@id":"https:\/\/secure.gravatar.com\/avatar\/3a8de04a2656d44082be478bd6c086daa447c4651605818287b9532d3d0bd435?s=96&d=mm&r=g","url":"https:\/\/secure.gravatar.com\/avatar\/3a8de04a2656d44082be478bd6c086daa447c4651605818287b9532d3d0bd435?s=96&d=mm&r=g","contentUrl":"https:\/\/secure.gravatar.com\/avatar\/3a8de04a2656d44082be478bd6c086daa447c4651605818287b9532d3d0bd435?s=96&d=mm&r=g","caption":"Lo viste en Los Pol\u00edticos"},"url":"https:\/\/lospoliticosveracruz.com\/?author=2"}]}},"_links":{"self":[{"href":"https:\/\/lospoliticosveracruz.com\/index.php?rest_route=\/wp\/v2\/posts\/108343","targetHints":{"allow":["GET"]}}],"collection":[{"href":"https:\/\/lospoliticosveracruz.com\/index.php?rest_route=\/wp\/v2\/posts"}],"about":[{"href":"https:\/\/lospoliticosveracruz.com\/index.php?rest_route=\/wp\/v2\/types\/post"}],"author":[{"embeddable":true,"href":"https:\/\/lospoliticosveracruz.com\/index.php?rest_route=\/wp\/v2\/users\/2"}],"replies":[{"embeddable":true,"href":"https:\/\/lospoliticosveracruz.com\/index.php?rest_route=%2Fwp%2Fv2%2Fcomments&post=108343"}],"version-history":[{"count":1,"href":"https:\/\/lospoliticosveracruz.com\/index.php?rest_route=\/wp\/v2\/posts\/108343\/revisions"}],"predecessor-version":[{"id":108345,"href":"https:\/\/lospoliticosveracruz.com\/index.php?rest_route=\/wp\/v2\/posts\/108343\/revisions\/108345"}],"wp:attachment":[{"href":"https:\/\/lospoliticosveracruz.com\/index.php?rest_route=%2Fwp%2Fv2%2Fmedia&parent=108343"}],"wp:term":[{"taxonomy":"category","embeddable":true,"href":"https:\/\/lospoliticosveracruz.com\/index.php?rest_route=%2Fwp%2Fv2%2Fcategories&post=108343"},{"taxonomy":"post_tag","embeddable":true,"href":"https:\/\/lospoliticosveracruz.com\/index.php?rest_route=%2Fwp%2Fv2%2Ftags&post=108343"}],"curies":[{"name":"wp","href":"https:\/\/api.w.org\/{rel}","templated":true}]}}