{"id":108436,"date":"2023-07-09T10:57:45","date_gmt":"2023-07-09T15:57:45","guid":{"rendered":"https:\/\/lospoliticosveracruz.com.mx\/?p=108436"},"modified":"2023-07-09T10:57:51","modified_gmt":"2023-07-09T15:57:51","slug":"david-goliat-y-la-honda","status":"publish","type":"post","link":"https:\/\/lospoliticosveracruz.com\/?p=108436","title":{"rendered":"DAVID,  GOLIAT Y LA HONDA"},"content":{"rendered":"\n<p><\/p>\n\n\n\n<p><strong>Miguel Valera<\/strong><\/p>\n\n\n\n<p><em>Relatos dominicales<\/em><\/p>\n\n\n\n<p>Aunque sus hermanos eran soldados y ten\u00edan experiencia en el arte de la guerra, el joven David, como mi padre en su infancia, era solo un pastor, que cuidaba ovejas. Cuando el rey Sa\u00fal lo vio, todo enclenque no le crey\u00f3 bien a bien que ya hab\u00eda matado, cuerpo a cuerpo a un le\u00f3n y a un oso, como el mismo pastorcillo le dijo. David sab\u00eda que, aunque era joven y debilucho, podr\u00eda vencer al gigante Goliat, el hombre de&nbsp;Gat&nbsp;en la antigua Palestina.&nbsp;<\/p>\n\n\n\n<p>Ambos sab\u00edan que \u2014como escribi\u00f3 el general y fil\u00f3sofo chino&nbsp;Sun&nbsp;Tzu, \u201cla guerra es de vital importancia para el Estado; es el dominio de la vida o de la muerte, el camino hacia la supervivencia o la p\u00e9rdida del Imperio: es forzoso manejarla bien. No reflexionar seriamente sobre todo lo que le concierne es dar prueba de una culpable indiferencia en lo que respecta a la conservaci\u00f3n o p\u00e9rdida de lo que nos es m\u00e1s querido; y ello no debe ocurrir entre nosotros\u201d.<\/p>\n\n\n\n<p>El ser humano, pens\u00f3 el joven David, vive en una guerra permanente, contra s\u00ed mismo, contra el dominio de su entorno, contra \u201cel otro\u201d, su pr\u00f3jimo, a quien o bien coloniza para su beneficio o hace alianza para caminar juntos hacia otras tierras de conquista. Pero, \u00bfes posible que los d\u00e9biles dominen a los fuertes?, \u00bfes posible que un jovencito con cinco piedras y una honda pueda derrotar a un gigante?<\/p>\n\n\n\n<p>Desde sus aposentos, el gigant\u00f3n de entre 2.06 y 2.97 metros, se re\u00eda cada ma\u00f1ana del ej\u00e9rcito israel\u00ed. Cuando supo que un muchachito de rancho, cuidador de ovejas, ir\u00eda contra \u00e9l, se r\u00edo, se burl\u00f3, se carcaje\u00f3. Dice el relato b\u00edblico que el filisteo camin\u00f3 despacio hacia David, con su escudero por delante, vi\u00e9ndolo con desprecio. Ve\u00eda que era s\u00f3lo un muchacho, saludable y bien parecido. Goliat le dijo a David: \u2014\u00bfPara qu\u00e9 traes ese bast\u00f3n? \u00bfPara ahuyentarme como a un perro? Goliat empez\u00f3 a nombrar a sus dioses para maldecir contra David. Goliat le dijo a David: \u2014\u00a1Ac\u00e9rcate, y echar\u00e9 tu cuerpo a los animales salvajes y a las aves de rapi\u00f1a!&nbsp;<\/p>\n\n\n\n<p>Entonces, sigue el texto, David tom\u00f3 una piedra de su bolsa, la puso en su honda y la lanz\u00f3. La piedra sali\u00f3 disparada de la honda y le peg\u00f3 a Goliat exactamente entre los ojos. Con la piedra incrustada profundamente en la cabeza, Goliat cay\u00f3 al suelo, con la cara hacia abajo. As\u00ed fue como David derrot\u00f3 al filisteo, con s\u00f3lo una honda y una piedra. Golpe\u00f3 al filisteo y lo mat\u00f3. Como David no ten\u00eda espada, corri\u00f3 y se par\u00f3 al lado del filisteo. Entonces David desenvain\u00f3 la espada de Goliat y con ella le cort\u00f3 la cabeza. As\u00ed fue como David mat\u00f3 al filisteo.<\/p>\n\n\n\n<p>Ese d\u00eda, mientras el joven David caminaba rumbo al palacio del rey, pens\u00f3 en que es natural que el poderoso se regodee en su poder, en su ej\u00e9rcito, en sus tierras conquistadas, en su ej\u00e9rcito de aduladores. Es normal que quien tiene el poder se sienta intocable y que, investido de soberbia, se levante cada ma\u00f1ana pensando en enjuiciar al mundo y a quienes piensan diferente a \u00e9l, pero no hay que olvidar que lo que hace parecer fuerte a alguien puede ser su mayor debilidad, concluy\u00f3.<\/p>\n","protected":false},"excerpt":{"rendered":"<p>Miguel Valera Relatos dominicales Aunque sus hermanos eran soldados y ten\u00edan experiencia en el arte de la guerra, el joven David, como mi padre en su infancia, era solo un pastor, que cuidaba ovejas. Cuando el rey Sa\u00fal lo vio, todo enclenque no le crey\u00f3 bien a bien que ya hab\u00eda matado, cuerpo a cuerpo [&hellip;]<\/p>\n","protected":false},"author":2,"featured_media":0,"comment_status":"closed","ping_status":"closed","sticky":false,"template":"","format":"standard","meta":{"tdm_status":"","tdm_grid_status":"","footnotes":""},"categories":[70],"tags":[7020,38616,195],"class_list":{"0":"post-108436","1":"post","2":"type-post","3":"status-publish","4":"format-standard","6":"category-de-opinion","7":"tag-david","8":"tag-goliat","9":"tag-veracruz"},"yoast_head":"<!-- This site is optimized with the Yoast SEO plugin v27.4 - https:\/\/yoast.com\/product\/yoast-seo-wordpress\/ -->\n<title>DAVID, GOLIAT Y LA HONDA - Los pol\u00edticos Veracruz<\/title>\n<meta name=\"robots\" content=\"index, follow, max-snippet:-1, max-image-preview:large, max-video-preview:-1\" \/>\n<link rel=\"canonical\" href=\"https:\/\/lospoliticosveracruz.com\/?p=108436\" \/>\n<meta property=\"og:locale\" content=\"es_ES\" \/>\n<meta property=\"og:type\" content=\"article\" \/>\n<meta property=\"og:title\" content=\"DAVID, GOLIAT Y LA HONDA - Los pol\u00edticos Veracruz\" \/>\n<meta property=\"og:description\" content=\"Miguel Valera Relatos dominicales Aunque sus hermanos eran soldados y ten\u00edan experiencia en el arte de la guerra, el joven David, como mi padre en su infancia, era solo un pastor, que cuidaba ovejas. Cuando el rey Sa\u00fal lo vio, todo enclenque no le crey\u00f3 bien a bien que ya hab\u00eda matado, cuerpo a cuerpo [&hellip;]\" \/>\n<meta property=\"og:url\" content=\"https:\/\/lospoliticosveracruz.com\/?p=108436\" \/>\n<meta property=\"og:site_name\" content=\"Los pol\u00edticos Veracruz\" \/>\n<meta property=\"article:publisher\" content=\"https:\/\/www.facebook.com\/people\/Notimemes-de-los-Polticos\/61565672886568\/\" \/>\n<meta property=\"article:published_time\" content=\"2023-07-09T15:57:45+00:00\" \/>\n<meta property=\"article:modified_time\" content=\"2023-07-09T15:57:51+00:00\" \/>\n<meta property=\"og:image\" content=\"https:\/\/lospoliticosveracruz.com\/wp-content\/uploads\/2016\/07\/Logo-Dor.jpg\" \/>\n\t<meta property=\"og:image:width\" content=\"200\" \/>\n\t<meta property=\"og:image:height\" content=\"200\" \/>\n\t<meta property=\"og:image:type\" content=\"image\/jpeg\" \/>\n<meta name=\"author\" content=\"Lo viste en Los Pol\u00edticos\" \/>\n<meta name=\"twitter:card\" content=\"summary_large_image\" \/>\n<meta name=\"twitter:creator\" content=\"@LosPoliticosVer\" \/>\n<meta name=\"twitter:site\" content=\"@LosPoliticosVer\" \/>\n<meta name=\"twitter:label1\" content=\"Escrito por\" \/>\n\t<meta name=\"twitter:data1\" content=\"Lo viste en Los Pol\u00edticos\" \/>\n\t<meta name=\"twitter:label2\" content=\"Tiempo de lectura\" \/>\n\t<meta name=\"twitter:data2\" content=\"3 minutos\" \/>\n<script type=\"application\/ld+json\" class=\"yoast-schema-graph\">{\"@context\":\"https:\\\/\\\/schema.org\",\"@graph\":[{\"@type\":\"Article\",\"@id\":\"https:\\\/\\\/lospoliticosveracruz.com\\\/?p=108436#article\",\"isPartOf\":{\"@id\":\"https:\\\/\\\/lospoliticosveracruz.com\\\/?p=108436\"},\"author\":{\"name\":\"Lo viste en Los Pol\u00edticos\",\"@id\":\"https:\\\/\\\/lospoliticosveracruz.com\\\/#\\\/schema\\\/person\\\/b8702bb0e538456e6efd07080bf2a4a2\"},\"headline\":\"DAVID, GOLIAT Y LA HONDA\",\"datePublished\":\"2023-07-09T15:57:45+00:00\",\"dateModified\":\"2023-07-09T15:57:51+00:00\",\"mainEntityOfPage\":{\"@id\":\"https:\\\/\\\/lospoliticosveracruz.com\\\/?p=108436\"},\"wordCount\":592,\"publisher\":{\"@id\":\"https:\\\/\\\/lospoliticosveracruz.com\\\/#organization\"},\"keywords\":[\"David\",\"Goliat\",\"Veracruz\"],\"articleSection\":[\"De Opini\u00f3n\"],\"inLanguage\":\"es\"},{\"@type\":\"WebPage\",\"@id\":\"https:\\\/\\\/lospoliticosveracruz.com\\\/?p=108436\",\"url\":\"https:\\\/\\\/lospoliticosveracruz.com\\\/?p=108436\",\"name\":\"DAVID, GOLIAT Y LA HONDA - Los pol\u00edticos Veracruz\",\"isPartOf\":{\"@id\":\"https:\\\/\\\/lospoliticosveracruz.com\\\/#website\"},\"datePublished\":\"2023-07-09T15:57:45+00:00\",\"dateModified\":\"2023-07-09T15:57:51+00:00\",\"breadcrumb\":{\"@id\":\"https:\\\/\\\/lospoliticosveracruz.com\\\/?p=108436#breadcrumb\"},\"inLanguage\":\"es\",\"potentialAction\":[{\"@type\":\"ReadAction\",\"target\":[\"https:\\\/\\\/lospoliticosveracruz.com\\\/?p=108436\"]}]},{\"@type\":\"BreadcrumbList\",\"@id\":\"https:\\\/\\\/lospoliticosveracruz.com\\\/?p=108436#breadcrumb\",\"itemListElement\":[{\"@type\":\"ListItem\",\"position\":1,\"name\":\"Portada\",\"item\":\"https:\\\/\\\/lospoliticosveracruz.com\\\/\"},{\"@type\":\"ListItem\",\"position\":2,\"name\":\"DAVID, GOLIAT Y LA HONDA\"}]},{\"@type\":\"WebSite\",\"@id\":\"https:\\\/\\\/lospoliticosveracruz.com\\\/#website\",\"url\":\"https:\\\/\\\/lospoliticosveracruz.com\\\/\",\"name\":\"Los pol\u00edticos Veracruz\",\"description\":\"\",\"publisher\":{\"@id\":\"https:\\\/\\\/lospoliticosveracruz.com\\\/#organization\"},\"potentialAction\":[{\"@type\":\"SearchAction\",\"target\":{\"@type\":\"EntryPoint\",\"urlTemplate\":\"https:\\\/\\\/lospoliticosveracruz.com\\\/?s={search_term_string}\"},\"query-input\":{\"@type\":\"PropertyValueSpecification\",\"valueRequired\":true,\"valueName\":\"search_term_string\"}}],\"inLanguage\":\"es\"},{\"@type\":\"Organization\",\"@id\":\"https:\\\/\\\/lospoliticosveracruz.com\\\/#organization\",\"name\":\"Los pol\u00edticos Veracruz\",\"url\":\"https:\\\/\\\/lospoliticosveracruz.com\\\/\",\"logo\":{\"@type\":\"ImageObject\",\"inLanguage\":\"es\",\"@id\":\"https:\\\/\\\/lospoliticosveracruz.com\\\/#\\\/schema\\\/logo\\\/image\\\/\",\"url\":\"https:\\\/\\\/lospoliticosveracruz.com\\\/wp-content\\\/uploads\\\/2025\\\/12\\\/Logo-Nuevo-LOS-POLITICOS-1.jpg\",\"contentUrl\":\"https:\\\/\\\/lospoliticosveracruz.com\\\/wp-content\\\/uploads\\\/2025\\\/12\\\/Logo-Nuevo-LOS-POLITICOS-1.jpg\",\"width\":260,\"height\":70,\"caption\":\"Los pol\u00edticos Veracruz\"},\"image\":{\"@id\":\"https:\\\/\\\/lospoliticosveracruz.com\\\/#\\\/schema\\\/logo\\\/image\\\/\"},\"sameAs\":[\"https:\\\/\\\/www.facebook.com\\\/people\\\/Notimemes-de-los-Polticos\\\/61565672886568\\\/\",\"https:\\\/\\\/x.com\\\/LosPoliticosVer\"]},{\"@type\":\"Person\",\"@id\":\"https:\\\/\\\/lospoliticosveracruz.com\\\/#\\\/schema\\\/person\\\/b8702bb0e538456e6efd07080bf2a4a2\",\"name\":\"Lo viste en Los Pol\u00edticos\",\"image\":{\"@type\":\"ImageObject\",\"inLanguage\":\"es\",\"@id\":\"https:\\\/\\\/secure.gravatar.com\\\/avatar\\\/3a8de04a2656d44082be478bd6c086daa447c4651605818287b9532d3d0bd435?s=96&d=mm&r=g\",\"url\":\"https:\\\/\\\/secure.gravatar.com\\\/avatar\\\/3a8de04a2656d44082be478bd6c086daa447c4651605818287b9532d3d0bd435?s=96&d=mm&r=g\",\"contentUrl\":\"https:\\\/\\\/secure.gravatar.com\\\/avatar\\\/3a8de04a2656d44082be478bd6c086daa447c4651605818287b9532d3d0bd435?s=96&d=mm&r=g\",\"caption\":\"Lo viste en Los Pol\u00edticos\"},\"url\":\"https:\\\/\\\/lospoliticosveracruz.com\\\/?author=2\"}]}<\/script>\n<!-- \/ Yoast SEO plugin. -->","yoast_head_json":{"title":"DAVID, GOLIAT Y LA HONDA - Los pol\u00edticos Veracruz","robots":{"index":"index","follow":"follow","max-snippet":"max-snippet:-1","max-image-preview":"max-image-preview:large","max-video-preview":"max-video-preview:-1"},"canonical":"https:\/\/lospoliticosveracruz.com\/?p=108436","og_locale":"es_ES","og_type":"article","og_title":"DAVID, GOLIAT Y LA HONDA - Los pol\u00edticos Veracruz","og_description":"Miguel Valera Relatos dominicales Aunque sus hermanos eran soldados y ten\u00edan experiencia en el arte de la guerra, el joven David, como mi padre en su infancia, era solo un pastor, que cuidaba ovejas. Cuando el rey Sa\u00fal lo vio, todo enclenque no le crey\u00f3 bien a bien que ya hab\u00eda matado, cuerpo a cuerpo [&hellip;]","og_url":"https:\/\/lospoliticosveracruz.com\/?p=108436","og_site_name":"Los pol\u00edticos Veracruz","article_publisher":"https:\/\/www.facebook.com\/people\/Notimemes-de-los-Polticos\/61565672886568\/","article_published_time":"2023-07-09T15:57:45+00:00","article_modified_time":"2023-07-09T15:57:51+00:00","og_image":[{"width":200,"height":200,"url":"https:\/\/lospoliticosveracruz.com\/wp-content\/uploads\/2016\/07\/Logo-Dor.jpg","type":"image\/jpeg"}],"author":"Lo viste en Los Pol\u00edticos","twitter_card":"summary_large_image","twitter_creator":"@LosPoliticosVer","twitter_site":"@LosPoliticosVer","twitter_misc":{"Escrito por":"Lo viste en Los Pol\u00edticos","Tiempo de lectura":"3 minutos"},"schema":{"@context":"https:\/\/schema.org","@graph":[{"@type":"Article","@id":"https:\/\/lospoliticosveracruz.com\/?p=108436#article","isPartOf":{"@id":"https:\/\/lospoliticosveracruz.com\/?p=108436"},"author":{"name":"Lo viste en Los Pol\u00edticos","@id":"https:\/\/lospoliticosveracruz.com\/#\/schema\/person\/b8702bb0e538456e6efd07080bf2a4a2"},"headline":"DAVID, GOLIAT Y LA HONDA","datePublished":"2023-07-09T15:57:45+00:00","dateModified":"2023-07-09T15:57:51+00:00","mainEntityOfPage":{"@id":"https:\/\/lospoliticosveracruz.com\/?p=108436"},"wordCount":592,"publisher":{"@id":"https:\/\/lospoliticosveracruz.com\/#organization"},"keywords":["David","Goliat","Veracruz"],"articleSection":["De Opini\u00f3n"],"inLanguage":"es"},{"@type":"WebPage","@id":"https:\/\/lospoliticosveracruz.com\/?p=108436","url":"https:\/\/lospoliticosveracruz.com\/?p=108436","name":"DAVID, GOLIAT Y LA HONDA - Los pol\u00edticos Veracruz","isPartOf":{"@id":"https:\/\/lospoliticosveracruz.com\/#website"},"datePublished":"2023-07-09T15:57:45+00:00","dateModified":"2023-07-09T15:57:51+00:00","breadcrumb":{"@id":"https:\/\/lospoliticosveracruz.com\/?p=108436#breadcrumb"},"inLanguage":"es","potentialAction":[{"@type":"ReadAction","target":["https:\/\/lospoliticosveracruz.com\/?p=108436"]}]},{"@type":"BreadcrumbList","@id":"https:\/\/lospoliticosveracruz.com\/?p=108436#breadcrumb","itemListElement":[{"@type":"ListItem","position":1,"name":"Portada","item":"https:\/\/lospoliticosveracruz.com\/"},{"@type":"ListItem","position":2,"name":"DAVID, GOLIAT Y LA HONDA"}]},{"@type":"WebSite","@id":"https:\/\/lospoliticosveracruz.com\/#website","url":"https:\/\/lospoliticosveracruz.com\/","name":"Los pol\u00edticos Veracruz","description":"","publisher":{"@id":"https:\/\/lospoliticosveracruz.com\/#organization"},"potentialAction":[{"@type":"SearchAction","target":{"@type":"EntryPoint","urlTemplate":"https:\/\/lospoliticosveracruz.com\/?s={search_term_string}"},"query-input":{"@type":"PropertyValueSpecification","valueRequired":true,"valueName":"search_term_string"}}],"inLanguage":"es"},{"@type":"Organization","@id":"https:\/\/lospoliticosveracruz.com\/#organization","name":"Los pol\u00edticos Veracruz","url":"https:\/\/lospoliticosveracruz.com\/","logo":{"@type":"ImageObject","inLanguage":"es","@id":"https:\/\/lospoliticosveracruz.com\/#\/schema\/logo\/image\/","url":"https:\/\/lospoliticosveracruz.com\/wp-content\/uploads\/2025\/12\/Logo-Nuevo-LOS-POLITICOS-1.jpg","contentUrl":"https:\/\/lospoliticosveracruz.com\/wp-content\/uploads\/2025\/12\/Logo-Nuevo-LOS-POLITICOS-1.jpg","width":260,"height":70,"caption":"Los pol\u00edticos Veracruz"},"image":{"@id":"https:\/\/lospoliticosveracruz.com\/#\/schema\/logo\/image\/"},"sameAs":["https:\/\/www.facebook.com\/people\/Notimemes-de-los-Polticos\/61565672886568\/","https:\/\/x.com\/LosPoliticosVer"]},{"@type":"Person","@id":"https:\/\/lospoliticosveracruz.com\/#\/schema\/person\/b8702bb0e538456e6efd07080bf2a4a2","name":"Lo viste en Los Pol\u00edticos","image":{"@type":"ImageObject","inLanguage":"es","@id":"https:\/\/secure.gravatar.com\/avatar\/3a8de04a2656d44082be478bd6c086daa447c4651605818287b9532d3d0bd435?s=96&d=mm&r=g","url":"https:\/\/secure.gravatar.com\/avatar\/3a8de04a2656d44082be478bd6c086daa447c4651605818287b9532d3d0bd435?s=96&d=mm&r=g","contentUrl":"https:\/\/secure.gravatar.com\/avatar\/3a8de04a2656d44082be478bd6c086daa447c4651605818287b9532d3d0bd435?s=96&d=mm&r=g","caption":"Lo viste en Los Pol\u00edticos"},"url":"https:\/\/lospoliticosveracruz.com\/?author=2"}]}},"_links":{"self":[{"href":"https:\/\/lospoliticosveracruz.com\/index.php?rest_route=\/wp\/v2\/posts\/108436","targetHints":{"allow":["GET"]}}],"collection":[{"href":"https:\/\/lospoliticosveracruz.com\/index.php?rest_route=\/wp\/v2\/posts"}],"about":[{"href":"https:\/\/lospoliticosveracruz.com\/index.php?rest_route=\/wp\/v2\/types\/post"}],"author":[{"embeddable":true,"href":"https:\/\/lospoliticosveracruz.com\/index.php?rest_route=\/wp\/v2\/users\/2"}],"replies":[{"embeddable":true,"href":"https:\/\/lospoliticosveracruz.com\/index.php?rest_route=%2Fwp%2Fv2%2Fcomments&post=108436"}],"version-history":[{"count":1,"href":"https:\/\/lospoliticosveracruz.com\/index.php?rest_route=\/wp\/v2\/posts\/108436\/revisions"}],"predecessor-version":[{"id":108438,"href":"https:\/\/lospoliticosveracruz.com\/index.php?rest_route=\/wp\/v2\/posts\/108436\/revisions\/108438"}],"wp:attachment":[{"href":"https:\/\/lospoliticosveracruz.com\/index.php?rest_route=%2Fwp%2Fv2%2Fmedia&parent=108436"}],"wp:term":[{"taxonomy":"category","embeddable":true,"href":"https:\/\/lospoliticosveracruz.com\/index.php?rest_route=%2Fwp%2Fv2%2Fcategories&post=108436"},{"taxonomy":"post_tag","embeddable":true,"href":"https:\/\/lospoliticosveracruz.com\/index.php?rest_route=%2Fwp%2Fv2%2Ftags&post=108436"}],"curies":[{"name":"wp","href":"https:\/\/api.w.org\/{rel}","templated":true}]}}