{"id":108445,"date":"2023-07-09T14:55:41","date_gmt":"2023-07-09T19:55:41","guid":{"rendered":"https:\/\/lospoliticosveracruz.com.mx\/?p=108445"},"modified":"2023-07-09T14:55:47","modified_gmt":"2023-07-09T19:55:47","slug":"cancer-de-vejiga-vive-para-contarlo","status":"publish","type":"post","link":"https:\/\/lospoliticosveracruz.com\/?p=108445","title":{"rendered":"C\u00c1NCER DE VEJIGA: VIVE PARA CONTARLO!"},"content":{"rendered":"\n<p>Es inusual que haya un hombre en el Grupo Juntas Venciendo el C\u00e1ncer (Juvecan) Coatepec narrando su experiencia sobre el c\u00e1ncer de vejiga que tuvo hace siete a\u00f1os.<\/p>\n\n\n\n<p>Es Juan Carlos Serio Silva, quien a trav\u00e9s de la pl\u00e1tica \u201cBrindando Esperanza en un caso de C\u00e1ncer de Vejiga\u201d, platica que siendo Bi\u00f3logo y especialista en el comportamiento de los monos, se encontraba en Uganda estudiando los chimpanc\u00e9s cuando le sorprendieron s\u00edntomas urinarios que le diagnosticaron como infecci\u00f3n, por lo que de regreso a Xalapa, acudi\u00f3 a&nbsp; un ur\u00f3logo, quien tras hacerle un ultrasonido, le dijo que hab\u00eda una tumoraci\u00f3n dentro de la vejiga abrazando uno de los ureteros y no pod\u00eda brindarle tratamiento; que mejor \u201cfuera preparando sus papeles\u201d.<\/p>\n\n\n\n<p>Todav\u00eda con la adrenalina a tope, tom\u00f3 la decisi\u00f3n de viajar a la Ciudad de M\u00e9xico donde a trav\u00e9s de unos familiares lejanos, lo conectaron con amigos que sab\u00edan de un m\u00e9dico Oncour\u00f3logo en el Instituto Nacional de Cancerolog\u00eda, el Doctor Miguel Angel Jim\u00e9nez R\u00edos, quien en una consulta, despu\u00e9s de ver los estudios que llevaba, le propuso una \u201ccirug\u00eda de caballo\u201d urgente, porque hab\u00eda que retirar no solamente la vejiga, sino pr\u00f3stata, ganglios de ambos lados, un segmento de intestino para conectar a uretero (conducto para unir a la vejiga) y dejar un \u201cestoma\u201d o boca, la cual iba a conectar con una bolsa recolectora de orina permanente, la cual presume al mostrarla.<\/p>\n\n\n\n<p>La cirug\u00eda fue un \u00e9xito y la recuperaci\u00f3n tambi\u00e9n\u2026 pero no as\u00ed con la quimioterapia, pues como cuenta, fue ah\u00ed donde \u201cla puerca torci\u00f3 el rabo\u201d porque fueron siete aplicaciones con mucho malestar y sus amigos le ofrec\u00edan el caldo de zopilote o diferentes p\u00f3cimas que agradeci\u00f3, pero no las tom\u00f3, porque finalmente la quimioterapia es el veneno que te va a salvar la Vida.<\/p>\n\n\n\n<p>Y despu\u00e9s de toda esta experiencia \u00bfqu\u00e9 queda? Contar o no contar tu historia. \u00c9l decidi\u00f3 contarla y servir de ejemplo de que el c\u00e1ncer se puede vencer y la vida es tan corta que hay que vivirla intensamente, porque en unos minutos se te puede ir.<\/p>\n\n\n\n<p>La pl\u00e1tica de Juan Carlos se vio enriquecida por las experiencias de las asistentes, agradeci\u00e9ndole su sinceridad y empat\u00eda.<\/p>\n\n\n\n<p>Al mismo tiempo, llegan tres mujeres m\u00e1s a nuestro Grupo. Se les escucha y se les orienta, obsequi\u00e1ndole a Georgina una pr\u00f3tesis de semillas; a Yola se le recomienda&nbsp; con la Tanat\u00f3loga; y a Mar\u00eda, continuar con su tratamiento pendiente de quimioterapia para un c\u00e1ncer cervicouterino, con una dosis de mucha Fe y Amor por la Vida.<\/p>\n\n\n\n<p><\/p>\n","protected":false},"excerpt":{"rendered":"<p>Es inusual que haya un hombre en el Grupo Juntas Venciendo el C\u00e1ncer (Juvecan) Coatepec narrando su experiencia sobre el c\u00e1ncer de vejiga que tuvo hace siete a\u00f1os. Es Juan Carlos Serio Silva, quien a trav\u00e9s de la pl\u00e1tica \u201cBrindando Esperanza en un caso de C\u00e1ncer de Vejiga\u201d, platica que siendo Bi\u00f3logo y especialista en [&hellip;]<\/p>\n","protected":false},"author":2,"featured_media":0,"comment_status":"closed","ping_status":"closed","sticky":false,"template":"","format":"standard","meta":{"tdm_status":"","tdm_grid_status":"","footnotes":""},"categories":[72],"tags":[4884,38617,38618,9030,38619],"class_list":{"0":"post-108445","1":"post","2":"type-post","3":"status-publish","4":"format-standard","6":"category-palomazos","7":"tag-cancer-de-mama","8":"tag-cancer-de-vejiga","9":"tag-juan-carlos-serio-silva","10":"tag-juvecan-coatepec","11":"tag-miguel-angel-jimenez-rios"},"yoast_head":"<!-- This site is optimized with the Yoast SEO plugin v27.4 - https:\/\/yoast.com\/product\/yoast-seo-wordpress\/ -->\n<title>C\u00c1NCER DE VEJIGA: VIVE PARA CONTARLO! - Los pol\u00edticos Veracruz<\/title>\n<meta name=\"robots\" content=\"index, follow, max-snippet:-1, max-image-preview:large, max-video-preview:-1\" \/>\n<link rel=\"canonical\" href=\"https:\/\/lospoliticosveracruz.com\/?p=108445\" \/>\n<meta property=\"og:locale\" content=\"es_ES\" \/>\n<meta property=\"og:type\" content=\"article\" \/>\n<meta property=\"og:title\" content=\"C\u00c1NCER DE VEJIGA: VIVE PARA CONTARLO! - Los pol\u00edticos Veracruz\" \/>\n<meta property=\"og:description\" content=\"Es inusual que haya un hombre en el Grupo Juntas Venciendo el C\u00e1ncer (Juvecan) Coatepec narrando su experiencia sobre el c\u00e1ncer de vejiga que tuvo hace siete a\u00f1os. Es Juan Carlos Serio Silva, quien a trav\u00e9s de la pl\u00e1tica \u201cBrindando Esperanza en un caso de C\u00e1ncer de Vejiga\u201d, platica que siendo Bi\u00f3logo y especialista en [&hellip;]\" \/>\n<meta property=\"og:url\" content=\"https:\/\/lospoliticosveracruz.com\/?p=108445\" \/>\n<meta property=\"og:site_name\" content=\"Los pol\u00edticos Veracruz\" \/>\n<meta property=\"article:publisher\" content=\"https:\/\/www.facebook.com\/people\/Notimemes-de-los-Polticos\/61565672886568\/\" \/>\n<meta property=\"article:published_time\" content=\"2023-07-09T19:55:41+00:00\" \/>\n<meta property=\"article:modified_time\" content=\"2023-07-09T19:55:47+00:00\" \/>\n<meta property=\"og:image\" content=\"https:\/\/lospoliticosveracruz.com\/wp-content\/uploads\/2016\/07\/Logo-Dor.jpg\" \/>\n\t<meta property=\"og:image:width\" content=\"200\" \/>\n\t<meta property=\"og:image:height\" content=\"200\" \/>\n\t<meta property=\"og:image:type\" content=\"image\/jpeg\" \/>\n<meta name=\"author\" content=\"Lo viste en Los Pol\u00edticos\" \/>\n<meta name=\"twitter:card\" content=\"summary_large_image\" \/>\n<meta name=\"twitter:creator\" content=\"@LosPoliticosVer\" \/>\n<meta name=\"twitter:site\" content=\"@LosPoliticosVer\" \/>\n<meta name=\"twitter:label1\" content=\"Escrito por\" \/>\n\t<meta name=\"twitter:data1\" content=\"Lo viste en Los Pol\u00edticos\" \/>\n\t<meta name=\"twitter:label2\" content=\"Tiempo de lectura\" \/>\n\t<meta name=\"twitter:data2\" content=\"2 minutos\" \/>\n<script type=\"application\/ld+json\" class=\"yoast-schema-graph\">{\"@context\":\"https:\\\/\\\/schema.org\",\"@graph\":[{\"@type\":\"Article\",\"@id\":\"https:\\\/\\\/lospoliticosveracruz.com\\\/?p=108445#article\",\"isPartOf\":{\"@id\":\"https:\\\/\\\/lospoliticosveracruz.com\\\/?p=108445\"},\"author\":{\"name\":\"Lo viste en Los Pol\u00edticos\",\"@id\":\"https:\\\/\\\/lospoliticosveracruz.com\\\/#\\\/schema\\\/person\\\/b8702bb0e538456e6efd07080bf2a4a2\"},\"headline\":\"C\u00c1NCER DE VEJIGA: VIVE PARA CONTARLO!\",\"datePublished\":\"2023-07-09T19:55:41+00:00\",\"dateModified\":\"2023-07-09T19:55:47+00:00\",\"mainEntityOfPage\":{\"@id\":\"https:\\\/\\\/lospoliticosveracruz.com\\\/?p=108445\"},\"wordCount\":474,\"publisher\":{\"@id\":\"https:\\\/\\\/lospoliticosveracruz.com\\\/#organization\"},\"keywords\":[\"c\u00e1ncer de mama\",\"c\u00e1ncer de vejiga\",\"Juan Carlos Serio Silva\",\"Juvecan Coatepec\",\"Miguel Angel Jim\u00e9nez R\u00edos\"],\"articleSection\":[\"Palomazos\"],\"inLanguage\":\"es\"},{\"@type\":\"WebPage\",\"@id\":\"https:\\\/\\\/lospoliticosveracruz.com\\\/?p=108445\",\"url\":\"https:\\\/\\\/lospoliticosveracruz.com\\\/?p=108445\",\"name\":\"C\u00c1NCER DE VEJIGA: VIVE PARA CONTARLO! - Los pol\u00edticos Veracruz\",\"isPartOf\":{\"@id\":\"https:\\\/\\\/lospoliticosveracruz.com\\\/#website\"},\"datePublished\":\"2023-07-09T19:55:41+00:00\",\"dateModified\":\"2023-07-09T19:55:47+00:00\",\"breadcrumb\":{\"@id\":\"https:\\\/\\\/lospoliticosveracruz.com\\\/?p=108445#breadcrumb\"},\"inLanguage\":\"es\",\"potentialAction\":[{\"@type\":\"ReadAction\",\"target\":[\"https:\\\/\\\/lospoliticosveracruz.com\\\/?p=108445\"]}]},{\"@type\":\"BreadcrumbList\",\"@id\":\"https:\\\/\\\/lospoliticosveracruz.com\\\/?p=108445#breadcrumb\",\"itemListElement\":[{\"@type\":\"ListItem\",\"position\":1,\"name\":\"Portada\",\"item\":\"https:\\\/\\\/lospoliticosveracruz.com\\\/\"},{\"@type\":\"ListItem\",\"position\":2,\"name\":\"C\u00c1NCER DE VEJIGA: VIVE PARA CONTARLO!\"}]},{\"@type\":\"WebSite\",\"@id\":\"https:\\\/\\\/lospoliticosveracruz.com\\\/#website\",\"url\":\"https:\\\/\\\/lospoliticosveracruz.com\\\/\",\"name\":\"Los pol\u00edticos Veracruz\",\"description\":\"\",\"publisher\":{\"@id\":\"https:\\\/\\\/lospoliticosveracruz.com\\\/#organization\"},\"potentialAction\":[{\"@type\":\"SearchAction\",\"target\":{\"@type\":\"EntryPoint\",\"urlTemplate\":\"https:\\\/\\\/lospoliticosveracruz.com\\\/?s={search_term_string}\"},\"query-input\":{\"@type\":\"PropertyValueSpecification\",\"valueRequired\":true,\"valueName\":\"search_term_string\"}}],\"inLanguage\":\"es\"},{\"@type\":\"Organization\",\"@id\":\"https:\\\/\\\/lospoliticosveracruz.com\\\/#organization\",\"name\":\"Los pol\u00edticos Veracruz\",\"url\":\"https:\\\/\\\/lospoliticosveracruz.com\\\/\",\"logo\":{\"@type\":\"ImageObject\",\"inLanguage\":\"es\",\"@id\":\"https:\\\/\\\/lospoliticosveracruz.com\\\/#\\\/schema\\\/logo\\\/image\\\/\",\"url\":\"https:\\\/\\\/lospoliticosveracruz.com\\\/wp-content\\\/uploads\\\/2025\\\/12\\\/Logo-Nuevo-LOS-POLITICOS-1.jpg\",\"contentUrl\":\"https:\\\/\\\/lospoliticosveracruz.com\\\/wp-content\\\/uploads\\\/2025\\\/12\\\/Logo-Nuevo-LOS-POLITICOS-1.jpg\",\"width\":260,\"height\":70,\"caption\":\"Los pol\u00edticos Veracruz\"},\"image\":{\"@id\":\"https:\\\/\\\/lospoliticosveracruz.com\\\/#\\\/schema\\\/logo\\\/image\\\/\"},\"sameAs\":[\"https:\\\/\\\/www.facebook.com\\\/people\\\/Notimemes-de-los-Polticos\\\/61565672886568\\\/\",\"https:\\\/\\\/x.com\\\/LosPoliticosVer\"]},{\"@type\":\"Person\",\"@id\":\"https:\\\/\\\/lospoliticosveracruz.com\\\/#\\\/schema\\\/person\\\/b8702bb0e538456e6efd07080bf2a4a2\",\"name\":\"Lo viste en Los Pol\u00edticos\",\"image\":{\"@type\":\"ImageObject\",\"inLanguage\":\"es\",\"@id\":\"https:\\\/\\\/secure.gravatar.com\\\/avatar\\\/3a8de04a2656d44082be478bd6c086daa447c4651605818287b9532d3d0bd435?s=96&d=mm&r=g\",\"url\":\"https:\\\/\\\/secure.gravatar.com\\\/avatar\\\/3a8de04a2656d44082be478bd6c086daa447c4651605818287b9532d3d0bd435?s=96&d=mm&r=g\",\"contentUrl\":\"https:\\\/\\\/secure.gravatar.com\\\/avatar\\\/3a8de04a2656d44082be478bd6c086daa447c4651605818287b9532d3d0bd435?s=96&d=mm&r=g\",\"caption\":\"Lo viste en Los Pol\u00edticos\"},\"url\":\"https:\\\/\\\/lospoliticosveracruz.com\\\/?author=2\"}]}<\/script>\n<!-- \/ Yoast SEO plugin. -->","yoast_head_json":{"title":"C\u00c1NCER DE VEJIGA: VIVE PARA CONTARLO! - Los pol\u00edticos Veracruz","robots":{"index":"index","follow":"follow","max-snippet":"max-snippet:-1","max-image-preview":"max-image-preview:large","max-video-preview":"max-video-preview:-1"},"canonical":"https:\/\/lospoliticosveracruz.com\/?p=108445","og_locale":"es_ES","og_type":"article","og_title":"C\u00c1NCER DE VEJIGA: VIVE PARA CONTARLO! - Los pol\u00edticos Veracruz","og_description":"Es inusual que haya un hombre en el Grupo Juntas Venciendo el C\u00e1ncer (Juvecan) Coatepec narrando su experiencia sobre el c\u00e1ncer de vejiga que tuvo hace siete a\u00f1os. Es Juan Carlos Serio Silva, quien a trav\u00e9s de la pl\u00e1tica \u201cBrindando Esperanza en un caso de C\u00e1ncer de Vejiga\u201d, platica que siendo Bi\u00f3logo y especialista en [&hellip;]","og_url":"https:\/\/lospoliticosveracruz.com\/?p=108445","og_site_name":"Los pol\u00edticos Veracruz","article_publisher":"https:\/\/www.facebook.com\/people\/Notimemes-de-los-Polticos\/61565672886568\/","article_published_time":"2023-07-09T19:55:41+00:00","article_modified_time":"2023-07-09T19:55:47+00:00","og_image":[{"width":200,"height":200,"url":"https:\/\/lospoliticosveracruz.com\/wp-content\/uploads\/2016\/07\/Logo-Dor.jpg","type":"image\/jpeg"}],"author":"Lo viste en Los Pol\u00edticos","twitter_card":"summary_large_image","twitter_creator":"@LosPoliticosVer","twitter_site":"@LosPoliticosVer","twitter_misc":{"Escrito por":"Lo viste en Los Pol\u00edticos","Tiempo de lectura":"2 minutos"},"schema":{"@context":"https:\/\/schema.org","@graph":[{"@type":"Article","@id":"https:\/\/lospoliticosveracruz.com\/?p=108445#article","isPartOf":{"@id":"https:\/\/lospoliticosveracruz.com\/?p=108445"},"author":{"name":"Lo viste en Los Pol\u00edticos","@id":"https:\/\/lospoliticosveracruz.com\/#\/schema\/person\/b8702bb0e538456e6efd07080bf2a4a2"},"headline":"C\u00c1NCER DE VEJIGA: VIVE PARA CONTARLO!","datePublished":"2023-07-09T19:55:41+00:00","dateModified":"2023-07-09T19:55:47+00:00","mainEntityOfPage":{"@id":"https:\/\/lospoliticosveracruz.com\/?p=108445"},"wordCount":474,"publisher":{"@id":"https:\/\/lospoliticosveracruz.com\/#organization"},"keywords":["c\u00e1ncer de mama","c\u00e1ncer de vejiga","Juan Carlos Serio Silva","Juvecan Coatepec","Miguel Angel Jim\u00e9nez R\u00edos"],"articleSection":["Palomazos"],"inLanguage":"es"},{"@type":"WebPage","@id":"https:\/\/lospoliticosveracruz.com\/?p=108445","url":"https:\/\/lospoliticosveracruz.com\/?p=108445","name":"C\u00c1NCER DE VEJIGA: VIVE PARA CONTARLO! - Los pol\u00edticos Veracruz","isPartOf":{"@id":"https:\/\/lospoliticosveracruz.com\/#website"},"datePublished":"2023-07-09T19:55:41+00:00","dateModified":"2023-07-09T19:55:47+00:00","breadcrumb":{"@id":"https:\/\/lospoliticosveracruz.com\/?p=108445#breadcrumb"},"inLanguage":"es","potentialAction":[{"@type":"ReadAction","target":["https:\/\/lospoliticosveracruz.com\/?p=108445"]}]},{"@type":"BreadcrumbList","@id":"https:\/\/lospoliticosveracruz.com\/?p=108445#breadcrumb","itemListElement":[{"@type":"ListItem","position":1,"name":"Portada","item":"https:\/\/lospoliticosveracruz.com\/"},{"@type":"ListItem","position":2,"name":"C\u00c1NCER DE VEJIGA: VIVE PARA CONTARLO!"}]},{"@type":"WebSite","@id":"https:\/\/lospoliticosveracruz.com\/#website","url":"https:\/\/lospoliticosveracruz.com\/","name":"Los pol\u00edticos Veracruz","description":"","publisher":{"@id":"https:\/\/lospoliticosveracruz.com\/#organization"},"potentialAction":[{"@type":"SearchAction","target":{"@type":"EntryPoint","urlTemplate":"https:\/\/lospoliticosveracruz.com\/?s={search_term_string}"},"query-input":{"@type":"PropertyValueSpecification","valueRequired":true,"valueName":"search_term_string"}}],"inLanguage":"es"},{"@type":"Organization","@id":"https:\/\/lospoliticosveracruz.com\/#organization","name":"Los pol\u00edticos Veracruz","url":"https:\/\/lospoliticosveracruz.com\/","logo":{"@type":"ImageObject","inLanguage":"es","@id":"https:\/\/lospoliticosveracruz.com\/#\/schema\/logo\/image\/","url":"https:\/\/lospoliticosveracruz.com\/wp-content\/uploads\/2025\/12\/Logo-Nuevo-LOS-POLITICOS-1.jpg","contentUrl":"https:\/\/lospoliticosveracruz.com\/wp-content\/uploads\/2025\/12\/Logo-Nuevo-LOS-POLITICOS-1.jpg","width":260,"height":70,"caption":"Los pol\u00edticos Veracruz"},"image":{"@id":"https:\/\/lospoliticosveracruz.com\/#\/schema\/logo\/image\/"},"sameAs":["https:\/\/www.facebook.com\/people\/Notimemes-de-los-Polticos\/61565672886568\/","https:\/\/x.com\/LosPoliticosVer"]},{"@type":"Person","@id":"https:\/\/lospoliticosveracruz.com\/#\/schema\/person\/b8702bb0e538456e6efd07080bf2a4a2","name":"Lo viste en Los Pol\u00edticos","image":{"@type":"ImageObject","inLanguage":"es","@id":"https:\/\/secure.gravatar.com\/avatar\/3a8de04a2656d44082be478bd6c086daa447c4651605818287b9532d3d0bd435?s=96&d=mm&r=g","url":"https:\/\/secure.gravatar.com\/avatar\/3a8de04a2656d44082be478bd6c086daa447c4651605818287b9532d3d0bd435?s=96&d=mm&r=g","contentUrl":"https:\/\/secure.gravatar.com\/avatar\/3a8de04a2656d44082be478bd6c086daa447c4651605818287b9532d3d0bd435?s=96&d=mm&r=g","caption":"Lo viste en Los Pol\u00edticos"},"url":"https:\/\/lospoliticosveracruz.com\/?author=2"}]}},"_links":{"self":[{"href":"https:\/\/lospoliticosveracruz.com\/index.php?rest_route=\/wp\/v2\/posts\/108445","targetHints":{"allow":["GET"]}}],"collection":[{"href":"https:\/\/lospoliticosveracruz.com\/index.php?rest_route=\/wp\/v2\/posts"}],"about":[{"href":"https:\/\/lospoliticosveracruz.com\/index.php?rest_route=\/wp\/v2\/types\/post"}],"author":[{"embeddable":true,"href":"https:\/\/lospoliticosveracruz.com\/index.php?rest_route=\/wp\/v2\/users\/2"}],"replies":[{"embeddable":true,"href":"https:\/\/lospoliticosveracruz.com\/index.php?rest_route=%2Fwp%2Fv2%2Fcomments&post=108445"}],"version-history":[{"count":1,"href":"https:\/\/lospoliticosveracruz.com\/index.php?rest_route=\/wp\/v2\/posts\/108445\/revisions"}],"predecessor-version":[{"id":108447,"href":"https:\/\/lospoliticosveracruz.com\/index.php?rest_route=\/wp\/v2\/posts\/108445\/revisions\/108447"}],"wp:attachment":[{"href":"https:\/\/lospoliticosveracruz.com\/index.php?rest_route=%2Fwp%2Fv2%2Fmedia&parent=108445"}],"wp:term":[{"taxonomy":"category","embeddable":true,"href":"https:\/\/lospoliticosveracruz.com\/index.php?rest_route=%2Fwp%2Fv2%2Fcategories&post=108445"},{"taxonomy":"post_tag","embeddable":true,"href":"https:\/\/lospoliticosveracruz.com\/index.php?rest_route=%2Fwp%2Fv2%2Ftags&post=108445"}],"curies":[{"name":"wp","href":"https:\/\/api.w.org\/{rel}","templated":true}]}}