{"id":108677,"date":"2023-07-14T09:00:00","date_gmt":"2023-07-14T14:00:00","guid":{"rendered":"https:\/\/lospoliticosveracruz.com.mx\/?p=108677"},"modified":"2023-07-14T08:39:56","modified_gmt":"2023-07-14T13:39:56","slug":"una-otomi-a-la-que-amlo-alucina","status":"publish","type":"post","link":"https:\/\/lospoliticosveracruz.com\/?p=108677","title":{"rendered":"UNA OTOM\u00cd A LA QUE AMLO ALUCINA"},"content":{"rendered":"\n<p><strong>Bernardo Guti\u00e9rrez Parra<br><\/strong><em>Desde el Caf\u00e9<\/em><\/p>\n\n\n\n<p>Este mi\u00e9rcoles Andr\u00e9s Manuel L\u00f3pez Obrador volvi\u00f3 a mencionar en su ma\u00f1anera a X\u00f3chitl G\u00e1lvez a la que trae atravesada en el cogote. \u201cLe voy a pedir a Claudio X Gonz\u00e1lez que haga una investigaci\u00f3n sobre la empresa de X\u00f3chitl y los contratos que ha recibido del gobierno de cuando fue funcionaria en el gobierno de Fox y de cu\u00e1ndo fue Jefa de Gobierno\u2026 (lo que hizo re\u00edr a los reporteros, pero corrigi\u00f3), delegada en Miguel Hidalgo\u201d.<\/p>\n\n\n<div class=\"wp-block-image\">\n<figure class=\"alignleft size-medium\"><a href=\"https:\/\/lospoliticosveracruz.com.mx\/wp-content\/uploads\/2021\/10\/WhatsApp-Image-2021-10-02-at-15.20.25.jpeg\"><img loading=\"lazy\" decoding=\"async\" width=\"212\" height=\"300\" src=\"https:\/\/lospoliticosveracruz.com.mx\/wp-content\/uploads\/2021\/10\/WhatsApp-Image-2021-10-02-at-15.20.25-212x300.jpeg\" alt=\"\" class=\"wp-image-80177\" srcset=\"https:\/\/lospoliticosveracruz.com\/wp-content\/uploads\/2021\/10\/WhatsApp-Image-2021-10-02-at-15.20.25-212x300.jpeg 212w, https:\/\/lospoliticosveracruz.com\/wp-content\/uploads\/2021\/10\/WhatsApp-Image-2021-10-02-at-15.20.25-724x1024.jpeg 724w, https:\/\/lospoliticosveracruz.com\/wp-content\/uploads\/2021\/10\/WhatsApp-Image-2021-10-02-at-15.20.25-768x1086.jpeg 768w, https:\/\/lospoliticosveracruz.com\/wp-content\/uploads\/2021\/10\/WhatsApp-Image-2021-10-02-at-15.20.25.jpeg 905w\" sizes=\"auto, (max-width: 212px) 100vw, 212px\" \/><\/a><\/figure>\n<\/div>\n\n\n<p>Y no fue muy lejos por la respuesta. \u201cEs tan chingona mi empresa que su gobierno la contrata porque para eso estoy, para dar servicios a quien me quiera contratar\u2026los pagos a mi empresa son por transferencia electr\u00f3nica, no son en sobres amarillos como los que sus hermanos recib\u00edan\u201d, le revir\u00f3 X\u00f3chitl.<\/p>\n\n\n\n<p>Tras asegurar que sus empresas fueron creadas mucho antes de que tuviera un cargo p\u00fablico porque es empresaria desde hace 31 a\u00f1os, G\u00e1lvez ret\u00f3 al presidente: \u201cEntonces que le busque, que le revise, que le cheque\u201d.<\/p>\n\n\n\n<p>Y este jueves ya no le contest\u00f3 Andr\u00e9s Manuel que para colmo recibi\u00f3 la orden del INE de ya no hablar de ella en sus conferencias y bajar cuatro de sus ma\u00f1aneras. Un golpazo en la boca del hablador que hasta hace un mes navegaba sobre aguas tranquilas en compa\u00f1\u00eda de su muchacha Claudia Sheinbaum.<\/p>\n\n\n\n<p>Acostumbrado a denostar y calumniar desde su p\u00falpito en Palacio Nacional sin que nadie le replique, Andr\u00e9s Manuel no ha sabido c\u00f3mo reaccionar ante una ind\u00edgena otom\u00ed que le sali\u00f3 contestataria y respondona.<\/p>\n\n\n\n<p>Una ind\u00edgena que viene de abajo, de mero abajo. Que de vender gelatinas a los nueve a\u00f1os, se alz\u00f3 con el t\u00edtulo de Ingeniera en Computaci\u00f3n por la UNAM con especialidad en rob\u00f3tica, inteligencia artificial, edificios inteligentes, sustentabilidad y ahorro de energ\u00eda. Una mujer que est\u00e1 sacudiendo la conciencia de una ciudadan\u00eda a la que hab\u00edan invitado a conformarse y no ser aspiracionista.<\/p>\n\n\n\n<p>La irrupci\u00f3n de la hidalguense cambi\u00f3 el panorama de una sociedad amodorrada que no ve\u00eda en la oposici\u00f3n a un aspirante con chispa, carisma, simpat\u00eda e inteligencia como para hacerle frente a Morena en las presidenciales del 2024.<\/p>\n\n\n\n<p>X\u00f3chitl result\u00f3 un ant\u00eddoto que nunca se imagin\u00f3 el tabasque\u00f1o porque, seg\u00fan el analista Alfonso Z\u00e1rate, est\u00e1 neutralizando el discurso de la 4T.<\/p>\n\n\n\n<p>El boom de X\u00f3chitl repercuti\u00f3 en las corcholatas que comenzaron muy unidas y ya andan a la gre\u00f1a. Bast\u00f3 con que Claudia Sheinbaum criticara el plan de seguridad de Marcelo Ebrard para que \u00e9ste tambi\u00e9n la descalificara y la retara a un debate, con lo que la presunta unidad hizo crack.<\/p>\n\n\n\n<p>Ricardo Monreal vino a Veracruz a zurrar al gobernador favorito del presidente, lo que molest\u00f3 a \u00e9ste. Y Ad\u00e1n Augusto L\u00f3pez se ha salido del guion que le paut\u00f3 L\u00f3pez Obrador haciendo lo que quiere.<\/p>\n\n\n\n<p>Es decir, mientras las corcholatas se desdibujan, X\u00f3chitl G\u00e1lvez se fortalece.<\/p>\n\n\n\n<p>En Palacio Nacional est\u00e1n a la espera de una encuesta con dos encuestadas, X\u00f3chitl y Claudia y una pregunta: \u00bfPor cu\u00e1l de las dos votar\u00eda usted para presidenta?<\/p>\n\n\n\n<p>Por poco porcentaje que obtenga la hidalguense ser\u00e1 un triunfo para ella si se toma en cuenta que apenas lleva un mes de campa\u00f1a y Claudia lleva cinco a\u00f1os.<\/p>\n\n\n\n<p>Guardando la debida proporci\u00f3n, a Carlos Salinas le bastaron ocho meses para que el pa\u00eds se le fuera de las manos cuando lo tuvo en un pu\u00f1o casi todo su sexenio. L\u00f3pez Obrador lo sabe y tratar\u00e1 que en los meses que le faltan no le suceda lo mismo.<\/p>\n\n\n\n<p>Su problema es que sabe atacar pero no se sabe defender (porque nunca tuvo necesidad) y con sus descontones verbales X\u00f3chitl G\u00e1lvez lo est\u00e1 minando pol\u00edticamente.<\/p>\n\n\n\n<p>Pobre hombre, no s\u00f3lo no sabe c\u00f3mo neutralizarla, sino que aparte de traerla atravesada en el cogote la alucina diariamente.<br>Presencia de<\/p>\n\n\n\n<p><strong>Zenyazen en cuatro municipios<\/strong><\/p>\n\n\n\n<p>El domingo anterior, el titular de la SEV Zenyazen Escobar Garc\u00eda, estuvo en C\u00f3rdoba donde como militante de Morena, reafirm\u00f3 su compromiso de trabajar y fortalecer este movimiento para que tenga continuidad en 2024.<\/p>\n\n\n\n<p>Su presencia fue en la Arena C\u00f3rdoba donde se realiz\u00f3 la Asamblea de Toma de Protesta a los Comit\u00e9s de Defensa de la 4T del Distrito 16.<\/p>\n\n\n\n<p>Durante su mensaje Zenyazen destac\u00f3 la presencia de mujeres y hombres que caminan para lograr la transformaci\u00f3n de Veracruz y hacer un gran estado y pa\u00eds, sobre todo porque ahora los recursos llegan a donde deben llegar, como hospitales, escuelas, infraestructura y seguridad, entre otros. Por consiguiente, recalc\u00f3 que se debe impedir que la derecha regrese a gobernar.<\/p>\n\n\n\n<p>El mi\u00e9rcoles supervis\u00f3 obras en la Secundaria T\u00e9cnica Industrial no. 163, ubicada en la localidad de Las Trancas, municipio de Emiliano Zapata, y de la Escuela Primaria \u201cEnrique C. R\u00e9bsamen\u201d del municipio de Banderilla, en las que se invierten 4 millones 399 mil 123.15 pesos.<\/p>\n\n\n\n<p>Zenyazen acudi\u00f3 al terreno ubicado en Las Trancas para ver el avance de la construcci\u00f3n de la primera etapa de tres aulas did\u00e1cticas, direcci\u00f3n, servicios sanitarios y obra exterior, que beneficiar\u00e1 a una matr\u00edcula de 135 estudiantes.<\/p>\n\n\n\n<p>\u201cTenemos r\u00e9cord en obras y nuestra labor se ha enfocado en que nuestras ni\u00f1as, ni\u00f1os y j\u00f3venes cuenten con espacios dignos\u201d, dijo el funcionario.<\/p>\n\n\n\n<p>Ayer jueves estuvo en Citlalt\u00e9petl donde entreg\u00f3 \u00fatiles escolares y mochilas a mil 800 estudiantes de 26 escuelas primarias y secundarias de la Huasteca Baja, a fin de que los utilicen al iniciar el pr\u00f3ximo ciclo escolar 2023-2024.<\/p>\n\n\n\n<p>Durante su mensaje, Escobar Garc\u00eda dijo que antes hablar de Veracruz era sin\u00f3nimo de corrupci\u00f3n, en el plano acad\u00e9mico la entidad se encontraba en los \u00faltimos lugares a nivel nacional; pero hoy es trabajo y resultados, adem\u00e1s se ubica en los cinco primeros estados del pa\u00eds en materia educativa y con manejo transparente de recursos financieros. De igual manera, agradeci\u00f3 la colaboraci\u00f3n de las maestras y maestros por el trabajo que realizan en beneficio de la poblaci\u00f3n estudiantil.<\/p>\n\n\n\n<p>bernardogup@hotmail.com<\/p>\n","protected":false},"excerpt":{"rendered":"<p>Bernardo Guti\u00e9rrez ParraDesde el Caf\u00e9 Este mi\u00e9rcoles Andr\u00e9s Manuel L\u00f3pez Obrador volvi\u00f3 a mencionar en su ma\u00f1anera a X\u00f3chitl G\u00e1lvez a la que trae atravesada en el cogote. \u201cLe voy a pedir a Claudio X Gonz\u00e1lez que haga una investigaci\u00f3n sobre la empresa de X\u00f3chitl y los contratos que ha recibido del gobierno de cuando [&hellip;]<\/p>\n","protected":false},"author":2,"featured_media":0,"comment_status":"closed","ping_status":"closed","sticky":false,"template":"","format":"standard","meta":{"tdm_status":"","tdm_grid_status":"","footnotes":""},"categories":[70],"tags":[618,9627,1026,17531,12372],"class_list":{"0":"post-108677","1":"post","2":"type-post","3":"status-publish","4":"format-standard","6":"category-de-opinion","7":"tag-andres-manuel-lopez-obrador","8":"tag-claudia-sheinbaum","9":"tag-morena","10":"tag-xochitl-galvez","11":"tag-zenyazen-escobar-garcia"},"yoast_head":"<!-- This site is optimized with the Yoast SEO plugin v27.4 - https:\/\/yoast.com\/product\/yoast-seo-wordpress\/ -->\n<title>UNA OTOM\u00cd A LA QUE AMLO ALUCINA - Los pol\u00edticos Veracruz<\/title>\n<meta name=\"robots\" content=\"index, follow, max-snippet:-1, max-image-preview:large, max-video-preview:-1\" \/>\n<link rel=\"canonical\" href=\"https:\/\/lospoliticosveracruz.com\/?p=108677\" \/>\n<meta property=\"og:locale\" content=\"es_ES\" \/>\n<meta property=\"og:type\" content=\"article\" \/>\n<meta property=\"og:title\" content=\"UNA OTOM\u00cd A LA QUE AMLO ALUCINA - Los pol\u00edticos Veracruz\" \/>\n<meta property=\"og:description\" content=\"Bernardo Guti\u00e9rrez ParraDesde el Caf\u00e9 Este mi\u00e9rcoles Andr\u00e9s Manuel L\u00f3pez Obrador volvi\u00f3 a mencionar en su ma\u00f1anera a X\u00f3chitl G\u00e1lvez a la que trae atravesada en el cogote. \u201cLe voy a pedir a Claudio X Gonz\u00e1lez que haga una investigaci\u00f3n sobre la empresa de X\u00f3chitl y los contratos que ha recibido del gobierno de cuando [&hellip;]\" \/>\n<meta property=\"og:url\" content=\"https:\/\/lospoliticosveracruz.com\/?p=108677\" \/>\n<meta property=\"og:site_name\" content=\"Los pol\u00edticos Veracruz\" \/>\n<meta property=\"article:publisher\" content=\"https:\/\/www.facebook.com\/people\/Notimemes-de-los-Polticos\/61565672886568\/\" \/>\n<meta property=\"article:published_time\" content=\"2023-07-14T14:00:00+00:00\" \/>\n<meta property=\"og:image\" content=\"https:\/\/lospoliticosveracruz.com.mx\/wp-content\/uploads\/2021\/10\/WhatsApp-Image-2021-10-02-at-15.20.25-212x300.jpeg\" \/>\n<meta name=\"author\" content=\"Lo viste en Los Pol\u00edticos\" \/>\n<meta name=\"twitter:card\" content=\"summary_large_image\" \/>\n<meta name=\"twitter:creator\" content=\"@LosPoliticosVer\" \/>\n<meta name=\"twitter:site\" content=\"@LosPoliticosVer\" \/>\n<meta name=\"twitter:label1\" content=\"Escrito por\" \/>\n\t<meta name=\"twitter:data1\" content=\"Lo viste en Los Pol\u00edticos\" \/>\n\t<meta name=\"twitter:label2\" content=\"Tiempo de lectura\" \/>\n\t<meta name=\"twitter:data2\" content=\"5 minutos\" \/>\n<script type=\"application\/ld+json\" class=\"yoast-schema-graph\">{\"@context\":\"https:\\\/\\\/schema.org\",\"@graph\":[{\"@type\":\"Article\",\"@id\":\"https:\\\/\\\/lospoliticosveracruz.com\\\/?p=108677#article\",\"isPartOf\":{\"@id\":\"https:\\\/\\\/lospoliticosveracruz.com\\\/?p=108677\"},\"author\":{\"name\":\"Lo viste en Los Pol\u00edticos\",\"@id\":\"https:\\\/\\\/lospoliticosveracruz.com\\\/#\\\/schema\\\/person\\\/b8702bb0e538456e6efd07080bf2a4a2\"},\"headline\":\"UNA OTOM\u00cd A LA QUE AMLO ALUCINA\",\"datePublished\":\"2023-07-14T14:00:00+00:00\",\"mainEntityOfPage\":{\"@id\":\"https:\\\/\\\/lospoliticosveracruz.com\\\/?p=108677\"},\"wordCount\":1071,\"publisher\":{\"@id\":\"https:\\\/\\\/lospoliticosveracruz.com\\\/#organization\"},\"image\":{\"@id\":\"https:\\\/\\\/lospoliticosveracruz.com\\\/?p=108677#primaryimage\"},\"thumbnailUrl\":\"https:\\\/\\\/lospoliticosveracruz.com.mx\\\/wp-content\\\/uploads\\\/2021\\\/10\\\/WhatsApp-Image-2021-10-02-at-15.20.25-212x300.jpeg\",\"keywords\":[\"Andr\u00e9s Manuel L\u00f3pez Obrador\",\"Claudia Sheinbaum\",\"Morena\",\"X\u00f3chitl G\u00e1lvez\",\"Zenyazen Escobar Garc\u00eda\"],\"articleSection\":[\"De Opini\u00f3n\"],\"inLanguage\":\"es\"},{\"@type\":\"WebPage\",\"@id\":\"https:\\\/\\\/lospoliticosveracruz.com\\\/?p=108677\",\"url\":\"https:\\\/\\\/lospoliticosveracruz.com\\\/?p=108677\",\"name\":\"UNA OTOM\u00cd A LA QUE AMLO ALUCINA - Los pol\u00edticos Veracruz\",\"isPartOf\":{\"@id\":\"https:\\\/\\\/lospoliticosveracruz.com\\\/#website\"},\"primaryImageOfPage\":{\"@id\":\"https:\\\/\\\/lospoliticosveracruz.com\\\/?p=108677#primaryimage\"},\"image\":{\"@id\":\"https:\\\/\\\/lospoliticosveracruz.com\\\/?p=108677#primaryimage\"},\"thumbnailUrl\":\"https:\\\/\\\/lospoliticosveracruz.com.mx\\\/wp-content\\\/uploads\\\/2021\\\/10\\\/WhatsApp-Image-2021-10-02-at-15.20.25-212x300.jpeg\",\"datePublished\":\"2023-07-14T14:00:00+00:00\",\"breadcrumb\":{\"@id\":\"https:\\\/\\\/lospoliticosveracruz.com\\\/?p=108677#breadcrumb\"},\"inLanguage\":\"es\",\"potentialAction\":[{\"@type\":\"ReadAction\",\"target\":[\"https:\\\/\\\/lospoliticosveracruz.com\\\/?p=108677\"]}]},{\"@type\":\"ImageObject\",\"inLanguage\":\"es\",\"@id\":\"https:\\\/\\\/lospoliticosveracruz.com\\\/?p=108677#primaryimage\",\"url\":\"https:\\\/\\\/lospoliticosveracruz.com.mx\\\/wp-content\\\/uploads\\\/2021\\\/10\\\/WhatsApp-Image-2021-10-02-at-15.20.25-212x300.jpeg\",\"contentUrl\":\"https:\\\/\\\/lospoliticosveracruz.com.mx\\\/wp-content\\\/uploads\\\/2021\\\/10\\\/WhatsApp-Image-2021-10-02-at-15.20.25-212x300.jpeg\"},{\"@type\":\"BreadcrumbList\",\"@id\":\"https:\\\/\\\/lospoliticosveracruz.com\\\/?p=108677#breadcrumb\",\"itemListElement\":[{\"@type\":\"ListItem\",\"position\":1,\"name\":\"Portada\",\"item\":\"https:\\\/\\\/lospoliticosveracruz.com\\\/\"},{\"@type\":\"ListItem\",\"position\":2,\"name\":\"UNA OTOM\u00cd A LA QUE AMLO ALUCINA\"}]},{\"@type\":\"WebSite\",\"@id\":\"https:\\\/\\\/lospoliticosveracruz.com\\\/#website\",\"url\":\"https:\\\/\\\/lospoliticosveracruz.com\\\/\",\"name\":\"Los pol\u00edticos Veracruz\",\"description\":\"\",\"publisher\":{\"@id\":\"https:\\\/\\\/lospoliticosveracruz.com\\\/#organization\"},\"potentialAction\":[{\"@type\":\"SearchAction\",\"target\":{\"@type\":\"EntryPoint\",\"urlTemplate\":\"https:\\\/\\\/lospoliticosveracruz.com\\\/?s={search_term_string}\"},\"query-input\":{\"@type\":\"PropertyValueSpecification\",\"valueRequired\":true,\"valueName\":\"search_term_string\"}}],\"inLanguage\":\"es\"},{\"@type\":\"Organization\",\"@id\":\"https:\\\/\\\/lospoliticosveracruz.com\\\/#organization\",\"name\":\"Los pol\u00edticos Veracruz\",\"url\":\"https:\\\/\\\/lospoliticosveracruz.com\\\/\",\"logo\":{\"@type\":\"ImageObject\",\"inLanguage\":\"es\",\"@id\":\"https:\\\/\\\/lospoliticosveracruz.com\\\/#\\\/schema\\\/logo\\\/image\\\/\",\"url\":\"https:\\\/\\\/lospoliticosveracruz.com\\\/wp-content\\\/uploads\\\/2025\\\/12\\\/Logo-Nuevo-LOS-POLITICOS-1.jpg\",\"contentUrl\":\"https:\\\/\\\/lospoliticosveracruz.com\\\/wp-content\\\/uploads\\\/2025\\\/12\\\/Logo-Nuevo-LOS-POLITICOS-1.jpg\",\"width\":260,\"height\":70,\"caption\":\"Los pol\u00edticos Veracruz\"},\"image\":{\"@id\":\"https:\\\/\\\/lospoliticosveracruz.com\\\/#\\\/schema\\\/logo\\\/image\\\/\"},\"sameAs\":[\"https:\\\/\\\/www.facebook.com\\\/people\\\/Notimemes-de-los-Polticos\\\/61565672886568\\\/\",\"https:\\\/\\\/x.com\\\/LosPoliticosVer\"]},{\"@type\":\"Person\",\"@id\":\"https:\\\/\\\/lospoliticosveracruz.com\\\/#\\\/schema\\\/person\\\/b8702bb0e538456e6efd07080bf2a4a2\",\"name\":\"Lo viste en Los Pol\u00edticos\",\"image\":{\"@type\":\"ImageObject\",\"inLanguage\":\"es\",\"@id\":\"https:\\\/\\\/secure.gravatar.com\\\/avatar\\\/3a8de04a2656d44082be478bd6c086daa447c4651605818287b9532d3d0bd435?s=96&d=mm&r=g\",\"url\":\"https:\\\/\\\/secure.gravatar.com\\\/avatar\\\/3a8de04a2656d44082be478bd6c086daa447c4651605818287b9532d3d0bd435?s=96&d=mm&r=g\",\"contentUrl\":\"https:\\\/\\\/secure.gravatar.com\\\/avatar\\\/3a8de04a2656d44082be478bd6c086daa447c4651605818287b9532d3d0bd435?s=96&d=mm&r=g\",\"caption\":\"Lo viste en Los Pol\u00edticos\"},\"url\":\"https:\\\/\\\/lospoliticosveracruz.com\\\/?author=2\"}]}<\/script>\n<!-- \/ Yoast SEO plugin. -->","yoast_head_json":{"title":"UNA OTOM\u00cd A LA QUE AMLO ALUCINA - Los pol\u00edticos Veracruz","robots":{"index":"index","follow":"follow","max-snippet":"max-snippet:-1","max-image-preview":"max-image-preview:large","max-video-preview":"max-video-preview:-1"},"canonical":"https:\/\/lospoliticosveracruz.com\/?p=108677","og_locale":"es_ES","og_type":"article","og_title":"UNA OTOM\u00cd A LA QUE AMLO ALUCINA - Los pol\u00edticos Veracruz","og_description":"Bernardo Guti\u00e9rrez ParraDesde el Caf\u00e9 Este mi\u00e9rcoles Andr\u00e9s Manuel L\u00f3pez Obrador volvi\u00f3 a mencionar en su ma\u00f1anera a X\u00f3chitl G\u00e1lvez a la que trae atravesada en el cogote. \u201cLe voy a pedir a Claudio X Gonz\u00e1lez que haga una investigaci\u00f3n sobre la empresa de X\u00f3chitl y los contratos que ha recibido del gobierno de cuando [&hellip;]","og_url":"https:\/\/lospoliticosveracruz.com\/?p=108677","og_site_name":"Los pol\u00edticos Veracruz","article_publisher":"https:\/\/www.facebook.com\/people\/Notimemes-de-los-Polticos\/61565672886568\/","article_published_time":"2023-07-14T14:00:00+00:00","og_image":[{"url":"https:\/\/lospoliticosveracruz.com.mx\/wp-content\/uploads\/2021\/10\/WhatsApp-Image-2021-10-02-at-15.20.25-212x300.jpeg","type":"","width":"","height":""}],"author":"Lo viste en Los Pol\u00edticos","twitter_card":"summary_large_image","twitter_creator":"@LosPoliticosVer","twitter_site":"@LosPoliticosVer","twitter_misc":{"Escrito por":"Lo viste en Los Pol\u00edticos","Tiempo de lectura":"5 minutos"},"schema":{"@context":"https:\/\/schema.org","@graph":[{"@type":"Article","@id":"https:\/\/lospoliticosveracruz.com\/?p=108677#article","isPartOf":{"@id":"https:\/\/lospoliticosveracruz.com\/?p=108677"},"author":{"name":"Lo viste en Los Pol\u00edticos","@id":"https:\/\/lospoliticosveracruz.com\/#\/schema\/person\/b8702bb0e538456e6efd07080bf2a4a2"},"headline":"UNA OTOM\u00cd A LA QUE AMLO ALUCINA","datePublished":"2023-07-14T14:00:00+00:00","mainEntityOfPage":{"@id":"https:\/\/lospoliticosveracruz.com\/?p=108677"},"wordCount":1071,"publisher":{"@id":"https:\/\/lospoliticosveracruz.com\/#organization"},"image":{"@id":"https:\/\/lospoliticosveracruz.com\/?p=108677#primaryimage"},"thumbnailUrl":"https:\/\/lospoliticosveracruz.com.mx\/wp-content\/uploads\/2021\/10\/WhatsApp-Image-2021-10-02-at-15.20.25-212x300.jpeg","keywords":["Andr\u00e9s Manuel L\u00f3pez Obrador","Claudia Sheinbaum","Morena","X\u00f3chitl G\u00e1lvez","Zenyazen Escobar Garc\u00eda"],"articleSection":["De Opini\u00f3n"],"inLanguage":"es"},{"@type":"WebPage","@id":"https:\/\/lospoliticosveracruz.com\/?p=108677","url":"https:\/\/lospoliticosveracruz.com\/?p=108677","name":"UNA OTOM\u00cd A LA QUE AMLO ALUCINA - Los pol\u00edticos Veracruz","isPartOf":{"@id":"https:\/\/lospoliticosveracruz.com\/#website"},"primaryImageOfPage":{"@id":"https:\/\/lospoliticosveracruz.com\/?p=108677#primaryimage"},"image":{"@id":"https:\/\/lospoliticosveracruz.com\/?p=108677#primaryimage"},"thumbnailUrl":"https:\/\/lospoliticosveracruz.com.mx\/wp-content\/uploads\/2021\/10\/WhatsApp-Image-2021-10-02-at-15.20.25-212x300.jpeg","datePublished":"2023-07-14T14:00:00+00:00","breadcrumb":{"@id":"https:\/\/lospoliticosveracruz.com\/?p=108677#breadcrumb"},"inLanguage":"es","potentialAction":[{"@type":"ReadAction","target":["https:\/\/lospoliticosveracruz.com\/?p=108677"]}]},{"@type":"ImageObject","inLanguage":"es","@id":"https:\/\/lospoliticosveracruz.com\/?p=108677#primaryimage","url":"https:\/\/lospoliticosveracruz.com.mx\/wp-content\/uploads\/2021\/10\/WhatsApp-Image-2021-10-02-at-15.20.25-212x300.jpeg","contentUrl":"https:\/\/lospoliticosveracruz.com.mx\/wp-content\/uploads\/2021\/10\/WhatsApp-Image-2021-10-02-at-15.20.25-212x300.jpeg"},{"@type":"BreadcrumbList","@id":"https:\/\/lospoliticosveracruz.com\/?p=108677#breadcrumb","itemListElement":[{"@type":"ListItem","position":1,"name":"Portada","item":"https:\/\/lospoliticosveracruz.com\/"},{"@type":"ListItem","position":2,"name":"UNA OTOM\u00cd A LA QUE AMLO ALUCINA"}]},{"@type":"WebSite","@id":"https:\/\/lospoliticosveracruz.com\/#website","url":"https:\/\/lospoliticosveracruz.com\/","name":"Los pol\u00edticos Veracruz","description":"","publisher":{"@id":"https:\/\/lospoliticosveracruz.com\/#organization"},"potentialAction":[{"@type":"SearchAction","target":{"@type":"EntryPoint","urlTemplate":"https:\/\/lospoliticosveracruz.com\/?s={search_term_string}"},"query-input":{"@type":"PropertyValueSpecification","valueRequired":true,"valueName":"search_term_string"}}],"inLanguage":"es"},{"@type":"Organization","@id":"https:\/\/lospoliticosveracruz.com\/#organization","name":"Los pol\u00edticos Veracruz","url":"https:\/\/lospoliticosveracruz.com\/","logo":{"@type":"ImageObject","inLanguage":"es","@id":"https:\/\/lospoliticosveracruz.com\/#\/schema\/logo\/image\/","url":"https:\/\/lospoliticosveracruz.com\/wp-content\/uploads\/2025\/12\/Logo-Nuevo-LOS-POLITICOS-1.jpg","contentUrl":"https:\/\/lospoliticosveracruz.com\/wp-content\/uploads\/2025\/12\/Logo-Nuevo-LOS-POLITICOS-1.jpg","width":260,"height":70,"caption":"Los pol\u00edticos Veracruz"},"image":{"@id":"https:\/\/lospoliticosveracruz.com\/#\/schema\/logo\/image\/"},"sameAs":["https:\/\/www.facebook.com\/people\/Notimemes-de-los-Polticos\/61565672886568\/","https:\/\/x.com\/LosPoliticosVer"]},{"@type":"Person","@id":"https:\/\/lospoliticosveracruz.com\/#\/schema\/person\/b8702bb0e538456e6efd07080bf2a4a2","name":"Lo viste en Los Pol\u00edticos","image":{"@type":"ImageObject","inLanguage":"es","@id":"https:\/\/secure.gravatar.com\/avatar\/3a8de04a2656d44082be478bd6c086daa447c4651605818287b9532d3d0bd435?s=96&d=mm&r=g","url":"https:\/\/secure.gravatar.com\/avatar\/3a8de04a2656d44082be478bd6c086daa447c4651605818287b9532d3d0bd435?s=96&d=mm&r=g","contentUrl":"https:\/\/secure.gravatar.com\/avatar\/3a8de04a2656d44082be478bd6c086daa447c4651605818287b9532d3d0bd435?s=96&d=mm&r=g","caption":"Lo viste en Los Pol\u00edticos"},"url":"https:\/\/lospoliticosveracruz.com\/?author=2"}]}},"_links":{"self":[{"href":"https:\/\/lospoliticosveracruz.com\/index.php?rest_route=\/wp\/v2\/posts\/108677","targetHints":{"allow":["GET"]}}],"collection":[{"href":"https:\/\/lospoliticosveracruz.com\/index.php?rest_route=\/wp\/v2\/posts"}],"about":[{"href":"https:\/\/lospoliticosveracruz.com\/index.php?rest_route=\/wp\/v2\/types\/post"}],"author":[{"embeddable":true,"href":"https:\/\/lospoliticosveracruz.com\/index.php?rest_route=\/wp\/v2\/users\/2"}],"replies":[{"embeddable":true,"href":"https:\/\/lospoliticosveracruz.com\/index.php?rest_route=%2Fwp%2Fv2%2Fcomments&post=108677"}],"version-history":[{"count":1,"href":"https:\/\/lospoliticosveracruz.com\/index.php?rest_route=\/wp\/v2\/posts\/108677\/revisions"}],"predecessor-version":[{"id":108678,"href":"https:\/\/lospoliticosveracruz.com\/index.php?rest_route=\/wp\/v2\/posts\/108677\/revisions\/108678"}],"wp:attachment":[{"href":"https:\/\/lospoliticosveracruz.com\/index.php?rest_route=%2Fwp%2Fv2%2Fmedia&parent=108677"}],"wp:term":[{"taxonomy":"category","embeddable":true,"href":"https:\/\/lospoliticosveracruz.com\/index.php?rest_route=%2Fwp%2Fv2%2Fcategories&post=108677"},{"taxonomy":"post_tag","embeddable":true,"href":"https:\/\/lospoliticosveracruz.com\/index.php?rest_route=%2Fwp%2Fv2%2Ftags&post=108677"}],"curies":[{"name":"wp","href":"https:\/\/api.w.org\/{rel}","templated":true}]}}