{"id":108679,"date":"2023-07-14T09:25:25","date_gmt":"2023-07-14T14:25:25","guid":{"rendered":"https:\/\/lospoliticosveracruz.com.mx\/?p=108679"},"modified":"2023-07-14T09:25:36","modified_gmt":"2023-07-14T14:25:36","slug":"monreal-el-temor","status":"publish","type":"post","link":"https:\/\/lospoliticosveracruz.com\/?p=108679","title":{"rendered":"MONREAL, EL TEMOR"},"content":{"rendered":"\n<p><strong>Omar Z\u00fa\u00f1iga<br><\/strong><em>De Primera Mano<\/em><\/p>\n\n\n\n<p>\u201cSoy el m\u00e1s cerebral, el m\u00e1s conciliador, el m\u00e1s preparado y adem\u00e1s, soy independiente\u201d, esta es la respuesta del senador con licencia, Ricardo Monreal \u00c1vila, a la pregunta de porqu\u00e9 debe ser \u00e9l, el candidato de Morena a la Presidencia de la Rep\u00fablica en 2024.<\/p>\n\n\n\n<figure class=\"wp-block-image size-large\"><a href=\"https:\/\/lospoliticosveracruz.com.mx\/wp-content\/uploads\/2016\/07\/Seguro-Julio-Cerecedo-2.jpg\"><img decoding=\"async\" src=\"https:\/\/lospoliticosveracruz.com.mx\/wp-content\/uploads\/2016\/07\/Seguro-Julio-Cerecedo-2-1024x381.jpg\" alt=\"\" class=\"wp-image-105879\"\/><\/a><\/figure>\n\n\n\n<p><br>Fue una reuni\u00f3n breve ciertamente, con el prestigiado Grupo de los 10, sin embargo, result\u00f3 reveladora.<br>De entrada la declaraci\u00f3n que nos dio del porqu\u00e9 debe ser \u00e9l, por otro lado el mensaje inicial de la reuni\u00f3n a la que fuimos convocados:<br>\u201cQuiero agradecerles estar aqu\u00ed, porque ahora que estaba en \u00c1lamo, tuve que hacer reuniones casi secretas con grupos de personas. Porque tienen temor productores, ganaderos, me dicen \u2018queremos verlo y platicar, somos un grupo de 100 personas, pero vamos a ir por una causa y queremos que no haya nadie. No queremos prensa, no queremos nada\u2019.<br>\u201cPero estamos en Veracruz, donde han sido valientes (heroicos) cuatro veces, donde (Benito) Ju\u00e1rez alababa aqu\u00ed Veracruz, cuando expidi\u00f3 las leyes de reforma en 1858. Y entonces estaba con (Jos\u00e9 Manuel) Del R\u00edo cuando me dijo \u2018nos vamos a reunir con algunos columnistas, amigos de medios\u2019 y le dije pues qui\u00e9n sabe si vayan, porque no es f\u00e1cil\u201d.<br>\u201cEntonces yo se los agradezco, porque estamos en una lucha muy dif\u00edcil, muy desigual, (\u2026) pero decirles muchas gracias por lo que hacen a diario, que yo respeto mucho la libre expresi\u00f3n, la libre manifestaci\u00f3n de ideas.<br>Explic\u00f3 que el universo de la muestra para la encuesta a\u00fan no se decide, pero por el tama\u00f1o de la muestra \u201cVeracruz va a ser importante, muy importante, por eso es que le dedico m\u00e1s tiempo, dos d\u00edas\u201d, el \u00fanico estado seg\u00fan \u00e9l, en el que ha estado este lapso.<br>Dijo que \u201csin arrogancia y sin ninguna actitud petulante, soy el m\u00e1s preparado de todos. La experiencia pol\u00edtica acumulada no la tiene nadie. Nadie ha sido diputado federal tres veces por elecci\u00f3n. Nadie ha sido tres veces senador por elecci\u00f3n directa. Nadie ha tenido la experiencia que yo he tenido en diversos cargos como servidor p\u00fablico y estoy en mi etapa de madurez, de mayor conocimiento y de mayor serenidad para la toma de decisiones, de mayor juicio, para llamar a la reconciliaci\u00f3n del pa\u00eds. De mayor sensatez para poder llevar a M\u00e9xico a buen puerto\u201d.<br>Abund\u00f3 en el asunto del temor y dijo que \u201chay mucho monrealista de cl\u00f3set porque no quieren salir, porque tienen preocupaci\u00f3n, tienen miedo y fue categ\u00f3rico al asegurar que no se va de Morena, \u201ces una decisi\u00f3n pol\u00edtica; me voy a quedar en Morena y voy a luchar\u201d.<br>Como se mencion\u00f3 al principio, revelador que el ambiente en Veracruz est\u00e9 tan enrarecido que ni siquiera visitantes que caminan con la venia presidencial se sientan seguros.<br>La persecuci\u00f3n es una realidad en nuestro estado, y ah\u00ed estaba Jos\u00e9 Manuel del R\u00edo Virgen para dar fe de ello.<br>Aunque todos lo sabemos, muy pocos lo dicen. El temor es real, sin embargo no se puede vivir permanentemente de esta manera, el valiente vive, hasta que el cobarde quiere.<br>El tiempo sigue corriendo\u2026<\/p>\n\n\n\n<p>\u00a1Qu\u00e9 barbaridad!<br>deprimera.mano2020@gmail.com<\/p>\n","protected":false},"excerpt":{"rendered":"<p>Omar Z\u00fa\u00f1igaDe Primera Mano \u201cSoy el m\u00e1s cerebral, el m\u00e1s conciliador, el m\u00e1s preparado y adem\u00e1s, soy independiente\u201d, esta es la respuesta del senador con licencia, Ricardo Monreal \u00c1vila, a la pregunta de porqu\u00e9 debe ser \u00e9l, el candidato de Morena a la Presidencia de la Rep\u00fablica en 2024. Fue una reuni\u00f3n breve ciertamente, con [&hellip;]<\/p>\n","protected":false},"author":2,"featured_media":0,"comment_status":"closed","ping_status":"closed","sticky":false,"template":"","format":"standard","meta":{"tdm_status":"","tdm_grid_status":"","footnotes":""},"categories":[70],"tags":[1026,28705,2944,195],"class_list":{"0":"post-108679","1":"post","2":"type-post","3":"status-publish","4":"format-standard","6":"category-de-opinion","7":"tag-morena","8":"tag-omar-zuniga","9":"tag-ricardo-monreal-avila","10":"tag-veracruz"},"yoast_head":"<!-- This site is optimized with the Yoast SEO plugin v27.4 - https:\/\/yoast.com\/product\/yoast-seo-wordpress\/ -->\n<title>MONREAL, EL TEMOR - Los pol\u00edticos Veracruz<\/title>\n<meta name=\"robots\" content=\"index, follow, max-snippet:-1, max-image-preview:large, max-video-preview:-1\" \/>\n<link rel=\"canonical\" href=\"https:\/\/lospoliticosveracruz.com\/?p=108679\" \/>\n<meta property=\"og:locale\" content=\"es_ES\" \/>\n<meta property=\"og:type\" content=\"article\" \/>\n<meta property=\"og:title\" content=\"MONREAL, EL TEMOR - Los pol\u00edticos Veracruz\" \/>\n<meta property=\"og:description\" content=\"Omar Z\u00fa\u00f1igaDe Primera Mano \u201cSoy el m\u00e1s cerebral, el m\u00e1s conciliador, el m\u00e1s preparado y adem\u00e1s, soy independiente\u201d, esta es la respuesta del senador con licencia, Ricardo Monreal \u00c1vila, a la pregunta de porqu\u00e9 debe ser \u00e9l, el candidato de Morena a la Presidencia de la Rep\u00fablica en 2024. Fue una reuni\u00f3n breve ciertamente, con [&hellip;]\" \/>\n<meta property=\"og:url\" content=\"https:\/\/lospoliticosveracruz.com\/?p=108679\" \/>\n<meta property=\"og:site_name\" content=\"Los pol\u00edticos Veracruz\" \/>\n<meta property=\"article:publisher\" content=\"https:\/\/www.facebook.com\/people\/Notimemes-de-los-Polticos\/61565672886568\/\" \/>\n<meta property=\"article:published_time\" content=\"2023-07-14T14:25:25+00:00\" \/>\n<meta property=\"article:modified_time\" content=\"2023-07-14T14:25:36+00:00\" \/>\n<meta property=\"og:image\" content=\"https:\/\/lospoliticosveracruz.com.mx\/wp-content\/uploads\/2016\/07\/Seguro-Julio-Cerecedo-2-1024x381.jpg\" \/>\n<meta name=\"author\" content=\"Lo viste en Los Pol\u00edticos\" \/>\n<meta name=\"twitter:card\" content=\"summary_large_image\" \/>\n<meta name=\"twitter:creator\" content=\"@LosPoliticosVer\" \/>\n<meta name=\"twitter:site\" content=\"@LosPoliticosVer\" \/>\n<meta name=\"twitter:label1\" content=\"Escrito por\" \/>\n\t<meta name=\"twitter:data1\" content=\"Lo viste en Los Pol\u00edticos\" \/>\n\t<meta name=\"twitter:label2\" content=\"Tiempo de lectura\" \/>\n\t<meta name=\"twitter:data2\" content=\"3 minutos\" \/>\n<script type=\"application\/ld+json\" class=\"yoast-schema-graph\">{\"@context\":\"https:\\\/\\\/schema.org\",\"@graph\":[{\"@type\":\"Article\",\"@id\":\"https:\\\/\\\/lospoliticosveracruz.com\\\/?p=108679#article\",\"isPartOf\":{\"@id\":\"https:\\\/\\\/lospoliticosveracruz.com\\\/?p=108679\"},\"author\":{\"name\":\"Lo viste en Los Pol\u00edticos\",\"@id\":\"https:\\\/\\\/lospoliticosveracruz.com\\\/#\\\/schema\\\/person\\\/b8702bb0e538456e6efd07080bf2a4a2\"},\"headline\":\"MONREAL, EL TEMOR\",\"datePublished\":\"2023-07-14T14:25:25+00:00\",\"dateModified\":\"2023-07-14T14:25:36+00:00\",\"mainEntityOfPage\":{\"@id\":\"https:\\\/\\\/lospoliticosveracruz.com\\\/?p=108679\"},\"wordCount\":559,\"publisher\":{\"@id\":\"https:\\\/\\\/lospoliticosveracruz.com\\\/#organization\"},\"image\":{\"@id\":\"https:\\\/\\\/lospoliticosveracruz.com\\\/?p=108679#primaryimage\"},\"thumbnailUrl\":\"https:\\\/\\\/lospoliticosveracruz.com.mx\\\/wp-content\\\/uploads\\\/2016\\\/07\\\/Seguro-Julio-Cerecedo-2-1024x381.jpg\",\"keywords\":[\"Morena\",\"Omar Z\u00fa\u00f1iga\",\"Ricardo Monreal \u00c1vila\",\"Veracruz\"],\"articleSection\":[\"De Opini\u00f3n\"],\"inLanguage\":\"es\"},{\"@type\":\"WebPage\",\"@id\":\"https:\\\/\\\/lospoliticosveracruz.com\\\/?p=108679\",\"url\":\"https:\\\/\\\/lospoliticosveracruz.com\\\/?p=108679\",\"name\":\"MONREAL, EL TEMOR - Los pol\u00edticos Veracruz\",\"isPartOf\":{\"@id\":\"https:\\\/\\\/lospoliticosveracruz.com\\\/#website\"},\"primaryImageOfPage\":{\"@id\":\"https:\\\/\\\/lospoliticosveracruz.com\\\/?p=108679#primaryimage\"},\"image\":{\"@id\":\"https:\\\/\\\/lospoliticosveracruz.com\\\/?p=108679#primaryimage\"},\"thumbnailUrl\":\"https:\\\/\\\/lospoliticosveracruz.com.mx\\\/wp-content\\\/uploads\\\/2016\\\/07\\\/Seguro-Julio-Cerecedo-2-1024x381.jpg\",\"datePublished\":\"2023-07-14T14:25:25+00:00\",\"dateModified\":\"2023-07-14T14:25:36+00:00\",\"breadcrumb\":{\"@id\":\"https:\\\/\\\/lospoliticosveracruz.com\\\/?p=108679#breadcrumb\"},\"inLanguage\":\"es\",\"potentialAction\":[{\"@type\":\"ReadAction\",\"target\":[\"https:\\\/\\\/lospoliticosveracruz.com\\\/?p=108679\"]}]},{\"@type\":\"ImageObject\",\"inLanguage\":\"es\",\"@id\":\"https:\\\/\\\/lospoliticosveracruz.com\\\/?p=108679#primaryimage\",\"url\":\"https:\\\/\\\/lospoliticosveracruz.com.mx\\\/wp-content\\\/uploads\\\/2016\\\/07\\\/Seguro-Julio-Cerecedo-2-1024x381.jpg\",\"contentUrl\":\"https:\\\/\\\/lospoliticosveracruz.com.mx\\\/wp-content\\\/uploads\\\/2016\\\/07\\\/Seguro-Julio-Cerecedo-2-1024x381.jpg\"},{\"@type\":\"BreadcrumbList\",\"@id\":\"https:\\\/\\\/lospoliticosveracruz.com\\\/?p=108679#breadcrumb\",\"itemListElement\":[{\"@type\":\"ListItem\",\"position\":1,\"name\":\"Portada\",\"item\":\"https:\\\/\\\/lospoliticosveracruz.com\\\/\"},{\"@type\":\"ListItem\",\"position\":2,\"name\":\"MONREAL, EL TEMOR\"}]},{\"@type\":\"WebSite\",\"@id\":\"https:\\\/\\\/lospoliticosveracruz.com\\\/#website\",\"url\":\"https:\\\/\\\/lospoliticosveracruz.com\\\/\",\"name\":\"Los pol\u00edticos Veracruz\",\"description\":\"\",\"publisher\":{\"@id\":\"https:\\\/\\\/lospoliticosveracruz.com\\\/#organization\"},\"potentialAction\":[{\"@type\":\"SearchAction\",\"target\":{\"@type\":\"EntryPoint\",\"urlTemplate\":\"https:\\\/\\\/lospoliticosveracruz.com\\\/?s={search_term_string}\"},\"query-input\":{\"@type\":\"PropertyValueSpecification\",\"valueRequired\":true,\"valueName\":\"search_term_string\"}}],\"inLanguage\":\"es\"},{\"@type\":\"Organization\",\"@id\":\"https:\\\/\\\/lospoliticosveracruz.com\\\/#organization\",\"name\":\"Los pol\u00edticos Veracruz\",\"url\":\"https:\\\/\\\/lospoliticosveracruz.com\\\/\",\"logo\":{\"@type\":\"ImageObject\",\"inLanguage\":\"es\",\"@id\":\"https:\\\/\\\/lospoliticosveracruz.com\\\/#\\\/schema\\\/logo\\\/image\\\/\",\"url\":\"https:\\\/\\\/lospoliticosveracruz.com\\\/wp-content\\\/uploads\\\/2025\\\/12\\\/Logo-Nuevo-LOS-POLITICOS-1.jpg\",\"contentUrl\":\"https:\\\/\\\/lospoliticosveracruz.com\\\/wp-content\\\/uploads\\\/2025\\\/12\\\/Logo-Nuevo-LOS-POLITICOS-1.jpg\",\"width\":260,\"height\":70,\"caption\":\"Los pol\u00edticos Veracruz\"},\"image\":{\"@id\":\"https:\\\/\\\/lospoliticosveracruz.com\\\/#\\\/schema\\\/logo\\\/image\\\/\"},\"sameAs\":[\"https:\\\/\\\/www.facebook.com\\\/people\\\/Notimemes-de-los-Polticos\\\/61565672886568\\\/\",\"https:\\\/\\\/x.com\\\/LosPoliticosVer\"]},{\"@type\":\"Person\",\"@id\":\"https:\\\/\\\/lospoliticosveracruz.com\\\/#\\\/schema\\\/person\\\/b8702bb0e538456e6efd07080bf2a4a2\",\"name\":\"Lo viste en Los Pol\u00edticos\",\"image\":{\"@type\":\"ImageObject\",\"inLanguage\":\"es\",\"@id\":\"https:\\\/\\\/secure.gravatar.com\\\/avatar\\\/3a8de04a2656d44082be478bd6c086daa447c4651605818287b9532d3d0bd435?s=96&d=mm&r=g\",\"url\":\"https:\\\/\\\/secure.gravatar.com\\\/avatar\\\/3a8de04a2656d44082be478bd6c086daa447c4651605818287b9532d3d0bd435?s=96&d=mm&r=g\",\"contentUrl\":\"https:\\\/\\\/secure.gravatar.com\\\/avatar\\\/3a8de04a2656d44082be478bd6c086daa447c4651605818287b9532d3d0bd435?s=96&d=mm&r=g\",\"caption\":\"Lo viste en Los Pol\u00edticos\"},\"url\":\"https:\\\/\\\/lospoliticosveracruz.com\\\/?author=2\"}]}<\/script>\n<!-- \/ Yoast SEO plugin. -->","yoast_head_json":{"title":"MONREAL, EL TEMOR - Los pol\u00edticos Veracruz","robots":{"index":"index","follow":"follow","max-snippet":"max-snippet:-1","max-image-preview":"max-image-preview:large","max-video-preview":"max-video-preview:-1"},"canonical":"https:\/\/lospoliticosveracruz.com\/?p=108679","og_locale":"es_ES","og_type":"article","og_title":"MONREAL, EL TEMOR - Los pol\u00edticos Veracruz","og_description":"Omar Z\u00fa\u00f1igaDe Primera Mano \u201cSoy el m\u00e1s cerebral, el m\u00e1s conciliador, el m\u00e1s preparado y adem\u00e1s, soy independiente\u201d, esta es la respuesta del senador con licencia, Ricardo Monreal \u00c1vila, a la pregunta de porqu\u00e9 debe ser \u00e9l, el candidato de Morena a la Presidencia de la Rep\u00fablica en 2024. Fue una reuni\u00f3n breve ciertamente, con [&hellip;]","og_url":"https:\/\/lospoliticosveracruz.com\/?p=108679","og_site_name":"Los pol\u00edticos Veracruz","article_publisher":"https:\/\/www.facebook.com\/people\/Notimemes-de-los-Polticos\/61565672886568\/","article_published_time":"2023-07-14T14:25:25+00:00","article_modified_time":"2023-07-14T14:25:36+00:00","og_image":[{"url":"https:\/\/lospoliticosveracruz.com.mx\/wp-content\/uploads\/2016\/07\/Seguro-Julio-Cerecedo-2-1024x381.jpg","type":"","width":"","height":""}],"author":"Lo viste en Los Pol\u00edticos","twitter_card":"summary_large_image","twitter_creator":"@LosPoliticosVer","twitter_site":"@LosPoliticosVer","twitter_misc":{"Escrito por":"Lo viste en Los Pol\u00edticos","Tiempo de lectura":"3 minutos"},"schema":{"@context":"https:\/\/schema.org","@graph":[{"@type":"Article","@id":"https:\/\/lospoliticosveracruz.com\/?p=108679#article","isPartOf":{"@id":"https:\/\/lospoliticosveracruz.com\/?p=108679"},"author":{"name":"Lo viste en Los Pol\u00edticos","@id":"https:\/\/lospoliticosveracruz.com\/#\/schema\/person\/b8702bb0e538456e6efd07080bf2a4a2"},"headline":"MONREAL, EL TEMOR","datePublished":"2023-07-14T14:25:25+00:00","dateModified":"2023-07-14T14:25:36+00:00","mainEntityOfPage":{"@id":"https:\/\/lospoliticosveracruz.com\/?p=108679"},"wordCount":559,"publisher":{"@id":"https:\/\/lospoliticosveracruz.com\/#organization"},"image":{"@id":"https:\/\/lospoliticosveracruz.com\/?p=108679#primaryimage"},"thumbnailUrl":"https:\/\/lospoliticosveracruz.com.mx\/wp-content\/uploads\/2016\/07\/Seguro-Julio-Cerecedo-2-1024x381.jpg","keywords":["Morena","Omar Z\u00fa\u00f1iga","Ricardo Monreal \u00c1vila","Veracruz"],"articleSection":["De Opini\u00f3n"],"inLanguage":"es"},{"@type":"WebPage","@id":"https:\/\/lospoliticosveracruz.com\/?p=108679","url":"https:\/\/lospoliticosveracruz.com\/?p=108679","name":"MONREAL, EL TEMOR - Los pol\u00edticos Veracruz","isPartOf":{"@id":"https:\/\/lospoliticosveracruz.com\/#website"},"primaryImageOfPage":{"@id":"https:\/\/lospoliticosveracruz.com\/?p=108679#primaryimage"},"image":{"@id":"https:\/\/lospoliticosveracruz.com\/?p=108679#primaryimage"},"thumbnailUrl":"https:\/\/lospoliticosveracruz.com.mx\/wp-content\/uploads\/2016\/07\/Seguro-Julio-Cerecedo-2-1024x381.jpg","datePublished":"2023-07-14T14:25:25+00:00","dateModified":"2023-07-14T14:25:36+00:00","breadcrumb":{"@id":"https:\/\/lospoliticosveracruz.com\/?p=108679#breadcrumb"},"inLanguage":"es","potentialAction":[{"@type":"ReadAction","target":["https:\/\/lospoliticosveracruz.com\/?p=108679"]}]},{"@type":"ImageObject","inLanguage":"es","@id":"https:\/\/lospoliticosveracruz.com\/?p=108679#primaryimage","url":"https:\/\/lospoliticosveracruz.com.mx\/wp-content\/uploads\/2016\/07\/Seguro-Julio-Cerecedo-2-1024x381.jpg","contentUrl":"https:\/\/lospoliticosveracruz.com.mx\/wp-content\/uploads\/2016\/07\/Seguro-Julio-Cerecedo-2-1024x381.jpg"},{"@type":"BreadcrumbList","@id":"https:\/\/lospoliticosveracruz.com\/?p=108679#breadcrumb","itemListElement":[{"@type":"ListItem","position":1,"name":"Portada","item":"https:\/\/lospoliticosveracruz.com\/"},{"@type":"ListItem","position":2,"name":"MONREAL, EL TEMOR"}]},{"@type":"WebSite","@id":"https:\/\/lospoliticosveracruz.com\/#website","url":"https:\/\/lospoliticosveracruz.com\/","name":"Los pol\u00edticos Veracruz","description":"","publisher":{"@id":"https:\/\/lospoliticosveracruz.com\/#organization"},"potentialAction":[{"@type":"SearchAction","target":{"@type":"EntryPoint","urlTemplate":"https:\/\/lospoliticosveracruz.com\/?s={search_term_string}"},"query-input":{"@type":"PropertyValueSpecification","valueRequired":true,"valueName":"search_term_string"}}],"inLanguage":"es"},{"@type":"Organization","@id":"https:\/\/lospoliticosveracruz.com\/#organization","name":"Los pol\u00edticos Veracruz","url":"https:\/\/lospoliticosveracruz.com\/","logo":{"@type":"ImageObject","inLanguage":"es","@id":"https:\/\/lospoliticosveracruz.com\/#\/schema\/logo\/image\/","url":"https:\/\/lospoliticosveracruz.com\/wp-content\/uploads\/2025\/12\/Logo-Nuevo-LOS-POLITICOS-1.jpg","contentUrl":"https:\/\/lospoliticosveracruz.com\/wp-content\/uploads\/2025\/12\/Logo-Nuevo-LOS-POLITICOS-1.jpg","width":260,"height":70,"caption":"Los pol\u00edticos Veracruz"},"image":{"@id":"https:\/\/lospoliticosveracruz.com\/#\/schema\/logo\/image\/"},"sameAs":["https:\/\/www.facebook.com\/people\/Notimemes-de-los-Polticos\/61565672886568\/","https:\/\/x.com\/LosPoliticosVer"]},{"@type":"Person","@id":"https:\/\/lospoliticosveracruz.com\/#\/schema\/person\/b8702bb0e538456e6efd07080bf2a4a2","name":"Lo viste en Los Pol\u00edticos","image":{"@type":"ImageObject","inLanguage":"es","@id":"https:\/\/secure.gravatar.com\/avatar\/3a8de04a2656d44082be478bd6c086daa447c4651605818287b9532d3d0bd435?s=96&d=mm&r=g","url":"https:\/\/secure.gravatar.com\/avatar\/3a8de04a2656d44082be478bd6c086daa447c4651605818287b9532d3d0bd435?s=96&d=mm&r=g","contentUrl":"https:\/\/secure.gravatar.com\/avatar\/3a8de04a2656d44082be478bd6c086daa447c4651605818287b9532d3d0bd435?s=96&d=mm&r=g","caption":"Lo viste en Los Pol\u00edticos"},"url":"https:\/\/lospoliticosveracruz.com\/?author=2"}]}},"_links":{"self":[{"href":"https:\/\/lospoliticosveracruz.com\/index.php?rest_route=\/wp\/v2\/posts\/108679","targetHints":{"allow":["GET"]}}],"collection":[{"href":"https:\/\/lospoliticosveracruz.com\/index.php?rest_route=\/wp\/v2\/posts"}],"about":[{"href":"https:\/\/lospoliticosveracruz.com\/index.php?rest_route=\/wp\/v2\/types\/post"}],"author":[{"embeddable":true,"href":"https:\/\/lospoliticosveracruz.com\/index.php?rest_route=\/wp\/v2\/users\/2"}],"replies":[{"embeddable":true,"href":"https:\/\/lospoliticosveracruz.com\/index.php?rest_route=%2Fwp%2Fv2%2Fcomments&post=108679"}],"version-history":[{"count":1,"href":"https:\/\/lospoliticosveracruz.com\/index.php?rest_route=\/wp\/v2\/posts\/108679\/revisions"}],"predecessor-version":[{"id":108681,"href":"https:\/\/lospoliticosveracruz.com\/index.php?rest_route=\/wp\/v2\/posts\/108679\/revisions\/108681"}],"wp:attachment":[{"href":"https:\/\/lospoliticosveracruz.com\/index.php?rest_route=%2Fwp%2Fv2%2Fmedia&parent=108679"}],"wp:term":[{"taxonomy":"category","embeddable":true,"href":"https:\/\/lospoliticosveracruz.com\/index.php?rest_route=%2Fwp%2Fv2%2Fcategories&post=108679"},{"taxonomy":"post_tag","embeddable":true,"href":"https:\/\/lospoliticosveracruz.com\/index.php?rest_route=%2Fwp%2Fv2%2Ftags&post=108679"}],"curies":[{"name":"wp","href":"https:\/\/api.w.org\/{rel}","templated":true}]}}