{"id":108685,"date":"2023-07-14T10:57:58","date_gmt":"2023-07-14T15:57:58","guid":{"rendered":"https:\/\/lospoliticosveracruz.com.mx\/?p=108685"},"modified":"2023-07-14T10:58:04","modified_gmt":"2023-07-14T15:58:04","slug":"la-banalizacion-de-la-politica","status":"publish","type":"post","link":"https:\/\/lospoliticosveracruz.com\/?p=108685","title":{"rendered":"LA BANALIZACI\u00d3N DE LA POL\u00cdTICA"},"content":{"rendered":"\n<p><\/p>\n\n\n\n<p><strong>Emilio C\u00e1rdenas Escobosa<br><\/strong><em>De Inter\u00e9s P\u00fablico<\/em><\/p>\n\n\n\n<p>El ideal de la deliberaci\u00f3n p\u00fablica es la base sobre la que debe funcionar la competencia democr\u00e1tica. El intercambio de opiniones e ideas, el contraste de proyectos, los debates entre aspirantes son indispensables para que tomemos opciones racionales de cara a los peri\u00f3dicos encuentros que los ciudadanos tenemos con las urnas.<\/p>\n\n\n\n<figure class=\"wp-block-embed is-type-video is-provider-youtube wp-block-embed-youtube wp-embed-aspect-16-9 wp-has-aspect-ratio\"><div class=\"wp-block-embed__wrapper\">\n<iframe loading=\"lazy\" title=\"Cluster Coworking\" width=\"696\" height=\"392\" src=\"https:\/\/www.youtube.com\/embed\/Nxe-vxf8GuY?feature=oembed\" frameborder=\"0\" allow=\"accelerometer; autoplay; clipboard-write; encrypted-media; gyroscope; picture-in-picture; web-share\" referrerpolicy=\"strict-origin-when-cross-origin\" allowfullscreen><\/iframe>\n<\/div><\/figure>\n\n\n\n<p>Para elegir a quienes nos representar\u00e1n o tendr\u00e1n en sus manos el destino de una entidad o del pa\u00eds es fundamental estar informado y quien debe facilitarnos de manera primaria el acceso a la informaci\u00f3n sobre sus postulados, sus programas de gobierno o sus plataformas son los partidos pol\u00edticos, desde luego, en el momento previsto por la ley en \u00e9pocas electorales, pero sin duda son los candidatos o quienes aspiran a serlo quienes nos deben convocar, conmover, seducir o invitar a seguirlos y a brindarles nuestra confianza.<\/p>\n\n\n\n<p>En menos de un a\u00f1o la ciudadan\u00eda ir\u00e1 a las urnas para elegir de entre una variada gama de opciones a las mujeres y hombres que habr\u00e1n de ser nuestros representantes en el Congreso de la Uni\u00f3n, en el del Estado y obviamente en la presidencia de M\u00e9xico y en la gubernatura de Veracruz.<\/p>\n\n\n\n<p>Y en tiempos como los que vivimos, de polarizaci\u00f3n, enconos y de sucesiones adelantadas, las y los aguerridos combatientes de la pol\u00edtica buscan convencernos de las bondades de sus prop\u00f3sitos y de su capacidad para servir eficazmente a los intereses y preocupaciones colectivas.<\/p>\n\n\n\n<p>Sean los aspirantes del partido en el poder como los que buscan la nominaci\u00f3n en el frente opositor, la lucha por conquistar las simpat\u00edas de la gente, m\u00e1s all\u00e1 del voto duro de las organizaciones pol\u00edticas, est\u00e1 ya desatada.<\/p>\n\n\n\n<p>Los vemos en los cientos o miles de espectaculares a lo largo y ancho del pa\u00eds, en bardas, lonas o en cualquier espacio disponible, igual como los observamos en espacios noticiosos y en las redes sociales. O son vistos por cientos de personas movilizadas para asistir a sus eventos de proselitismo y llenar auditorios o espacios p\u00fablicos, en esa suerte de competencia para la foto de plazas llenas que no necesariamente se convierten en votos, como lo sabemos.<\/p>\n\n\n\n<p>En cada uno de nosotros est\u00e1 el creer o no en sus ofertas, movidos por el conocimiento que podamos tener sobre ellos, las plataformas electorales que dicen defender, o el historial y la pr\u00e1ctica de gobierno de los partidos a los que pertenecen.<\/p>\n\n\n\n<p>Sin embargo, en un contexto democr\u00e1tico, el discurso pol\u00edtico que da forma a los mensajes de las y los suspirantes debe estar estrechamente vinculado a su capacidad de guiar y persuadir al electorado, convenci\u00e9ndolo de que la propia posici\u00f3n frente a los temas de debate p\u00fablico y pol\u00edtico es mejor que la de los contendientes. En este sentido, ello tendr\u00eda como premisa b\u00e1sica, el di\u00e1logo.<\/p>\n\n\n\n<p>Sin embargo, es una realidad que en los discursos que escuchamos hasta ahora predomina el mon\u00f3logo y todo el peso de esa tarea persuasiva se queda en la utilizaci\u00f3n de la imagen. Lo que queda es una sucesi\u00f3n de spots, espectaculares y mensajes que no ofrecen otra cosa que frases pretendidamente ingeniosas, o caritas sonrientes que saturan el paisaje rural y urbano, e inundan las redes sociales y las frecuencias de radio y televisi\u00f3n.<\/p>\n\n\n\n<p>Caritas sonrientes y frases trilladas, sea la repetici\u00f3n del discurso lopezobradorista o, ahora que ya calienta motores la oposici\u00f3n, con los dichos y ocurrencias de la senadora X\u00f3chitl G\u00e1lvez en respuesta al discurso del presidente, o en lo local con t\u00edtulos de libros, frases de portadas de revista y otras trivialidades que sirven a quienes las promueven para ser medianamente conocidos de cara a los sondeos de opini\u00f3n que definir\u00e1n candidaturas.<\/p>\n\n\n\n<p>Conjunto de expresiones y mensajes que no nos dicen nada de la capacidad real para gobernar de quienes aspiran a hacerlo a nivel federal o local y que en muy poco nos ayudan a decidir.<\/p>\n\n\n\n<p>De esta todo se reduce a un simple truco psicol\u00f3gico o publicitario ante el cual el p\u00fablico se ve como una v\u00edctima pasiva y convierte a la racionalizaci\u00f3n del mensaje u oferta del candidato en una tarea para iniciados que logren desentra\u00f1ar \u2013si lo hay- el mensaje que pretenden dar los candidatos.<\/p>\n\n\n\n<p>Esta ausencia de di\u00e1logo, de proyectos y ofertas coherentes, no constituye una cuesti\u00f3n menor y deber\u00eda considerarse como un serio llamado de atenci\u00f3n. Debate, propuesta y defensa de argumentos caracterizan y son requisito de las instituciones y procesos que denominamos democr\u00e1ticos. La dial\u00e9ctica \u2013o arte de disputar- y la ret\u00f3rica \u2013o arte de componer discursos- son elementos consustanciales al ejercicio de la pol\u00edtica y representan herramientas imprescindibles a los fines de la persuasi\u00f3n y la formaci\u00f3n de consenso.<\/p>\n\n\n\n<p>El debate p\u00fablico tiene una indiscutible utilidad a los fines de la confrontaci\u00f3n de los intereses opuestos y para forjar una ciudadan\u00eda activa en los procesos de deliberaci\u00f3n p\u00fablica.<\/p>\n\n\n\n<p>No obstante, en un escenario en el que la imagen se antepone al mensaje, en el momento de formar un juicio u opini\u00f3n el ciudadano tender\u00e1 de manera natural a utilizar aquella informaci\u00f3n que resulte m\u00e1s accesible o disponible para su memoria; aquella que implica menores esfuerzos de pensamiento y recuperaci\u00f3n. He ah\u00ed el \u00e9xito de las modernas formas de hacer pol\u00edtica y de organizar y conducir las campa\u00f1as pol\u00edticas, aunque vayan en detrimento de la calidad de nuestra vapuleada democracia.<\/p>\n\n\n\n<p>Cuando no se confrontan puntos de vista y propuestas, ni se exponen proyectos e ideas, el silencio se impone ante la presunta eficacia de una imagen y se echa por la borda el objetivo que debe mover a los partidos y aspirantes a candidatos de establecer un debate p\u00fablico vigoroso.<\/p>\n\n\n\n<p>Cuando la propaganda cede su espacio a la publicidad, a las caritas sonrientes, a los videos para mostrar los ba\u00f1os de pueblo y los ingeniosos memes, es cuando constatamos la pobreza de nuestra competencia democr\u00e1tica y es cuando queda puesta la mesa para elegir a ciegas, movidos solo por pulsiones de amor\/odio alimentadas por el discurso polarizador, o por la expectativa de recibir d\u00e1divas. As\u00ed de pobre se vislumbra el panorama.<\/p>\n\n\n\n<p>Es la banalizaci\u00f3n total de la pol\u00edtica.<\/p>\n\n\n\n<p>jecesco@hotmail.com<br>www.deinterespublico.com<\/p>\n","protected":false},"excerpt":{"rendered":"<p>Emilio C\u00e1rdenas EscobosaDe Inter\u00e9s P\u00fablico El ideal de la deliberaci\u00f3n p\u00fablica es la base sobre la que debe funcionar la competencia democr\u00e1tica. El intercambio de opiniones e ideas, el contraste de proyectos, los debates entre aspirantes son indispensables para que tomemos opciones racionales de cara a los peri\u00f3dicos encuentros que los ciudadanos tenemos con las [&hellip;]<\/p>\n","protected":false},"author":2,"featured_media":0,"comment_status":"closed","ping_status":"closed","sticky":false,"template":"","format":"standard","meta":{"tdm_status":"","tdm_grid_status":"","footnotes":""},"categories":[70],"tags":[1432,1088],"class_list":{"0":"post-108685","1":"post","2":"type-post","3":"status-publish","4":"format-standard","6":"category-de-opinion","7":"tag-emilio-cardenas-escobosa","8":"tag-propaganda"},"yoast_head":"<!-- This site is optimized with the Yoast SEO plugin v27.4 - https:\/\/yoast.com\/product\/yoast-seo-wordpress\/ -->\n<title>LA BANALIZACI\u00d3N DE LA POL\u00cdTICA - Los pol\u00edticos Veracruz<\/title>\n<meta name=\"robots\" content=\"index, follow, max-snippet:-1, max-image-preview:large, max-video-preview:-1\" \/>\n<link rel=\"canonical\" href=\"https:\/\/lospoliticosveracruz.com\/?p=108685\" \/>\n<meta property=\"og:locale\" content=\"es_ES\" \/>\n<meta property=\"og:type\" content=\"article\" \/>\n<meta property=\"og:title\" content=\"LA BANALIZACI\u00d3N DE LA POL\u00cdTICA - Los pol\u00edticos Veracruz\" \/>\n<meta property=\"og:description\" content=\"Emilio C\u00e1rdenas EscobosaDe Inter\u00e9s P\u00fablico El ideal de la deliberaci\u00f3n p\u00fablica es la base sobre la que debe funcionar la competencia democr\u00e1tica. El intercambio de opiniones e ideas, el contraste de proyectos, los debates entre aspirantes son indispensables para que tomemos opciones racionales de cara a los peri\u00f3dicos encuentros que los ciudadanos tenemos con las [&hellip;]\" \/>\n<meta property=\"og:url\" content=\"https:\/\/lospoliticosveracruz.com\/?p=108685\" \/>\n<meta property=\"og:site_name\" content=\"Los pol\u00edticos Veracruz\" \/>\n<meta property=\"article:publisher\" content=\"https:\/\/www.facebook.com\/people\/Notimemes-de-los-Polticos\/61565672886568\/\" \/>\n<meta property=\"article:published_time\" content=\"2023-07-14T15:57:58+00:00\" \/>\n<meta property=\"article:modified_time\" content=\"2023-07-14T15:58:04+00:00\" \/>\n<meta property=\"og:image\" content=\"https:\/\/lospoliticosveracruz.com\/wp-content\/uploads\/2016\/07\/Logo-Dor.jpg\" \/>\n\t<meta property=\"og:image:width\" content=\"200\" \/>\n\t<meta property=\"og:image:height\" content=\"200\" \/>\n\t<meta property=\"og:image:type\" content=\"image\/jpeg\" \/>\n<meta name=\"author\" content=\"Lo viste en Los Pol\u00edticos\" \/>\n<meta name=\"twitter:card\" content=\"summary_large_image\" \/>\n<meta name=\"twitter:creator\" content=\"@LosPoliticosVer\" \/>\n<meta name=\"twitter:site\" content=\"@LosPoliticosVer\" \/>\n<meta name=\"twitter:label1\" content=\"Escrito por\" \/>\n\t<meta name=\"twitter:data1\" content=\"Lo viste en Los Pol\u00edticos\" \/>\n\t<meta name=\"twitter:label2\" content=\"Tiempo de lectura\" \/>\n\t<meta name=\"twitter:data2\" content=\"6 minutos\" \/>\n<script type=\"application\/ld+json\" class=\"yoast-schema-graph\">{\"@context\":\"https:\\\/\\\/schema.org\",\"@graph\":[{\"@type\":\"Article\",\"@id\":\"https:\\\/\\\/lospoliticosveracruz.com\\\/?p=108685#article\",\"isPartOf\":{\"@id\":\"https:\\\/\\\/lospoliticosveracruz.com\\\/?p=108685\"},\"author\":{\"name\":\"Lo viste en Los Pol\u00edticos\",\"@id\":\"https:\\\/\\\/lospoliticosveracruz.com\\\/#\\\/schema\\\/person\\\/b8702bb0e538456e6efd07080bf2a4a2\"},\"headline\":\"LA BANALIZACI\u00d3N DE LA POL\u00cdTICA\",\"datePublished\":\"2023-07-14T15:57:58+00:00\",\"dateModified\":\"2023-07-14T15:58:04+00:00\",\"mainEntityOfPage\":{\"@id\":\"https:\\\/\\\/lospoliticosveracruz.com\\\/?p=108685\"},\"wordCount\":1112,\"publisher\":{\"@id\":\"https:\\\/\\\/lospoliticosveracruz.com\\\/#organization\"},\"keywords\":[\"Emilio C\u00e1rdenas Escobosa\",\"propaganda\"],\"articleSection\":[\"De Opini\u00f3n\"],\"inLanguage\":\"es\"},{\"@type\":\"WebPage\",\"@id\":\"https:\\\/\\\/lospoliticosveracruz.com\\\/?p=108685\",\"url\":\"https:\\\/\\\/lospoliticosveracruz.com\\\/?p=108685\",\"name\":\"LA BANALIZACI\u00d3N DE LA POL\u00cdTICA - Los pol\u00edticos Veracruz\",\"isPartOf\":{\"@id\":\"https:\\\/\\\/lospoliticosveracruz.com\\\/#website\"},\"datePublished\":\"2023-07-14T15:57:58+00:00\",\"dateModified\":\"2023-07-14T15:58:04+00:00\",\"breadcrumb\":{\"@id\":\"https:\\\/\\\/lospoliticosveracruz.com\\\/?p=108685#breadcrumb\"},\"inLanguage\":\"es\",\"potentialAction\":[{\"@type\":\"ReadAction\",\"target\":[\"https:\\\/\\\/lospoliticosveracruz.com\\\/?p=108685\"]}]},{\"@type\":\"BreadcrumbList\",\"@id\":\"https:\\\/\\\/lospoliticosveracruz.com\\\/?p=108685#breadcrumb\",\"itemListElement\":[{\"@type\":\"ListItem\",\"position\":1,\"name\":\"Portada\",\"item\":\"https:\\\/\\\/lospoliticosveracruz.com\\\/\"},{\"@type\":\"ListItem\",\"position\":2,\"name\":\"LA BANALIZACI\u00d3N DE LA POL\u00cdTICA\"}]},{\"@type\":\"WebSite\",\"@id\":\"https:\\\/\\\/lospoliticosveracruz.com\\\/#website\",\"url\":\"https:\\\/\\\/lospoliticosveracruz.com\\\/\",\"name\":\"Los pol\u00edticos Veracruz\",\"description\":\"\",\"publisher\":{\"@id\":\"https:\\\/\\\/lospoliticosveracruz.com\\\/#organization\"},\"potentialAction\":[{\"@type\":\"SearchAction\",\"target\":{\"@type\":\"EntryPoint\",\"urlTemplate\":\"https:\\\/\\\/lospoliticosveracruz.com\\\/?s={search_term_string}\"},\"query-input\":{\"@type\":\"PropertyValueSpecification\",\"valueRequired\":true,\"valueName\":\"search_term_string\"}}],\"inLanguage\":\"es\"},{\"@type\":\"Organization\",\"@id\":\"https:\\\/\\\/lospoliticosveracruz.com\\\/#organization\",\"name\":\"Los pol\u00edticos Veracruz\",\"url\":\"https:\\\/\\\/lospoliticosveracruz.com\\\/\",\"logo\":{\"@type\":\"ImageObject\",\"inLanguage\":\"es\",\"@id\":\"https:\\\/\\\/lospoliticosveracruz.com\\\/#\\\/schema\\\/logo\\\/image\\\/\",\"url\":\"https:\\\/\\\/lospoliticosveracruz.com\\\/wp-content\\\/uploads\\\/2025\\\/12\\\/Logo-Nuevo-LOS-POLITICOS-1.jpg\",\"contentUrl\":\"https:\\\/\\\/lospoliticosveracruz.com\\\/wp-content\\\/uploads\\\/2025\\\/12\\\/Logo-Nuevo-LOS-POLITICOS-1.jpg\",\"width\":260,\"height\":70,\"caption\":\"Los pol\u00edticos Veracruz\"},\"image\":{\"@id\":\"https:\\\/\\\/lospoliticosveracruz.com\\\/#\\\/schema\\\/logo\\\/image\\\/\"},\"sameAs\":[\"https:\\\/\\\/www.facebook.com\\\/people\\\/Notimemes-de-los-Polticos\\\/61565672886568\\\/\",\"https:\\\/\\\/x.com\\\/LosPoliticosVer\"]},{\"@type\":\"Person\",\"@id\":\"https:\\\/\\\/lospoliticosveracruz.com\\\/#\\\/schema\\\/person\\\/b8702bb0e538456e6efd07080bf2a4a2\",\"name\":\"Lo viste en Los Pol\u00edticos\",\"image\":{\"@type\":\"ImageObject\",\"inLanguage\":\"es\",\"@id\":\"https:\\\/\\\/secure.gravatar.com\\\/avatar\\\/3a8de04a2656d44082be478bd6c086daa447c4651605818287b9532d3d0bd435?s=96&d=mm&r=g\",\"url\":\"https:\\\/\\\/secure.gravatar.com\\\/avatar\\\/3a8de04a2656d44082be478bd6c086daa447c4651605818287b9532d3d0bd435?s=96&d=mm&r=g\",\"contentUrl\":\"https:\\\/\\\/secure.gravatar.com\\\/avatar\\\/3a8de04a2656d44082be478bd6c086daa447c4651605818287b9532d3d0bd435?s=96&d=mm&r=g\",\"caption\":\"Lo viste en Los Pol\u00edticos\"},\"url\":\"https:\\\/\\\/lospoliticosveracruz.com\\\/?author=2\"}]}<\/script>\n<!-- \/ Yoast SEO plugin. -->","yoast_head_json":{"title":"LA BANALIZACI\u00d3N DE LA POL\u00cdTICA - Los pol\u00edticos Veracruz","robots":{"index":"index","follow":"follow","max-snippet":"max-snippet:-1","max-image-preview":"max-image-preview:large","max-video-preview":"max-video-preview:-1"},"canonical":"https:\/\/lospoliticosveracruz.com\/?p=108685","og_locale":"es_ES","og_type":"article","og_title":"LA BANALIZACI\u00d3N DE LA POL\u00cdTICA - Los pol\u00edticos Veracruz","og_description":"Emilio C\u00e1rdenas EscobosaDe Inter\u00e9s P\u00fablico El ideal de la deliberaci\u00f3n p\u00fablica es la base sobre la que debe funcionar la competencia democr\u00e1tica. El intercambio de opiniones e ideas, el contraste de proyectos, los debates entre aspirantes son indispensables para que tomemos opciones racionales de cara a los peri\u00f3dicos encuentros que los ciudadanos tenemos con las [&hellip;]","og_url":"https:\/\/lospoliticosveracruz.com\/?p=108685","og_site_name":"Los pol\u00edticos Veracruz","article_publisher":"https:\/\/www.facebook.com\/people\/Notimemes-de-los-Polticos\/61565672886568\/","article_published_time":"2023-07-14T15:57:58+00:00","article_modified_time":"2023-07-14T15:58:04+00:00","og_image":[{"width":200,"height":200,"url":"https:\/\/lospoliticosveracruz.com\/wp-content\/uploads\/2016\/07\/Logo-Dor.jpg","type":"image\/jpeg"}],"author":"Lo viste en Los Pol\u00edticos","twitter_card":"summary_large_image","twitter_creator":"@LosPoliticosVer","twitter_site":"@LosPoliticosVer","twitter_misc":{"Escrito por":"Lo viste en Los Pol\u00edticos","Tiempo de lectura":"6 minutos"},"schema":{"@context":"https:\/\/schema.org","@graph":[{"@type":"Article","@id":"https:\/\/lospoliticosveracruz.com\/?p=108685#article","isPartOf":{"@id":"https:\/\/lospoliticosveracruz.com\/?p=108685"},"author":{"name":"Lo viste en Los Pol\u00edticos","@id":"https:\/\/lospoliticosveracruz.com\/#\/schema\/person\/b8702bb0e538456e6efd07080bf2a4a2"},"headline":"LA BANALIZACI\u00d3N DE LA POL\u00cdTICA","datePublished":"2023-07-14T15:57:58+00:00","dateModified":"2023-07-14T15:58:04+00:00","mainEntityOfPage":{"@id":"https:\/\/lospoliticosveracruz.com\/?p=108685"},"wordCount":1112,"publisher":{"@id":"https:\/\/lospoliticosveracruz.com\/#organization"},"keywords":["Emilio C\u00e1rdenas Escobosa","propaganda"],"articleSection":["De Opini\u00f3n"],"inLanguage":"es"},{"@type":"WebPage","@id":"https:\/\/lospoliticosveracruz.com\/?p=108685","url":"https:\/\/lospoliticosveracruz.com\/?p=108685","name":"LA BANALIZACI\u00d3N DE LA POL\u00cdTICA - Los pol\u00edticos Veracruz","isPartOf":{"@id":"https:\/\/lospoliticosveracruz.com\/#website"},"datePublished":"2023-07-14T15:57:58+00:00","dateModified":"2023-07-14T15:58:04+00:00","breadcrumb":{"@id":"https:\/\/lospoliticosveracruz.com\/?p=108685#breadcrumb"},"inLanguage":"es","potentialAction":[{"@type":"ReadAction","target":["https:\/\/lospoliticosveracruz.com\/?p=108685"]}]},{"@type":"BreadcrumbList","@id":"https:\/\/lospoliticosveracruz.com\/?p=108685#breadcrumb","itemListElement":[{"@type":"ListItem","position":1,"name":"Portada","item":"https:\/\/lospoliticosveracruz.com\/"},{"@type":"ListItem","position":2,"name":"LA BANALIZACI\u00d3N DE LA POL\u00cdTICA"}]},{"@type":"WebSite","@id":"https:\/\/lospoliticosveracruz.com\/#website","url":"https:\/\/lospoliticosveracruz.com\/","name":"Los pol\u00edticos Veracruz","description":"","publisher":{"@id":"https:\/\/lospoliticosveracruz.com\/#organization"},"potentialAction":[{"@type":"SearchAction","target":{"@type":"EntryPoint","urlTemplate":"https:\/\/lospoliticosveracruz.com\/?s={search_term_string}"},"query-input":{"@type":"PropertyValueSpecification","valueRequired":true,"valueName":"search_term_string"}}],"inLanguage":"es"},{"@type":"Organization","@id":"https:\/\/lospoliticosveracruz.com\/#organization","name":"Los pol\u00edticos Veracruz","url":"https:\/\/lospoliticosveracruz.com\/","logo":{"@type":"ImageObject","inLanguage":"es","@id":"https:\/\/lospoliticosveracruz.com\/#\/schema\/logo\/image\/","url":"https:\/\/lospoliticosveracruz.com\/wp-content\/uploads\/2025\/12\/Logo-Nuevo-LOS-POLITICOS-1.jpg","contentUrl":"https:\/\/lospoliticosveracruz.com\/wp-content\/uploads\/2025\/12\/Logo-Nuevo-LOS-POLITICOS-1.jpg","width":260,"height":70,"caption":"Los pol\u00edticos Veracruz"},"image":{"@id":"https:\/\/lospoliticosveracruz.com\/#\/schema\/logo\/image\/"},"sameAs":["https:\/\/www.facebook.com\/people\/Notimemes-de-los-Polticos\/61565672886568\/","https:\/\/x.com\/LosPoliticosVer"]},{"@type":"Person","@id":"https:\/\/lospoliticosveracruz.com\/#\/schema\/person\/b8702bb0e538456e6efd07080bf2a4a2","name":"Lo viste en Los Pol\u00edticos","image":{"@type":"ImageObject","inLanguage":"es","@id":"https:\/\/secure.gravatar.com\/avatar\/3a8de04a2656d44082be478bd6c086daa447c4651605818287b9532d3d0bd435?s=96&d=mm&r=g","url":"https:\/\/secure.gravatar.com\/avatar\/3a8de04a2656d44082be478bd6c086daa447c4651605818287b9532d3d0bd435?s=96&d=mm&r=g","contentUrl":"https:\/\/secure.gravatar.com\/avatar\/3a8de04a2656d44082be478bd6c086daa447c4651605818287b9532d3d0bd435?s=96&d=mm&r=g","caption":"Lo viste en Los Pol\u00edticos"},"url":"https:\/\/lospoliticosveracruz.com\/?author=2"}]}},"_links":{"self":[{"href":"https:\/\/lospoliticosveracruz.com\/index.php?rest_route=\/wp\/v2\/posts\/108685","targetHints":{"allow":["GET"]}}],"collection":[{"href":"https:\/\/lospoliticosveracruz.com\/index.php?rest_route=\/wp\/v2\/posts"}],"about":[{"href":"https:\/\/lospoliticosveracruz.com\/index.php?rest_route=\/wp\/v2\/types\/post"}],"author":[{"embeddable":true,"href":"https:\/\/lospoliticosveracruz.com\/index.php?rest_route=\/wp\/v2\/users\/2"}],"replies":[{"embeddable":true,"href":"https:\/\/lospoliticosveracruz.com\/index.php?rest_route=%2Fwp%2Fv2%2Fcomments&post=108685"}],"version-history":[{"count":1,"href":"https:\/\/lospoliticosveracruz.com\/index.php?rest_route=\/wp\/v2\/posts\/108685\/revisions"}],"predecessor-version":[{"id":108686,"href":"https:\/\/lospoliticosveracruz.com\/index.php?rest_route=\/wp\/v2\/posts\/108685\/revisions\/108686"}],"wp:attachment":[{"href":"https:\/\/lospoliticosveracruz.com\/index.php?rest_route=%2Fwp%2Fv2%2Fmedia&parent=108685"}],"wp:term":[{"taxonomy":"category","embeddable":true,"href":"https:\/\/lospoliticosveracruz.com\/index.php?rest_route=%2Fwp%2Fv2%2Fcategories&post=108685"},{"taxonomy":"post_tag","embeddable":true,"href":"https:\/\/lospoliticosveracruz.com\/index.php?rest_route=%2Fwp%2Fv2%2Ftags&post=108685"}],"curies":[{"name":"wp","href":"https:\/\/api.w.org\/{rel}","templated":true}]}}