{"id":108775,"date":"2023-07-17T08:59:00","date_gmt":"2023-07-17T13:59:00","guid":{"rendered":"https:\/\/lospoliticosveracruz.com.mx\/?p=108775"},"modified":"2023-07-17T08:55:16","modified_gmt":"2023-07-17T13:55:16","slug":"a-que-vienen-los-que-van-a-perder","status":"publish","type":"post","link":"https:\/\/lospoliticosveracruz.com\/?p=108775","title":{"rendered":"A QU\u00c9 VIENEN LOS QUE VAN A PERDER"},"content":{"rendered":"\n<p><\/p>\n\n\n\n<p><strong>Bernardo Guti\u00e9rrez Parra<br><\/strong><em>Desde el Caf\u00e9<\/em><\/p>\n\n\n\n<p>Tras la visita a tierras veracruzanas de Ad\u00e1n Augusto L\u00f3pez, Marcelo Ebrard y Ricardo Monreal, tres de las corcholatas que andan en busca de granjearse la voluntad de los incautos rumbo a la presidencia, uno se pregunta; \u00bfa qu\u00e9 vienen cuando la decisi\u00f3n sobre qui\u00e9n ser\u00e1 la candidata est\u00e1 tomada desde hace meses si no es que desde hace a\u00f1os?<\/p>\n\n\n\n<figure class=\"wp-block-image size-large\"><a href=\"https:\/\/lospoliticosveracruz.com.mx\/wp-content\/uploads\/2016\/07\/Seguro-Julio-Cerecedo-2.jpg\"><img decoding=\"async\" src=\"https:\/\/lospoliticosveracruz.com.mx\/wp-content\/uploads\/2016\/07\/Seguro-Julio-Cerecedo-2-1024x381.jpg\" alt=\"\" class=\"wp-image-105879\"\/><\/a><\/figure>\n\n\n\n<p>Pero vienen.<\/p>\n\n\n\n<p>Este jueves estuvo en Xalapa Ricardo Monreal y platic\u00f3 con el Grupo de los Diez. Cuando el periodista Benjam\u00edn Dom\u00ednguez le pregunt\u00f3 por qu\u00e9 cree que ser\u00e1 el candidato de Morena y el pr\u00f3ximo presidente, el zacatecano respondi\u00f3: \u201cPorque soy independiente, el m\u00e1s inteligente, preparado y capaz. M\u00e9xico necesita serenarse, por eso yo ser\u00e9 el Presidente\u201d.<\/p>\n\n\n\n<p>Escucharlo dio ternura, en primer lugar porque su dependencia del presidente es hasta obvia y porque no se ve por d\u00f3nde se pueda serenar el pa\u00eds en el imposible caso de que ocupe el cargo del tabasque\u00f1o.<\/p>\n\n\n\n<p>Proscrito de Palacio Nacional por casi por dos a\u00f1os, la figura de Ricardo lleg\u00f3 a agrandarse tanto que se pens\u00f3 en \u00e9l como posible abanderado de la oposici\u00f3n para enfrentar a la candidata de Morena. Y es que si bien jam\u00e1s lo dijo en abierto, en m\u00e1s de una ocasi\u00f3n dio a entender que si no ve\u00eda futuro en el partido guinda buscar\u00eda nuevos horizontes. Pero le dio fr\u00edo y nunca se movi\u00f3 en espera de la caridad presidencial y Andr\u00e9s Manuel jug\u00f3 con \u00e9l como quiso.<\/p>\n\n\n\n<p>Primero lo congel\u00f3, despu\u00e9s lo entibi\u00f3, luego dio su venia para que fuera una de las corcholatas y el senador termin\u00f3 convertido en una caricatura de s\u00ed mismo. Su popularidad mengu\u00f3 al grado que no se ha movido del cuarto lugar en las encuestas.<\/p>\n\n\n\n<p>Pero dice que ganar\u00e1 la candidatura y la presidencia. Y lo mismo dicen Marcelo y Ad\u00e1n Augusto que est\u00e1n enga\u00f1ando a una buena cauda de inocentes seguidores.<\/p>\n\n\n\n<p>En contrapunto, Claudia ya no debiera andar puebleando porque no lo necesita cuando sabe de antemano que es la favorita del due\u00f1o y se\u00f1or de las encuestas.<\/p>\n\n\n\n<p>En s\u00edntesis lector, tres de las corcholatas deber\u00edan irse a sus respectivos hogares en lugar de seguir gastando el dinero de los contribuyentes en un costos\u00edsimo e infructuoso turismo electoral, porque ninguno ser\u00e1 el candidato de Andr\u00e9s Manuel. Y la cuarta corcholata deber\u00eda estar a la espera de que el tabasque\u00f1o la mande llamar para decirle, \u201cFelicidades muchacha, la candidatura es tuya\u201d. Y ya.<\/p>\n\n\n\n<p>Para qu\u00e9 tanto andar de aqu\u00ed para all\u00e1 soltando promesas que no ser\u00e1n cumplidas.<\/p>\n\n\n\n<p>Sabiendo como sabemos cu\u00e1l ser\u00e1 el resultado de las famosas \u201cencuestas\u201d, es hasta ocioso que Ad\u00e1n, Marcelo, Ricardo y la propia Claudia se presten a esas indignantes jaladas, y acepten sumisamente ser t\u00edteres del juego \u201cdemocr\u00e1tico\u201d del m\u00e1s antidemocr\u00e1tico de los presidentes en los \u00faltimos ciento cincuenta a\u00f1os.<\/p>\n\n\n\n<p><strong>Al parecer la 56 del SNTE ya tiene su candidata al senado<\/strong><\/p>\n\n\n\n<p>El pasado mi\u00e9rcoles la Oficial Mayor de la SEV, Ariadna Selene Aguilar Amaya, acept\u00f3 la invitaci\u00f3n del Secci\u00f3n 56 SNTE a impartir la conferencia \u201cRetos del liderazgo femenino\u201d que tuvo como finalidad empoderar a las educadoras veracruzanas.<\/p>\n\n\n\n<p>Pero la conferencia fue m\u00e1s all\u00e1 cuando los integrantes del gremio que encabeza el maestro Reveriano Mart\u00edn Hern\u00e1ndez, le patentizaron su apoyo pues la ven como la carta fuerte de Morena al Senado de la Rep\u00fablica.<\/p>\n\n\n\n<p>\u201cLos veracruzanos necesitamos a una mujer como Ariadna Aguilar, alguien que represente los intereses del gremio magisterial, que venga desde abajo, que conozca nuestras necesidades m\u00e1s apremiantes\u201d, indic\u00f3 una de las maestras entrevistadas.<\/p>\n\n\n\n<p>La funcionaria estatal fue felicitada por la dirigencia magisterial y por las y los docentes ah\u00ed presentes, quienes mostraron su respaldo al trabajo que realiza la funcionaria en la entidad. \u201cNunca hab\u00edamos tenido en Veracruz una Oficial Mayor tan cercana, tan comprometida con nosotros como Ariadna Selene Aguilar\u201d, aseveraron los docentes.<\/p>\n\n\n\n<p>Personas cercanas a la funcionaria dijeron que este respaldo lo ha recibido Ariadna en todo el territorio veracruzano, en los encuentros que ha sostenido con maestros de toda la entidad.<\/p>\n\n\n\n<p>bernardogup@hotmail.com<\/p>\n","protected":false},"excerpt":{"rendered":"<p>Bernardo Guti\u00e9rrez ParraDesde el Caf\u00e9 Tras la visita a tierras veracruzanas de Ad\u00e1n Augusto L\u00f3pez, Marcelo Ebrard y Ricardo Monreal, tres de las corcholatas que andan en busca de granjearse la voluntad de los incautos rumbo a la presidencia, uno se pregunta; \u00bfa qu\u00e9 vienen cuando la decisi\u00f3n sobre qui\u00e9n ser\u00e1 la candidata est\u00e1 tomada [&hellip;]<\/p>\n","protected":false},"author":2,"featured_media":0,"comment_status":"closed","ping_status":"closed","sticky":false,"template":"","format":"standard","meta":{"tdm_status":"","tdm_grid_status":"","footnotes":""},"categories":[70],"tags":[34206,14703,10353],"class_list":{"0":"post-108775","1":"post","2":"type-post","3":"status-publish","4":"format-standard","6":"category-de-opinion","7":"tag-bernardo-gutierrez-parra","8":"tag-marcelo-ebrard","9":"tag-ricardo-monreal"},"yoast_head":"<!-- This site is optimized with the Yoast SEO plugin v27.4 - https:\/\/yoast.com\/product\/yoast-seo-wordpress\/ -->\n<title>A QU\u00c9 VIENEN LOS QUE VAN A PERDER - Los pol\u00edticos Veracruz<\/title>\n<meta name=\"robots\" content=\"index, follow, max-snippet:-1, max-image-preview:large, max-video-preview:-1\" \/>\n<link rel=\"canonical\" href=\"https:\/\/lospoliticosveracruz.com\/?p=108775\" \/>\n<meta property=\"og:locale\" content=\"es_ES\" \/>\n<meta property=\"og:type\" content=\"article\" \/>\n<meta property=\"og:title\" content=\"A QU\u00c9 VIENEN LOS QUE VAN A PERDER - Los pol\u00edticos Veracruz\" \/>\n<meta property=\"og:description\" content=\"Bernardo Guti\u00e9rrez ParraDesde el Caf\u00e9 Tras la visita a tierras veracruzanas de Ad\u00e1n Augusto L\u00f3pez, Marcelo Ebrard y Ricardo Monreal, tres de las corcholatas que andan en busca de granjearse la voluntad de los incautos rumbo a la presidencia, uno se pregunta; \u00bfa qu\u00e9 vienen cuando la decisi\u00f3n sobre qui\u00e9n ser\u00e1 la candidata est\u00e1 tomada [&hellip;]\" \/>\n<meta property=\"og:url\" content=\"https:\/\/lospoliticosveracruz.com\/?p=108775\" \/>\n<meta property=\"og:site_name\" content=\"Los pol\u00edticos Veracruz\" \/>\n<meta property=\"article:publisher\" content=\"https:\/\/www.facebook.com\/people\/Notimemes-de-los-Polticos\/61565672886568\/\" \/>\n<meta property=\"article:published_time\" content=\"2023-07-17T13:59:00+00:00\" \/>\n<meta property=\"og:image\" content=\"https:\/\/lospoliticosveracruz.com.mx\/wp-content\/uploads\/2016\/07\/Seguro-Julio-Cerecedo-2-1024x381.jpg\" \/>\n<meta name=\"author\" content=\"Lo viste en Los Pol\u00edticos\" \/>\n<meta name=\"twitter:card\" content=\"summary_large_image\" \/>\n<meta name=\"twitter:creator\" content=\"@LosPoliticosVer\" \/>\n<meta name=\"twitter:site\" content=\"@LosPoliticosVer\" \/>\n<meta name=\"twitter:label1\" content=\"Escrito por\" \/>\n\t<meta name=\"twitter:data1\" content=\"Lo viste en Los Pol\u00edticos\" \/>\n\t<meta name=\"twitter:label2\" content=\"Tiempo de lectura\" \/>\n\t<meta name=\"twitter:data2\" content=\"4 minutos\" \/>\n<script type=\"application\/ld+json\" class=\"yoast-schema-graph\">{\"@context\":\"https:\\\/\\\/schema.org\",\"@graph\":[{\"@type\":\"Article\",\"@id\":\"https:\\\/\\\/lospoliticosveracruz.com\\\/?p=108775#article\",\"isPartOf\":{\"@id\":\"https:\\\/\\\/lospoliticosveracruz.com\\\/?p=108775\"},\"author\":{\"name\":\"Lo viste en Los Pol\u00edticos\",\"@id\":\"https:\\\/\\\/lospoliticosveracruz.com\\\/#\\\/schema\\\/person\\\/b8702bb0e538456e6efd07080bf2a4a2\"},\"headline\":\"A QU\u00c9 VIENEN LOS QUE VAN A PERDER\",\"datePublished\":\"2023-07-17T13:59:00+00:00\",\"mainEntityOfPage\":{\"@id\":\"https:\\\/\\\/lospoliticosveracruz.com\\\/?p=108775\"},\"wordCount\":732,\"publisher\":{\"@id\":\"https:\\\/\\\/lospoliticosveracruz.com\\\/#organization\"},\"image\":{\"@id\":\"https:\\\/\\\/lospoliticosveracruz.com\\\/?p=108775#primaryimage\"},\"thumbnailUrl\":\"https:\\\/\\\/lospoliticosveracruz.com.mx\\\/wp-content\\\/uploads\\\/2016\\\/07\\\/Seguro-Julio-Cerecedo-2-1024x381.jpg\",\"keywords\":[\"Bernardo Guti\u00e9rrez Parra\",\"Marcelo Ebrard\",\"Ricardo Monreal\"],\"articleSection\":[\"De Opini\u00f3n\"],\"inLanguage\":\"es\"},{\"@type\":\"WebPage\",\"@id\":\"https:\\\/\\\/lospoliticosveracruz.com\\\/?p=108775\",\"url\":\"https:\\\/\\\/lospoliticosveracruz.com\\\/?p=108775\",\"name\":\"A QU\u00c9 VIENEN LOS QUE VAN A PERDER - Los pol\u00edticos Veracruz\",\"isPartOf\":{\"@id\":\"https:\\\/\\\/lospoliticosveracruz.com\\\/#website\"},\"primaryImageOfPage\":{\"@id\":\"https:\\\/\\\/lospoliticosveracruz.com\\\/?p=108775#primaryimage\"},\"image\":{\"@id\":\"https:\\\/\\\/lospoliticosveracruz.com\\\/?p=108775#primaryimage\"},\"thumbnailUrl\":\"https:\\\/\\\/lospoliticosveracruz.com.mx\\\/wp-content\\\/uploads\\\/2016\\\/07\\\/Seguro-Julio-Cerecedo-2-1024x381.jpg\",\"datePublished\":\"2023-07-17T13:59:00+00:00\",\"breadcrumb\":{\"@id\":\"https:\\\/\\\/lospoliticosveracruz.com\\\/?p=108775#breadcrumb\"},\"inLanguage\":\"es\",\"potentialAction\":[{\"@type\":\"ReadAction\",\"target\":[\"https:\\\/\\\/lospoliticosveracruz.com\\\/?p=108775\"]}]},{\"@type\":\"ImageObject\",\"inLanguage\":\"es\",\"@id\":\"https:\\\/\\\/lospoliticosveracruz.com\\\/?p=108775#primaryimage\",\"url\":\"https:\\\/\\\/lospoliticosveracruz.com.mx\\\/wp-content\\\/uploads\\\/2016\\\/07\\\/Seguro-Julio-Cerecedo-2-1024x381.jpg\",\"contentUrl\":\"https:\\\/\\\/lospoliticosveracruz.com.mx\\\/wp-content\\\/uploads\\\/2016\\\/07\\\/Seguro-Julio-Cerecedo-2-1024x381.jpg\"},{\"@type\":\"BreadcrumbList\",\"@id\":\"https:\\\/\\\/lospoliticosveracruz.com\\\/?p=108775#breadcrumb\",\"itemListElement\":[{\"@type\":\"ListItem\",\"position\":1,\"name\":\"Portada\",\"item\":\"https:\\\/\\\/lospoliticosveracruz.com\\\/\"},{\"@type\":\"ListItem\",\"position\":2,\"name\":\"A QU\u00c9 VIENEN LOS QUE VAN A PERDER\"}]},{\"@type\":\"WebSite\",\"@id\":\"https:\\\/\\\/lospoliticosveracruz.com\\\/#website\",\"url\":\"https:\\\/\\\/lospoliticosveracruz.com\\\/\",\"name\":\"Los pol\u00edticos Veracruz\",\"description\":\"\",\"publisher\":{\"@id\":\"https:\\\/\\\/lospoliticosveracruz.com\\\/#organization\"},\"potentialAction\":[{\"@type\":\"SearchAction\",\"target\":{\"@type\":\"EntryPoint\",\"urlTemplate\":\"https:\\\/\\\/lospoliticosveracruz.com\\\/?s={search_term_string}\"},\"query-input\":{\"@type\":\"PropertyValueSpecification\",\"valueRequired\":true,\"valueName\":\"search_term_string\"}}],\"inLanguage\":\"es\"},{\"@type\":\"Organization\",\"@id\":\"https:\\\/\\\/lospoliticosveracruz.com\\\/#organization\",\"name\":\"Los pol\u00edticos Veracruz\",\"url\":\"https:\\\/\\\/lospoliticosveracruz.com\\\/\",\"logo\":{\"@type\":\"ImageObject\",\"inLanguage\":\"es\",\"@id\":\"https:\\\/\\\/lospoliticosveracruz.com\\\/#\\\/schema\\\/logo\\\/image\\\/\",\"url\":\"https:\\\/\\\/lospoliticosveracruz.com\\\/wp-content\\\/uploads\\\/2025\\\/12\\\/Logo-Nuevo-LOS-POLITICOS-1.jpg\",\"contentUrl\":\"https:\\\/\\\/lospoliticosveracruz.com\\\/wp-content\\\/uploads\\\/2025\\\/12\\\/Logo-Nuevo-LOS-POLITICOS-1.jpg\",\"width\":260,\"height\":70,\"caption\":\"Los pol\u00edticos Veracruz\"},\"image\":{\"@id\":\"https:\\\/\\\/lospoliticosveracruz.com\\\/#\\\/schema\\\/logo\\\/image\\\/\"},\"sameAs\":[\"https:\\\/\\\/www.facebook.com\\\/people\\\/Notimemes-de-los-Polticos\\\/61565672886568\\\/\",\"https:\\\/\\\/x.com\\\/LosPoliticosVer\"]},{\"@type\":\"Person\",\"@id\":\"https:\\\/\\\/lospoliticosveracruz.com\\\/#\\\/schema\\\/person\\\/b8702bb0e538456e6efd07080bf2a4a2\",\"name\":\"Lo viste en Los Pol\u00edticos\",\"image\":{\"@type\":\"ImageObject\",\"inLanguage\":\"es\",\"@id\":\"https:\\\/\\\/secure.gravatar.com\\\/avatar\\\/3a8de04a2656d44082be478bd6c086daa447c4651605818287b9532d3d0bd435?s=96&d=mm&r=g\",\"url\":\"https:\\\/\\\/secure.gravatar.com\\\/avatar\\\/3a8de04a2656d44082be478bd6c086daa447c4651605818287b9532d3d0bd435?s=96&d=mm&r=g\",\"contentUrl\":\"https:\\\/\\\/secure.gravatar.com\\\/avatar\\\/3a8de04a2656d44082be478bd6c086daa447c4651605818287b9532d3d0bd435?s=96&d=mm&r=g\",\"caption\":\"Lo viste en Los Pol\u00edticos\"},\"url\":\"https:\\\/\\\/lospoliticosveracruz.com\\\/?author=2\"}]}<\/script>\n<!-- \/ Yoast SEO plugin. -->","yoast_head_json":{"title":"A QU\u00c9 VIENEN LOS QUE VAN A PERDER - Los pol\u00edticos Veracruz","robots":{"index":"index","follow":"follow","max-snippet":"max-snippet:-1","max-image-preview":"max-image-preview:large","max-video-preview":"max-video-preview:-1"},"canonical":"https:\/\/lospoliticosveracruz.com\/?p=108775","og_locale":"es_ES","og_type":"article","og_title":"A QU\u00c9 VIENEN LOS QUE VAN A PERDER - Los pol\u00edticos Veracruz","og_description":"Bernardo Guti\u00e9rrez ParraDesde el Caf\u00e9 Tras la visita a tierras veracruzanas de Ad\u00e1n Augusto L\u00f3pez, Marcelo Ebrard y Ricardo Monreal, tres de las corcholatas que andan en busca de granjearse la voluntad de los incautos rumbo a la presidencia, uno se pregunta; \u00bfa qu\u00e9 vienen cuando la decisi\u00f3n sobre qui\u00e9n ser\u00e1 la candidata est\u00e1 tomada [&hellip;]","og_url":"https:\/\/lospoliticosveracruz.com\/?p=108775","og_site_name":"Los pol\u00edticos Veracruz","article_publisher":"https:\/\/www.facebook.com\/people\/Notimemes-de-los-Polticos\/61565672886568\/","article_published_time":"2023-07-17T13:59:00+00:00","og_image":[{"url":"https:\/\/lospoliticosveracruz.com.mx\/wp-content\/uploads\/2016\/07\/Seguro-Julio-Cerecedo-2-1024x381.jpg","type":"","width":"","height":""}],"author":"Lo viste en Los Pol\u00edticos","twitter_card":"summary_large_image","twitter_creator":"@LosPoliticosVer","twitter_site":"@LosPoliticosVer","twitter_misc":{"Escrito por":"Lo viste en Los Pol\u00edticos","Tiempo de lectura":"4 minutos"},"schema":{"@context":"https:\/\/schema.org","@graph":[{"@type":"Article","@id":"https:\/\/lospoliticosveracruz.com\/?p=108775#article","isPartOf":{"@id":"https:\/\/lospoliticosveracruz.com\/?p=108775"},"author":{"name":"Lo viste en Los Pol\u00edticos","@id":"https:\/\/lospoliticosveracruz.com\/#\/schema\/person\/b8702bb0e538456e6efd07080bf2a4a2"},"headline":"A QU\u00c9 VIENEN LOS QUE VAN A PERDER","datePublished":"2023-07-17T13:59:00+00:00","mainEntityOfPage":{"@id":"https:\/\/lospoliticosveracruz.com\/?p=108775"},"wordCount":732,"publisher":{"@id":"https:\/\/lospoliticosveracruz.com\/#organization"},"image":{"@id":"https:\/\/lospoliticosveracruz.com\/?p=108775#primaryimage"},"thumbnailUrl":"https:\/\/lospoliticosveracruz.com.mx\/wp-content\/uploads\/2016\/07\/Seguro-Julio-Cerecedo-2-1024x381.jpg","keywords":["Bernardo Guti\u00e9rrez Parra","Marcelo Ebrard","Ricardo Monreal"],"articleSection":["De Opini\u00f3n"],"inLanguage":"es"},{"@type":"WebPage","@id":"https:\/\/lospoliticosveracruz.com\/?p=108775","url":"https:\/\/lospoliticosveracruz.com\/?p=108775","name":"A QU\u00c9 VIENEN LOS QUE VAN A PERDER - Los pol\u00edticos Veracruz","isPartOf":{"@id":"https:\/\/lospoliticosveracruz.com\/#website"},"primaryImageOfPage":{"@id":"https:\/\/lospoliticosveracruz.com\/?p=108775#primaryimage"},"image":{"@id":"https:\/\/lospoliticosveracruz.com\/?p=108775#primaryimage"},"thumbnailUrl":"https:\/\/lospoliticosveracruz.com.mx\/wp-content\/uploads\/2016\/07\/Seguro-Julio-Cerecedo-2-1024x381.jpg","datePublished":"2023-07-17T13:59:00+00:00","breadcrumb":{"@id":"https:\/\/lospoliticosveracruz.com\/?p=108775#breadcrumb"},"inLanguage":"es","potentialAction":[{"@type":"ReadAction","target":["https:\/\/lospoliticosveracruz.com\/?p=108775"]}]},{"@type":"ImageObject","inLanguage":"es","@id":"https:\/\/lospoliticosveracruz.com\/?p=108775#primaryimage","url":"https:\/\/lospoliticosveracruz.com.mx\/wp-content\/uploads\/2016\/07\/Seguro-Julio-Cerecedo-2-1024x381.jpg","contentUrl":"https:\/\/lospoliticosveracruz.com.mx\/wp-content\/uploads\/2016\/07\/Seguro-Julio-Cerecedo-2-1024x381.jpg"},{"@type":"BreadcrumbList","@id":"https:\/\/lospoliticosveracruz.com\/?p=108775#breadcrumb","itemListElement":[{"@type":"ListItem","position":1,"name":"Portada","item":"https:\/\/lospoliticosveracruz.com\/"},{"@type":"ListItem","position":2,"name":"A QU\u00c9 VIENEN LOS QUE VAN A PERDER"}]},{"@type":"WebSite","@id":"https:\/\/lospoliticosveracruz.com\/#website","url":"https:\/\/lospoliticosveracruz.com\/","name":"Los pol\u00edticos Veracruz","description":"","publisher":{"@id":"https:\/\/lospoliticosveracruz.com\/#organization"},"potentialAction":[{"@type":"SearchAction","target":{"@type":"EntryPoint","urlTemplate":"https:\/\/lospoliticosveracruz.com\/?s={search_term_string}"},"query-input":{"@type":"PropertyValueSpecification","valueRequired":true,"valueName":"search_term_string"}}],"inLanguage":"es"},{"@type":"Organization","@id":"https:\/\/lospoliticosveracruz.com\/#organization","name":"Los pol\u00edticos Veracruz","url":"https:\/\/lospoliticosveracruz.com\/","logo":{"@type":"ImageObject","inLanguage":"es","@id":"https:\/\/lospoliticosveracruz.com\/#\/schema\/logo\/image\/","url":"https:\/\/lospoliticosveracruz.com\/wp-content\/uploads\/2025\/12\/Logo-Nuevo-LOS-POLITICOS-1.jpg","contentUrl":"https:\/\/lospoliticosveracruz.com\/wp-content\/uploads\/2025\/12\/Logo-Nuevo-LOS-POLITICOS-1.jpg","width":260,"height":70,"caption":"Los pol\u00edticos Veracruz"},"image":{"@id":"https:\/\/lospoliticosveracruz.com\/#\/schema\/logo\/image\/"},"sameAs":["https:\/\/www.facebook.com\/people\/Notimemes-de-los-Polticos\/61565672886568\/","https:\/\/x.com\/LosPoliticosVer"]},{"@type":"Person","@id":"https:\/\/lospoliticosveracruz.com\/#\/schema\/person\/b8702bb0e538456e6efd07080bf2a4a2","name":"Lo viste en Los Pol\u00edticos","image":{"@type":"ImageObject","inLanguage":"es","@id":"https:\/\/secure.gravatar.com\/avatar\/3a8de04a2656d44082be478bd6c086daa447c4651605818287b9532d3d0bd435?s=96&d=mm&r=g","url":"https:\/\/secure.gravatar.com\/avatar\/3a8de04a2656d44082be478bd6c086daa447c4651605818287b9532d3d0bd435?s=96&d=mm&r=g","contentUrl":"https:\/\/secure.gravatar.com\/avatar\/3a8de04a2656d44082be478bd6c086daa447c4651605818287b9532d3d0bd435?s=96&d=mm&r=g","caption":"Lo viste en Los Pol\u00edticos"},"url":"https:\/\/lospoliticosveracruz.com\/?author=2"}]}},"_links":{"self":[{"href":"https:\/\/lospoliticosveracruz.com\/index.php?rest_route=\/wp\/v2\/posts\/108775","targetHints":{"allow":["GET"]}}],"collection":[{"href":"https:\/\/lospoliticosveracruz.com\/index.php?rest_route=\/wp\/v2\/posts"}],"about":[{"href":"https:\/\/lospoliticosveracruz.com\/index.php?rest_route=\/wp\/v2\/types\/post"}],"author":[{"embeddable":true,"href":"https:\/\/lospoliticosveracruz.com\/index.php?rest_route=\/wp\/v2\/users\/2"}],"replies":[{"embeddable":true,"href":"https:\/\/lospoliticosveracruz.com\/index.php?rest_route=%2Fwp%2Fv2%2Fcomments&post=108775"}],"version-history":[{"count":1,"href":"https:\/\/lospoliticosveracruz.com\/index.php?rest_route=\/wp\/v2\/posts\/108775\/revisions"}],"predecessor-version":[{"id":108776,"href":"https:\/\/lospoliticosveracruz.com\/index.php?rest_route=\/wp\/v2\/posts\/108775\/revisions\/108776"}],"wp:attachment":[{"href":"https:\/\/lospoliticosveracruz.com\/index.php?rest_route=%2Fwp%2Fv2%2Fmedia&parent=108775"}],"wp:term":[{"taxonomy":"category","embeddable":true,"href":"https:\/\/lospoliticosveracruz.com\/index.php?rest_route=%2Fwp%2Fv2%2Fcategories&post=108775"},{"taxonomy":"post_tag","embeddable":true,"href":"https:\/\/lospoliticosveracruz.com\/index.php?rest_route=%2Fwp%2Fv2%2Ftags&post=108775"}],"curies":[{"name":"wp","href":"https:\/\/api.w.org\/{rel}","templated":true}]}}