{"id":108972,"date":"2023-07-21T08:55:00","date_gmt":"2023-07-21T13:55:00","guid":{"rendered":"https:\/\/lospoliticosveracruz.com.mx\/?p=108972"},"modified":"2023-07-21T08:50:30","modified_gmt":"2023-07-21T13:50:30","slug":"todo-morena-concentrado-en-el-2024","status":"publish","type":"post","link":"https:\/\/lospoliticosveracruz.com\/?p=108972","title":{"rendered":"TODO MORENA CONCENTRADO EN EL 2024"},"content":{"rendered":"\n<p><strong>Miguel \u00c1ngel G\u00f3mez Ruiz<br><\/strong><em>Contrapunto<\/em><\/p>\n\n\n\n<p>En Veracruz hay poco ambiente con relaci\u00f3n a la elecci\u00f3n de 2024 en donde no solo se elegir\u00e1 a un nuevo presidente, sino que se renovar\u00e1 el Congreso de la Uni\u00f3n y adem\u00e1s, habr\u00e1 elecci\u00f3n para gobernador y para renovar la Legislatura local.<\/p>\n\n\n\n<figure class=\"wp-block-image size-large\"><a href=\"https:\/\/lospoliticosveracruz.com.mx\/wp-content\/uploads\/2016\/07\/Seguro-Julio-Cerecedo-2.jpg\"><img decoding=\"async\" src=\"https:\/\/lospoliticosveracruz.com.mx\/wp-content\/uploads\/2016\/07\/Seguro-Julio-Cerecedo-2-1024x381.jpg\" alt=\"\" class=\"wp-image-105879\"\/><\/a><\/figure>\n\n\n\n<p>Pr\u00e1cticamente desde el inicio de su gobierno, el presidente L\u00f3pez Obrador aclar\u00f3 que Roc\u00edo Nahle contender\u00eda por la gubernatura de Veracruz y no imagin\u00f3 en ese momento que habr\u00eda algunos suspirantes, aunque ninguno de ellos, incluida Nahle, ser\u00edan de gran impacto entre la poblaci\u00f3n.<\/p>\n\n\n\n<p>Sergio Guti\u00e9rrez, un expanista negado por el propio presidente, por Cuitl\u00e1huac Garc\u00eda y por muchos morenistas veracruzanos ha crecido un poco, pero no con la influencia que se pensaba, aunque a nivel personal, me parece que tiene m\u00e1s tablas que la propia Roc\u00edo Nahle.<\/p>\n\n\n\n<p>Otros suspirantes, Eric Cisneros y Manuel Huerta Ladr\u00f3n de Guevara tambi\u00e9n expresaron su deseo de participar con todo y que no tienen posibilidades.<\/p>\n\n\n\n<p>Quien s\u00ed tiene posibilidades pero al que no dejan participar es al alcalde de Xalapa, Ricardo Ahued Bardahuil que es mucho mejor persona que Nahle, Guti\u00e9rrez y el resto. As\u00ed las cosas.<\/p>\n\n\n\n<p>Sin embargo, Morena, a\u00fan con su triunfalismo ha fallado y podr\u00eda sufrir un buen n\u00famero de reveses el pr\u00f3ximo a\u00f1o, quiz\u00e1 no para perder la presidencia, con todo y que sus aspirantes son poco menos que nada, pero pues, el dinero es el dinero y una de las estrategias de Morena durante estos cinco a\u00f1os ha sido repartir dinero entre algunos pobres y personas a las que pueden influenciar.<\/p>\n\n\n\n<p>Volviendo al tema de Veracruz, la actuaci\u00f3n del gobernador Cuitl\u00e1huac Garc\u00eda ha dejado mucho qu\u00e9 desear, pues ha sido por momentos tibio, otras veces muy ajeno a las cosas y gusta de copiar al presidente L\u00f3pez Obrador al criticar todo, pero sin hacer pr\u00e1cticamente nada que valga la pena.<\/p>\n\n\n\n<p>Al mandatario le cuesta relacionarse. No puede vivir sin los halagos del presidente L\u00f3pez Obrador, pero fuera de all\u00ed ha tenido malos resultados, sobre todo en seguridad, en salud, en obra p\u00fablica.<\/p>\n\n\n\n<p>En efecto, Cuitl\u00e1huac Garc\u00eda se ha peleado con todos: con empresarios, con periodistas, con exfuncionarios, con feministas, con maestros, con ambientalistas, en fin, casi todo le ha salido mal, eso no se puede negar.<\/p>\n\n\n\n<p>Por ello es que para el pr\u00f3ximo a\u00f1o, la oposici\u00f3n puede aprovechar alguno de esos escollos que el propio mandatario ha dejado abiertos para ganarle la partida, porque si algo es cierto, es que no tienen mucho que ofrecer a la poblaci\u00f3n. Ninguno de sus aspirantes tiene suficiente carisma para ir a barrer en las urnas. Y mucho menos pueden depender de alguna de las corcholatas, porque esos est\u00e1n peor.<\/p>\n\n\n\n<p><strong>La oposici\u00f3n<\/strong><\/p>\n\n\n\n<p>Hace apenas unos d\u00edas, se inform\u00f3 que Fernando Yunes M\u00e1rquez, Enrique Cambranis Torres y el exdirigente Jos\u00e9 Mancha Alarc\u00f3n analizar\u00e1n la conveniencia de una alianza con el PRI y el PRD.<\/p>\n\n\n\n<p>De esos dos partidos no queda mucho, es cierto, pero a\u00fan hay elementos valiosos que pueden contribuir a que la citada alianza sea un \u00e9xito.<\/p>\n\n\n\n<p>Lamentablemente y lo advert\u00ed en una columna hace mucho tiempo, hubo j\u00f3venes que casi matan al PRI. Eran esos j\u00f3venes que ni siquiera mostraban respeto o saludaban a priistas de anta\u00f1o que hicieron buenas cosas por el partido.<\/p>\n\n\n\n<p>Dos ejemplos claros, Gabriel Deantes, un exvendedor de celulares que se hizo muy rico y que despreci\u00f3 a muchos y Tarek Abdal\u00e1 al que poco le falt\u00f3 para vender su alma al diablo y as\u00ed, otros m\u00e1s que se sintieron en las nubes y que no s\u00f3lo hundieron a su jefe, Javier Duarte, sino a su partido, el mismo que los encumbr\u00f3.<\/p>\n\n\n\n<p>En el PRD tampoco hay mucho qu\u00e9 decir. Es verdad, hubo algunos traidores que se fueron a Morena, pero otros que se quedaron poco o nada hicieron para rescatar a este instituto pol\u00edtico que en alg\u00fan momento fue una alternativa interesante.<\/p>\n\n\n\n<p>En Veracruz poco o nada hizo Sergio Cadena y el ejemplo m\u00e1s claro es que no hicieron casi nada por Rogelio Franco, que fue un dirigente importante en ese instituto y secretario de gobierno en la breve administraci\u00f3n de Miguel \u00c1ngel Yunes Linares. S\u00f3lo se tomaron la foto y ya. Lo mismo ocurri\u00f3 en Tihuatl\u00e1n con Gregorio G\u00f3mez, otro importante personaje dentro del partido que tambi\u00e9n est\u00e1 en la c\u00e1rcel, todo ello como parte de una venganza del mismo gobernador Cuitl\u00e1huac Garc\u00eda.<\/p>\n\n\n\n<p>A\u00fan no se sabe qui\u00e9n ser\u00e1 abanderado de la alianza opositora si es que se consolida, pero hasta el momento se habla del alcalde de Orizaba, Juan Manuel Diez Francos y del senador Julen Rementer\u00eda del Puerto. No se descarta a Fernando Yunes M\u00e1rquez y mucho menos a su hermano, Miguel \u00c1ngel Yunes M\u00e1rquez que en 2018 era mucho mejor opci\u00f3n que Cuitl\u00e1huac Garc\u00eda, por mucho.<\/p>\n\n\n\n<p>Ya se desmarc\u00f3 Paty Lobeira, pues dijo que los porte\u00f1os la eligieron como alcaldesa hasta 2025. En fin.<\/p>\n\n\n\n<p>PD En Coatepec, su presidente municipal Raymundo Andrade ha sido una nulidad. No se ven acciones, ni trabajo y como todo morenista, anda de lleno en la campa\u00f1a de 2024, quiz\u00e1 apoyando a alguna corcholata y dando su coraz\u00f3n por el secretario de gobierno Eric Cisneros, que parece que es el que realmente manda en ese municipio. Aunque pareciera que no hay muchas opciones para 2025 no hay que olvidar que Marcela Dom\u00ednguez Garc\u00eda, petista y coordinadora de las mujeres en el municipio, tiene amplias posibilidades. Es seria, una mujer de trabajo y cercana a la gente. No olvide ese nombre.<\/p>\n","protected":false},"excerpt":{"rendered":"<p>Miguel \u00c1ngel G\u00f3mez RuizContrapunto En Veracruz hay poco ambiente con relaci\u00f3n a la elecci\u00f3n de 2024 en donde no solo se elegir\u00e1 a un nuevo presidente, sino que se renovar\u00e1 el Congreso de la Uni\u00f3n y adem\u00e1s, habr\u00e1 elecci\u00f3n para gobernador y para renovar la Legislatura local. Pr\u00e1cticamente desde el inicio de su gobierno, el [&hellip;]<\/p>\n","protected":false},"author":2,"featured_media":0,"comment_status":"closed","ping_status":"closed","sticky":false,"template":"","format":"standard","meta":{"tdm_status":"","tdm_grid_status":"","footnotes":""},"categories":[70],"tags":[618,1563,2399,12299,818,1640,1569,1850,28370,1026,13124,3578,15095,195],"class_list":{"0":"post-108972","1":"post","2":"type-post","3":"status-publish","4":"format-standard","6":"category-de-opinion","7":"tag-andres-manuel-lopez-obrador","8":"tag-cuitlahuac-garcia-jimenez","9":"tag-enrique-cambranis-torres","10":"tag-eric-cisneros-burgos","11":"tag-fernando-yunes-marquez","12":"tag-juan-manuel-diez-francos","13":"tag-julen-rementeria-del-puerto","14":"tag-manuel-huerta-ladron-de-guevara","15":"tag-miguel-angel-gomez-ruiz","16":"tag-morena","17":"tag-raymundo-andrade","18":"tag-rocio-nahle","19":"tag-sergio-cadena","20":"tag-veracruz"},"yoast_head":"<!-- This site is optimized with the Yoast SEO plugin v27.4 - https:\/\/yoast.com\/product\/yoast-seo-wordpress\/ -->\n<title>TODO MORENA CONCENTRADO EN EL 2024 - Los pol\u00edticos Veracruz<\/title>\n<meta name=\"robots\" content=\"index, follow, max-snippet:-1, max-image-preview:large, max-video-preview:-1\" \/>\n<link rel=\"canonical\" href=\"https:\/\/lospoliticosveracruz.com\/?p=108972\" \/>\n<meta property=\"og:locale\" content=\"es_ES\" \/>\n<meta property=\"og:type\" content=\"article\" \/>\n<meta property=\"og:title\" content=\"TODO MORENA CONCENTRADO EN EL 2024 - Los pol\u00edticos Veracruz\" \/>\n<meta property=\"og:description\" content=\"Miguel \u00c1ngel G\u00f3mez RuizContrapunto En Veracruz hay poco ambiente con relaci\u00f3n a la elecci\u00f3n de 2024 en donde no solo se elegir\u00e1 a un nuevo presidente, sino que se renovar\u00e1 el Congreso de la Uni\u00f3n y adem\u00e1s, habr\u00e1 elecci\u00f3n para gobernador y para renovar la Legislatura local. Pr\u00e1cticamente desde el inicio de su gobierno, el [&hellip;]\" \/>\n<meta property=\"og:url\" content=\"https:\/\/lospoliticosveracruz.com\/?p=108972\" \/>\n<meta property=\"og:site_name\" content=\"Los pol\u00edticos Veracruz\" \/>\n<meta property=\"article:publisher\" content=\"https:\/\/www.facebook.com\/people\/Notimemes-de-los-Polticos\/61565672886568\/\" \/>\n<meta property=\"article:published_time\" content=\"2023-07-21T13:55:00+00:00\" \/>\n<meta property=\"og:image\" content=\"https:\/\/lospoliticosveracruz.com.mx\/wp-content\/uploads\/2016\/07\/Seguro-Julio-Cerecedo-2-1024x381.jpg\" \/>\n<meta name=\"author\" content=\"Lo viste en Los Pol\u00edticos\" \/>\n<meta name=\"twitter:card\" content=\"summary_large_image\" \/>\n<meta name=\"twitter:creator\" content=\"@LosPoliticosVer\" \/>\n<meta name=\"twitter:site\" content=\"@LosPoliticosVer\" \/>\n<meta name=\"twitter:label1\" content=\"Escrito por\" \/>\n\t<meta name=\"twitter:data1\" content=\"Lo viste en Los Pol\u00edticos\" \/>\n\t<meta name=\"twitter:label2\" content=\"Tiempo de lectura\" \/>\n\t<meta name=\"twitter:data2\" content=\"5 minutos\" \/>\n<script type=\"application\/ld+json\" class=\"yoast-schema-graph\">{\"@context\":\"https:\\\/\\\/schema.org\",\"@graph\":[{\"@type\":\"Article\",\"@id\":\"https:\\\/\\\/lospoliticosveracruz.com\\\/?p=108972#article\",\"isPartOf\":{\"@id\":\"https:\\\/\\\/lospoliticosveracruz.com\\\/?p=108972\"},\"author\":{\"name\":\"Lo viste en Los Pol\u00edticos\",\"@id\":\"https:\\\/\\\/lospoliticosveracruz.com\\\/#\\\/schema\\\/person\\\/b8702bb0e538456e6efd07080bf2a4a2\"},\"headline\":\"TODO MORENA CONCENTRADO EN EL 2024\",\"datePublished\":\"2023-07-21T13:55:00+00:00\",\"mainEntityOfPage\":{\"@id\":\"https:\\\/\\\/lospoliticosveracruz.com\\\/?p=108972\"},\"wordCount\":987,\"publisher\":{\"@id\":\"https:\\\/\\\/lospoliticosveracruz.com\\\/#organization\"},\"image\":{\"@id\":\"https:\\\/\\\/lospoliticosveracruz.com\\\/?p=108972#primaryimage\"},\"thumbnailUrl\":\"https:\\\/\\\/lospoliticosveracruz.com.mx\\\/wp-content\\\/uploads\\\/2016\\\/07\\\/Seguro-Julio-Cerecedo-2-1024x381.jpg\",\"keywords\":[\"Andr\u00e9s Manuel L\u00f3pez Obrador\",\"Cuitl\u00e1huac Garc\u00eda Jim\u00e9nez\",\"Enrique Cambranis Torres\",\"Eric Cisneros Burgos\",\"Fernando Yunes M\u00e1rquez\",\"Juan Manuel Diez Francos\",\"Julen Rementer\u00eda del Puerto\",\"Manuel Huerta Ladr\u00f3n de Guevara\",\"Miguel \u00c1ngel G\u00f3mez Ruiz\",\"Morena\",\"Raymundo Andrade\",\"Roc\u00edo Nahle\",\"Sergio Cadena\",\"Veracruz\"],\"articleSection\":[\"De Opini\u00f3n\"],\"inLanguage\":\"es\"},{\"@type\":\"WebPage\",\"@id\":\"https:\\\/\\\/lospoliticosveracruz.com\\\/?p=108972\",\"url\":\"https:\\\/\\\/lospoliticosveracruz.com\\\/?p=108972\",\"name\":\"TODO MORENA CONCENTRADO EN EL 2024 - Los pol\u00edticos Veracruz\",\"isPartOf\":{\"@id\":\"https:\\\/\\\/lospoliticosveracruz.com\\\/#website\"},\"primaryImageOfPage\":{\"@id\":\"https:\\\/\\\/lospoliticosveracruz.com\\\/?p=108972#primaryimage\"},\"image\":{\"@id\":\"https:\\\/\\\/lospoliticosveracruz.com\\\/?p=108972#primaryimage\"},\"thumbnailUrl\":\"https:\\\/\\\/lospoliticosveracruz.com.mx\\\/wp-content\\\/uploads\\\/2016\\\/07\\\/Seguro-Julio-Cerecedo-2-1024x381.jpg\",\"datePublished\":\"2023-07-21T13:55:00+00:00\",\"breadcrumb\":{\"@id\":\"https:\\\/\\\/lospoliticosveracruz.com\\\/?p=108972#breadcrumb\"},\"inLanguage\":\"es\",\"potentialAction\":[{\"@type\":\"ReadAction\",\"target\":[\"https:\\\/\\\/lospoliticosveracruz.com\\\/?p=108972\"]}]},{\"@type\":\"ImageObject\",\"inLanguage\":\"es\",\"@id\":\"https:\\\/\\\/lospoliticosveracruz.com\\\/?p=108972#primaryimage\",\"url\":\"https:\\\/\\\/lospoliticosveracruz.com.mx\\\/wp-content\\\/uploads\\\/2016\\\/07\\\/Seguro-Julio-Cerecedo-2-1024x381.jpg\",\"contentUrl\":\"https:\\\/\\\/lospoliticosveracruz.com.mx\\\/wp-content\\\/uploads\\\/2016\\\/07\\\/Seguro-Julio-Cerecedo-2-1024x381.jpg\"},{\"@type\":\"BreadcrumbList\",\"@id\":\"https:\\\/\\\/lospoliticosveracruz.com\\\/?p=108972#breadcrumb\",\"itemListElement\":[{\"@type\":\"ListItem\",\"position\":1,\"name\":\"Portada\",\"item\":\"https:\\\/\\\/lospoliticosveracruz.com\\\/\"},{\"@type\":\"ListItem\",\"position\":2,\"name\":\"TODO MORENA CONCENTRADO EN EL 2024\"}]},{\"@type\":\"WebSite\",\"@id\":\"https:\\\/\\\/lospoliticosveracruz.com\\\/#website\",\"url\":\"https:\\\/\\\/lospoliticosveracruz.com\\\/\",\"name\":\"Los pol\u00edticos Veracruz\",\"description\":\"\",\"publisher\":{\"@id\":\"https:\\\/\\\/lospoliticosveracruz.com\\\/#organization\"},\"potentialAction\":[{\"@type\":\"SearchAction\",\"target\":{\"@type\":\"EntryPoint\",\"urlTemplate\":\"https:\\\/\\\/lospoliticosveracruz.com\\\/?s={search_term_string}\"},\"query-input\":{\"@type\":\"PropertyValueSpecification\",\"valueRequired\":true,\"valueName\":\"search_term_string\"}}],\"inLanguage\":\"es\"},{\"@type\":\"Organization\",\"@id\":\"https:\\\/\\\/lospoliticosveracruz.com\\\/#organization\",\"name\":\"Los pol\u00edticos Veracruz\",\"url\":\"https:\\\/\\\/lospoliticosveracruz.com\\\/\",\"logo\":{\"@type\":\"ImageObject\",\"inLanguage\":\"es\",\"@id\":\"https:\\\/\\\/lospoliticosveracruz.com\\\/#\\\/schema\\\/logo\\\/image\\\/\",\"url\":\"https:\\\/\\\/lospoliticosveracruz.com\\\/wp-content\\\/uploads\\\/2025\\\/12\\\/Logo-Nuevo-LOS-POLITICOS-1.jpg\",\"contentUrl\":\"https:\\\/\\\/lospoliticosveracruz.com\\\/wp-content\\\/uploads\\\/2025\\\/12\\\/Logo-Nuevo-LOS-POLITICOS-1.jpg\",\"width\":260,\"height\":70,\"caption\":\"Los pol\u00edticos Veracruz\"},\"image\":{\"@id\":\"https:\\\/\\\/lospoliticosveracruz.com\\\/#\\\/schema\\\/logo\\\/image\\\/\"},\"sameAs\":[\"https:\\\/\\\/www.facebook.com\\\/people\\\/Notimemes-de-los-Polticos\\\/61565672886568\\\/\",\"https:\\\/\\\/x.com\\\/LosPoliticosVer\"]},{\"@type\":\"Person\",\"@id\":\"https:\\\/\\\/lospoliticosveracruz.com\\\/#\\\/schema\\\/person\\\/b8702bb0e538456e6efd07080bf2a4a2\",\"name\":\"Lo viste en Los Pol\u00edticos\",\"image\":{\"@type\":\"ImageObject\",\"inLanguage\":\"es\",\"@id\":\"https:\\\/\\\/secure.gravatar.com\\\/avatar\\\/3a8de04a2656d44082be478bd6c086daa447c4651605818287b9532d3d0bd435?s=96&d=mm&r=g\",\"url\":\"https:\\\/\\\/secure.gravatar.com\\\/avatar\\\/3a8de04a2656d44082be478bd6c086daa447c4651605818287b9532d3d0bd435?s=96&d=mm&r=g\",\"contentUrl\":\"https:\\\/\\\/secure.gravatar.com\\\/avatar\\\/3a8de04a2656d44082be478bd6c086daa447c4651605818287b9532d3d0bd435?s=96&d=mm&r=g\",\"caption\":\"Lo viste en Los Pol\u00edticos\"},\"url\":\"https:\\\/\\\/lospoliticosveracruz.com\\\/?author=2\"}]}<\/script>\n<!-- \/ Yoast SEO plugin. -->","yoast_head_json":{"title":"TODO MORENA CONCENTRADO EN EL 2024 - Los pol\u00edticos Veracruz","robots":{"index":"index","follow":"follow","max-snippet":"max-snippet:-1","max-image-preview":"max-image-preview:large","max-video-preview":"max-video-preview:-1"},"canonical":"https:\/\/lospoliticosveracruz.com\/?p=108972","og_locale":"es_ES","og_type":"article","og_title":"TODO MORENA CONCENTRADO EN EL 2024 - Los pol\u00edticos Veracruz","og_description":"Miguel \u00c1ngel G\u00f3mez RuizContrapunto En Veracruz hay poco ambiente con relaci\u00f3n a la elecci\u00f3n de 2024 en donde no solo se elegir\u00e1 a un nuevo presidente, sino que se renovar\u00e1 el Congreso de la Uni\u00f3n y adem\u00e1s, habr\u00e1 elecci\u00f3n para gobernador y para renovar la Legislatura local. Pr\u00e1cticamente desde el inicio de su gobierno, el [&hellip;]","og_url":"https:\/\/lospoliticosveracruz.com\/?p=108972","og_site_name":"Los pol\u00edticos Veracruz","article_publisher":"https:\/\/www.facebook.com\/people\/Notimemes-de-los-Polticos\/61565672886568\/","article_published_time":"2023-07-21T13:55:00+00:00","og_image":[{"url":"https:\/\/lospoliticosveracruz.com.mx\/wp-content\/uploads\/2016\/07\/Seguro-Julio-Cerecedo-2-1024x381.jpg","type":"","width":"","height":""}],"author":"Lo viste en Los Pol\u00edticos","twitter_card":"summary_large_image","twitter_creator":"@LosPoliticosVer","twitter_site":"@LosPoliticosVer","twitter_misc":{"Escrito por":"Lo viste en Los Pol\u00edticos","Tiempo de lectura":"5 minutos"},"schema":{"@context":"https:\/\/schema.org","@graph":[{"@type":"Article","@id":"https:\/\/lospoliticosveracruz.com\/?p=108972#article","isPartOf":{"@id":"https:\/\/lospoliticosveracruz.com\/?p=108972"},"author":{"name":"Lo viste en Los Pol\u00edticos","@id":"https:\/\/lospoliticosveracruz.com\/#\/schema\/person\/b8702bb0e538456e6efd07080bf2a4a2"},"headline":"TODO MORENA CONCENTRADO EN EL 2024","datePublished":"2023-07-21T13:55:00+00:00","mainEntityOfPage":{"@id":"https:\/\/lospoliticosveracruz.com\/?p=108972"},"wordCount":987,"publisher":{"@id":"https:\/\/lospoliticosveracruz.com\/#organization"},"image":{"@id":"https:\/\/lospoliticosveracruz.com\/?p=108972#primaryimage"},"thumbnailUrl":"https:\/\/lospoliticosveracruz.com.mx\/wp-content\/uploads\/2016\/07\/Seguro-Julio-Cerecedo-2-1024x381.jpg","keywords":["Andr\u00e9s Manuel L\u00f3pez Obrador","Cuitl\u00e1huac Garc\u00eda Jim\u00e9nez","Enrique Cambranis Torres","Eric Cisneros Burgos","Fernando Yunes M\u00e1rquez","Juan Manuel Diez Francos","Julen Rementer\u00eda del Puerto","Manuel Huerta Ladr\u00f3n de Guevara","Miguel \u00c1ngel G\u00f3mez Ruiz","Morena","Raymundo Andrade","Roc\u00edo Nahle","Sergio Cadena","Veracruz"],"articleSection":["De Opini\u00f3n"],"inLanguage":"es"},{"@type":"WebPage","@id":"https:\/\/lospoliticosveracruz.com\/?p=108972","url":"https:\/\/lospoliticosveracruz.com\/?p=108972","name":"TODO MORENA CONCENTRADO EN EL 2024 - Los pol\u00edticos Veracruz","isPartOf":{"@id":"https:\/\/lospoliticosveracruz.com\/#website"},"primaryImageOfPage":{"@id":"https:\/\/lospoliticosveracruz.com\/?p=108972#primaryimage"},"image":{"@id":"https:\/\/lospoliticosveracruz.com\/?p=108972#primaryimage"},"thumbnailUrl":"https:\/\/lospoliticosveracruz.com.mx\/wp-content\/uploads\/2016\/07\/Seguro-Julio-Cerecedo-2-1024x381.jpg","datePublished":"2023-07-21T13:55:00+00:00","breadcrumb":{"@id":"https:\/\/lospoliticosveracruz.com\/?p=108972#breadcrumb"},"inLanguage":"es","potentialAction":[{"@type":"ReadAction","target":["https:\/\/lospoliticosveracruz.com\/?p=108972"]}]},{"@type":"ImageObject","inLanguage":"es","@id":"https:\/\/lospoliticosveracruz.com\/?p=108972#primaryimage","url":"https:\/\/lospoliticosveracruz.com.mx\/wp-content\/uploads\/2016\/07\/Seguro-Julio-Cerecedo-2-1024x381.jpg","contentUrl":"https:\/\/lospoliticosveracruz.com.mx\/wp-content\/uploads\/2016\/07\/Seguro-Julio-Cerecedo-2-1024x381.jpg"},{"@type":"BreadcrumbList","@id":"https:\/\/lospoliticosveracruz.com\/?p=108972#breadcrumb","itemListElement":[{"@type":"ListItem","position":1,"name":"Portada","item":"https:\/\/lospoliticosveracruz.com\/"},{"@type":"ListItem","position":2,"name":"TODO MORENA CONCENTRADO EN EL 2024"}]},{"@type":"WebSite","@id":"https:\/\/lospoliticosveracruz.com\/#website","url":"https:\/\/lospoliticosveracruz.com\/","name":"Los pol\u00edticos Veracruz","description":"","publisher":{"@id":"https:\/\/lospoliticosveracruz.com\/#organization"},"potentialAction":[{"@type":"SearchAction","target":{"@type":"EntryPoint","urlTemplate":"https:\/\/lospoliticosveracruz.com\/?s={search_term_string}"},"query-input":{"@type":"PropertyValueSpecification","valueRequired":true,"valueName":"search_term_string"}}],"inLanguage":"es"},{"@type":"Organization","@id":"https:\/\/lospoliticosveracruz.com\/#organization","name":"Los pol\u00edticos Veracruz","url":"https:\/\/lospoliticosveracruz.com\/","logo":{"@type":"ImageObject","inLanguage":"es","@id":"https:\/\/lospoliticosveracruz.com\/#\/schema\/logo\/image\/","url":"https:\/\/lospoliticosveracruz.com\/wp-content\/uploads\/2025\/12\/Logo-Nuevo-LOS-POLITICOS-1.jpg","contentUrl":"https:\/\/lospoliticosveracruz.com\/wp-content\/uploads\/2025\/12\/Logo-Nuevo-LOS-POLITICOS-1.jpg","width":260,"height":70,"caption":"Los pol\u00edticos Veracruz"},"image":{"@id":"https:\/\/lospoliticosveracruz.com\/#\/schema\/logo\/image\/"},"sameAs":["https:\/\/www.facebook.com\/people\/Notimemes-de-los-Polticos\/61565672886568\/","https:\/\/x.com\/LosPoliticosVer"]},{"@type":"Person","@id":"https:\/\/lospoliticosveracruz.com\/#\/schema\/person\/b8702bb0e538456e6efd07080bf2a4a2","name":"Lo viste en Los Pol\u00edticos","image":{"@type":"ImageObject","inLanguage":"es","@id":"https:\/\/secure.gravatar.com\/avatar\/3a8de04a2656d44082be478bd6c086daa447c4651605818287b9532d3d0bd435?s=96&d=mm&r=g","url":"https:\/\/secure.gravatar.com\/avatar\/3a8de04a2656d44082be478bd6c086daa447c4651605818287b9532d3d0bd435?s=96&d=mm&r=g","contentUrl":"https:\/\/secure.gravatar.com\/avatar\/3a8de04a2656d44082be478bd6c086daa447c4651605818287b9532d3d0bd435?s=96&d=mm&r=g","caption":"Lo viste en Los Pol\u00edticos"},"url":"https:\/\/lospoliticosveracruz.com\/?author=2"}]}},"_links":{"self":[{"href":"https:\/\/lospoliticosveracruz.com\/index.php?rest_route=\/wp\/v2\/posts\/108972","targetHints":{"allow":["GET"]}}],"collection":[{"href":"https:\/\/lospoliticosveracruz.com\/index.php?rest_route=\/wp\/v2\/posts"}],"about":[{"href":"https:\/\/lospoliticosveracruz.com\/index.php?rest_route=\/wp\/v2\/types\/post"}],"author":[{"embeddable":true,"href":"https:\/\/lospoliticosveracruz.com\/index.php?rest_route=\/wp\/v2\/users\/2"}],"replies":[{"embeddable":true,"href":"https:\/\/lospoliticosveracruz.com\/index.php?rest_route=%2Fwp%2Fv2%2Fcomments&post=108972"}],"version-history":[{"count":1,"href":"https:\/\/lospoliticosveracruz.com\/index.php?rest_route=\/wp\/v2\/posts\/108972\/revisions"}],"predecessor-version":[{"id":108973,"href":"https:\/\/lospoliticosveracruz.com\/index.php?rest_route=\/wp\/v2\/posts\/108972\/revisions\/108973"}],"wp:attachment":[{"href":"https:\/\/lospoliticosveracruz.com\/index.php?rest_route=%2Fwp%2Fv2%2Fmedia&parent=108972"}],"wp:term":[{"taxonomy":"category","embeddable":true,"href":"https:\/\/lospoliticosveracruz.com\/index.php?rest_route=%2Fwp%2Fv2%2Fcategories&post=108972"},{"taxonomy":"post_tag","embeddable":true,"href":"https:\/\/lospoliticosveracruz.com\/index.php?rest_route=%2Fwp%2Fv2%2Ftags&post=108972"}],"curies":[{"name":"wp","href":"https:\/\/api.w.org\/{rel}","templated":true}]}}