{"id":108996,"date":"2023-07-21T14:19:45","date_gmt":"2023-07-21T19:19:45","guid":{"rendered":"https:\/\/lospoliticosveracruz.com.mx\/?p=108996"},"modified":"2023-07-21T14:19:50","modified_gmt":"2023-07-21T19:19:50","slug":"santiago-tuxtla-y-cosoleacaque-la-zona-que-lo-tiene-todo","status":"publish","type":"post","link":"https:\/\/lospoliticosveracruz.com\/?p=108996","title":{"rendered":"SANTIAGO TUXTLA Y COSOLEACAQUE, LA ZONA QUE LO TIENE TODO"},"content":{"rendered":"\n<p><br><strong>Vicente Luna Hern\u00e1ndez<\/strong><\/p>\n\n\n\n<p>La zona de los Tuxtlas y los Llanos del Sotavento es una zona privilegiada del Estado de Veracruz, contar con una Ciudad Heroica como Cosoleacaque, una Ciudad Patrimonio de la Humanidad como Tlacotalpan, municipios productores de ca\u00f1a como Lerdo, Cabada y Carlos A. Carrillo, municipios productores de la pi\u00f1a &#8211; que es orgullo nacional &#8211; como Juan Rodr\u00edguez Clara y Ciudad Isla, municipios con alta producci\u00f3n de ganado como Acayucan y Playa Vicente, ciudades importantes ejemplos de la amplia diversidad cultural de Veracruz como Sayula, Zaragoza, Chinameca o Santiago Sochiapan, debe ser orgullo de sus habitantes y de todos los veracruzanos, sin embargo, hay mucho por hacer para impulsar su desarrollo y en esa tarea, no hay colores partidistas ni ideolog\u00eda que valga, sea la 4 o la 5 pero la transformaci\u00f3n debe llegar a todos los municipios.<\/p>\n\n\n<div class=\"wp-block-image\">\n<figure class=\"alignleft size-medium\"><a href=\"https:\/\/lospoliticosveracruz.com.mx\/wp-content\/uploads\/2021\/10\/WhatsApp-Image-2021-10-02-at-15.20.25.jpeg\"><img loading=\"lazy\" decoding=\"async\" width=\"212\" height=\"300\" src=\"https:\/\/lospoliticosveracruz.com.mx\/wp-content\/uploads\/2021\/10\/WhatsApp-Image-2021-10-02-at-15.20.25-212x300.jpeg\" alt=\"\" class=\"wp-image-80177\" srcset=\"https:\/\/lospoliticosveracruz.com\/wp-content\/uploads\/2021\/10\/WhatsApp-Image-2021-10-02-at-15.20.25-212x300.jpeg 212w, https:\/\/lospoliticosveracruz.com\/wp-content\/uploads\/2021\/10\/WhatsApp-Image-2021-10-02-at-15.20.25-724x1024.jpeg 724w, https:\/\/lospoliticosveracruz.com\/wp-content\/uploads\/2021\/10\/WhatsApp-Image-2021-10-02-at-15.20.25-768x1086.jpeg 768w, https:\/\/lospoliticosveracruz.com\/wp-content\/uploads\/2021\/10\/WhatsApp-Image-2021-10-02-at-15.20.25.jpeg 905w\" sizes=\"auto, (max-width: 212px) 100vw, 212px\" \/><\/a><\/figure>\n<\/div>\n\n\n<p><br>Esta zona es rica en recursos naturales pero marginada de los grandes proyectos sociales de los gobiernos en turno, hablar de los atractivos tur\u00edsticos y de la bondad de sus climas y sobre todo, de la alegr\u00eda y sentido de pertenencia de sus habitantes, es presumir tambi\u00e9n de las bellezas culturales y gastron\u00f3micas de la regi\u00f3n, sin embargo, algo m\u00e1s falta para que esta zona logre potenciar todas sus riquezas naturales y en este rubro la seguridad p\u00fablica y el buen estado de sus v\u00edas de comunicaci\u00f3n llevan mano.<br>Las carreteras siempre han sido una calamidad y verg\u00fcenza de quienes han detentado el poder pol\u00edtico del Estado, la carretera Santiago Tuxtla \u2013 Isla es un triste ejemplo de ello -, el abandono de su cadena productiva y de sus v\u00edas de comunicaci\u00f3n han lastimado la econom\u00eda formal e informal del comercio en general, las obras en materia carretera han dejado mucho que desear, obras de relumbr\u00f3n pero que al cabo de poco tiempo transcurrido \u2013 a causa de las lluvias t\u00edpicas de la regi\u00f3n &#8211; est\u00e1n en p\u00e9simas condiciones para transitar y por lo consiguiente, afecta todas las actividades productivas de sus habitantes.<br>Una zona agr\u00edcola, ganadera, tur\u00edstica, cultural, y de abundantes recursos naturales, debe ser considerada como punta de lanza del desarrollo del Estado, la zona debe ser ejemplo de un verdadero compromiso social con todos los grupos sociales productivos, ahora m\u00e1s que nunca cuando se habla de una trasformaci\u00f3n, las y los habitantes de esa zona deben exigir una verdadera atenci\u00f3n de las autoridades de gobierno y de sus representantes populares sean del partido que sean, presumir que los que hoy gobiernan no son iguales a los de ayer, debe pasar del discurso a la acci\u00f3n sin tanto rollo.<br>Se habla de grandes proyectos de infraestructura en la zona sur, bienvenidos todos los proyectos de obra p\u00fablica que pongan en el escenario pol\u00edtico y social la zona sur de M\u00e9xico y de Veracruz pero tambi\u00e9n, se tiene que hablar de los Tuxtlas y los Llanos del sotavento, su zona ca\u00f1era, importante para el desarrollo de M\u00e9xico y uno de los productos que es motivo de orgullo de Veracruz: la Pi\u00f1a, misma fruta que es disfrutada en varios pa\u00edses y pone el nombre de M\u00e9xico en alto.<br>La realidad es que la verdadera transformaci\u00f3n ser\u00e1 que la carreteras est\u00e9n en \u00f3ptimas condiciones para impulsar el desarrollo de la regi\u00f3n, la verdadera transformaci\u00f3n ser\u00e1 que los niveles de seguridad cada vez inspiren mayor confianza en las autoridades de los 3 niveles de gobierno, la transformaci\u00f3n ser\u00e1 que las y los representantes populares mantengan canales de comunicaci\u00f3n con todos los sectores de la sociedad de sus respectivos distritos, la transformaci\u00f3n ser\u00e1 presumir que m\u00e1s all\u00e1 de colores partidistas, todas y todos aquellos que tienen el privilegio de ser representantes populares hagan de la honestidad, transparencia en el manejo de los recursos econ\u00f3micos y la rendici\u00f3n de cuentas sus mejores cartas de presentaci\u00f3n y que el nepotismo y la corrupci\u00f3n\u2026sean fantasmas del pasado.<br>Los municipios que integran el Distrito Local de Santiago Tuxtla y el Distrito Federal de Cosoleacaque tienen que estar en todas las mesas de an\u00e1lisis pol\u00edtico y social, por su riqueza en recursos naturales y por su importancia estrat\u00e9gica pol\u00edtico \u2013 electoral, la zona debe contar no solo con la participaci\u00f3n de su clase pol\u00edtica &#8211; muchos de los cuales lo que menos tienen es clase- pero tambi\u00e9n con la participaci\u00f3n entusiasta de sus habitantes, la movilizaci\u00f3n social con argumentos y datos concretos debe ser parte de la verdadera transformaci\u00f3n de Veracruz, no se vale que se hable de la revoluci\u00f3n de las conciencias solo para recibir el aplauso f\u00e1cil sino tambi\u00e9n, la revoluci\u00f3n de las conciencias es la denuncia ciudadana de las y los malos gobiernos sean del color que sean.<br>Seguramente que cuando se pase lista de quienes son aspiracionista, quienes quieren mejorar sus niveles de vida, cada uno de los municipios que integran los Distritos de Santiago Tuxtla y de Cosoleacaque, gritar\u00e1n llenos de entusiasmo y de alegr\u00eda\u2026Presente.\u00bf es pecado es aspiracionista?<br>P.D.- Con el \u00e1nimo que haya muchos motivos para hablar bien de los Tuxtlas y de los Llanos, no solo el d\u00eda de las \u201climpias\u201d y al saborear una deliciosa pi\u00f1a o una nieve de coco\u2026Escribir\u00e9 otro d\u00eda.<\/p>\n","protected":false},"excerpt":{"rendered":"<p>Vicente Luna Hern\u00e1ndez La zona de los Tuxtlas y los Llanos del Sotavento es una zona privilegiada del Estado de Veracruz, contar con una Ciudad Heroica como Cosoleacaque, una Ciudad Patrimonio de la Humanidad como Tlacotalpan, municipios productores de ca\u00f1a como Lerdo, Cabada y Carlos A. Carrillo, municipios productores de la pi\u00f1a &#8211; que es [&hellip;]<\/p>\n","protected":false},"author":2,"featured_media":0,"comment_status":"closed","ping_status":"closed","sticky":false,"template":"","format":"standard","meta":{"tdm_status":"","tdm_grid_status":"","footnotes":""},"categories":[70],"tags":[15667],"class_list":{"0":"post-108996","1":"post","2":"type-post","3":"status-publish","4":"format-standard","6":"category-de-opinion","7":"tag-vicente-luna-hernandez"},"yoast_head":"<!-- This site is optimized with the Yoast SEO plugin v27.4 - https:\/\/yoast.com\/product\/yoast-seo-wordpress\/ -->\n<title>SANTIAGO TUXTLA Y COSOLEACAQUE, LA ZONA QUE LO TIENE TODO - Los pol\u00edticos Veracruz<\/title>\n<meta name=\"robots\" content=\"index, follow, max-snippet:-1, max-image-preview:large, max-video-preview:-1\" \/>\n<link rel=\"canonical\" href=\"https:\/\/lospoliticosveracruz.com\/?p=108996\" \/>\n<meta property=\"og:locale\" content=\"es_ES\" \/>\n<meta property=\"og:type\" content=\"article\" \/>\n<meta property=\"og:title\" content=\"SANTIAGO TUXTLA Y COSOLEACAQUE, LA ZONA QUE LO TIENE TODO - Los pol\u00edticos Veracruz\" \/>\n<meta property=\"og:description\" content=\"Vicente Luna Hern\u00e1ndez La zona de los Tuxtlas y los Llanos del Sotavento es una zona privilegiada del Estado de Veracruz, contar con una Ciudad Heroica como Cosoleacaque, una Ciudad Patrimonio de la Humanidad como Tlacotalpan, municipios productores de ca\u00f1a como Lerdo, Cabada y Carlos A. Carrillo, municipios productores de la pi\u00f1a &#8211; que es [&hellip;]\" \/>\n<meta property=\"og:url\" content=\"https:\/\/lospoliticosveracruz.com\/?p=108996\" \/>\n<meta property=\"og:site_name\" content=\"Los pol\u00edticos Veracruz\" \/>\n<meta property=\"article:publisher\" content=\"https:\/\/www.facebook.com\/people\/Notimemes-de-los-Polticos\/61565672886568\/\" \/>\n<meta property=\"article:published_time\" content=\"2023-07-21T19:19:45+00:00\" \/>\n<meta property=\"article:modified_time\" content=\"2023-07-21T19:19:50+00:00\" \/>\n<meta property=\"og:image\" content=\"https:\/\/lospoliticosveracruz.com.mx\/wp-content\/uploads\/2021\/10\/WhatsApp-Image-2021-10-02-at-15.20.25-212x300.jpeg\" \/>\n<meta name=\"author\" content=\"Lo viste en Los Pol\u00edticos\" \/>\n<meta name=\"twitter:card\" content=\"summary_large_image\" \/>\n<meta name=\"twitter:creator\" content=\"@LosPoliticosVer\" \/>\n<meta name=\"twitter:site\" content=\"@LosPoliticosVer\" \/>\n<meta name=\"twitter:label1\" content=\"Escrito por\" \/>\n\t<meta name=\"twitter:data1\" content=\"Lo viste en Los Pol\u00edticos\" \/>\n\t<meta name=\"twitter:label2\" content=\"Tiempo de lectura\" \/>\n\t<meta name=\"twitter:data2\" content=\"5 minutos\" \/>\n<script type=\"application\/ld+json\" class=\"yoast-schema-graph\">{\"@context\":\"https:\\\/\\\/schema.org\",\"@graph\":[{\"@type\":\"Article\",\"@id\":\"https:\\\/\\\/lospoliticosveracruz.com\\\/?p=108996#article\",\"isPartOf\":{\"@id\":\"https:\\\/\\\/lospoliticosveracruz.com\\\/?p=108996\"},\"author\":{\"name\":\"Lo viste en Los Pol\u00edticos\",\"@id\":\"https:\\\/\\\/lospoliticosveracruz.com\\\/#\\\/schema\\\/person\\\/b8702bb0e538456e6efd07080bf2a4a2\"},\"headline\":\"SANTIAGO TUXTLA Y COSOLEACAQUE, LA ZONA QUE LO TIENE TODO\",\"datePublished\":\"2023-07-21T19:19:45+00:00\",\"dateModified\":\"2023-07-21T19:19:50+00:00\",\"mainEntityOfPage\":{\"@id\":\"https:\\\/\\\/lospoliticosveracruz.com\\\/?p=108996\"},\"wordCount\":936,\"publisher\":{\"@id\":\"https:\\\/\\\/lospoliticosveracruz.com\\\/#organization\"},\"image\":{\"@id\":\"https:\\\/\\\/lospoliticosveracruz.com\\\/?p=108996#primaryimage\"},\"thumbnailUrl\":\"https:\\\/\\\/lospoliticosveracruz.com.mx\\\/wp-content\\\/uploads\\\/2021\\\/10\\\/WhatsApp-Image-2021-10-02-at-15.20.25-212x300.jpeg\",\"keywords\":[\"Vicente Luna Hern\u00e1ndez\"],\"articleSection\":[\"De Opini\u00f3n\"],\"inLanguage\":\"es\"},{\"@type\":\"WebPage\",\"@id\":\"https:\\\/\\\/lospoliticosveracruz.com\\\/?p=108996\",\"url\":\"https:\\\/\\\/lospoliticosveracruz.com\\\/?p=108996\",\"name\":\"SANTIAGO TUXTLA Y COSOLEACAQUE, LA ZONA QUE LO TIENE TODO - Los pol\u00edticos Veracruz\",\"isPartOf\":{\"@id\":\"https:\\\/\\\/lospoliticosveracruz.com\\\/#website\"},\"primaryImageOfPage\":{\"@id\":\"https:\\\/\\\/lospoliticosveracruz.com\\\/?p=108996#primaryimage\"},\"image\":{\"@id\":\"https:\\\/\\\/lospoliticosveracruz.com\\\/?p=108996#primaryimage\"},\"thumbnailUrl\":\"https:\\\/\\\/lospoliticosveracruz.com.mx\\\/wp-content\\\/uploads\\\/2021\\\/10\\\/WhatsApp-Image-2021-10-02-at-15.20.25-212x300.jpeg\",\"datePublished\":\"2023-07-21T19:19:45+00:00\",\"dateModified\":\"2023-07-21T19:19:50+00:00\",\"breadcrumb\":{\"@id\":\"https:\\\/\\\/lospoliticosveracruz.com\\\/?p=108996#breadcrumb\"},\"inLanguage\":\"es\",\"potentialAction\":[{\"@type\":\"ReadAction\",\"target\":[\"https:\\\/\\\/lospoliticosveracruz.com\\\/?p=108996\"]}]},{\"@type\":\"ImageObject\",\"inLanguage\":\"es\",\"@id\":\"https:\\\/\\\/lospoliticosveracruz.com\\\/?p=108996#primaryimage\",\"url\":\"https:\\\/\\\/lospoliticosveracruz.com.mx\\\/wp-content\\\/uploads\\\/2021\\\/10\\\/WhatsApp-Image-2021-10-02-at-15.20.25-212x300.jpeg\",\"contentUrl\":\"https:\\\/\\\/lospoliticosveracruz.com.mx\\\/wp-content\\\/uploads\\\/2021\\\/10\\\/WhatsApp-Image-2021-10-02-at-15.20.25-212x300.jpeg\"},{\"@type\":\"BreadcrumbList\",\"@id\":\"https:\\\/\\\/lospoliticosveracruz.com\\\/?p=108996#breadcrumb\",\"itemListElement\":[{\"@type\":\"ListItem\",\"position\":1,\"name\":\"Portada\",\"item\":\"https:\\\/\\\/lospoliticosveracruz.com\\\/\"},{\"@type\":\"ListItem\",\"position\":2,\"name\":\"SANTIAGO TUXTLA Y COSOLEACAQUE, LA ZONA QUE LO TIENE TODO\"}]},{\"@type\":\"WebSite\",\"@id\":\"https:\\\/\\\/lospoliticosveracruz.com\\\/#website\",\"url\":\"https:\\\/\\\/lospoliticosveracruz.com\\\/\",\"name\":\"Los pol\u00edticos Veracruz\",\"description\":\"\",\"publisher\":{\"@id\":\"https:\\\/\\\/lospoliticosveracruz.com\\\/#organization\"},\"potentialAction\":[{\"@type\":\"SearchAction\",\"target\":{\"@type\":\"EntryPoint\",\"urlTemplate\":\"https:\\\/\\\/lospoliticosveracruz.com\\\/?s={search_term_string}\"},\"query-input\":{\"@type\":\"PropertyValueSpecification\",\"valueRequired\":true,\"valueName\":\"search_term_string\"}}],\"inLanguage\":\"es\"},{\"@type\":\"Organization\",\"@id\":\"https:\\\/\\\/lospoliticosveracruz.com\\\/#organization\",\"name\":\"Los pol\u00edticos Veracruz\",\"url\":\"https:\\\/\\\/lospoliticosveracruz.com\\\/\",\"logo\":{\"@type\":\"ImageObject\",\"inLanguage\":\"es\",\"@id\":\"https:\\\/\\\/lospoliticosveracruz.com\\\/#\\\/schema\\\/logo\\\/image\\\/\",\"url\":\"https:\\\/\\\/lospoliticosveracruz.com\\\/wp-content\\\/uploads\\\/2025\\\/12\\\/Logo-Nuevo-LOS-POLITICOS-1.jpg\",\"contentUrl\":\"https:\\\/\\\/lospoliticosveracruz.com\\\/wp-content\\\/uploads\\\/2025\\\/12\\\/Logo-Nuevo-LOS-POLITICOS-1.jpg\",\"width\":260,\"height\":70,\"caption\":\"Los pol\u00edticos Veracruz\"},\"image\":{\"@id\":\"https:\\\/\\\/lospoliticosveracruz.com\\\/#\\\/schema\\\/logo\\\/image\\\/\"},\"sameAs\":[\"https:\\\/\\\/www.facebook.com\\\/people\\\/Notimemes-de-los-Polticos\\\/61565672886568\\\/\",\"https:\\\/\\\/x.com\\\/LosPoliticosVer\"]},{\"@type\":\"Person\",\"@id\":\"https:\\\/\\\/lospoliticosveracruz.com\\\/#\\\/schema\\\/person\\\/b8702bb0e538456e6efd07080bf2a4a2\",\"name\":\"Lo viste en Los Pol\u00edticos\",\"image\":{\"@type\":\"ImageObject\",\"inLanguage\":\"es\",\"@id\":\"https:\\\/\\\/secure.gravatar.com\\\/avatar\\\/3a8de04a2656d44082be478bd6c086daa447c4651605818287b9532d3d0bd435?s=96&d=mm&r=g\",\"url\":\"https:\\\/\\\/secure.gravatar.com\\\/avatar\\\/3a8de04a2656d44082be478bd6c086daa447c4651605818287b9532d3d0bd435?s=96&d=mm&r=g\",\"contentUrl\":\"https:\\\/\\\/secure.gravatar.com\\\/avatar\\\/3a8de04a2656d44082be478bd6c086daa447c4651605818287b9532d3d0bd435?s=96&d=mm&r=g\",\"caption\":\"Lo viste en Los Pol\u00edticos\"},\"url\":\"https:\\\/\\\/lospoliticosveracruz.com\\\/?author=2\"}]}<\/script>\n<!-- \/ Yoast SEO plugin. -->","yoast_head_json":{"title":"SANTIAGO TUXTLA Y COSOLEACAQUE, LA ZONA QUE LO TIENE TODO - Los pol\u00edticos Veracruz","robots":{"index":"index","follow":"follow","max-snippet":"max-snippet:-1","max-image-preview":"max-image-preview:large","max-video-preview":"max-video-preview:-1"},"canonical":"https:\/\/lospoliticosveracruz.com\/?p=108996","og_locale":"es_ES","og_type":"article","og_title":"SANTIAGO TUXTLA Y COSOLEACAQUE, LA ZONA QUE LO TIENE TODO - Los pol\u00edticos Veracruz","og_description":"Vicente Luna Hern\u00e1ndez La zona de los Tuxtlas y los Llanos del Sotavento es una zona privilegiada del Estado de Veracruz, contar con una Ciudad Heroica como Cosoleacaque, una Ciudad Patrimonio de la Humanidad como Tlacotalpan, municipios productores de ca\u00f1a como Lerdo, Cabada y Carlos A. Carrillo, municipios productores de la pi\u00f1a &#8211; que es [&hellip;]","og_url":"https:\/\/lospoliticosveracruz.com\/?p=108996","og_site_name":"Los pol\u00edticos Veracruz","article_publisher":"https:\/\/www.facebook.com\/people\/Notimemes-de-los-Polticos\/61565672886568\/","article_published_time":"2023-07-21T19:19:45+00:00","article_modified_time":"2023-07-21T19:19:50+00:00","og_image":[{"url":"https:\/\/lospoliticosveracruz.com.mx\/wp-content\/uploads\/2021\/10\/WhatsApp-Image-2021-10-02-at-15.20.25-212x300.jpeg","type":"","width":"","height":""}],"author":"Lo viste en Los Pol\u00edticos","twitter_card":"summary_large_image","twitter_creator":"@LosPoliticosVer","twitter_site":"@LosPoliticosVer","twitter_misc":{"Escrito por":"Lo viste en Los Pol\u00edticos","Tiempo de lectura":"5 minutos"},"schema":{"@context":"https:\/\/schema.org","@graph":[{"@type":"Article","@id":"https:\/\/lospoliticosveracruz.com\/?p=108996#article","isPartOf":{"@id":"https:\/\/lospoliticosveracruz.com\/?p=108996"},"author":{"name":"Lo viste en Los Pol\u00edticos","@id":"https:\/\/lospoliticosveracruz.com\/#\/schema\/person\/b8702bb0e538456e6efd07080bf2a4a2"},"headline":"SANTIAGO TUXTLA Y COSOLEACAQUE, LA ZONA QUE LO TIENE TODO","datePublished":"2023-07-21T19:19:45+00:00","dateModified":"2023-07-21T19:19:50+00:00","mainEntityOfPage":{"@id":"https:\/\/lospoliticosveracruz.com\/?p=108996"},"wordCount":936,"publisher":{"@id":"https:\/\/lospoliticosveracruz.com\/#organization"},"image":{"@id":"https:\/\/lospoliticosveracruz.com\/?p=108996#primaryimage"},"thumbnailUrl":"https:\/\/lospoliticosveracruz.com.mx\/wp-content\/uploads\/2021\/10\/WhatsApp-Image-2021-10-02-at-15.20.25-212x300.jpeg","keywords":["Vicente Luna Hern\u00e1ndez"],"articleSection":["De Opini\u00f3n"],"inLanguage":"es"},{"@type":"WebPage","@id":"https:\/\/lospoliticosveracruz.com\/?p=108996","url":"https:\/\/lospoliticosveracruz.com\/?p=108996","name":"SANTIAGO TUXTLA Y COSOLEACAQUE, LA ZONA QUE LO TIENE TODO - Los pol\u00edticos Veracruz","isPartOf":{"@id":"https:\/\/lospoliticosveracruz.com\/#website"},"primaryImageOfPage":{"@id":"https:\/\/lospoliticosveracruz.com\/?p=108996#primaryimage"},"image":{"@id":"https:\/\/lospoliticosveracruz.com\/?p=108996#primaryimage"},"thumbnailUrl":"https:\/\/lospoliticosveracruz.com.mx\/wp-content\/uploads\/2021\/10\/WhatsApp-Image-2021-10-02-at-15.20.25-212x300.jpeg","datePublished":"2023-07-21T19:19:45+00:00","dateModified":"2023-07-21T19:19:50+00:00","breadcrumb":{"@id":"https:\/\/lospoliticosveracruz.com\/?p=108996#breadcrumb"},"inLanguage":"es","potentialAction":[{"@type":"ReadAction","target":["https:\/\/lospoliticosveracruz.com\/?p=108996"]}]},{"@type":"ImageObject","inLanguage":"es","@id":"https:\/\/lospoliticosveracruz.com\/?p=108996#primaryimage","url":"https:\/\/lospoliticosveracruz.com.mx\/wp-content\/uploads\/2021\/10\/WhatsApp-Image-2021-10-02-at-15.20.25-212x300.jpeg","contentUrl":"https:\/\/lospoliticosveracruz.com.mx\/wp-content\/uploads\/2021\/10\/WhatsApp-Image-2021-10-02-at-15.20.25-212x300.jpeg"},{"@type":"BreadcrumbList","@id":"https:\/\/lospoliticosveracruz.com\/?p=108996#breadcrumb","itemListElement":[{"@type":"ListItem","position":1,"name":"Portada","item":"https:\/\/lospoliticosveracruz.com\/"},{"@type":"ListItem","position":2,"name":"SANTIAGO TUXTLA Y COSOLEACAQUE, LA ZONA QUE LO TIENE TODO"}]},{"@type":"WebSite","@id":"https:\/\/lospoliticosveracruz.com\/#website","url":"https:\/\/lospoliticosveracruz.com\/","name":"Los pol\u00edticos Veracruz","description":"","publisher":{"@id":"https:\/\/lospoliticosveracruz.com\/#organization"},"potentialAction":[{"@type":"SearchAction","target":{"@type":"EntryPoint","urlTemplate":"https:\/\/lospoliticosveracruz.com\/?s={search_term_string}"},"query-input":{"@type":"PropertyValueSpecification","valueRequired":true,"valueName":"search_term_string"}}],"inLanguage":"es"},{"@type":"Organization","@id":"https:\/\/lospoliticosveracruz.com\/#organization","name":"Los pol\u00edticos Veracruz","url":"https:\/\/lospoliticosveracruz.com\/","logo":{"@type":"ImageObject","inLanguage":"es","@id":"https:\/\/lospoliticosveracruz.com\/#\/schema\/logo\/image\/","url":"https:\/\/lospoliticosveracruz.com\/wp-content\/uploads\/2025\/12\/Logo-Nuevo-LOS-POLITICOS-1.jpg","contentUrl":"https:\/\/lospoliticosveracruz.com\/wp-content\/uploads\/2025\/12\/Logo-Nuevo-LOS-POLITICOS-1.jpg","width":260,"height":70,"caption":"Los pol\u00edticos Veracruz"},"image":{"@id":"https:\/\/lospoliticosveracruz.com\/#\/schema\/logo\/image\/"},"sameAs":["https:\/\/www.facebook.com\/people\/Notimemes-de-los-Polticos\/61565672886568\/","https:\/\/x.com\/LosPoliticosVer"]},{"@type":"Person","@id":"https:\/\/lospoliticosveracruz.com\/#\/schema\/person\/b8702bb0e538456e6efd07080bf2a4a2","name":"Lo viste en Los Pol\u00edticos","image":{"@type":"ImageObject","inLanguage":"es","@id":"https:\/\/secure.gravatar.com\/avatar\/3a8de04a2656d44082be478bd6c086daa447c4651605818287b9532d3d0bd435?s=96&d=mm&r=g","url":"https:\/\/secure.gravatar.com\/avatar\/3a8de04a2656d44082be478bd6c086daa447c4651605818287b9532d3d0bd435?s=96&d=mm&r=g","contentUrl":"https:\/\/secure.gravatar.com\/avatar\/3a8de04a2656d44082be478bd6c086daa447c4651605818287b9532d3d0bd435?s=96&d=mm&r=g","caption":"Lo viste en Los Pol\u00edticos"},"url":"https:\/\/lospoliticosveracruz.com\/?author=2"}]}},"_links":{"self":[{"href":"https:\/\/lospoliticosveracruz.com\/index.php?rest_route=\/wp\/v2\/posts\/108996","targetHints":{"allow":["GET"]}}],"collection":[{"href":"https:\/\/lospoliticosveracruz.com\/index.php?rest_route=\/wp\/v2\/posts"}],"about":[{"href":"https:\/\/lospoliticosveracruz.com\/index.php?rest_route=\/wp\/v2\/types\/post"}],"author":[{"embeddable":true,"href":"https:\/\/lospoliticosveracruz.com\/index.php?rest_route=\/wp\/v2\/users\/2"}],"replies":[{"embeddable":true,"href":"https:\/\/lospoliticosveracruz.com\/index.php?rest_route=%2Fwp%2Fv2%2Fcomments&post=108996"}],"version-history":[{"count":1,"href":"https:\/\/lospoliticosveracruz.com\/index.php?rest_route=\/wp\/v2\/posts\/108996\/revisions"}],"predecessor-version":[{"id":108997,"href":"https:\/\/lospoliticosveracruz.com\/index.php?rest_route=\/wp\/v2\/posts\/108996\/revisions\/108997"}],"wp:attachment":[{"href":"https:\/\/lospoliticosveracruz.com\/index.php?rest_route=%2Fwp%2Fv2%2Fmedia&parent=108996"}],"wp:term":[{"taxonomy":"category","embeddable":true,"href":"https:\/\/lospoliticosveracruz.com\/index.php?rest_route=%2Fwp%2Fv2%2Fcategories&post=108996"},{"taxonomy":"post_tag","embeddable":true,"href":"https:\/\/lospoliticosveracruz.com\/index.php?rest_route=%2Fwp%2Fv2%2Ftags&post=108996"}],"curies":[{"name":"wp","href":"https:\/\/api.w.org\/{rel}","templated":true}]}}