{"id":109058,"date":"2023-07-24T08:50:00","date_gmt":"2023-07-24T13:50:00","guid":{"rendered":"https:\/\/lospoliticosveracruz.com.mx\/?p=109058"},"modified":"2023-07-24T08:41:32","modified_gmt":"2023-07-24T13:41:32","slug":"mc-va-solo","status":"publish","type":"post","link":"https:\/\/lospoliticosveracruz.com\/?p=109058","title":{"rendered":"MC VA SOLO"},"content":{"rendered":"\n<p><strong>Omar Z\u00fa\u00f1iga<br><\/strong><em>De Primera Mano<\/em><\/p>\n\n\n\n<p>Pues nada\u2026, la sesi\u00f3n ordinaria del Consejo Pol\u00edtico Nacional de Movimiento Ciudadano se realiz\u00f3 en tiempo y forma el viernes 14 de julio en la Ciudad de M\u00e9xico.<br>Ah\u00ed hubo cosas importantes y toma de decisiones, basadas en un estudio estad\u00edstico importante realizado en todo el pa\u00eds.<\/p>\n\n\n<div class=\"wp-block-image\">\n<figure class=\"alignleft size-medium\"><a href=\"https:\/\/lospoliticosveracruz.com.mx\/wp-content\/uploads\/2021\/10\/WhatsApp-Image-2021-10-02-at-15.20.25.jpeg\"><img loading=\"lazy\" decoding=\"async\" width=\"212\" height=\"300\" src=\"https:\/\/lospoliticosveracruz.com.mx\/wp-content\/uploads\/2021\/10\/WhatsApp-Image-2021-10-02-at-15.20.25-212x300.jpeg\" alt=\"\" class=\"wp-image-80177\" srcset=\"https:\/\/lospoliticosveracruz.com\/wp-content\/uploads\/2021\/10\/WhatsApp-Image-2021-10-02-at-15.20.25-212x300.jpeg 212w, https:\/\/lospoliticosveracruz.com\/wp-content\/uploads\/2021\/10\/WhatsApp-Image-2021-10-02-at-15.20.25-724x1024.jpeg 724w, https:\/\/lospoliticosveracruz.com\/wp-content\/uploads\/2021\/10\/WhatsApp-Image-2021-10-02-at-15.20.25-768x1086.jpeg 768w, https:\/\/lospoliticosveracruz.com\/wp-content\/uploads\/2021\/10\/WhatsApp-Image-2021-10-02-at-15.20.25.jpeg 905w\" sizes=\"auto, (max-width: 212px) 100vw, 212px\" \/><\/a><\/figure>\n<\/div>\n\n\n<p><br>El peor ciego es aquel que no quiere ver y regularmente, los partidos y pol\u00edticos en general, toman decisiones con base en encuestas mandadas a hacer como un traje a la medida\u2026, craso error, pues no se toman decisiones basadas en la realidad, sino en una verdad alterna que s\u00f3lo ellos viven.<br>Por eso son importantes los estudios que no mienten, aquellos que no endulzan el o\u00eddo.<br>Resulta que el despacho que trabaj\u00f3 para los naranjas arroj\u00f3 varios datos importantes, muchos de hecho.<br>Por ejemplo, que el principal enemigo de nuestro pa\u00eds es la corrupci\u00f3n y a la par estamos nosotros mismos, as\u00ed como lo lee, somos nuestros propios enemigos, pero uno de los peores tambi\u00e9n es el PRI y que quede claro que no lo digo yo, sino la encuesta presentada.<br>En este mismo rubro aparece en menor medida el narcotr\u00e1fico, sin embargo resultaron desagregadas las posibles respuestas que engloban este flagelo nacional: adem\u00e1s de narco, aparecen delincuencia, inseguridad y crimen organizado, en ese orden, pues as\u00ed fue respondida la pregunta.<br>El partido de mayor rechazo result\u00f3 el PRI con un promedio nacional cercano al 60 por ciento.<br>El top nacional de rechazo lo tiene Veracruz con un 72 por ciento y parad\u00f3jicamente el menor porcentaje lo tiene en Guanajuato, donde no es gobierno desde hace muchos sexenios.<br>En Veracruz, el PAN tiene 58 por ciento de rechazo y \u00a1sorpresa!, Morena s\u00f3lo el 8 por ciento; a nivel nacional es el que menores negativos tiene, y como la encuesta fue pagada por MC, podr\u00eda pensarse que eran los naranjas, pero naranjas\u2026<br>La muestra fue de 15 mil 600 casos, encuestados casa por casa y en focus group, donde se incluyeron varios careos que incluyeron a Marcelo, Claudia y Ad\u00e1n por Morena frente a X\u00f3chitl, Creel, Beatriz y De la Madrid por la Alianza, incluidos Dante, Colosio y Samuel por MC, en todos los casos gana Morena, con cualquier candidato, con un marcador por goleada.<br>La pelea es por el segundo puesto en los que MC y la Alianza salen en empate t\u00e9cnico, arriba o abajo, pero empate al fin.<br>Nadie hace esfuerzos verdaderos por juntarlos, mucho menos el presidente nacional priista, Alejandro Amlito Moreno, que s\u00f3lo ve por lo suyo; por ejemplo, en Nuevo Le\u00f3n, existe una par\u00e1lisis legislativa, pues el partido en el gobierno (MC) no tiene mayor\u00eda y priistas y panistas nom\u00e1s no se ponen de acuerdo para apoyarle, es parte de la queja, s\u00f3lo una parte.<br>La campa\u00f1a naranja en redes sociales est\u00e1 muy activa y s\u00ed, con base en la informaci\u00f3n disponible, todo pinta a que MC ir\u00e1 solo, con candidato propio.<br>De hecho el CPN ya marc\u00f3 en el calendario el 29 de septiembre como fecha para la publicaci\u00f3n de su convocatoria y el 5 de diciembre, en la segunda sesi\u00f3n ordinaria del CPN, habr\u00e1 candidato, como de hecho ya lo hab\u00edan establecido.<br>Otro asunto importante es que competir\u00e1n con candidatos propios en las nueve gubernaturas que estar\u00e1n en disputa en 2024.<br>La moneda sigue en el aire y aunque la posibilidad de una alianza completa de la oposici\u00f3n a\u00fan est\u00e1 vigente las puertas se van cerrando y muy pronto la pelota estar\u00e1 en la cancha de la alianza, a ver si se decantan por apoyar al naranja, en un intento por restarle fuerza al eventual candidato de Morena.<\/p>\n\n\n\n<hr class=\"wp-block-separator has-alpha-channel-opacity\"\/>\n\n\n\n<p>Ac\u00e1 en la aldea, y ante la inamovilidad de las dirigencias de los partidos para promover el registro digital y que se pueda votar para elegir al candidato com\u00fan, las consejeras nacionales de Acci\u00f3n Nacional Mayra Cort\u00e9s y Cristina P\u00e9rez Silva salieron a dar la cara y anunciaron que cada s\u00e1bado, se instalar\u00e1 un m\u00f3dulo en Plaza Lerdo de Xalapa para que los ciudadanos puedan ser orientados y completar su registro para poder votar por el candidato com\u00fan.<br>Esta iniciativa viene como una propuesta ciudadana, aunque ellas no desconocen ni niegan su origen pol\u00edtico, pero destacan que lo importante es cerrar filas y trabajar, y si nadie lo hace (Federico Salom\u00f3n del PAN; Marlon Ram\u00edrez del PRI y mucho menos Sergio Cadena del PRD), pues ellas s\u00ed, y les vali\u00f3 madre que llegaran elementos de Seguridad P\u00fablica estatal, ellas instalaron el m\u00f3dulo y empezaron con la asesor\u00eda.<br>El m\u00f3dulo denominado \u201cREGISTROT\u00d3N\u201d estar\u00e1 disponible todos los s\u00e1bados de 10:00 a 16:00 horas, hasta el 20 de agosto.<\/p>\n\n\n\n<hr class=\"wp-block-separator has-alpha-channel-opacity\"\/>\n\n\n\n<p>Quien tambi\u00e9n est\u00e1 con todo es Janneth Saucedo, presidenta estatal de Morena Progresista, quien con parte de su estructura se puso el mismo s\u00e1bado a \u201cvolantear\u201d, para promover a Marcelo Ebrard como el eventual candidato presidencial de Morena, frente a Palacio de Gobierno, en plena avenida Enr\u00edquez de Xalapa.<\/p>\n\n\n\n<p>\u00a1Qu\u00e9 barbaridad!<br>deprimera.mano2020@gmial.com<\/p>\n","protected":false},"excerpt":{"rendered":"<p>Omar Z\u00fa\u00f1igaDe Primera Mano Pues nada\u2026, la sesi\u00f3n ordinaria del Consejo Pol\u00edtico Nacional de Movimiento Ciudadano se realiz\u00f3 en tiempo y forma el viernes 14 de julio en la Ciudad de M\u00e9xico.Ah\u00ed hubo cosas importantes y toma de decisiones, basadas en un estudio estad\u00edstico importante realizado en todo el pa\u00eds. El peor ciego es aquel [&hellip;]<\/p>\n","protected":false},"author":2,"featured_media":0,"comment_status":"closed","ping_status":"closed","sticky":false,"template":"","format":"standard","meta":{"tdm_status":"","tdm_grid_status":"","footnotes":""},"categories":[70],"tags":[6915,31556,37297,14703,1706,29820,6443,1026,38771,2327,38770,15095],"class_list":{"0":"post-109058","1":"post","2":"type-post","3":"status-publish","4":"format-standard","6":"category-de-opinion","7":"tag-cristina-perez-silva","8":"tag-federico-salomon","9":"tag-janneth-saucedo","10":"tag-marcelo-ebrard","11":"tag-marlon-ramirez","12":"tag-mayra-cortes","13":"tag-mc","14":"tag-morena","15":"tag-morena-progresista","16":"tag-movimiento-ciudadano","17":"tag-registroton","18":"tag-sergio-cadena"},"yoast_head":"<!-- This site is optimized with the Yoast SEO plugin v27.4 - https:\/\/yoast.com\/product\/yoast-seo-wordpress\/ -->\n<title>MC VA SOLO - Los pol\u00edticos Veracruz<\/title>\n<meta name=\"robots\" content=\"index, follow, max-snippet:-1, max-image-preview:large, max-video-preview:-1\" \/>\n<link rel=\"canonical\" href=\"https:\/\/lospoliticosveracruz.com\/?p=109058\" \/>\n<meta property=\"og:locale\" content=\"es_ES\" \/>\n<meta property=\"og:type\" content=\"article\" \/>\n<meta property=\"og:title\" content=\"MC VA SOLO - Los pol\u00edticos Veracruz\" \/>\n<meta property=\"og:description\" content=\"Omar Z\u00fa\u00f1igaDe Primera Mano Pues nada\u2026, la sesi\u00f3n ordinaria del Consejo Pol\u00edtico Nacional de Movimiento Ciudadano se realiz\u00f3 en tiempo y forma el viernes 14 de julio en la Ciudad de M\u00e9xico.Ah\u00ed hubo cosas importantes y toma de decisiones, basadas en un estudio estad\u00edstico importante realizado en todo el pa\u00eds. El peor ciego es aquel [&hellip;]\" \/>\n<meta property=\"og:url\" content=\"https:\/\/lospoliticosveracruz.com\/?p=109058\" \/>\n<meta property=\"og:site_name\" content=\"Los pol\u00edticos Veracruz\" \/>\n<meta property=\"article:publisher\" content=\"https:\/\/www.facebook.com\/people\/Notimemes-de-los-Polticos\/61565672886568\/\" \/>\n<meta property=\"article:published_time\" content=\"2023-07-24T13:50:00+00:00\" \/>\n<meta property=\"og:image\" content=\"https:\/\/lospoliticosveracruz.com.mx\/wp-content\/uploads\/2021\/10\/WhatsApp-Image-2021-10-02-at-15.20.25-212x300.jpeg\" \/>\n<meta name=\"author\" content=\"Lo viste en Los Pol\u00edticos\" \/>\n<meta name=\"twitter:card\" content=\"summary_large_image\" \/>\n<meta name=\"twitter:creator\" content=\"@LosPoliticosVer\" \/>\n<meta name=\"twitter:site\" content=\"@LosPoliticosVer\" \/>\n<meta name=\"twitter:label1\" content=\"Escrito por\" \/>\n\t<meta name=\"twitter:data1\" content=\"Lo viste en Los Pol\u00edticos\" \/>\n\t<meta name=\"twitter:label2\" content=\"Tiempo de lectura\" \/>\n\t<meta name=\"twitter:data2\" content=\"4 minutos\" \/>\n<script type=\"application\/ld+json\" class=\"yoast-schema-graph\">{\"@context\":\"https:\\\/\\\/schema.org\",\"@graph\":[{\"@type\":\"Article\",\"@id\":\"https:\\\/\\\/lospoliticosveracruz.com\\\/?p=109058#article\",\"isPartOf\":{\"@id\":\"https:\\\/\\\/lospoliticosveracruz.com\\\/?p=109058\"},\"author\":{\"name\":\"Lo viste en Los Pol\u00edticos\",\"@id\":\"https:\\\/\\\/lospoliticosveracruz.com\\\/#\\\/schema\\\/person\\\/b8702bb0e538456e6efd07080bf2a4a2\"},\"headline\":\"MC VA SOLO\",\"datePublished\":\"2023-07-24T13:50:00+00:00\",\"mainEntityOfPage\":{\"@id\":\"https:\\\/\\\/lospoliticosveracruz.com\\\/?p=109058\"},\"wordCount\":872,\"publisher\":{\"@id\":\"https:\\\/\\\/lospoliticosveracruz.com\\\/#organization\"},\"image\":{\"@id\":\"https:\\\/\\\/lospoliticosveracruz.com\\\/?p=109058#primaryimage\"},\"thumbnailUrl\":\"https:\\\/\\\/lospoliticosveracruz.com.mx\\\/wp-content\\\/uploads\\\/2021\\\/10\\\/WhatsApp-Image-2021-10-02-at-15.20.25-212x300.jpeg\",\"keywords\":[\"Cristina P\u00e9rez Silva\",\"Federico Salom\u00f3n\",\"Janneth Saucedo\",\"Marcelo Ebrard\",\"Marlon Ram\u00edrez\",\"Mayra Cort\u00e9s\",\"MC\",\"Morena\",\"Morena Progresista\",\"Movimiento Ciudadano\",\"REGISTROT\u00d3N\",\"Sergio Cadena\"],\"articleSection\":[\"De Opini\u00f3n\"],\"inLanguage\":\"es\"},{\"@type\":\"WebPage\",\"@id\":\"https:\\\/\\\/lospoliticosveracruz.com\\\/?p=109058\",\"url\":\"https:\\\/\\\/lospoliticosveracruz.com\\\/?p=109058\",\"name\":\"MC VA SOLO - Los pol\u00edticos Veracruz\",\"isPartOf\":{\"@id\":\"https:\\\/\\\/lospoliticosveracruz.com\\\/#website\"},\"primaryImageOfPage\":{\"@id\":\"https:\\\/\\\/lospoliticosveracruz.com\\\/?p=109058#primaryimage\"},\"image\":{\"@id\":\"https:\\\/\\\/lospoliticosveracruz.com\\\/?p=109058#primaryimage\"},\"thumbnailUrl\":\"https:\\\/\\\/lospoliticosveracruz.com.mx\\\/wp-content\\\/uploads\\\/2021\\\/10\\\/WhatsApp-Image-2021-10-02-at-15.20.25-212x300.jpeg\",\"datePublished\":\"2023-07-24T13:50:00+00:00\",\"breadcrumb\":{\"@id\":\"https:\\\/\\\/lospoliticosveracruz.com\\\/?p=109058#breadcrumb\"},\"inLanguage\":\"es\",\"potentialAction\":[{\"@type\":\"ReadAction\",\"target\":[\"https:\\\/\\\/lospoliticosveracruz.com\\\/?p=109058\"]}]},{\"@type\":\"ImageObject\",\"inLanguage\":\"es\",\"@id\":\"https:\\\/\\\/lospoliticosveracruz.com\\\/?p=109058#primaryimage\",\"url\":\"https:\\\/\\\/lospoliticosveracruz.com.mx\\\/wp-content\\\/uploads\\\/2021\\\/10\\\/WhatsApp-Image-2021-10-02-at-15.20.25-212x300.jpeg\",\"contentUrl\":\"https:\\\/\\\/lospoliticosveracruz.com.mx\\\/wp-content\\\/uploads\\\/2021\\\/10\\\/WhatsApp-Image-2021-10-02-at-15.20.25-212x300.jpeg\"},{\"@type\":\"BreadcrumbList\",\"@id\":\"https:\\\/\\\/lospoliticosveracruz.com\\\/?p=109058#breadcrumb\",\"itemListElement\":[{\"@type\":\"ListItem\",\"position\":1,\"name\":\"Portada\",\"item\":\"https:\\\/\\\/lospoliticosveracruz.com\\\/\"},{\"@type\":\"ListItem\",\"position\":2,\"name\":\"MC VA SOLO\"}]},{\"@type\":\"WebSite\",\"@id\":\"https:\\\/\\\/lospoliticosveracruz.com\\\/#website\",\"url\":\"https:\\\/\\\/lospoliticosveracruz.com\\\/\",\"name\":\"Los pol\u00edticos Veracruz\",\"description\":\"\",\"publisher\":{\"@id\":\"https:\\\/\\\/lospoliticosveracruz.com\\\/#organization\"},\"potentialAction\":[{\"@type\":\"SearchAction\",\"target\":{\"@type\":\"EntryPoint\",\"urlTemplate\":\"https:\\\/\\\/lospoliticosveracruz.com\\\/?s={search_term_string}\"},\"query-input\":{\"@type\":\"PropertyValueSpecification\",\"valueRequired\":true,\"valueName\":\"search_term_string\"}}],\"inLanguage\":\"es\"},{\"@type\":\"Organization\",\"@id\":\"https:\\\/\\\/lospoliticosveracruz.com\\\/#organization\",\"name\":\"Los pol\u00edticos Veracruz\",\"url\":\"https:\\\/\\\/lospoliticosveracruz.com\\\/\",\"logo\":{\"@type\":\"ImageObject\",\"inLanguage\":\"es\",\"@id\":\"https:\\\/\\\/lospoliticosveracruz.com\\\/#\\\/schema\\\/logo\\\/image\\\/\",\"url\":\"https:\\\/\\\/lospoliticosveracruz.com\\\/wp-content\\\/uploads\\\/2025\\\/12\\\/Logo-Nuevo-LOS-POLITICOS-1.jpg\",\"contentUrl\":\"https:\\\/\\\/lospoliticosveracruz.com\\\/wp-content\\\/uploads\\\/2025\\\/12\\\/Logo-Nuevo-LOS-POLITICOS-1.jpg\",\"width\":260,\"height\":70,\"caption\":\"Los pol\u00edticos Veracruz\"},\"image\":{\"@id\":\"https:\\\/\\\/lospoliticosveracruz.com\\\/#\\\/schema\\\/logo\\\/image\\\/\"},\"sameAs\":[\"https:\\\/\\\/www.facebook.com\\\/people\\\/Notimemes-de-los-Polticos\\\/61565672886568\\\/\",\"https:\\\/\\\/x.com\\\/LosPoliticosVer\"]},{\"@type\":\"Person\",\"@id\":\"https:\\\/\\\/lospoliticosveracruz.com\\\/#\\\/schema\\\/person\\\/b8702bb0e538456e6efd07080bf2a4a2\",\"name\":\"Lo viste en Los Pol\u00edticos\",\"image\":{\"@type\":\"ImageObject\",\"inLanguage\":\"es\",\"@id\":\"https:\\\/\\\/secure.gravatar.com\\\/avatar\\\/3a8de04a2656d44082be478bd6c086daa447c4651605818287b9532d3d0bd435?s=96&d=mm&r=g\",\"url\":\"https:\\\/\\\/secure.gravatar.com\\\/avatar\\\/3a8de04a2656d44082be478bd6c086daa447c4651605818287b9532d3d0bd435?s=96&d=mm&r=g\",\"contentUrl\":\"https:\\\/\\\/secure.gravatar.com\\\/avatar\\\/3a8de04a2656d44082be478bd6c086daa447c4651605818287b9532d3d0bd435?s=96&d=mm&r=g\",\"caption\":\"Lo viste en Los Pol\u00edticos\"},\"url\":\"https:\\\/\\\/lospoliticosveracruz.com\\\/?author=2\"}]}<\/script>\n<!-- \/ Yoast SEO plugin. -->","yoast_head_json":{"title":"MC VA SOLO - Los pol\u00edticos Veracruz","robots":{"index":"index","follow":"follow","max-snippet":"max-snippet:-1","max-image-preview":"max-image-preview:large","max-video-preview":"max-video-preview:-1"},"canonical":"https:\/\/lospoliticosveracruz.com\/?p=109058","og_locale":"es_ES","og_type":"article","og_title":"MC VA SOLO - Los pol\u00edticos Veracruz","og_description":"Omar Z\u00fa\u00f1igaDe Primera Mano Pues nada\u2026, la sesi\u00f3n ordinaria del Consejo Pol\u00edtico Nacional de Movimiento Ciudadano se realiz\u00f3 en tiempo y forma el viernes 14 de julio en la Ciudad de M\u00e9xico.Ah\u00ed hubo cosas importantes y toma de decisiones, basadas en un estudio estad\u00edstico importante realizado en todo el pa\u00eds. El peor ciego es aquel [&hellip;]","og_url":"https:\/\/lospoliticosveracruz.com\/?p=109058","og_site_name":"Los pol\u00edticos Veracruz","article_publisher":"https:\/\/www.facebook.com\/people\/Notimemes-de-los-Polticos\/61565672886568\/","article_published_time":"2023-07-24T13:50:00+00:00","og_image":[{"url":"https:\/\/lospoliticosveracruz.com.mx\/wp-content\/uploads\/2021\/10\/WhatsApp-Image-2021-10-02-at-15.20.25-212x300.jpeg","type":"","width":"","height":""}],"author":"Lo viste en Los Pol\u00edticos","twitter_card":"summary_large_image","twitter_creator":"@LosPoliticosVer","twitter_site":"@LosPoliticosVer","twitter_misc":{"Escrito por":"Lo viste en Los Pol\u00edticos","Tiempo de lectura":"4 minutos"},"schema":{"@context":"https:\/\/schema.org","@graph":[{"@type":"Article","@id":"https:\/\/lospoliticosveracruz.com\/?p=109058#article","isPartOf":{"@id":"https:\/\/lospoliticosveracruz.com\/?p=109058"},"author":{"name":"Lo viste en Los Pol\u00edticos","@id":"https:\/\/lospoliticosveracruz.com\/#\/schema\/person\/b8702bb0e538456e6efd07080bf2a4a2"},"headline":"MC VA SOLO","datePublished":"2023-07-24T13:50:00+00:00","mainEntityOfPage":{"@id":"https:\/\/lospoliticosveracruz.com\/?p=109058"},"wordCount":872,"publisher":{"@id":"https:\/\/lospoliticosveracruz.com\/#organization"},"image":{"@id":"https:\/\/lospoliticosveracruz.com\/?p=109058#primaryimage"},"thumbnailUrl":"https:\/\/lospoliticosveracruz.com.mx\/wp-content\/uploads\/2021\/10\/WhatsApp-Image-2021-10-02-at-15.20.25-212x300.jpeg","keywords":["Cristina P\u00e9rez Silva","Federico Salom\u00f3n","Janneth Saucedo","Marcelo Ebrard","Marlon Ram\u00edrez","Mayra Cort\u00e9s","MC","Morena","Morena Progresista","Movimiento Ciudadano","REGISTROT\u00d3N","Sergio Cadena"],"articleSection":["De Opini\u00f3n"],"inLanguage":"es"},{"@type":"WebPage","@id":"https:\/\/lospoliticosveracruz.com\/?p=109058","url":"https:\/\/lospoliticosveracruz.com\/?p=109058","name":"MC VA SOLO - Los pol\u00edticos Veracruz","isPartOf":{"@id":"https:\/\/lospoliticosveracruz.com\/#website"},"primaryImageOfPage":{"@id":"https:\/\/lospoliticosveracruz.com\/?p=109058#primaryimage"},"image":{"@id":"https:\/\/lospoliticosveracruz.com\/?p=109058#primaryimage"},"thumbnailUrl":"https:\/\/lospoliticosveracruz.com.mx\/wp-content\/uploads\/2021\/10\/WhatsApp-Image-2021-10-02-at-15.20.25-212x300.jpeg","datePublished":"2023-07-24T13:50:00+00:00","breadcrumb":{"@id":"https:\/\/lospoliticosveracruz.com\/?p=109058#breadcrumb"},"inLanguage":"es","potentialAction":[{"@type":"ReadAction","target":["https:\/\/lospoliticosveracruz.com\/?p=109058"]}]},{"@type":"ImageObject","inLanguage":"es","@id":"https:\/\/lospoliticosveracruz.com\/?p=109058#primaryimage","url":"https:\/\/lospoliticosveracruz.com.mx\/wp-content\/uploads\/2021\/10\/WhatsApp-Image-2021-10-02-at-15.20.25-212x300.jpeg","contentUrl":"https:\/\/lospoliticosveracruz.com.mx\/wp-content\/uploads\/2021\/10\/WhatsApp-Image-2021-10-02-at-15.20.25-212x300.jpeg"},{"@type":"BreadcrumbList","@id":"https:\/\/lospoliticosveracruz.com\/?p=109058#breadcrumb","itemListElement":[{"@type":"ListItem","position":1,"name":"Portada","item":"https:\/\/lospoliticosveracruz.com\/"},{"@type":"ListItem","position":2,"name":"MC VA SOLO"}]},{"@type":"WebSite","@id":"https:\/\/lospoliticosveracruz.com\/#website","url":"https:\/\/lospoliticosveracruz.com\/","name":"Los pol\u00edticos Veracruz","description":"","publisher":{"@id":"https:\/\/lospoliticosveracruz.com\/#organization"},"potentialAction":[{"@type":"SearchAction","target":{"@type":"EntryPoint","urlTemplate":"https:\/\/lospoliticosveracruz.com\/?s={search_term_string}"},"query-input":{"@type":"PropertyValueSpecification","valueRequired":true,"valueName":"search_term_string"}}],"inLanguage":"es"},{"@type":"Organization","@id":"https:\/\/lospoliticosveracruz.com\/#organization","name":"Los pol\u00edticos Veracruz","url":"https:\/\/lospoliticosveracruz.com\/","logo":{"@type":"ImageObject","inLanguage":"es","@id":"https:\/\/lospoliticosveracruz.com\/#\/schema\/logo\/image\/","url":"https:\/\/lospoliticosveracruz.com\/wp-content\/uploads\/2025\/12\/Logo-Nuevo-LOS-POLITICOS-1.jpg","contentUrl":"https:\/\/lospoliticosveracruz.com\/wp-content\/uploads\/2025\/12\/Logo-Nuevo-LOS-POLITICOS-1.jpg","width":260,"height":70,"caption":"Los pol\u00edticos Veracruz"},"image":{"@id":"https:\/\/lospoliticosveracruz.com\/#\/schema\/logo\/image\/"},"sameAs":["https:\/\/www.facebook.com\/people\/Notimemes-de-los-Polticos\/61565672886568\/","https:\/\/x.com\/LosPoliticosVer"]},{"@type":"Person","@id":"https:\/\/lospoliticosveracruz.com\/#\/schema\/person\/b8702bb0e538456e6efd07080bf2a4a2","name":"Lo viste en Los Pol\u00edticos","image":{"@type":"ImageObject","inLanguage":"es","@id":"https:\/\/secure.gravatar.com\/avatar\/3a8de04a2656d44082be478bd6c086daa447c4651605818287b9532d3d0bd435?s=96&d=mm&r=g","url":"https:\/\/secure.gravatar.com\/avatar\/3a8de04a2656d44082be478bd6c086daa447c4651605818287b9532d3d0bd435?s=96&d=mm&r=g","contentUrl":"https:\/\/secure.gravatar.com\/avatar\/3a8de04a2656d44082be478bd6c086daa447c4651605818287b9532d3d0bd435?s=96&d=mm&r=g","caption":"Lo viste en Los Pol\u00edticos"},"url":"https:\/\/lospoliticosveracruz.com\/?author=2"}]}},"_links":{"self":[{"href":"https:\/\/lospoliticosveracruz.com\/index.php?rest_route=\/wp\/v2\/posts\/109058","targetHints":{"allow":["GET"]}}],"collection":[{"href":"https:\/\/lospoliticosveracruz.com\/index.php?rest_route=\/wp\/v2\/posts"}],"about":[{"href":"https:\/\/lospoliticosveracruz.com\/index.php?rest_route=\/wp\/v2\/types\/post"}],"author":[{"embeddable":true,"href":"https:\/\/lospoliticosveracruz.com\/index.php?rest_route=\/wp\/v2\/users\/2"}],"replies":[{"embeddable":true,"href":"https:\/\/lospoliticosveracruz.com\/index.php?rest_route=%2Fwp%2Fv2%2Fcomments&post=109058"}],"version-history":[{"count":1,"href":"https:\/\/lospoliticosveracruz.com\/index.php?rest_route=\/wp\/v2\/posts\/109058\/revisions"}],"predecessor-version":[{"id":109059,"href":"https:\/\/lospoliticosveracruz.com\/index.php?rest_route=\/wp\/v2\/posts\/109058\/revisions\/109059"}],"wp:attachment":[{"href":"https:\/\/lospoliticosveracruz.com\/index.php?rest_route=%2Fwp%2Fv2%2Fmedia&parent=109058"}],"wp:term":[{"taxonomy":"category","embeddable":true,"href":"https:\/\/lospoliticosveracruz.com\/index.php?rest_route=%2Fwp%2Fv2%2Fcategories&post=109058"},{"taxonomy":"post_tag","embeddable":true,"href":"https:\/\/lospoliticosveracruz.com\/index.php?rest_route=%2Fwp%2Fv2%2Ftags&post=109058"}],"curies":[{"name":"wp","href":"https:\/\/api.w.org\/{rel}","templated":true}]}}