{"id":109069,"date":"2023-07-24T10:56:38","date_gmt":"2023-07-24T15:56:38","guid":{"rendered":"https:\/\/lospoliticosveracruz.com.mx\/?p=109069"},"modified":"2023-07-24T10:56:42","modified_gmt":"2023-07-24T15:56:42","slug":"el-destape-de-jose-manuel-del-rio","status":"publish","type":"post","link":"https:\/\/lospoliticosveracruz.com\/?p=109069","title":{"rendered":"EL DESTAPE DE JOS\u00c9 MANUEL DEL R\u00cdO"},"content":{"rendered":"\n<p><strong>Luis Alberto Romero<br><\/strong><em>Hora Cero<\/em><\/p>\n\n\n\n<p>Al parecer, no ser\u00e1n dos, sino tres los nombres en las boletas electorales de 2024 en la contienda por la gubernatura de Veracruz; este s\u00e1bado, el secretario t\u00e9cnico de la Junta de Coordinaci\u00f3n Pol\u00edtica en el Senado, Jos\u00e9 Manuel del R\u00edo Virgen, se destap\u00f3 por Movimiento Ciudadano.<\/p>\n\n\n<div class=\"wp-block-image\">\n<figure class=\"alignleft size-full is-resized\"><a href=\"https:\/\/lospoliticosveracruz.com.mx\/wp-content\/uploads\/2023\/02\/Vinissimo.jpg\"><img loading=\"lazy\" decoding=\"async\" src=\"https:\/\/lospoliticosveracruz.com.mx\/wp-content\/uploads\/2023\/02\/Vinissimo.jpg\" alt=\"\" class=\"wp-image-102752\" width=\"175\" height=\"178\"\/><\/a><\/figure>\n<\/div>\n\n\n<p>Del R\u00edo Virgen no ser\u00eda un mal candidato al Gobierno de Veracruz: dos veces ha sido diputado federal y encabez\u00f3 el Ayuntamiento de Tecolutla; pero m\u00e1s all\u00e1 de los cargos, se trata de un pol\u00edtico con un discurso bien articulado.<\/p>\n\n\n\n<p>Dice que no le obsesiona la candidatura; y que si surge otro perfil con m\u00e1s probabilidades de \u00e9xito, m\u00e1s atractivo para el electorado, sin problema se har\u00eda a un lado.<\/p>\n\n\n\n<p>Bastaron unas l\u00edneas en sus redes sociales para que se le encartara en la contienda de 2024: \u201cEstamos listos. Un nuevo Veracruz viene en camino\u201d, apunt\u00f3.<\/p>\n\n\n\n<p>V\u00eda telef\u00f3nica, Jos\u00e9 Manuel del R\u00edo habla de sus motivaciones; advierte que la entidad no soporta m\u00e1s el uso de la procuraci\u00f3n de justicia para perseguir a los adversarios del gobierno estatal; que Veracruz enfrenta problemas y que el Ejecutivo ha sido incapaz de resolverlos; enlista: alt\u00edsimos niveles pobreza; un desempleo cada vez mayor y m\u00e1s preocupante; crecientes niveles de inseguridad y violencia; lamentables servicios de salud.<\/p>\n\n\n\n<p>Apunta que todos esos problemas se complican con la ineficiencia y la marcada incapacidad de las oficinas gubernamentales.<\/p>\n\n\n\n<p>El aspirante de MC se asume como v\u00edctima de la persecuci\u00f3n del gobierno estatal, que le llev\u00f3 a pisar la c\u00e1rcel de Pacho Viejo desde diciembre de 2021 hasta julio de 2022, cuando recobr\u00f3 su libertad luego de que un juez dictara auto de no vinculaci\u00f3n a proceso; esa experiencia y esa bandera ser\u00e1n claves en su discurso rumbo a 2024.<\/p>\n\n\n\n<p>En ese marco, los temas que con seguridad incluir\u00e1 en sus discursos, mensajes y entrevistas ser\u00e1n la lucha contra la persecuci\u00f3n de los adversarios pol\u00edticos y el encarcelamiento de inocentes; as\u00ed como la falta de resultados en materia de combate a la delincuencia.<\/p>\n\n\n\n<p>Las c\u00e1rceles veracruzanas, afirma, est\u00e1n llenas de personas inocentes; y los verdaderos delincuentes y generadores de violencia se pasean libres.<\/p>\n\n\n\n<p>No s\u00f3lo eso; se\u00f1ala que los veracruzanos no deben permitir que en la sucesi\u00f3n se imponga un perfil que \u201cni siquiera es veracruzano\u201d.<\/p>\n\n\n\n<p>\u2013 \u00bfPodemos descartar la posibilidad de una alianza opositora entre MC, PAN, PRI y PRD?<\/p>\n\n\n\n<p>\u2013 En este momento, hay muy pocas probabilidades de que se concrete; aunque debemos esperar lo que determine el Consejo Nacional.<\/p>\n\n\n\n<p>\u2013 El Consejo determinar\u00e1 lo que diga Dante. Es la voz m\u00e1s influyente del partido.<\/p>\n\n\n\n<p>\u2013 Es nuestro fundador y nuestro l\u00edder.<\/p>\n\n\n\n<p>\u2013 \u00bfEst\u00e1 definida la candidatura?<\/p>\n\n\n\n<p>\u2013 No, pero hemos dado un primer paso; si surge una candidatura ciudadana que cause entusiasmo y aumente las probabilidades, nos haremos a un lado y la impulsaremos.<\/p>\n\n\n\n<p>Jos\u00e9 Manuel del R\u00edo ser\u00e1 un aspirante a seguir y un personaje inc\u00f3modo para el actual gobierno veracruzano; de ser postulado, se convertir\u00e1 en una puya para el grupo en el poder.<\/p>\n\n\n\n<p>@luisromero85<\/p>\n","protected":false},"excerpt":{"rendered":"<p>Luis Alberto RomeroHora Cero Al parecer, no ser\u00e1n dos, sino tres los nombres en las boletas electorales de 2024 en la contienda por la gubernatura de Veracruz; este s\u00e1bado, el secretario t\u00e9cnico de la Junta de Coordinaci\u00f3n Pol\u00edtica en el Senado, Jos\u00e9 Manuel del R\u00edo Virgen, se destap\u00f3 por Movimiento Ciudadano. Del R\u00edo Virgen no [&hellip;]<\/p>\n","protected":false},"author":2,"featured_media":0,"comment_status":"closed","ping_status":"closed","sticky":false,"template":"","format":"standard","meta":{"tdm_status":"","tdm_grid_status":"","footnotes":""},"categories":[70],"tags":[7909,2669,2327],"class_list":{"0":"post-109069","1":"post","2":"type-post","3":"status-publish","4":"format-standard","6":"category-de-opinion","7":"tag-jose-manuel-del-rio-virgen","8":"tag-luis-alberto-romero","9":"tag-movimiento-ciudadano"},"yoast_head":"<!-- This site is optimized with the Yoast SEO plugin v27.4 - https:\/\/yoast.com\/product\/yoast-seo-wordpress\/ -->\n<title>EL DESTAPE DE JOS\u00c9 MANUEL DEL R\u00cdO - Los pol\u00edticos Veracruz<\/title>\n<meta name=\"robots\" content=\"index, follow, max-snippet:-1, max-image-preview:large, max-video-preview:-1\" \/>\n<link rel=\"canonical\" href=\"https:\/\/lospoliticosveracruz.com\/?p=109069\" \/>\n<meta property=\"og:locale\" content=\"es_ES\" \/>\n<meta property=\"og:type\" content=\"article\" \/>\n<meta property=\"og:title\" content=\"EL DESTAPE DE JOS\u00c9 MANUEL DEL R\u00cdO - Los pol\u00edticos Veracruz\" \/>\n<meta property=\"og:description\" content=\"Luis Alberto RomeroHora Cero Al parecer, no ser\u00e1n dos, sino tres los nombres en las boletas electorales de 2024 en la contienda por la gubernatura de Veracruz; este s\u00e1bado, el secretario t\u00e9cnico de la Junta de Coordinaci\u00f3n Pol\u00edtica en el Senado, Jos\u00e9 Manuel del R\u00edo Virgen, se destap\u00f3 por Movimiento Ciudadano. Del R\u00edo Virgen no [&hellip;]\" \/>\n<meta property=\"og:url\" content=\"https:\/\/lospoliticosveracruz.com\/?p=109069\" \/>\n<meta property=\"og:site_name\" content=\"Los pol\u00edticos Veracruz\" \/>\n<meta property=\"article:publisher\" content=\"https:\/\/www.facebook.com\/people\/Notimemes-de-los-Polticos\/61565672886568\/\" \/>\n<meta property=\"article:published_time\" content=\"2023-07-24T15:56:38+00:00\" \/>\n<meta property=\"article:modified_time\" content=\"2023-07-24T15:56:42+00:00\" \/>\n<meta property=\"og:image\" content=\"https:\/\/lospoliticosveracruz.com.mx\/wp-content\/uploads\/2023\/02\/Vinissimo.jpg\" \/>\n<meta name=\"author\" content=\"Lo viste en Los Pol\u00edticos\" \/>\n<meta name=\"twitter:card\" content=\"summary_large_image\" \/>\n<meta name=\"twitter:creator\" content=\"@LosPoliticosVer\" \/>\n<meta name=\"twitter:site\" content=\"@LosPoliticosVer\" \/>\n<meta name=\"twitter:label1\" content=\"Escrito por\" \/>\n\t<meta name=\"twitter:data1\" content=\"Lo viste en Los Pol\u00edticos\" \/>\n\t<meta name=\"twitter:label2\" content=\"Tiempo de lectura\" \/>\n\t<meta name=\"twitter:data2\" content=\"3 minutos\" \/>\n<script type=\"application\/ld+json\" class=\"yoast-schema-graph\">{\"@context\":\"https:\\\/\\\/schema.org\",\"@graph\":[{\"@type\":\"Article\",\"@id\":\"https:\\\/\\\/lospoliticosveracruz.com\\\/?p=109069#article\",\"isPartOf\":{\"@id\":\"https:\\\/\\\/lospoliticosveracruz.com\\\/?p=109069\"},\"author\":{\"name\":\"Lo viste en Los Pol\u00edticos\",\"@id\":\"https:\\\/\\\/lospoliticosveracruz.com\\\/#\\\/schema\\\/person\\\/b8702bb0e538456e6efd07080bf2a4a2\"},\"headline\":\"EL DESTAPE DE JOS\u00c9 MANUEL DEL R\u00cdO\",\"datePublished\":\"2023-07-24T15:56:38+00:00\",\"dateModified\":\"2023-07-24T15:56:42+00:00\",\"mainEntityOfPage\":{\"@id\":\"https:\\\/\\\/lospoliticosveracruz.com\\\/?p=109069\"},\"wordCount\":539,\"publisher\":{\"@id\":\"https:\\\/\\\/lospoliticosveracruz.com\\\/#organization\"},\"image\":{\"@id\":\"https:\\\/\\\/lospoliticosveracruz.com\\\/?p=109069#primaryimage\"},\"thumbnailUrl\":\"https:\\\/\\\/lospoliticosveracruz.com.mx\\\/wp-content\\\/uploads\\\/2023\\\/02\\\/Vinissimo.jpg\",\"keywords\":[\"Jos\u00e9 Manuel del R\u00edo Virgen\",\"Luis Alberto Romero\",\"Movimiento Ciudadano\"],\"articleSection\":[\"De Opini\u00f3n\"],\"inLanguage\":\"es\"},{\"@type\":\"WebPage\",\"@id\":\"https:\\\/\\\/lospoliticosveracruz.com\\\/?p=109069\",\"url\":\"https:\\\/\\\/lospoliticosveracruz.com\\\/?p=109069\",\"name\":\"EL DESTAPE DE JOS\u00c9 MANUEL DEL R\u00cdO - Los pol\u00edticos Veracruz\",\"isPartOf\":{\"@id\":\"https:\\\/\\\/lospoliticosveracruz.com\\\/#website\"},\"primaryImageOfPage\":{\"@id\":\"https:\\\/\\\/lospoliticosveracruz.com\\\/?p=109069#primaryimage\"},\"image\":{\"@id\":\"https:\\\/\\\/lospoliticosveracruz.com\\\/?p=109069#primaryimage\"},\"thumbnailUrl\":\"https:\\\/\\\/lospoliticosveracruz.com.mx\\\/wp-content\\\/uploads\\\/2023\\\/02\\\/Vinissimo.jpg\",\"datePublished\":\"2023-07-24T15:56:38+00:00\",\"dateModified\":\"2023-07-24T15:56:42+00:00\",\"breadcrumb\":{\"@id\":\"https:\\\/\\\/lospoliticosveracruz.com\\\/?p=109069#breadcrumb\"},\"inLanguage\":\"es\",\"potentialAction\":[{\"@type\":\"ReadAction\",\"target\":[\"https:\\\/\\\/lospoliticosveracruz.com\\\/?p=109069\"]}]},{\"@type\":\"ImageObject\",\"inLanguage\":\"es\",\"@id\":\"https:\\\/\\\/lospoliticosveracruz.com\\\/?p=109069#primaryimage\",\"url\":\"https:\\\/\\\/lospoliticosveracruz.com.mx\\\/wp-content\\\/uploads\\\/2023\\\/02\\\/Vinissimo.jpg\",\"contentUrl\":\"https:\\\/\\\/lospoliticosveracruz.com.mx\\\/wp-content\\\/uploads\\\/2023\\\/02\\\/Vinissimo.jpg\"},{\"@type\":\"BreadcrumbList\",\"@id\":\"https:\\\/\\\/lospoliticosveracruz.com\\\/?p=109069#breadcrumb\",\"itemListElement\":[{\"@type\":\"ListItem\",\"position\":1,\"name\":\"Portada\",\"item\":\"https:\\\/\\\/lospoliticosveracruz.com\\\/\"},{\"@type\":\"ListItem\",\"position\":2,\"name\":\"EL DESTAPE DE JOS\u00c9 MANUEL DEL R\u00cdO\"}]},{\"@type\":\"WebSite\",\"@id\":\"https:\\\/\\\/lospoliticosveracruz.com\\\/#website\",\"url\":\"https:\\\/\\\/lospoliticosveracruz.com\\\/\",\"name\":\"Los pol\u00edticos Veracruz\",\"description\":\"\",\"publisher\":{\"@id\":\"https:\\\/\\\/lospoliticosveracruz.com\\\/#organization\"},\"potentialAction\":[{\"@type\":\"SearchAction\",\"target\":{\"@type\":\"EntryPoint\",\"urlTemplate\":\"https:\\\/\\\/lospoliticosveracruz.com\\\/?s={search_term_string}\"},\"query-input\":{\"@type\":\"PropertyValueSpecification\",\"valueRequired\":true,\"valueName\":\"search_term_string\"}}],\"inLanguage\":\"es\"},{\"@type\":\"Organization\",\"@id\":\"https:\\\/\\\/lospoliticosveracruz.com\\\/#organization\",\"name\":\"Los pol\u00edticos Veracruz\",\"url\":\"https:\\\/\\\/lospoliticosveracruz.com\\\/\",\"logo\":{\"@type\":\"ImageObject\",\"inLanguage\":\"es\",\"@id\":\"https:\\\/\\\/lospoliticosveracruz.com\\\/#\\\/schema\\\/logo\\\/image\\\/\",\"url\":\"https:\\\/\\\/lospoliticosveracruz.com\\\/wp-content\\\/uploads\\\/2025\\\/12\\\/Logo-Nuevo-LOS-POLITICOS-1.jpg\",\"contentUrl\":\"https:\\\/\\\/lospoliticosveracruz.com\\\/wp-content\\\/uploads\\\/2025\\\/12\\\/Logo-Nuevo-LOS-POLITICOS-1.jpg\",\"width\":260,\"height\":70,\"caption\":\"Los pol\u00edticos Veracruz\"},\"image\":{\"@id\":\"https:\\\/\\\/lospoliticosveracruz.com\\\/#\\\/schema\\\/logo\\\/image\\\/\"},\"sameAs\":[\"https:\\\/\\\/www.facebook.com\\\/people\\\/Notimemes-de-los-Polticos\\\/61565672886568\\\/\",\"https:\\\/\\\/x.com\\\/LosPoliticosVer\"]},{\"@type\":\"Person\",\"@id\":\"https:\\\/\\\/lospoliticosveracruz.com\\\/#\\\/schema\\\/person\\\/b8702bb0e538456e6efd07080bf2a4a2\",\"name\":\"Lo viste en Los Pol\u00edticos\",\"image\":{\"@type\":\"ImageObject\",\"inLanguage\":\"es\",\"@id\":\"https:\\\/\\\/secure.gravatar.com\\\/avatar\\\/3a8de04a2656d44082be478bd6c086daa447c4651605818287b9532d3d0bd435?s=96&d=mm&r=g\",\"url\":\"https:\\\/\\\/secure.gravatar.com\\\/avatar\\\/3a8de04a2656d44082be478bd6c086daa447c4651605818287b9532d3d0bd435?s=96&d=mm&r=g\",\"contentUrl\":\"https:\\\/\\\/secure.gravatar.com\\\/avatar\\\/3a8de04a2656d44082be478bd6c086daa447c4651605818287b9532d3d0bd435?s=96&d=mm&r=g\",\"caption\":\"Lo viste en Los Pol\u00edticos\"},\"url\":\"https:\\\/\\\/lospoliticosveracruz.com\\\/?author=2\"}]}<\/script>\n<!-- \/ Yoast SEO plugin. -->","yoast_head_json":{"title":"EL DESTAPE DE JOS\u00c9 MANUEL DEL R\u00cdO - Los pol\u00edticos Veracruz","robots":{"index":"index","follow":"follow","max-snippet":"max-snippet:-1","max-image-preview":"max-image-preview:large","max-video-preview":"max-video-preview:-1"},"canonical":"https:\/\/lospoliticosveracruz.com\/?p=109069","og_locale":"es_ES","og_type":"article","og_title":"EL DESTAPE DE JOS\u00c9 MANUEL DEL R\u00cdO - Los pol\u00edticos Veracruz","og_description":"Luis Alberto RomeroHora Cero Al parecer, no ser\u00e1n dos, sino tres los nombres en las boletas electorales de 2024 en la contienda por la gubernatura de Veracruz; este s\u00e1bado, el secretario t\u00e9cnico de la Junta de Coordinaci\u00f3n Pol\u00edtica en el Senado, Jos\u00e9 Manuel del R\u00edo Virgen, se destap\u00f3 por Movimiento Ciudadano. Del R\u00edo Virgen no [&hellip;]","og_url":"https:\/\/lospoliticosveracruz.com\/?p=109069","og_site_name":"Los pol\u00edticos Veracruz","article_publisher":"https:\/\/www.facebook.com\/people\/Notimemes-de-los-Polticos\/61565672886568\/","article_published_time":"2023-07-24T15:56:38+00:00","article_modified_time":"2023-07-24T15:56:42+00:00","og_image":[{"url":"https:\/\/lospoliticosveracruz.com.mx\/wp-content\/uploads\/2023\/02\/Vinissimo.jpg","type":"","width":"","height":""}],"author":"Lo viste en Los Pol\u00edticos","twitter_card":"summary_large_image","twitter_creator":"@LosPoliticosVer","twitter_site":"@LosPoliticosVer","twitter_misc":{"Escrito por":"Lo viste en Los Pol\u00edticos","Tiempo de lectura":"3 minutos"},"schema":{"@context":"https:\/\/schema.org","@graph":[{"@type":"Article","@id":"https:\/\/lospoliticosveracruz.com\/?p=109069#article","isPartOf":{"@id":"https:\/\/lospoliticosveracruz.com\/?p=109069"},"author":{"name":"Lo viste en Los Pol\u00edticos","@id":"https:\/\/lospoliticosveracruz.com\/#\/schema\/person\/b8702bb0e538456e6efd07080bf2a4a2"},"headline":"EL DESTAPE DE JOS\u00c9 MANUEL DEL R\u00cdO","datePublished":"2023-07-24T15:56:38+00:00","dateModified":"2023-07-24T15:56:42+00:00","mainEntityOfPage":{"@id":"https:\/\/lospoliticosveracruz.com\/?p=109069"},"wordCount":539,"publisher":{"@id":"https:\/\/lospoliticosveracruz.com\/#organization"},"image":{"@id":"https:\/\/lospoliticosveracruz.com\/?p=109069#primaryimage"},"thumbnailUrl":"https:\/\/lospoliticosveracruz.com.mx\/wp-content\/uploads\/2023\/02\/Vinissimo.jpg","keywords":["Jos\u00e9 Manuel del R\u00edo Virgen","Luis Alberto Romero","Movimiento Ciudadano"],"articleSection":["De Opini\u00f3n"],"inLanguage":"es"},{"@type":"WebPage","@id":"https:\/\/lospoliticosveracruz.com\/?p=109069","url":"https:\/\/lospoliticosveracruz.com\/?p=109069","name":"EL DESTAPE DE JOS\u00c9 MANUEL DEL R\u00cdO - Los pol\u00edticos Veracruz","isPartOf":{"@id":"https:\/\/lospoliticosveracruz.com\/#website"},"primaryImageOfPage":{"@id":"https:\/\/lospoliticosveracruz.com\/?p=109069#primaryimage"},"image":{"@id":"https:\/\/lospoliticosveracruz.com\/?p=109069#primaryimage"},"thumbnailUrl":"https:\/\/lospoliticosveracruz.com.mx\/wp-content\/uploads\/2023\/02\/Vinissimo.jpg","datePublished":"2023-07-24T15:56:38+00:00","dateModified":"2023-07-24T15:56:42+00:00","breadcrumb":{"@id":"https:\/\/lospoliticosveracruz.com\/?p=109069#breadcrumb"},"inLanguage":"es","potentialAction":[{"@type":"ReadAction","target":["https:\/\/lospoliticosveracruz.com\/?p=109069"]}]},{"@type":"ImageObject","inLanguage":"es","@id":"https:\/\/lospoliticosveracruz.com\/?p=109069#primaryimage","url":"https:\/\/lospoliticosveracruz.com.mx\/wp-content\/uploads\/2023\/02\/Vinissimo.jpg","contentUrl":"https:\/\/lospoliticosveracruz.com.mx\/wp-content\/uploads\/2023\/02\/Vinissimo.jpg"},{"@type":"BreadcrumbList","@id":"https:\/\/lospoliticosveracruz.com\/?p=109069#breadcrumb","itemListElement":[{"@type":"ListItem","position":1,"name":"Portada","item":"https:\/\/lospoliticosveracruz.com\/"},{"@type":"ListItem","position":2,"name":"EL DESTAPE DE JOS\u00c9 MANUEL DEL R\u00cdO"}]},{"@type":"WebSite","@id":"https:\/\/lospoliticosveracruz.com\/#website","url":"https:\/\/lospoliticosveracruz.com\/","name":"Los pol\u00edticos Veracruz","description":"","publisher":{"@id":"https:\/\/lospoliticosveracruz.com\/#organization"},"potentialAction":[{"@type":"SearchAction","target":{"@type":"EntryPoint","urlTemplate":"https:\/\/lospoliticosveracruz.com\/?s={search_term_string}"},"query-input":{"@type":"PropertyValueSpecification","valueRequired":true,"valueName":"search_term_string"}}],"inLanguage":"es"},{"@type":"Organization","@id":"https:\/\/lospoliticosveracruz.com\/#organization","name":"Los pol\u00edticos Veracruz","url":"https:\/\/lospoliticosveracruz.com\/","logo":{"@type":"ImageObject","inLanguage":"es","@id":"https:\/\/lospoliticosveracruz.com\/#\/schema\/logo\/image\/","url":"https:\/\/lospoliticosveracruz.com\/wp-content\/uploads\/2025\/12\/Logo-Nuevo-LOS-POLITICOS-1.jpg","contentUrl":"https:\/\/lospoliticosveracruz.com\/wp-content\/uploads\/2025\/12\/Logo-Nuevo-LOS-POLITICOS-1.jpg","width":260,"height":70,"caption":"Los pol\u00edticos Veracruz"},"image":{"@id":"https:\/\/lospoliticosveracruz.com\/#\/schema\/logo\/image\/"},"sameAs":["https:\/\/www.facebook.com\/people\/Notimemes-de-los-Polticos\/61565672886568\/","https:\/\/x.com\/LosPoliticosVer"]},{"@type":"Person","@id":"https:\/\/lospoliticosveracruz.com\/#\/schema\/person\/b8702bb0e538456e6efd07080bf2a4a2","name":"Lo viste en Los Pol\u00edticos","image":{"@type":"ImageObject","inLanguage":"es","@id":"https:\/\/secure.gravatar.com\/avatar\/3a8de04a2656d44082be478bd6c086daa447c4651605818287b9532d3d0bd435?s=96&d=mm&r=g","url":"https:\/\/secure.gravatar.com\/avatar\/3a8de04a2656d44082be478bd6c086daa447c4651605818287b9532d3d0bd435?s=96&d=mm&r=g","contentUrl":"https:\/\/secure.gravatar.com\/avatar\/3a8de04a2656d44082be478bd6c086daa447c4651605818287b9532d3d0bd435?s=96&d=mm&r=g","caption":"Lo viste en Los Pol\u00edticos"},"url":"https:\/\/lospoliticosveracruz.com\/?author=2"}]}},"_links":{"self":[{"href":"https:\/\/lospoliticosveracruz.com\/index.php?rest_route=\/wp\/v2\/posts\/109069","targetHints":{"allow":["GET"]}}],"collection":[{"href":"https:\/\/lospoliticosveracruz.com\/index.php?rest_route=\/wp\/v2\/posts"}],"about":[{"href":"https:\/\/lospoliticosveracruz.com\/index.php?rest_route=\/wp\/v2\/types\/post"}],"author":[{"embeddable":true,"href":"https:\/\/lospoliticosveracruz.com\/index.php?rest_route=\/wp\/v2\/users\/2"}],"replies":[{"embeddable":true,"href":"https:\/\/lospoliticosveracruz.com\/index.php?rest_route=%2Fwp%2Fv2%2Fcomments&post=109069"}],"version-history":[{"count":1,"href":"https:\/\/lospoliticosveracruz.com\/index.php?rest_route=\/wp\/v2\/posts\/109069\/revisions"}],"predecessor-version":[{"id":109070,"href":"https:\/\/lospoliticosveracruz.com\/index.php?rest_route=\/wp\/v2\/posts\/109069\/revisions\/109070"}],"wp:attachment":[{"href":"https:\/\/lospoliticosveracruz.com\/index.php?rest_route=%2Fwp%2Fv2%2Fmedia&parent=109069"}],"wp:term":[{"taxonomy":"category","embeddable":true,"href":"https:\/\/lospoliticosveracruz.com\/index.php?rest_route=%2Fwp%2Fv2%2Fcategories&post=109069"},{"taxonomy":"post_tag","embeddable":true,"href":"https:\/\/lospoliticosveracruz.com\/index.php?rest_route=%2Fwp%2Fv2%2Ftags&post=109069"}],"curies":[{"name":"wp","href":"https:\/\/api.w.org\/{rel}","templated":true}]}}