{"id":109096,"date":"2023-07-24T14:38:14","date_gmt":"2023-07-24T19:38:14","guid":{"rendered":"https:\/\/lospoliticosveracruz.com.mx\/?p=109096"},"modified":"2023-07-24T14:38:20","modified_gmt":"2023-07-24T19:38:20","slug":"el-mexico-en-que-vivimos","status":"publish","type":"post","link":"https:\/\/lospoliticosveracruz.com\/?p=109096","title":{"rendered":"EL M\u00c9XICO EN QUE VIVIMOS\u00a0"},"content":{"rendered":"\n<p><strong>Miguel \u00c1ngel G\u00f3mez Ruiz<\/strong><\/p>\n\n\n\n<p><em>Contrapunto<\/em><\/p>\n\n\n\n<p><\/p>\n\n\n\n<p>Hoy, vivir en M\u00e9xico se ha convertido en un riesgo. S\u00ed, aunque haya algunos entusiastas que quieran \u201cquedar bien\u201d vivir aqu\u00ed no es siquiera una aventura, es una cuesti\u00f3n de horror.<\/p>\n\n\n<div class=\"wp-block-image\">\n<figure class=\"alignleft size-full is-resized\"><a href=\"https:\/\/lospoliticosveracruz.com.mx\/wp-content\/uploads\/2023\/02\/Vinissimo.jpg\"><img loading=\"lazy\" decoding=\"async\" src=\"https:\/\/lospoliticosveracruz.com.mx\/wp-content\/uploads\/2023\/02\/Vinissimo.jpg\" alt=\"\" class=\"wp-image-102752\" width=\"175\" height=\"178\"\/><\/a><\/figure>\n<\/div>\n\n\n<p>Tan s\u00f3lo el fin de semana hubo m\u00e1s de 250 muertos. Van alrededor de 160 mil en este sexenio y la responsabilidad es de este gobierno. Los asesinatos, las desapariciones, los secuestros, los enfrentamientos, los robos y extorsiones son frecuentes y muy comunes en un pa\u00eds como el nuestro en el que la justicia pareciera no existir.<\/p>\n\n\n\n<p>A eso hay que agregarle que en la mayor\u00eda de los hospitales p\u00fablicos la atenci\u00f3n m\u00e9dica sigue siendo deficiente y peor a\u00fan, si usted logra conseguir una receta tener los medicamentos asignados es un aut\u00e9ntico milagro o bien, tiene que comprarlos por fuera.<\/p>\n\n\n\n<p>La educaci\u00f3n es otro problema. Muchos estudiantes se quedan sin oportunidad de ingresar a universidades p\u00fablicas y tienen muy pocas opciones de seguir estudiando a menos que logren ingresar a una universidad privada en la que tendr\u00e1n que pagar una mensualidad al menos por 40 meses, digamos a un precio intermedio, como 4 mil pesos mensuales, lo que nos da a unos 160 mil pesos tan s\u00f3lo en pago de colegiaturas, sin contar con las inscripciones y el material que utilizar\u00e1n durante ese tiempo. Ah, y no olvidemos que la titulaci\u00f3n cuesta, quiz\u00e1 de 20 mil pesos hacia arriba. Los estados poco ofrecen a los estudiantes y las universidades del Bienestar son una mala broma. As\u00ed.<\/p>\n\n\n\n<p>Vemos demasiado dinero en obras lujosas y que no tienen un futuro promisorio, como el Tren Maya, que ser\u00e1 poco utilizado por los mexicanos y que ha tenido un costo demasiado alto. Mucho dinero, poca efectividad, decenas de miles de \u00e1rboles cortados cuya venta de madera fue a las cuentas de personas que desconocemos, pero que est\u00e1n disfrutando de ese dinero, sin duda.<\/p>\n\n\n\n<p>Una refiner\u00eda en Tabasco que hasta hoy, es un fracaso. Ya fue inaugurada desde hace tiempo y no ha refinado nada. Podr\u00e1n traer pipas de Deer Park o de otras partes del pa\u00eds para simular que refina pero ni eso ha pasado, lo que representa que hasta el momento eso sea un fracaso. Adem\u00e1s, cada que cae un aguacero, se inunda terriblemente y ante eso poco o nada se ha hecho al respecto.<\/p>\n\n\n\n<p>Peor a\u00fan, el tema del aeropuerto internacional \u201cFelipe \u00c1ngeles\u201d que pasan los d\u00edas y que no tiene gente y la poca que asiste es acarreada de otros lugares para simular que hay actividad. Es m\u00e1s, la actividad que reporta en un mes es cubierta en unas pocas horas en un solo d\u00eda por el Aeropuerto Internacional de la Ciudad de M\u00e9xico. Eso s\u00ed, el aeropuerto se hizo famoso por una se\u00f1ora que vend\u00eda \u201ctlayudas\u201d y otro tanto por una exposici\u00f3n de ropa de tianguis.<\/p>\n\n\n\n<p>En fin, del resto poco o nada se puede hablar. Algunos estados reportan crecimiento debido a su actividad en la que poco o nada tiene qu\u00e9 ver el gobierno federal. Un caso excepcional es Quer\u00e9taro, que ha sido un estado con crecimiento sostenido o bien, Yucat\u00e1n, que es de los m\u00e1s seguros y mejor gobernados en el pa\u00eds. Habr\u00eda que agregar a Nuevo Le\u00f3n, Jalisco y Coahuila y quiz\u00e1, Aguascalientes.<\/p>\n\n\n\n<p>En un caso contrario, bien podemos se\u00f1alar que los estados m\u00e1s pobres del pa\u00eds son Chiapas, Michoac\u00e1n, Veracruz, Guerrero y Oaxaca. \u00bfQu\u00e9 tienen en com\u00fan tales estados? Que los cinco son gobernados por Morena. As\u00ed de f\u00e1cil.<\/p>\n\n\n\n<p>Y aun as\u00ed, hay gente que parece estar contenta. Seg\u00fan porque antes hab\u00eda corrupci\u00f3n. \u00bfY ahora no? Seguramente creen que lo que pas\u00f3 con Segalmex fue un chiste y que 9 mil millones de pesos sin aclarar no es nada. La mala administraci\u00f3n de Alejandro Gertz Manero no parece importarles. Como tampoco parece importarles que Petr\u00f3leos Mexicanos (Pemex) siga y siga reportando p\u00e9rdidas. Que en los libros de texto se incluya de manera grotesca una promoci\u00f3n de la 4T y que gobernadores, diputados locales y federales, senadores, funcionarios, alcaldes y dem\u00e1s, obedezcan ciegamente a L\u00f3pez Obrador, porque ni siquiera es a un reglamento, es a \u00e9l, con todo y que se equivoca a diario.<\/p>\n\n\n\n<p>Pero M\u00e9xico va m\u00e1s all\u00e1 con todo y los propagandistas de la supuesta transformaci\u00f3n. Vivimos en un pa\u00eds en el que tenemos derecho a trabajar en donde querramos, a estudiar y no dejar de hacerlo, a competir por mejores lugares y puestos. A ganar el mayor dinero posible. A tener la mejor atenci\u00f3n m\u00e9dica y a que nuestra familia est\u00e9 bien atendida en todo sentido.<\/p>\n\n\n\n<p>Por eso es que hay que seguir haciendo las cosas lo mejor posible. La buena noticia es que en alg\u00fan momento ellos se ir\u00e1n, quiz\u00e1 ahora o despu\u00e9s, pero se ir\u00e1n. Eso es lo bueno.<\/p>\n\n\n\n<p>PD Ya debe haber terminado la fiesta de \u201cMar\u00eda Magdalena\u201d en Xico que es, quiz\u00e1, la fiesta m\u00e1s llamativa de la regi\u00f3n. No por lo religioso, eso olv\u00eddelo. Las calles y cantinas siempre est\u00e1n llenas y con gente, invitados y visitantes tomando a diestra y siniestra, pero la iglesia casi siempre est\u00e1 vac\u00eda. Lo curioso es que el viernes y s\u00e1bado pasados, hubo un evento ciclista que organiz\u00f3 alguien y que autoriz\u00f3 alguien m\u00e1s. Lo que provoc\u00f3 \u2013por muchas horas- el cierre de la carretera Xalapa-Coatepec, paso obligado hacia Xico. Ello provoc\u00f3 molestia en la poblaci\u00f3n y a la vez, en los organizadores de la fiesta porque nunca hab\u00eda ocurrido. El llamado es a la autoridad para que se organice mejor y no se obstaculice un evento tradicional como el de Xico, por un evento ciclista que fue, intrascendente.<\/p>\n","protected":false},"excerpt":{"rendered":"<p>Miguel \u00c1ngel G\u00f3mez Ruiz Contrapunto Hoy, vivir en M\u00e9xico se ha convertido en un riesgo. S\u00ed, aunque haya algunos entusiastas que quieran \u201cquedar bien\u201d vivir aqu\u00ed no es siquiera una aventura, es una cuesti\u00f3n de horror. Tan s\u00f3lo el fin de semana hubo m\u00e1s de 250 muertos. Van alrededor de 160 mil en este sexenio [&hellip;]<\/p>\n","protected":false},"author":2,"featured_media":0,"comment_status":"closed","ping_status":"closed","sticky":false,"template":"","format":"standard","meta":{"tdm_status":"","tdm_grid_status":"","footnotes":""},"categories":[70],"tags":[618,28370,1026,23869],"class_list":{"0":"post-109096","1":"post","2":"type-post","3":"status-publish","4":"format-standard","6":"category-de-opinion","7":"tag-andres-manuel-lopez-obrador","8":"tag-miguel-angel-gomez-ruiz","9":"tag-morena","10":"tag-segalmex"},"yoast_head":"<!-- This site is optimized with the Yoast SEO plugin v27.4 - https:\/\/yoast.com\/product\/yoast-seo-wordpress\/ -->\n<title>EL M\u00c9XICO EN QUE VIVIMOS\u00a0 - Los pol\u00edticos Veracruz<\/title>\n<meta name=\"robots\" content=\"index, follow, max-snippet:-1, max-image-preview:large, max-video-preview:-1\" \/>\n<link rel=\"canonical\" href=\"https:\/\/lospoliticosveracruz.com\/?p=109096\" \/>\n<meta property=\"og:locale\" content=\"es_ES\" \/>\n<meta property=\"og:type\" content=\"article\" \/>\n<meta property=\"og:title\" content=\"EL M\u00c9XICO EN QUE VIVIMOS\u00a0 - Los pol\u00edticos Veracruz\" \/>\n<meta property=\"og:description\" content=\"Miguel \u00c1ngel G\u00f3mez Ruiz Contrapunto Hoy, vivir en M\u00e9xico se ha convertido en un riesgo. S\u00ed, aunque haya algunos entusiastas que quieran \u201cquedar bien\u201d vivir aqu\u00ed no es siquiera una aventura, es una cuesti\u00f3n de horror. Tan s\u00f3lo el fin de semana hubo m\u00e1s de 250 muertos. Van alrededor de 160 mil en este sexenio [&hellip;]\" \/>\n<meta property=\"og:url\" content=\"https:\/\/lospoliticosveracruz.com\/?p=109096\" \/>\n<meta property=\"og:site_name\" content=\"Los pol\u00edticos Veracruz\" \/>\n<meta property=\"article:publisher\" content=\"https:\/\/www.facebook.com\/people\/Notimemes-de-los-Polticos\/61565672886568\/\" \/>\n<meta property=\"article:published_time\" content=\"2023-07-24T19:38:14+00:00\" \/>\n<meta property=\"article:modified_time\" content=\"2023-07-24T19:38:20+00:00\" \/>\n<meta property=\"og:image\" content=\"https:\/\/lospoliticosveracruz.com.mx\/wp-content\/uploads\/2023\/02\/Vinissimo.jpg\" \/>\n<meta name=\"author\" content=\"Lo viste en Los Pol\u00edticos\" \/>\n<meta name=\"twitter:card\" content=\"summary_large_image\" \/>\n<meta name=\"twitter:creator\" content=\"@LosPoliticosVer\" \/>\n<meta name=\"twitter:site\" content=\"@LosPoliticosVer\" \/>\n<meta name=\"twitter:label1\" content=\"Escrito por\" \/>\n\t<meta name=\"twitter:data1\" content=\"Lo viste en Los Pol\u00edticos\" \/>\n\t<meta name=\"twitter:label2\" content=\"Tiempo de lectura\" \/>\n\t<meta name=\"twitter:data2\" content=\"5 minutos\" \/>\n<script type=\"application\/ld+json\" class=\"yoast-schema-graph\">{\"@context\":\"https:\\\/\\\/schema.org\",\"@graph\":[{\"@type\":\"Article\",\"@id\":\"https:\\\/\\\/lospoliticosveracruz.com\\\/?p=109096#article\",\"isPartOf\":{\"@id\":\"https:\\\/\\\/lospoliticosveracruz.com\\\/?p=109096\"},\"author\":{\"name\":\"Lo viste en Los Pol\u00edticos\",\"@id\":\"https:\\\/\\\/lospoliticosveracruz.com\\\/#\\\/schema\\\/person\\\/b8702bb0e538456e6efd07080bf2a4a2\"},\"headline\":\"EL M\u00c9XICO EN QUE VIVIMOS\u00a0\",\"datePublished\":\"2023-07-24T19:38:14+00:00\",\"dateModified\":\"2023-07-24T19:38:20+00:00\",\"mainEntityOfPage\":{\"@id\":\"https:\\\/\\\/lospoliticosveracruz.com\\\/?p=109096\"},\"wordCount\":1003,\"publisher\":{\"@id\":\"https:\\\/\\\/lospoliticosveracruz.com\\\/#organization\"},\"image\":{\"@id\":\"https:\\\/\\\/lospoliticosveracruz.com\\\/?p=109096#primaryimage\"},\"thumbnailUrl\":\"https:\\\/\\\/lospoliticosveracruz.com.mx\\\/wp-content\\\/uploads\\\/2023\\\/02\\\/Vinissimo.jpg\",\"keywords\":[\"Andr\u00e9s Manuel L\u00f3pez Obrador\",\"Miguel \u00c1ngel G\u00f3mez Ruiz\",\"Morena\",\"SEGALMEX\"],\"articleSection\":[\"De Opini\u00f3n\"],\"inLanguage\":\"es\"},{\"@type\":\"WebPage\",\"@id\":\"https:\\\/\\\/lospoliticosveracruz.com\\\/?p=109096\",\"url\":\"https:\\\/\\\/lospoliticosveracruz.com\\\/?p=109096\",\"name\":\"EL M\u00c9XICO EN QUE VIVIMOS\u00a0 - Los pol\u00edticos Veracruz\",\"isPartOf\":{\"@id\":\"https:\\\/\\\/lospoliticosveracruz.com\\\/#website\"},\"primaryImageOfPage\":{\"@id\":\"https:\\\/\\\/lospoliticosveracruz.com\\\/?p=109096#primaryimage\"},\"image\":{\"@id\":\"https:\\\/\\\/lospoliticosveracruz.com\\\/?p=109096#primaryimage\"},\"thumbnailUrl\":\"https:\\\/\\\/lospoliticosveracruz.com.mx\\\/wp-content\\\/uploads\\\/2023\\\/02\\\/Vinissimo.jpg\",\"datePublished\":\"2023-07-24T19:38:14+00:00\",\"dateModified\":\"2023-07-24T19:38:20+00:00\",\"breadcrumb\":{\"@id\":\"https:\\\/\\\/lospoliticosveracruz.com\\\/?p=109096#breadcrumb\"},\"inLanguage\":\"es\",\"potentialAction\":[{\"@type\":\"ReadAction\",\"target\":[\"https:\\\/\\\/lospoliticosveracruz.com\\\/?p=109096\"]}]},{\"@type\":\"ImageObject\",\"inLanguage\":\"es\",\"@id\":\"https:\\\/\\\/lospoliticosveracruz.com\\\/?p=109096#primaryimage\",\"url\":\"https:\\\/\\\/lospoliticosveracruz.com.mx\\\/wp-content\\\/uploads\\\/2023\\\/02\\\/Vinissimo.jpg\",\"contentUrl\":\"https:\\\/\\\/lospoliticosveracruz.com.mx\\\/wp-content\\\/uploads\\\/2023\\\/02\\\/Vinissimo.jpg\"},{\"@type\":\"BreadcrumbList\",\"@id\":\"https:\\\/\\\/lospoliticosveracruz.com\\\/?p=109096#breadcrumb\",\"itemListElement\":[{\"@type\":\"ListItem\",\"position\":1,\"name\":\"Portada\",\"item\":\"https:\\\/\\\/lospoliticosveracruz.com\\\/\"},{\"@type\":\"ListItem\",\"position\":2,\"name\":\"EL M\u00c9XICO EN QUE VIVIMOS\u00a0\"}]},{\"@type\":\"WebSite\",\"@id\":\"https:\\\/\\\/lospoliticosveracruz.com\\\/#website\",\"url\":\"https:\\\/\\\/lospoliticosveracruz.com\\\/\",\"name\":\"Los pol\u00edticos Veracruz\",\"description\":\"\",\"publisher\":{\"@id\":\"https:\\\/\\\/lospoliticosveracruz.com\\\/#organization\"},\"potentialAction\":[{\"@type\":\"SearchAction\",\"target\":{\"@type\":\"EntryPoint\",\"urlTemplate\":\"https:\\\/\\\/lospoliticosveracruz.com\\\/?s={search_term_string}\"},\"query-input\":{\"@type\":\"PropertyValueSpecification\",\"valueRequired\":true,\"valueName\":\"search_term_string\"}}],\"inLanguage\":\"es\"},{\"@type\":\"Organization\",\"@id\":\"https:\\\/\\\/lospoliticosveracruz.com\\\/#organization\",\"name\":\"Los pol\u00edticos Veracruz\",\"url\":\"https:\\\/\\\/lospoliticosveracruz.com\\\/\",\"logo\":{\"@type\":\"ImageObject\",\"inLanguage\":\"es\",\"@id\":\"https:\\\/\\\/lospoliticosveracruz.com\\\/#\\\/schema\\\/logo\\\/image\\\/\",\"url\":\"https:\\\/\\\/lospoliticosveracruz.com\\\/wp-content\\\/uploads\\\/2025\\\/12\\\/Logo-Nuevo-LOS-POLITICOS-1.jpg\",\"contentUrl\":\"https:\\\/\\\/lospoliticosveracruz.com\\\/wp-content\\\/uploads\\\/2025\\\/12\\\/Logo-Nuevo-LOS-POLITICOS-1.jpg\",\"width\":260,\"height\":70,\"caption\":\"Los pol\u00edticos Veracruz\"},\"image\":{\"@id\":\"https:\\\/\\\/lospoliticosveracruz.com\\\/#\\\/schema\\\/logo\\\/image\\\/\"},\"sameAs\":[\"https:\\\/\\\/www.facebook.com\\\/people\\\/Notimemes-de-los-Polticos\\\/61565672886568\\\/\",\"https:\\\/\\\/x.com\\\/LosPoliticosVer\"]},{\"@type\":\"Person\",\"@id\":\"https:\\\/\\\/lospoliticosveracruz.com\\\/#\\\/schema\\\/person\\\/b8702bb0e538456e6efd07080bf2a4a2\",\"name\":\"Lo viste en Los Pol\u00edticos\",\"image\":{\"@type\":\"ImageObject\",\"inLanguage\":\"es\",\"@id\":\"https:\\\/\\\/secure.gravatar.com\\\/avatar\\\/3a8de04a2656d44082be478bd6c086daa447c4651605818287b9532d3d0bd435?s=96&d=mm&r=g\",\"url\":\"https:\\\/\\\/secure.gravatar.com\\\/avatar\\\/3a8de04a2656d44082be478bd6c086daa447c4651605818287b9532d3d0bd435?s=96&d=mm&r=g\",\"contentUrl\":\"https:\\\/\\\/secure.gravatar.com\\\/avatar\\\/3a8de04a2656d44082be478bd6c086daa447c4651605818287b9532d3d0bd435?s=96&d=mm&r=g\",\"caption\":\"Lo viste en Los Pol\u00edticos\"},\"url\":\"https:\\\/\\\/lospoliticosveracruz.com\\\/?author=2\"}]}<\/script>\n<!-- \/ Yoast SEO plugin. -->","yoast_head_json":{"title":"EL M\u00c9XICO EN QUE VIVIMOS\u00a0 - Los pol\u00edticos Veracruz","robots":{"index":"index","follow":"follow","max-snippet":"max-snippet:-1","max-image-preview":"max-image-preview:large","max-video-preview":"max-video-preview:-1"},"canonical":"https:\/\/lospoliticosveracruz.com\/?p=109096","og_locale":"es_ES","og_type":"article","og_title":"EL M\u00c9XICO EN QUE VIVIMOS\u00a0 - Los pol\u00edticos Veracruz","og_description":"Miguel \u00c1ngel G\u00f3mez Ruiz Contrapunto Hoy, vivir en M\u00e9xico se ha convertido en un riesgo. S\u00ed, aunque haya algunos entusiastas que quieran \u201cquedar bien\u201d vivir aqu\u00ed no es siquiera una aventura, es una cuesti\u00f3n de horror. Tan s\u00f3lo el fin de semana hubo m\u00e1s de 250 muertos. Van alrededor de 160 mil en este sexenio [&hellip;]","og_url":"https:\/\/lospoliticosveracruz.com\/?p=109096","og_site_name":"Los pol\u00edticos Veracruz","article_publisher":"https:\/\/www.facebook.com\/people\/Notimemes-de-los-Polticos\/61565672886568\/","article_published_time":"2023-07-24T19:38:14+00:00","article_modified_time":"2023-07-24T19:38:20+00:00","og_image":[{"url":"https:\/\/lospoliticosveracruz.com.mx\/wp-content\/uploads\/2023\/02\/Vinissimo.jpg","type":"","width":"","height":""}],"author":"Lo viste en Los Pol\u00edticos","twitter_card":"summary_large_image","twitter_creator":"@LosPoliticosVer","twitter_site":"@LosPoliticosVer","twitter_misc":{"Escrito por":"Lo viste en Los Pol\u00edticos","Tiempo de lectura":"5 minutos"},"schema":{"@context":"https:\/\/schema.org","@graph":[{"@type":"Article","@id":"https:\/\/lospoliticosveracruz.com\/?p=109096#article","isPartOf":{"@id":"https:\/\/lospoliticosveracruz.com\/?p=109096"},"author":{"name":"Lo viste en Los Pol\u00edticos","@id":"https:\/\/lospoliticosveracruz.com\/#\/schema\/person\/b8702bb0e538456e6efd07080bf2a4a2"},"headline":"EL M\u00c9XICO EN QUE VIVIMOS\u00a0","datePublished":"2023-07-24T19:38:14+00:00","dateModified":"2023-07-24T19:38:20+00:00","mainEntityOfPage":{"@id":"https:\/\/lospoliticosveracruz.com\/?p=109096"},"wordCount":1003,"publisher":{"@id":"https:\/\/lospoliticosveracruz.com\/#organization"},"image":{"@id":"https:\/\/lospoliticosveracruz.com\/?p=109096#primaryimage"},"thumbnailUrl":"https:\/\/lospoliticosveracruz.com.mx\/wp-content\/uploads\/2023\/02\/Vinissimo.jpg","keywords":["Andr\u00e9s Manuel L\u00f3pez Obrador","Miguel \u00c1ngel G\u00f3mez Ruiz","Morena","SEGALMEX"],"articleSection":["De Opini\u00f3n"],"inLanguage":"es"},{"@type":"WebPage","@id":"https:\/\/lospoliticosveracruz.com\/?p=109096","url":"https:\/\/lospoliticosveracruz.com\/?p=109096","name":"EL M\u00c9XICO EN QUE VIVIMOS\u00a0 - Los pol\u00edticos Veracruz","isPartOf":{"@id":"https:\/\/lospoliticosveracruz.com\/#website"},"primaryImageOfPage":{"@id":"https:\/\/lospoliticosveracruz.com\/?p=109096#primaryimage"},"image":{"@id":"https:\/\/lospoliticosveracruz.com\/?p=109096#primaryimage"},"thumbnailUrl":"https:\/\/lospoliticosveracruz.com.mx\/wp-content\/uploads\/2023\/02\/Vinissimo.jpg","datePublished":"2023-07-24T19:38:14+00:00","dateModified":"2023-07-24T19:38:20+00:00","breadcrumb":{"@id":"https:\/\/lospoliticosveracruz.com\/?p=109096#breadcrumb"},"inLanguage":"es","potentialAction":[{"@type":"ReadAction","target":["https:\/\/lospoliticosveracruz.com\/?p=109096"]}]},{"@type":"ImageObject","inLanguage":"es","@id":"https:\/\/lospoliticosveracruz.com\/?p=109096#primaryimage","url":"https:\/\/lospoliticosveracruz.com.mx\/wp-content\/uploads\/2023\/02\/Vinissimo.jpg","contentUrl":"https:\/\/lospoliticosveracruz.com.mx\/wp-content\/uploads\/2023\/02\/Vinissimo.jpg"},{"@type":"BreadcrumbList","@id":"https:\/\/lospoliticosveracruz.com\/?p=109096#breadcrumb","itemListElement":[{"@type":"ListItem","position":1,"name":"Portada","item":"https:\/\/lospoliticosveracruz.com\/"},{"@type":"ListItem","position":2,"name":"EL M\u00c9XICO EN QUE VIVIMOS\u00a0"}]},{"@type":"WebSite","@id":"https:\/\/lospoliticosveracruz.com\/#website","url":"https:\/\/lospoliticosveracruz.com\/","name":"Los pol\u00edticos Veracruz","description":"","publisher":{"@id":"https:\/\/lospoliticosveracruz.com\/#organization"},"potentialAction":[{"@type":"SearchAction","target":{"@type":"EntryPoint","urlTemplate":"https:\/\/lospoliticosveracruz.com\/?s={search_term_string}"},"query-input":{"@type":"PropertyValueSpecification","valueRequired":true,"valueName":"search_term_string"}}],"inLanguage":"es"},{"@type":"Organization","@id":"https:\/\/lospoliticosveracruz.com\/#organization","name":"Los pol\u00edticos Veracruz","url":"https:\/\/lospoliticosveracruz.com\/","logo":{"@type":"ImageObject","inLanguage":"es","@id":"https:\/\/lospoliticosveracruz.com\/#\/schema\/logo\/image\/","url":"https:\/\/lospoliticosveracruz.com\/wp-content\/uploads\/2025\/12\/Logo-Nuevo-LOS-POLITICOS-1.jpg","contentUrl":"https:\/\/lospoliticosveracruz.com\/wp-content\/uploads\/2025\/12\/Logo-Nuevo-LOS-POLITICOS-1.jpg","width":260,"height":70,"caption":"Los pol\u00edticos Veracruz"},"image":{"@id":"https:\/\/lospoliticosveracruz.com\/#\/schema\/logo\/image\/"},"sameAs":["https:\/\/www.facebook.com\/people\/Notimemes-de-los-Polticos\/61565672886568\/","https:\/\/x.com\/LosPoliticosVer"]},{"@type":"Person","@id":"https:\/\/lospoliticosveracruz.com\/#\/schema\/person\/b8702bb0e538456e6efd07080bf2a4a2","name":"Lo viste en Los Pol\u00edticos","image":{"@type":"ImageObject","inLanguage":"es","@id":"https:\/\/secure.gravatar.com\/avatar\/3a8de04a2656d44082be478bd6c086daa447c4651605818287b9532d3d0bd435?s=96&d=mm&r=g","url":"https:\/\/secure.gravatar.com\/avatar\/3a8de04a2656d44082be478bd6c086daa447c4651605818287b9532d3d0bd435?s=96&d=mm&r=g","contentUrl":"https:\/\/secure.gravatar.com\/avatar\/3a8de04a2656d44082be478bd6c086daa447c4651605818287b9532d3d0bd435?s=96&d=mm&r=g","caption":"Lo viste en Los Pol\u00edticos"},"url":"https:\/\/lospoliticosveracruz.com\/?author=2"}]}},"_links":{"self":[{"href":"https:\/\/lospoliticosveracruz.com\/index.php?rest_route=\/wp\/v2\/posts\/109096","targetHints":{"allow":["GET"]}}],"collection":[{"href":"https:\/\/lospoliticosveracruz.com\/index.php?rest_route=\/wp\/v2\/posts"}],"about":[{"href":"https:\/\/lospoliticosveracruz.com\/index.php?rest_route=\/wp\/v2\/types\/post"}],"author":[{"embeddable":true,"href":"https:\/\/lospoliticosveracruz.com\/index.php?rest_route=\/wp\/v2\/users\/2"}],"replies":[{"embeddable":true,"href":"https:\/\/lospoliticosveracruz.com\/index.php?rest_route=%2Fwp%2Fv2%2Fcomments&post=109096"}],"version-history":[{"count":1,"href":"https:\/\/lospoliticosveracruz.com\/index.php?rest_route=\/wp\/v2\/posts\/109096\/revisions"}],"predecessor-version":[{"id":109097,"href":"https:\/\/lospoliticosveracruz.com\/index.php?rest_route=\/wp\/v2\/posts\/109096\/revisions\/109097"}],"wp:attachment":[{"href":"https:\/\/lospoliticosveracruz.com\/index.php?rest_route=%2Fwp%2Fv2%2Fmedia&parent=109096"}],"wp:term":[{"taxonomy":"category","embeddable":true,"href":"https:\/\/lospoliticosveracruz.com\/index.php?rest_route=%2Fwp%2Fv2%2Fcategories&post=109096"},{"taxonomy":"post_tag","embeddable":true,"href":"https:\/\/lospoliticosveracruz.com\/index.php?rest_route=%2Fwp%2Fv2%2Ftags&post=109096"}],"curies":[{"name":"wp","href":"https:\/\/api.w.org\/{rel}","templated":true}]}}