{"id":109101,"date":"2023-07-24T19:15:13","date_gmt":"2023-07-25T00:15:13","guid":{"rendered":"https:\/\/lospoliticosveracruz.com.mx\/?p=109101"},"modified":"2023-07-24T19:21:01","modified_gmt":"2023-07-25T00:21:01","slug":"el-pirata-fuente","status":"publish","type":"post","link":"https:\/\/lospoliticosveracruz.com\/?p=109101","title":{"rendered":"EL PIRATA FUENTE"},"content":{"rendered":"\n<p><strong>Jos\u00e9 Luis Enr\u00edquez Ambell<\/strong><\/p>\n\n\n\n<p><em>Caf\u00e9 de Ma\u00f1ana<\/em><\/p>\n\n\n\n<p>Especialistas deportivos en materia del f\u00fatbol &#8211; entre amigos y consultados &#8211; aseguran y con&nbsp;&nbsp;elementos de prueba que el equipo que llegue a jugar en el EX ESTADIO LUIS PIRATA FUENTE, \u00abtiene que usar otro nombre, otro uniforme as\u00ed como, otro escudo distinto al de los Tiburones Rojos, as\u00ed de claro y simple.\u00bb<\/p>\n\n\n<div class=\"wp-block-image\">\n<figure class=\"alignleft size-medium\"><a href=\"https:\/\/lospoliticosveracruz.com.mx\/wp-content\/uploads\/2021\/10\/Zacauilt.jpg\"><img decoding=\"async\" src=\"https:\/\/lospoliticosveracruz.com.mx\/wp-content\/uploads\/2021\/10\/Zacauilt-150x300.jpg\" alt=\"\" class=\"wp-image-80558\"\/><\/a><\/figure>\n<\/div>\n\n\n<p>\u00abIncluso el estadio no est\u00e1 vetado como algunas voces lo han externado, dato confirmado en la Cdmx y con personajes del mundo directivo oficial, de estar vetada la plaza para que edificar un nuevo y costoso estadio, lo que suena l\u00f3gico, as\u00ed me lo comentaron.\u00bb<\/p>\n\n\n\n<p>El asunto est\u00e1 en medio de obra negra, juicios legales, problemas de marcas, clandestinaje de los federativos de la Femexfut y Liga MX, la b\u00fasqueda de inversionistas que se animen a traer todo lo que implica un equipo de f\u00fatbol profesional a esta plaza rentable, pero metida en l\u00edos diversos, de ah\u00ed el temor por llegar con un equipo de expansi\u00f3n o para el m\u00e1ximo circuito, de los posibles adquirientes de la inversi\u00f3n.<\/p>\n\n\n\n<p>El coloso del Fraccionamiento Virginia de Boca del R\u00edo, Veracruz,- como le dec\u00eda en sus cr\u00f3nicas deportivas Rafael Vergara Garnica,- orgullo de Cosamaloapan de Carpio, han venido dici\u00e9ndo diversos servidores p\u00fablicos del gobierno del estado que antes de final del sexenio en 2024 habr\u00e1 f\u00fatbol profesional en el estadio que se reconstruye, y m\u00e1s all\u00e1 de vestirlo del color que gusten y le llamen como decidan.&nbsp;<\/p>\n\n\n\n<p>Y adem\u00e1s, el Estadio habr\u00e1 de llamarse tambi\u00e9n de otra manera o sea, por si faltaba poco, esto se ha vuelto \u00abun gigante vuelve a la vida,\u00bb y lleva un poco de todo en esa copa por prepararse.<\/p>\n\n\n\n<p>El Estadio Luis &#8216;Pirata&#8217; Fuente de Veracruz, y que fue inaugurado en 1967 se observa estar siendo remodelado, y ver el inmueble en su paso por las avenidas que lo abrazan genera sentimientos de tristeza entre aficionados y vecinos de la zona, y mucho m\u00e1s a quienes ah\u00ed hemos dejado parte de nuestras vivencias deportivas, convivencia familiar y hasta laborales.<\/p>\n\n\n\n<p>Todo un mar de fondo en esta bronca dir\u00edan los directivos sudamericanos del f\u00fatbol que lleva a pensar que hay gato encerrado en este enredo o m\u00e1s bien, \u00abtiburones enjaulados,\u00bb es una l\u00e1stima que no haya f\u00fatbol de primera divisi\u00f3n en esta plaza rentable comercialmente en todos los negocios que lo rodean y mueven.<\/p>\n\n\n\n<p>Un experto en ingenier\u00eda y construcci\u00f3n de obras de infraestructura deportiva desde preparativos de la Copa del Mundo M\u00e9xico 1986 que pude consultar y comentar, me hizo una muy seria reflexi\u00f3n; me pregunto cu\u00e1l ser\u00eda el motivo para echarlo abajo completamente&#8230;&#8230;tan mal estaba????<\/p>\n\n\n\n<p>Creo y me parece que el estadio, equipo y f\u00fatbol en Veracruz en torno a los Tiburones Rojos, tiene m\u00e1s profundidad que el Golfo de M\u00e9xico.<\/p>\n\n\n\n<p><strong>DE SOBREMESA<\/strong>&nbsp;<\/p>\n\n\n\n<p>Tengo la impresi\u00f3n y sospecha,- visi\u00f3n que la compart\u00ed en una mesa de caf\u00e9 al final de comer con un amigo empresario,- que no dar\u00edan paso sin huarache, con la inversi\u00f3n qu\u00e9 est\u00e1n haciendo en la remodelaci\u00f3n del Estadio, pues no es de una sola persona el arriesgar tanto capital, y esto sucede cuando y porque ya tienen amarrado algo y bueno, pero ya lo sabremos.<\/p>\n\n\n\n<p><strong>UN CAF\u00c9 CON DOBLE CARGA&nbsp;<\/strong><\/p>\n\n\n\n<p>Por lo pronto jugadores veracruzanos en poco m\u00e1s de diez equipos de la Liga MX del m\u00e1ximo circuito nos representan, y hacen que el estado resulte el octavo que m\u00e1s jugadores aporta en la m\u00e1s alta divisi\u00f3n, aunque sin equipo en tierra jarocha en la primera divisi\u00f3n.<\/p>\n\n\n\n<p><em><strong>UN CAF\u00c9 LECHERO LIGHT DIVORCIADO&nbsp;<\/strong><\/em><\/p>\n\n\n\n<p>Entre trabajos anunciados de remodelaci\u00f3n, reconstrucci\u00f3n y obra nueva del Estadio \u00absin nombre\u00bb, \u00absin franquicia\u00bb,&nbsp;&nbsp;\u00absin equipo\u00bb, \u00aby sin jugadores,\u00bb me lleva ha apreciar el elevado nivel de desinformaci\u00f3n que rodea el posible regreso del f\u00fatbol a Veracruz.<\/p>\n\n\n\n<p><strong>UN CAF\u00c9 CON CANELA Y PANELA<\/strong><\/p>\n\n\n\n<p>En 2019 la Femexfut expuls\u00f3 al Veracruz de la Liga MX &#8211; por aparentes deudas con jugadores &#8211; perdiendo su espacio en la m\u00e1xima divisi\u00f3n y al final \u00ablos acuerdos de caballeros (bandoleros) decidieron el destino de los Tiburones Rojos, y ellos mismos &#8211; los actuales directivos &#8211; ser\u00e1n los que hagan posible el retorno del balompi\u00e9 a nuestra tierra veracruzana, as\u00ed de simple.<\/p>\n\n\n\n<p><strong>UN CAF\u00c9 DE OLLA DE BARRO<\/strong><\/p>\n\n\n\n<p>Y por cierto, los jugadores de los ex tiburones rojos siguen sin cobrar y no parece que vayan a lograrlo en el corto plazo.<\/p>\n\n\n\n<p>\u00a1 ES CUANTO !<\/p>\n\n\n\n<p>enriquezambell@gmail.com<\/p>\n","protected":false},"excerpt":{"rendered":"<p>Jos\u00e9 Luis Enr\u00edquez Ambell Caf\u00e9 de Ma\u00f1ana Especialistas deportivos en materia del f\u00fatbol &#8211; entre amigos y consultados &#8211; aseguran y con&nbsp;&nbsp;elementos de prueba que el equipo que llegue a jugar en el EX ESTADIO LUIS PIRATA FUENTE, \u00abtiene que usar otro nombre, otro uniforme as\u00ed como, otro escudo distinto al de los Tiburones Rojos, [&hellip;]<\/p>\n","protected":false},"author":2,"featured_media":0,"comment_status":"closed","ping_status":"closed","sticky":false,"template":"","format":"standard","meta":{"tdm_status":"","tdm_grid_status":"","footnotes":""},"categories":[70],"tags":[15380,8383,11986,1641],"class_list":{"0":"post-109101","1":"post","2":"type-post","3":"status-publish","4":"format-standard","6":"category-de-opinion","7":"tag-femexfut","8":"tag-jose-luis-enriquez-ambell","9":"tag-luis-pirata-fuente","10":"tag-tiburones-rojos"},"yoast_head":"<!-- This site is optimized with the Yoast SEO plugin v27.4 - https:\/\/yoast.com\/product\/yoast-seo-wordpress\/ -->\n<title>EL PIRATA FUENTE - Los pol\u00edticos Veracruz<\/title>\n<meta name=\"robots\" content=\"index, follow, max-snippet:-1, max-image-preview:large, max-video-preview:-1\" \/>\n<link rel=\"canonical\" href=\"https:\/\/lospoliticosveracruz.com\/?p=109101\" \/>\n<meta property=\"og:locale\" content=\"es_ES\" \/>\n<meta property=\"og:type\" content=\"article\" \/>\n<meta property=\"og:title\" content=\"EL PIRATA FUENTE - Los pol\u00edticos Veracruz\" \/>\n<meta property=\"og:description\" content=\"Jos\u00e9 Luis Enr\u00edquez Ambell Caf\u00e9 de Ma\u00f1ana Especialistas deportivos en materia del f\u00fatbol &#8211; entre amigos y consultados &#8211; aseguran y con&nbsp;&nbsp;elementos de prueba que el equipo que llegue a jugar en el EX ESTADIO LUIS PIRATA FUENTE, \u00abtiene que usar otro nombre, otro uniforme as\u00ed como, otro escudo distinto al de los Tiburones Rojos, [&hellip;]\" \/>\n<meta property=\"og:url\" content=\"https:\/\/lospoliticosveracruz.com\/?p=109101\" \/>\n<meta property=\"og:site_name\" content=\"Los pol\u00edticos Veracruz\" \/>\n<meta property=\"article:publisher\" content=\"https:\/\/www.facebook.com\/people\/Notimemes-de-los-Polticos\/61565672886568\/\" \/>\n<meta property=\"article:published_time\" content=\"2023-07-25T00:15:13+00:00\" \/>\n<meta property=\"article:modified_time\" content=\"2023-07-25T00:21:01+00:00\" \/>\n<meta property=\"og:image\" content=\"https:\/\/lospoliticosveracruz.com.mx\/wp-content\/uploads\/2021\/10\/Zacauilt-150x300.jpg\" \/>\n<meta name=\"author\" content=\"Lo viste en Los Pol\u00edticos\" \/>\n<meta name=\"twitter:card\" content=\"summary_large_image\" \/>\n<meta name=\"twitter:creator\" content=\"@LosPoliticosVer\" \/>\n<meta name=\"twitter:site\" content=\"@LosPoliticosVer\" \/>\n<meta name=\"twitter:label1\" content=\"Escrito por\" \/>\n\t<meta name=\"twitter:data1\" content=\"Lo viste en Los Pol\u00edticos\" \/>\n\t<meta name=\"twitter:label2\" content=\"Tiempo de lectura\" \/>\n\t<meta name=\"twitter:data2\" content=\"4 minutos\" \/>\n<script type=\"application\/ld+json\" class=\"yoast-schema-graph\">{\"@context\":\"https:\\\/\\\/schema.org\",\"@graph\":[{\"@type\":\"Article\",\"@id\":\"https:\\\/\\\/lospoliticosveracruz.com\\\/?p=109101#article\",\"isPartOf\":{\"@id\":\"https:\\\/\\\/lospoliticosveracruz.com\\\/?p=109101\"},\"author\":{\"name\":\"Lo viste en Los Pol\u00edticos\",\"@id\":\"https:\\\/\\\/lospoliticosveracruz.com\\\/#\\\/schema\\\/person\\\/b8702bb0e538456e6efd07080bf2a4a2\"},\"headline\":\"EL PIRATA FUENTE\",\"datePublished\":\"2023-07-25T00:15:13+00:00\",\"dateModified\":\"2023-07-25T00:21:01+00:00\",\"mainEntityOfPage\":{\"@id\":\"https:\\\/\\\/lospoliticosveracruz.com\\\/?p=109101\"},\"wordCount\":800,\"publisher\":{\"@id\":\"https:\\\/\\\/lospoliticosveracruz.com\\\/#organization\"},\"image\":{\"@id\":\"https:\\\/\\\/lospoliticosveracruz.com\\\/?p=109101#primaryimage\"},\"thumbnailUrl\":\"https:\\\/\\\/lospoliticosveracruz.com.mx\\\/wp-content\\\/uploads\\\/2021\\\/10\\\/Zacauilt-150x300.jpg\",\"keywords\":[\"Femexfut\",\"Jos\u00e9 Luis Enr\u00edquez Ambell\",\"Luis Pirata Fuente\",\"Tiburones Rojos\"],\"articleSection\":[\"De Opini\u00f3n\"],\"inLanguage\":\"es\"},{\"@type\":\"WebPage\",\"@id\":\"https:\\\/\\\/lospoliticosveracruz.com\\\/?p=109101\",\"url\":\"https:\\\/\\\/lospoliticosveracruz.com\\\/?p=109101\",\"name\":\"EL PIRATA FUENTE - Los pol\u00edticos Veracruz\",\"isPartOf\":{\"@id\":\"https:\\\/\\\/lospoliticosveracruz.com\\\/#website\"},\"primaryImageOfPage\":{\"@id\":\"https:\\\/\\\/lospoliticosveracruz.com\\\/?p=109101#primaryimage\"},\"image\":{\"@id\":\"https:\\\/\\\/lospoliticosveracruz.com\\\/?p=109101#primaryimage\"},\"thumbnailUrl\":\"https:\\\/\\\/lospoliticosveracruz.com.mx\\\/wp-content\\\/uploads\\\/2021\\\/10\\\/Zacauilt-150x300.jpg\",\"datePublished\":\"2023-07-25T00:15:13+00:00\",\"dateModified\":\"2023-07-25T00:21:01+00:00\",\"breadcrumb\":{\"@id\":\"https:\\\/\\\/lospoliticosveracruz.com\\\/?p=109101#breadcrumb\"},\"inLanguage\":\"es\",\"potentialAction\":[{\"@type\":\"ReadAction\",\"target\":[\"https:\\\/\\\/lospoliticosveracruz.com\\\/?p=109101\"]}]},{\"@type\":\"ImageObject\",\"inLanguage\":\"es\",\"@id\":\"https:\\\/\\\/lospoliticosveracruz.com\\\/?p=109101#primaryimage\",\"url\":\"https:\\\/\\\/lospoliticosveracruz.com.mx\\\/wp-content\\\/uploads\\\/2021\\\/10\\\/Zacauilt-150x300.jpg\",\"contentUrl\":\"https:\\\/\\\/lospoliticosveracruz.com.mx\\\/wp-content\\\/uploads\\\/2021\\\/10\\\/Zacauilt-150x300.jpg\"},{\"@type\":\"BreadcrumbList\",\"@id\":\"https:\\\/\\\/lospoliticosveracruz.com\\\/?p=109101#breadcrumb\",\"itemListElement\":[{\"@type\":\"ListItem\",\"position\":1,\"name\":\"Portada\",\"item\":\"https:\\\/\\\/lospoliticosveracruz.com\\\/\"},{\"@type\":\"ListItem\",\"position\":2,\"name\":\"EL PIRATA FUENTE\"}]},{\"@type\":\"WebSite\",\"@id\":\"https:\\\/\\\/lospoliticosveracruz.com\\\/#website\",\"url\":\"https:\\\/\\\/lospoliticosveracruz.com\\\/\",\"name\":\"Los pol\u00edticos Veracruz\",\"description\":\"\",\"publisher\":{\"@id\":\"https:\\\/\\\/lospoliticosveracruz.com\\\/#organization\"},\"potentialAction\":[{\"@type\":\"SearchAction\",\"target\":{\"@type\":\"EntryPoint\",\"urlTemplate\":\"https:\\\/\\\/lospoliticosveracruz.com\\\/?s={search_term_string}\"},\"query-input\":{\"@type\":\"PropertyValueSpecification\",\"valueRequired\":true,\"valueName\":\"search_term_string\"}}],\"inLanguage\":\"es\"},{\"@type\":\"Organization\",\"@id\":\"https:\\\/\\\/lospoliticosveracruz.com\\\/#organization\",\"name\":\"Los pol\u00edticos Veracruz\",\"url\":\"https:\\\/\\\/lospoliticosveracruz.com\\\/\",\"logo\":{\"@type\":\"ImageObject\",\"inLanguage\":\"es\",\"@id\":\"https:\\\/\\\/lospoliticosveracruz.com\\\/#\\\/schema\\\/logo\\\/image\\\/\",\"url\":\"https:\\\/\\\/lospoliticosveracruz.com\\\/wp-content\\\/uploads\\\/2025\\\/12\\\/Logo-Nuevo-LOS-POLITICOS-1.jpg\",\"contentUrl\":\"https:\\\/\\\/lospoliticosveracruz.com\\\/wp-content\\\/uploads\\\/2025\\\/12\\\/Logo-Nuevo-LOS-POLITICOS-1.jpg\",\"width\":260,\"height\":70,\"caption\":\"Los pol\u00edticos Veracruz\"},\"image\":{\"@id\":\"https:\\\/\\\/lospoliticosveracruz.com\\\/#\\\/schema\\\/logo\\\/image\\\/\"},\"sameAs\":[\"https:\\\/\\\/www.facebook.com\\\/people\\\/Notimemes-de-los-Polticos\\\/61565672886568\\\/\",\"https:\\\/\\\/x.com\\\/LosPoliticosVer\"]},{\"@type\":\"Person\",\"@id\":\"https:\\\/\\\/lospoliticosveracruz.com\\\/#\\\/schema\\\/person\\\/b8702bb0e538456e6efd07080bf2a4a2\",\"name\":\"Lo viste en Los Pol\u00edticos\",\"image\":{\"@type\":\"ImageObject\",\"inLanguage\":\"es\",\"@id\":\"https:\\\/\\\/secure.gravatar.com\\\/avatar\\\/3a8de04a2656d44082be478bd6c086daa447c4651605818287b9532d3d0bd435?s=96&d=mm&r=g\",\"url\":\"https:\\\/\\\/secure.gravatar.com\\\/avatar\\\/3a8de04a2656d44082be478bd6c086daa447c4651605818287b9532d3d0bd435?s=96&d=mm&r=g\",\"contentUrl\":\"https:\\\/\\\/secure.gravatar.com\\\/avatar\\\/3a8de04a2656d44082be478bd6c086daa447c4651605818287b9532d3d0bd435?s=96&d=mm&r=g\",\"caption\":\"Lo viste en Los Pol\u00edticos\"},\"url\":\"https:\\\/\\\/lospoliticosveracruz.com\\\/?author=2\"}]}<\/script>\n<!-- \/ Yoast SEO plugin. -->","yoast_head_json":{"title":"EL PIRATA FUENTE - Los pol\u00edticos Veracruz","robots":{"index":"index","follow":"follow","max-snippet":"max-snippet:-1","max-image-preview":"max-image-preview:large","max-video-preview":"max-video-preview:-1"},"canonical":"https:\/\/lospoliticosveracruz.com\/?p=109101","og_locale":"es_ES","og_type":"article","og_title":"EL PIRATA FUENTE - Los pol\u00edticos Veracruz","og_description":"Jos\u00e9 Luis Enr\u00edquez Ambell Caf\u00e9 de Ma\u00f1ana Especialistas deportivos en materia del f\u00fatbol &#8211; entre amigos y consultados &#8211; aseguran y con&nbsp;&nbsp;elementos de prueba que el equipo que llegue a jugar en el EX ESTADIO LUIS PIRATA FUENTE, \u00abtiene que usar otro nombre, otro uniforme as\u00ed como, otro escudo distinto al de los Tiburones Rojos, [&hellip;]","og_url":"https:\/\/lospoliticosveracruz.com\/?p=109101","og_site_name":"Los pol\u00edticos Veracruz","article_publisher":"https:\/\/www.facebook.com\/people\/Notimemes-de-los-Polticos\/61565672886568\/","article_published_time":"2023-07-25T00:15:13+00:00","article_modified_time":"2023-07-25T00:21:01+00:00","og_image":[{"url":"https:\/\/lospoliticosveracruz.com.mx\/wp-content\/uploads\/2021\/10\/Zacauilt-150x300.jpg","type":"","width":"","height":""}],"author":"Lo viste en Los Pol\u00edticos","twitter_card":"summary_large_image","twitter_creator":"@LosPoliticosVer","twitter_site":"@LosPoliticosVer","twitter_misc":{"Escrito por":"Lo viste en Los Pol\u00edticos","Tiempo de lectura":"4 minutos"},"schema":{"@context":"https:\/\/schema.org","@graph":[{"@type":"Article","@id":"https:\/\/lospoliticosveracruz.com\/?p=109101#article","isPartOf":{"@id":"https:\/\/lospoliticosveracruz.com\/?p=109101"},"author":{"name":"Lo viste en Los Pol\u00edticos","@id":"https:\/\/lospoliticosveracruz.com\/#\/schema\/person\/b8702bb0e538456e6efd07080bf2a4a2"},"headline":"EL PIRATA FUENTE","datePublished":"2023-07-25T00:15:13+00:00","dateModified":"2023-07-25T00:21:01+00:00","mainEntityOfPage":{"@id":"https:\/\/lospoliticosveracruz.com\/?p=109101"},"wordCount":800,"publisher":{"@id":"https:\/\/lospoliticosveracruz.com\/#organization"},"image":{"@id":"https:\/\/lospoliticosveracruz.com\/?p=109101#primaryimage"},"thumbnailUrl":"https:\/\/lospoliticosveracruz.com.mx\/wp-content\/uploads\/2021\/10\/Zacauilt-150x300.jpg","keywords":["Femexfut","Jos\u00e9 Luis Enr\u00edquez Ambell","Luis Pirata Fuente","Tiburones Rojos"],"articleSection":["De Opini\u00f3n"],"inLanguage":"es"},{"@type":"WebPage","@id":"https:\/\/lospoliticosveracruz.com\/?p=109101","url":"https:\/\/lospoliticosveracruz.com\/?p=109101","name":"EL PIRATA FUENTE - Los pol\u00edticos Veracruz","isPartOf":{"@id":"https:\/\/lospoliticosveracruz.com\/#website"},"primaryImageOfPage":{"@id":"https:\/\/lospoliticosveracruz.com\/?p=109101#primaryimage"},"image":{"@id":"https:\/\/lospoliticosveracruz.com\/?p=109101#primaryimage"},"thumbnailUrl":"https:\/\/lospoliticosveracruz.com.mx\/wp-content\/uploads\/2021\/10\/Zacauilt-150x300.jpg","datePublished":"2023-07-25T00:15:13+00:00","dateModified":"2023-07-25T00:21:01+00:00","breadcrumb":{"@id":"https:\/\/lospoliticosveracruz.com\/?p=109101#breadcrumb"},"inLanguage":"es","potentialAction":[{"@type":"ReadAction","target":["https:\/\/lospoliticosveracruz.com\/?p=109101"]}]},{"@type":"ImageObject","inLanguage":"es","@id":"https:\/\/lospoliticosveracruz.com\/?p=109101#primaryimage","url":"https:\/\/lospoliticosveracruz.com.mx\/wp-content\/uploads\/2021\/10\/Zacauilt-150x300.jpg","contentUrl":"https:\/\/lospoliticosveracruz.com.mx\/wp-content\/uploads\/2021\/10\/Zacauilt-150x300.jpg"},{"@type":"BreadcrumbList","@id":"https:\/\/lospoliticosveracruz.com\/?p=109101#breadcrumb","itemListElement":[{"@type":"ListItem","position":1,"name":"Portada","item":"https:\/\/lospoliticosveracruz.com\/"},{"@type":"ListItem","position":2,"name":"EL PIRATA FUENTE"}]},{"@type":"WebSite","@id":"https:\/\/lospoliticosveracruz.com\/#website","url":"https:\/\/lospoliticosveracruz.com\/","name":"Los pol\u00edticos Veracruz","description":"","publisher":{"@id":"https:\/\/lospoliticosveracruz.com\/#organization"},"potentialAction":[{"@type":"SearchAction","target":{"@type":"EntryPoint","urlTemplate":"https:\/\/lospoliticosveracruz.com\/?s={search_term_string}"},"query-input":{"@type":"PropertyValueSpecification","valueRequired":true,"valueName":"search_term_string"}}],"inLanguage":"es"},{"@type":"Organization","@id":"https:\/\/lospoliticosveracruz.com\/#organization","name":"Los pol\u00edticos Veracruz","url":"https:\/\/lospoliticosveracruz.com\/","logo":{"@type":"ImageObject","inLanguage":"es","@id":"https:\/\/lospoliticosveracruz.com\/#\/schema\/logo\/image\/","url":"https:\/\/lospoliticosveracruz.com\/wp-content\/uploads\/2025\/12\/Logo-Nuevo-LOS-POLITICOS-1.jpg","contentUrl":"https:\/\/lospoliticosveracruz.com\/wp-content\/uploads\/2025\/12\/Logo-Nuevo-LOS-POLITICOS-1.jpg","width":260,"height":70,"caption":"Los pol\u00edticos Veracruz"},"image":{"@id":"https:\/\/lospoliticosveracruz.com\/#\/schema\/logo\/image\/"},"sameAs":["https:\/\/www.facebook.com\/people\/Notimemes-de-los-Polticos\/61565672886568\/","https:\/\/x.com\/LosPoliticosVer"]},{"@type":"Person","@id":"https:\/\/lospoliticosveracruz.com\/#\/schema\/person\/b8702bb0e538456e6efd07080bf2a4a2","name":"Lo viste en Los Pol\u00edticos","image":{"@type":"ImageObject","inLanguage":"es","@id":"https:\/\/secure.gravatar.com\/avatar\/3a8de04a2656d44082be478bd6c086daa447c4651605818287b9532d3d0bd435?s=96&d=mm&r=g","url":"https:\/\/secure.gravatar.com\/avatar\/3a8de04a2656d44082be478bd6c086daa447c4651605818287b9532d3d0bd435?s=96&d=mm&r=g","contentUrl":"https:\/\/secure.gravatar.com\/avatar\/3a8de04a2656d44082be478bd6c086daa447c4651605818287b9532d3d0bd435?s=96&d=mm&r=g","caption":"Lo viste en Los Pol\u00edticos"},"url":"https:\/\/lospoliticosveracruz.com\/?author=2"}]}},"_links":{"self":[{"href":"https:\/\/lospoliticosveracruz.com\/index.php?rest_route=\/wp\/v2\/posts\/109101","targetHints":{"allow":["GET"]}}],"collection":[{"href":"https:\/\/lospoliticosveracruz.com\/index.php?rest_route=\/wp\/v2\/posts"}],"about":[{"href":"https:\/\/lospoliticosveracruz.com\/index.php?rest_route=\/wp\/v2\/types\/post"}],"author":[{"embeddable":true,"href":"https:\/\/lospoliticosveracruz.com\/index.php?rest_route=\/wp\/v2\/users\/2"}],"replies":[{"embeddable":true,"href":"https:\/\/lospoliticosveracruz.com\/index.php?rest_route=%2Fwp%2Fv2%2Fcomments&post=109101"}],"version-history":[{"count":2,"href":"https:\/\/lospoliticosveracruz.com\/index.php?rest_route=\/wp\/v2\/posts\/109101\/revisions"}],"predecessor-version":[{"id":109103,"href":"https:\/\/lospoliticosveracruz.com\/index.php?rest_route=\/wp\/v2\/posts\/109101\/revisions\/109103"}],"wp:attachment":[{"href":"https:\/\/lospoliticosveracruz.com\/index.php?rest_route=%2Fwp%2Fv2%2Fmedia&parent=109101"}],"wp:term":[{"taxonomy":"category","embeddable":true,"href":"https:\/\/lospoliticosveracruz.com\/index.php?rest_route=%2Fwp%2Fv2%2Fcategories&post=109101"},{"taxonomy":"post_tag","embeddable":true,"href":"https:\/\/lospoliticosveracruz.com\/index.php?rest_route=%2Fwp%2Fv2%2Ftags&post=109101"}],"curies":[{"name":"wp","href":"https:\/\/api.w.org\/{rel}","templated":true}]}}