{"id":109226,"date":"2023-07-27T17:40:47","date_gmt":"2023-07-27T22:40:47","guid":{"rendered":"https:\/\/lospoliticosveracruz.com.mx\/?p=109226"},"modified":"2023-07-27T18:06:42","modified_gmt":"2023-07-27T23:06:42","slug":"arcas-municipales-patrocinadores-de-bola-8","status":"publish","type":"post","link":"https:\/\/lospoliticosveracruz.com\/?p=109226","title":{"rendered":"ARCAS MUNICIPALES, PATROCINADORAS DE BOLA 8?"},"content":{"rendered":"\n<p><\/p>\n\n\n\n<p>\u00a1Truchas Congreso de Veracruz! Es casi seguro que la ayuda del pueblo sabio y solidario a favor de la promoci\u00f3n al secretario de Gobierno, Eric Cisneros, venga m\u00e1s bien de las arcas municipales provenientes de la red de sus alcaldes bienquerientes.<\/p>\n\n\n<div class=\"wp-block-image\">\n<figure class=\"alignleft size-full is-resized\"><a href=\"https:\/\/lospoliticosveracruz.com.mx\/wp-content\/uploads\/2023\/04\/Alex-Dore-Pole-Dance.jpg\"><img loading=\"lazy\" decoding=\"async\" src=\"https:\/\/lospoliticosveracruz.com.mx\/wp-content\/uploads\/2023\/04\/Alex-Dore-Pole-Dance.jpg\" alt=\"\" class=\"wp-image-104879\" width=\"175\" height=\"175\" srcset=\"https:\/\/lospoliticosveracruz.com\/wp-content\/uploads\/2023\/04\/Alex-Dore-Pole-Dance.jpg 700w, https:\/\/lospoliticosveracruz.com\/wp-content\/uploads\/2023\/04\/Alex-Dore-Pole-Dance-300x300.jpg 300w, https:\/\/lospoliticosveracruz.com\/wp-content\/uploads\/2023\/04\/Alex-Dore-Pole-Dance-150x150.jpg 150w, https:\/\/lospoliticosveracruz.com\/wp-content\/uploads\/2023\/04\/Alex-Dore-Pole-Dance-125x125.jpg 125w\" sizes=\"auto, (max-width: 175px) 100vw, 175px\" \/><\/a><\/figure>\n<\/div>\n\n\n<p>No duden lectores, que la SEGOB saldr\u00e1 limpia en la revisi\u00f3n de la Cuenta P\u00fablica de este a\u00f1o, ya que como viejo lobo de mar tracalero, es casi un hecho que Bola 8, ha aplicado el \u201cest\u00e1s conmigo o contra m\u00ed\u201d, para hacer manita de puerco y que se caigan con unos cuantos millones de pesos en los Ayuntamientos para la precampa\u00f1a.<\/p>\n\n\n\n<p>En la lista de bienquerientes del titular de la Secretar\u00eda de Gobierno entran varios personajes pol\u00edticos, que no han tenido reparo en tomarse la foto con el \u00abdefensor\u00bb de la negritud en Veracruz. Entre ellos est\u00e1n los siguientes municipios: al Sur, Medell\u00edn de Bravo, bajo la tutela de Marcos Isle\u00f1o; San Andr\u00e9s Tuxtla gobernada por Mar\u00eda Elena Solana Calzada; en Tlacotalpan, Luis Medina Aguirre, Puente Nacional, Roberto Montiel, en Otatitl\u00e1n, Olga Jared Manzanilla; al centro, San Andr\u00e9s Tlanelhuayocan, liderado por la chiquilla Fanny Mu\u00f1oz; Emiliano Zapata, gobernada por Erick Ruiz quien no ha hecho obra p\u00fablica en el municipio; Coatepec con el gris alcalde Raymundo Andrade Rivera; Actopan, administrado por su incondicional Mary L\u00f3pez Callejas; Misantla, donde gobierna Javier Hern\u00e1ndez Candanedo; Paso del Macho, Blanca Estela Hern\u00e1ndez; al Norte, Panuco gobernado por Oscar Guzm\u00e1n de Paz, Nogales, alcalde Ernesto Torres Navarro; Papantla, el cual gobierna Eric Dom\u00ednguez y Tamiahua de Linda Guadalupe Rodr\u00edguez.<\/p>\n\n\n\n<p>Despu\u00e9s de la exhibida que el presidente Andr\u00e9s Manuel L\u00f3pez Obrador dio a Bola 8 a nivel nacional, pidiendo su renuncia si quer\u00eda la candidatura para ser Gobernador, cualquiera pensar\u00eda que este ya se achic\u00f3, que dio un paso atr\u00e1s; sin embargo, fue arropado por varios alcaldes en su rodada a la cuenca, d\u00f3nde est\u00e1 su basti\u00f3n. Adem\u00e1s, hace unos d\u00edas volvi\u00f3 a declarar ante los medios de comunicaci\u00f3n para solicitar al \u201cpueblo solidario\u201d que decidi\u00f3 promocionarlo por todo el Estado, (pueblo fif\u00ed aspiracionista, porque un espectacular no sale en 3 pesos) quiten cada una de las im\u00e1genes en promoci\u00f3n de su libro de la negritud.<\/p>\n\n\n\n<p>Cisneros est\u00e1 muy lejos todav\u00eda de guardar su espada, esto mientras tenga bajo su mango a presidentas y presidentes municipales que lo siguen arropando pese al desaire nacional de Andr\u00e9s Manuel L\u00f3pez Obrador, quien en todo momento ha hecho un llamado de honestidad y cero corrupciones.<\/p>\n\n\n\n<p>Por eso, como mencionaba al principio, el Poder Legislativo tendr\u00e1 que poner especial atenci\u00f3n en los ediles que sin miramientos est\u00e1n poniendo toda la carne al asador por el segundo a bordo. Unas cu\u00e1ntas auditor\u00edas en tiempo real no caer\u00edan mal para saber si estos alcaldes trabajan para su pueblo o para el pr\u00edncipe de la negritud.<\/p>\n\n\n\n<p>Lo que no saben o no quieren darse cuenta estos bienquerientes, es que, Bola 8, te arropa, te usa y cuando llega a su objetivo te desecha, ni de ti se acuerda, preg\u00fantenles a varios de sus viejos \u00abcuates\u00bb que desde sus terru\u00f1os bajacalifornianos lo apoyaron y cuando lleg\u00f3 al trono 2, los neg\u00f3. \u00a1Si te vi, ni me acuerdo!<br><\/p>\n","protected":false},"excerpt":{"rendered":"<p>\u00a1Truchas Congreso de Veracruz! Es casi seguro que la ayuda del pueblo sabio y solidario a favor de la promoci\u00f3n al secretario de Gobierno, Eric Cisneros, venga m\u00e1s bien de las arcas municipales provenientes de la red de sus alcaldes bienquerientes. No duden lectores, que la SEGOB saldr\u00e1 limpia en la revisi\u00f3n de la Cuenta [&hellip;]<\/p>\n","protected":false},"author":2,"featured_media":0,"comment_status":"closed","ping_status":"closed","sticky":false,"template":"","format":"standard","meta":{"tdm_status":"","tdm_grid_status":"","footnotes":""},"categories":[74],"tags":[618,2823,12686,15156,19748,1026,13203,3157,195],"class_list":{"0":"post-109226","1":"post","2":"type-post","3":"status-publish","4":"format-standard","6":"category-lavadero","7":"tag-andres-manuel-lopez-obrador","8":"tag-cuenta-publica","9":"tag-eric-cisneros","10":"tag-eric-dominguez","11":"tag-marcos-isleno","12":"tag-morena","13":"tag-raymundo-andrade-rivera","14":"tag-segob","15":"tag-veracruz"},"yoast_head":"<!-- This site is optimized with the Yoast SEO plugin v27.4 - https:\/\/yoast.com\/product\/yoast-seo-wordpress\/ -->\n<title>ARCAS MUNICIPALES, PATROCINADORAS DE BOLA 8? - Los pol\u00edticos Veracruz<\/title>\n<meta name=\"robots\" content=\"index, follow, max-snippet:-1, max-image-preview:large, max-video-preview:-1\" \/>\n<link rel=\"canonical\" href=\"https:\/\/lospoliticosveracruz.com\/?p=109226\" \/>\n<meta property=\"og:locale\" content=\"es_ES\" \/>\n<meta property=\"og:type\" content=\"article\" \/>\n<meta property=\"og:title\" content=\"ARCAS MUNICIPALES, PATROCINADORAS DE BOLA 8? - Los pol\u00edticos Veracruz\" \/>\n<meta property=\"og:description\" content=\"\u00a1Truchas Congreso de Veracruz! Es casi seguro que la ayuda del pueblo sabio y solidario a favor de la promoci\u00f3n al secretario de Gobierno, Eric Cisneros, venga m\u00e1s bien de las arcas municipales provenientes de la red de sus alcaldes bienquerientes. No duden lectores, que la SEGOB saldr\u00e1 limpia en la revisi\u00f3n de la Cuenta [&hellip;]\" \/>\n<meta property=\"og:url\" content=\"https:\/\/lospoliticosveracruz.com\/?p=109226\" \/>\n<meta property=\"og:site_name\" content=\"Los pol\u00edticos Veracruz\" \/>\n<meta property=\"article:publisher\" content=\"https:\/\/www.facebook.com\/people\/Notimemes-de-los-Polticos\/61565672886568\/\" \/>\n<meta property=\"article:published_time\" content=\"2023-07-27T22:40:47+00:00\" \/>\n<meta property=\"article:modified_time\" content=\"2023-07-27T23:06:42+00:00\" \/>\n<meta property=\"og:image\" content=\"https:\/\/lospoliticosveracruz.com.mx\/wp-content\/uploads\/2023\/04\/Alex-Dore-Pole-Dance.jpg\" \/>\n<meta name=\"author\" content=\"Lo viste en Los Pol\u00edticos\" \/>\n<meta name=\"twitter:card\" content=\"summary_large_image\" \/>\n<meta name=\"twitter:creator\" content=\"@LosPoliticosVer\" \/>\n<meta name=\"twitter:site\" content=\"@LosPoliticosVer\" \/>\n<meta name=\"twitter:label1\" content=\"Escrito por\" \/>\n\t<meta name=\"twitter:data1\" content=\"Lo viste en Los Pol\u00edticos\" \/>\n\t<meta name=\"twitter:label2\" content=\"Tiempo de lectura\" \/>\n\t<meta name=\"twitter:data2\" content=\"3 minutos\" \/>\n<script type=\"application\/ld+json\" class=\"yoast-schema-graph\">{\"@context\":\"https:\\\/\\\/schema.org\",\"@graph\":[{\"@type\":\"Article\",\"@id\":\"https:\\\/\\\/lospoliticosveracruz.com\\\/?p=109226#article\",\"isPartOf\":{\"@id\":\"https:\\\/\\\/lospoliticosveracruz.com\\\/?p=109226\"},\"author\":{\"name\":\"Lo viste en Los Pol\u00edticos\",\"@id\":\"https:\\\/\\\/lospoliticosveracruz.com\\\/#\\\/schema\\\/person\\\/b8702bb0e538456e6efd07080bf2a4a2\"},\"headline\":\"ARCAS MUNICIPALES, PATROCINADORAS DE BOLA 8?\",\"datePublished\":\"2023-07-27T22:40:47+00:00\",\"dateModified\":\"2023-07-27T23:06:42+00:00\",\"mainEntityOfPage\":{\"@id\":\"https:\\\/\\\/lospoliticosveracruz.com\\\/?p=109226\"},\"wordCount\":573,\"publisher\":{\"@id\":\"https:\\\/\\\/lospoliticosveracruz.com\\\/#organization\"},\"image\":{\"@id\":\"https:\\\/\\\/lospoliticosveracruz.com\\\/?p=109226#primaryimage\"},\"thumbnailUrl\":\"https:\\\/\\\/lospoliticosveracruz.com.mx\\\/wp-content\\\/uploads\\\/2023\\\/04\\\/Alex-Dore-Pole-Dance.jpg\",\"keywords\":[\"Andr\u00e9s Manuel L\u00f3pez Obrador\",\"Cuenta P\u00fablica\",\"Eric Cisneros\",\"Eric Dom\u00ednguez\",\"Marcos Isle\u00f1o\",\"Morena\",\"Raymundo Andrade Rivera\",\"Segob\",\"Veracruz\"],\"articleSection\":[\"Lavadero\"],\"inLanguage\":\"es\"},{\"@type\":\"WebPage\",\"@id\":\"https:\\\/\\\/lospoliticosveracruz.com\\\/?p=109226\",\"url\":\"https:\\\/\\\/lospoliticosveracruz.com\\\/?p=109226\",\"name\":\"ARCAS MUNICIPALES, PATROCINADORAS DE BOLA 8? - Los pol\u00edticos Veracruz\",\"isPartOf\":{\"@id\":\"https:\\\/\\\/lospoliticosveracruz.com\\\/#website\"},\"primaryImageOfPage\":{\"@id\":\"https:\\\/\\\/lospoliticosveracruz.com\\\/?p=109226#primaryimage\"},\"image\":{\"@id\":\"https:\\\/\\\/lospoliticosveracruz.com\\\/?p=109226#primaryimage\"},\"thumbnailUrl\":\"https:\\\/\\\/lospoliticosveracruz.com.mx\\\/wp-content\\\/uploads\\\/2023\\\/04\\\/Alex-Dore-Pole-Dance.jpg\",\"datePublished\":\"2023-07-27T22:40:47+00:00\",\"dateModified\":\"2023-07-27T23:06:42+00:00\",\"breadcrumb\":{\"@id\":\"https:\\\/\\\/lospoliticosveracruz.com\\\/?p=109226#breadcrumb\"},\"inLanguage\":\"es\",\"potentialAction\":[{\"@type\":\"ReadAction\",\"target\":[\"https:\\\/\\\/lospoliticosveracruz.com\\\/?p=109226\"]}]},{\"@type\":\"ImageObject\",\"inLanguage\":\"es\",\"@id\":\"https:\\\/\\\/lospoliticosveracruz.com\\\/?p=109226#primaryimage\",\"url\":\"https:\\\/\\\/lospoliticosveracruz.com.mx\\\/wp-content\\\/uploads\\\/2023\\\/04\\\/Alex-Dore-Pole-Dance.jpg\",\"contentUrl\":\"https:\\\/\\\/lospoliticosveracruz.com.mx\\\/wp-content\\\/uploads\\\/2023\\\/04\\\/Alex-Dore-Pole-Dance.jpg\"},{\"@type\":\"BreadcrumbList\",\"@id\":\"https:\\\/\\\/lospoliticosveracruz.com\\\/?p=109226#breadcrumb\",\"itemListElement\":[{\"@type\":\"ListItem\",\"position\":1,\"name\":\"Portada\",\"item\":\"https:\\\/\\\/lospoliticosveracruz.com\\\/\"},{\"@type\":\"ListItem\",\"position\":2,\"name\":\"ARCAS MUNICIPALES, PATROCINADORAS DE BOLA 8?\"}]},{\"@type\":\"WebSite\",\"@id\":\"https:\\\/\\\/lospoliticosveracruz.com\\\/#website\",\"url\":\"https:\\\/\\\/lospoliticosveracruz.com\\\/\",\"name\":\"Los pol\u00edticos Veracruz\",\"description\":\"\",\"publisher\":{\"@id\":\"https:\\\/\\\/lospoliticosveracruz.com\\\/#organization\"},\"potentialAction\":[{\"@type\":\"SearchAction\",\"target\":{\"@type\":\"EntryPoint\",\"urlTemplate\":\"https:\\\/\\\/lospoliticosveracruz.com\\\/?s={search_term_string}\"},\"query-input\":{\"@type\":\"PropertyValueSpecification\",\"valueRequired\":true,\"valueName\":\"search_term_string\"}}],\"inLanguage\":\"es\"},{\"@type\":\"Organization\",\"@id\":\"https:\\\/\\\/lospoliticosveracruz.com\\\/#organization\",\"name\":\"Los pol\u00edticos Veracruz\",\"url\":\"https:\\\/\\\/lospoliticosveracruz.com\\\/\",\"logo\":{\"@type\":\"ImageObject\",\"inLanguage\":\"es\",\"@id\":\"https:\\\/\\\/lospoliticosveracruz.com\\\/#\\\/schema\\\/logo\\\/image\\\/\",\"url\":\"https:\\\/\\\/lospoliticosveracruz.com\\\/wp-content\\\/uploads\\\/2025\\\/12\\\/Logo-Nuevo-LOS-POLITICOS-1.jpg\",\"contentUrl\":\"https:\\\/\\\/lospoliticosveracruz.com\\\/wp-content\\\/uploads\\\/2025\\\/12\\\/Logo-Nuevo-LOS-POLITICOS-1.jpg\",\"width\":260,\"height\":70,\"caption\":\"Los pol\u00edticos Veracruz\"},\"image\":{\"@id\":\"https:\\\/\\\/lospoliticosveracruz.com\\\/#\\\/schema\\\/logo\\\/image\\\/\"},\"sameAs\":[\"https:\\\/\\\/www.facebook.com\\\/people\\\/Notimemes-de-los-Polticos\\\/61565672886568\\\/\",\"https:\\\/\\\/x.com\\\/LosPoliticosVer\"]},{\"@type\":\"Person\",\"@id\":\"https:\\\/\\\/lospoliticosveracruz.com\\\/#\\\/schema\\\/person\\\/b8702bb0e538456e6efd07080bf2a4a2\",\"name\":\"Lo viste en Los Pol\u00edticos\",\"image\":{\"@type\":\"ImageObject\",\"inLanguage\":\"es\",\"@id\":\"https:\\\/\\\/secure.gravatar.com\\\/avatar\\\/3a8de04a2656d44082be478bd6c086daa447c4651605818287b9532d3d0bd435?s=96&d=mm&r=g\",\"url\":\"https:\\\/\\\/secure.gravatar.com\\\/avatar\\\/3a8de04a2656d44082be478bd6c086daa447c4651605818287b9532d3d0bd435?s=96&d=mm&r=g\",\"contentUrl\":\"https:\\\/\\\/secure.gravatar.com\\\/avatar\\\/3a8de04a2656d44082be478bd6c086daa447c4651605818287b9532d3d0bd435?s=96&d=mm&r=g\",\"caption\":\"Lo viste en Los Pol\u00edticos\"},\"url\":\"https:\\\/\\\/lospoliticosveracruz.com\\\/?author=2\"}]}<\/script>\n<!-- \/ Yoast SEO plugin. -->","yoast_head_json":{"title":"ARCAS MUNICIPALES, PATROCINADORAS DE BOLA 8? - Los pol\u00edticos Veracruz","robots":{"index":"index","follow":"follow","max-snippet":"max-snippet:-1","max-image-preview":"max-image-preview:large","max-video-preview":"max-video-preview:-1"},"canonical":"https:\/\/lospoliticosveracruz.com\/?p=109226","og_locale":"es_ES","og_type":"article","og_title":"ARCAS MUNICIPALES, PATROCINADORAS DE BOLA 8? - Los pol\u00edticos Veracruz","og_description":"\u00a1Truchas Congreso de Veracruz! Es casi seguro que la ayuda del pueblo sabio y solidario a favor de la promoci\u00f3n al secretario de Gobierno, Eric Cisneros, venga m\u00e1s bien de las arcas municipales provenientes de la red de sus alcaldes bienquerientes. No duden lectores, que la SEGOB saldr\u00e1 limpia en la revisi\u00f3n de la Cuenta [&hellip;]","og_url":"https:\/\/lospoliticosveracruz.com\/?p=109226","og_site_name":"Los pol\u00edticos Veracruz","article_publisher":"https:\/\/www.facebook.com\/people\/Notimemes-de-los-Polticos\/61565672886568\/","article_published_time":"2023-07-27T22:40:47+00:00","article_modified_time":"2023-07-27T23:06:42+00:00","og_image":[{"url":"https:\/\/lospoliticosveracruz.com.mx\/wp-content\/uploads\/2023\/04\/Alex-Dore-Pole-Dance.jpg","type":"","width":"","height":""}],"author":"Lo viste en Los Pol\u00edticos","twitter_card":"summary_large_image","twitter_creator":"@LosPoliticosVer","twitter_site":"@LosPoliticosVer","twitter_misc":{"Escrito por":"Lo viste en Los Pol\u00edticos","Tiempo de lectura":"3 minutos"},"schema":{"@context":"https:\/\/schema.org","@graph":[{"@type":"Article","@id":"https:\/\/lospoliticosveracruz.com\/?p=109226#article","isPartOf":{"@id":"https:\/\/lospoliticosveracruz.com\/?p=109226"},"author":{"name":"Lo viste en Los Pol\u00edticos","@id":"https:\/\/lospoliticosveracruz.com\/#\/schema\/person\/b8702bb0e538456e6efd07080bf2a4a2"},"headline":"ARCAS MUNICIPALES, PATROCINADORAS DE BOLA 8?","datePublished":"2023-07-27T22:40:47+00:00","dateModified":"2023-07-27T23:06:42+00:00","mainEntityOfPage":{"@id":"https:\/\/lospoliticosveracruz.com\/?p=109226"},"wordCount":573,"publisher":{"@id":"https:\/\/lospoliticosveracruz.com\/#organization"},"image":{"@id":"https:\/\/lospoliticosveracruz.com\/?p=109226#primaryimage"},"thumbnailUrl":"https:\/\/lospoliticosveracruz.com.mx\/wp-content\/uploads\/2023\/04\/Alex-Dore-Pole-Dance.jpg","keywords":["Andr\u00e9s Manuel L\u00f3pez Obrador","Cuenta P\u00fablica","Eric Cisneros","Eric Dom\u00ednguez","Marcos Isle\u00f1o","Morena","Raymundo Andrade Rivera","Segob","Veracruz"],"articleSection":["Lavadero"],"inLanguage":"es"},{"@type":"WebPage","@id":"https:\/\/lospoliticosveracruz.com\/?p=109226","url":"https:\/\/lospoliticosveracruz.com\/?p=109226","name":"ARCAS MUNICIPALES, PATROCINADORAS DE BOLA 8? - Los pol\u00edticos Veracruz","isPartOf":{"@id":"https:\/\/lospoliticosveracruz.com\/#website"},"primaryImageOfPage":{"@id":"https:\/\/lospoliticosveracruz.com\/?p=109226#primaryimage"},"image":{"@id":"https:\/\/lospoliticosveracruz.com\/?p=109226#primaryimage"},"thumbnailUrl":"https:\/\/lospoliticosveracruz.com.mx\/wp-content\/uploads\/2023\/04\/Alex-Dore-Pole-Dance.jpg","datePublished":"2023-07-27T22:40:47+00:00","dateModified":"2023-07-27T23:06:42+00:00","breadcrumb":{"@id":"https:\/\/lospoliticosveracruz.com\/?p=109226#breadcrumb"},"inLanguage":"es","potentialAction":[{"@type":"ReadAction","target":["https:\/\/lospoliticosveracruz.com\/?p=109226"]}]},{"@type":"ImageObject","inLanguage":"es","@id":"https:\/\/lospoliticosveracruz.com\/?p=109226#primaryimage","url":"https:\/\/lospoliticosveracruz.com.mx\/wp-content\/uploads\/2023\/04\/Alex-Dore-Pole-Dance.jpg","contentUrl":"https:\/\/lospoliticosveracruz.com.mx\/wp-content\/uploads\/2023\/04\/Alex-Dore-Pole-Dance.jpg"},{"@type":"BreadcrumbList","@id":"https:\/\/lospoliticosveracruz.com\/?p=109226#breadcrumb","itemListElement":[{"@type":"ListItem","position":1,"name":"Portada","item":"https:\/\/lospoliticosveracruz.com\/"},{"@type":"ListItem","position":2,"name":"ARCAS MUNICIPALES, PATROCINADORAS DE BOLA 8?"}]},{"@type":"WebSite","@id":"https:\/\/lospoliticosveracruz.com\/#website","url":"https:\/\/lospoliticosveracruz.com\/","name":"Los pol\u00edticos Veracruz","description":"","publisher":{"@id":"https:\/\/lospoliticosveracruz.com\/#organization"},"potentialAction":[{"@type":"SearchAction","target":{"@type":"EntryPoint","urlTemplate":"https:\/\/lospoliticosveracruz.com\/?s={search_term_string}"},"query-input":{"@type":"PropertyValueSpecification","valueRequired":true,"valueName":"search_term_string"}}],"inLanguage":"es"},{"@type":"Organization","@id":"https:\/\/lospoliticosveracruz.com\/#organization","name":"Los pol\u00edticos Veracruz","url":"https:\/\/lospoliticosveracruz.com\/","logo":{"@type":"ImageObject","inLanguage":"es","@id":"https:\/\/lospoliticosveracruz.com\/#\/schema\/logo\/image\/","url":"https:\/\/lospoliticosveracruz.com\/wp-content\/uploads\/2025\/12\/Logo-Nuevo-LOS-POLITICOS-1.jpg","contentUrl":"https:\/\/lospoliticosveracruz.com\/wp-content\/uploads\/2025\/12\/Logo-Nuevo-LOS-POLITICOS-1.jpg","width":260,"height":70,"caption":"Los pol\u00edticos Veracruz"},"image":{"@id":"https:\/\/lospoliticosveracruz.com\/#\/schema\/logo\/image\/"},"sameAs":["https:\/\/www.facebook.com\/people\/Notimemes-de-los-Polticos\/61565672886568\/","https:\/\/x.com\/LosPoliticosVer"]},{"@type":"Person","@id":"https:\/\/lospoliticosveracruz.com\/#\/schema\/person\/b8702bb0e538456e6efd07080bf2a4a2","name":"Lo viste en Los Pol\u00edticos","image":{"@type":"ImageObject","inLanguage":"es","@id":"https:\/\/secure.gravatar.com\/avatar\/3a8de04a2656d44082be478bd6c086daa447c4651605818287b9532d3d0bd435?s=96&d=mm&r=g","url":"https:\/\/secure.gravatar.com\/avatar\/3a8de04a2656d44082be478bd6c086daa447c4651605818287b9532d3d0bd435?s=96&d=mm&r=g","contentUrl":"https:\/\/secure.gravatar.com\/avatar\/3a8de04a2656d44082be478bd6c086daa447c4651605818287b9532d3d0bd435?s=96&d=mm&r=g","caption":"Lo viste en Los Pol\u00edticos"},"url":"https:\/\/lospoliticosveracruz.com\/?author=2"}]}},"_links":{"self":[{"href":"https:\/\/lospoliticosveracruz.com\/index.php?rest_route=\/wp\/v2\/posts\/109226","targetHints":{"allow":["GET"]}}],"collection":[{"href":"https:\/\/lospoliticosveracruz.com\/index.php?rest_route=\/wp\/v2\/posts"}],"about":[{"href":"https:\/\/lospoliticosveracruz.com\/index.php?rest_route=\/wp\/v2\/types\/post"}],"author":[{"embeddable":true,"href":"https:\/\/lospoliticosveracruz.com\/index.php?rest_route=\/wp\/v2\/users\/2"}],"replies":[{"embeddable":true,"href":"https:\/\/lospoliticosveracruz.com\/index.php?rest_route=%2Fwp%2Fv2%2Fcomments&post=109226"}],"version-history":[{"count":2,"href":"https:\/\/lospoliticosveracruz.com\/index.php?rest_route=\/wp\/v2\/posts\/109226\/revisions"}],"predecessor-version":[{"id":109229,"href":"https:\/\/lospoliticosveracruz.com\/index.php?rest_route=\/wp\/v2\/posts\/109226\/revisions\/109229"}],"wp:attachment":[{"href":"https:\/\/lospoliticosveracruz.com\/index.php?rest_route=%2Fwp%2Fv2%2Fmedia&parent=109226"}],"wp:term":[{"taxonomy":"category","embeddable":true,"href":"https:\/\/lospoliticosveracruz.com\/index.php?rest_route=%2Fwp%2Fv2%2Fcategories&post=109226"},{"taxonomy":"post_tag","embeddable":true,"href":"https:\/\/lospoliticosveracruz.com\/index.php?rest_route=%2Fwp%2Fv2%2Ftags&post=109226"}],"curies":[{"name":"wp","href":"https:\/\/api.w.org\/{rel}","templated":true}]}}