{"id":109238,"date":"2023-07-27T22:57:45","date_gmt":"2023-07-28T03:57:45","guid":{"rendered":"https:\/\/lospoliticosveracruz.com.mx\/?p=109238"},"modified":"2023-07-27T22:57:52","modified_gmt":"2023-07-28T03:57:52","slug":"beatriz-xochitl-o-claudia-una-de-tres-para-el-2024","status":"publish","type":"post","link":"https:\/\/lospoliticosveracruz.com\/?p=109238","title":{"rendered":"BEATRIZ, X\u00d3CHITL O CLAUDIA; UNA DE TRES PARA EL 2024"},"content":{"rendered":"\n<p><strong>Bernardo Guti\u00e9rrez Parra<br><\/strong><em>Desde el Caf\u00e9<\/em><\/p>\n\n\n\n<p>De la caterva de aspirantes de la alianza PAN, PRI y PRD que andan por esos caminos de Dios tratando de juntar 150 mil firmas, uno de los requisitos para lograr la candidatura a la presidencia de la Rep\u00fablica, la lista terminar\u00e1 circunscribi\u00e9ndose a dos: Beatriz Paredes Rangel y X\u00f3chitl G\u00e1lvez Ruiz.<\/p>\n\n\n\n<figure class=\"wp-block-embed is-type-video is-provider-youtube wp-block-embed-youtube wp-embed-aspect-16-9 wp-has-aspect-ratio\"><div class=\"wp-block-embed__wrapper\">\n<iframe loading=\"lazy\" title=\"Cluster Coworking\" width=\"696\" height=\"392\" src=\"https:\/\/www.youtube.com\/embed\/Nxe-vxf8GuY?feature=oembed\" frameborder=\"0\" allow=\"accelerometer; autoplay; clipboard-write; encrypted-media; gyroscope; picture-in-picture; web-share\" referrerpolicy=\"strict-origin-when-cross-origin\" allowfullscreen><\/iframe>\n<\/div><\/figure>\n\n\n\n<p>\u00bfY qu\u00e9 me dices aprendiz de columnista de personajes como Enrique de la Madrid, Miguel \u00c1ngel Mancera, Ignacio Loyola, Silvano Aureoles, Francisco Garc\u00eda Cabeza de Vaca o Santiago Creel?<\/p>\n\n\n\n<p>Que nada tienen que hacer frente a esas dos damas y ni para qu\u00e9 gastar tinta en ellos. Acaso mencionar que est\u00e1n gozando de sus \u00faltimos quince minutos de fama pues una vez que se d\u00e9 a conocer el nombre de la candidata, pasar\u00e1n irremediablemente al caj\u00f3n de los pol\u00edticos olvidados.<\/p>\n\n\n\n<p>\u00bfCu\u00e1l de las dos ser\u00e1 la mejor candidata?<\/p>\n\n\n\n<p>Si las ponemos en una balanza, Beatriz se lleva de calle a X\u00f3chitl porque es m\u00e1s pol\u00edtica y pragm\u00e1tica. Su hoja curricular es envidiable ya que ha sido diputada, senadora (lo es en la actualidad), gobernadora de su natal Tlaxcala, embajadora y dirigente nacional de su partido el PRI.<\/p>\n\n\n\n<p>El 17 de octubre del a\u00f1o anterior, sacudi\u00f3 a todo mundo de su modorra al destaparse como candidata a la presidencia. Y es que hasta ese momento ninguno de los aspirantes opositores hab\u00eda despertado el menor inter\u00e9s de una ciudadan\u00eda ap\u00e1tica que daba por descontada la segura victoria de Morena en el 2024.<\/p>\n\n\n\n<p>Beatriz Paredes hizo que miles de cejas se levantaran al declarar: \u201cCon humildad aspiro a ser presidenta, con un frente amplio, con un gobierno de coalici\u00f3n, porque en 2024 vamos por la grandeza de M\u00e9xico\u201d.<\/p>\n\n\n\n<p>De entonces y hasta mediados de junio, estuvo punteando en las encuestas de la alianza opositora. Y la raza de bronce la vio como una s\u00f3lida alternativa para enfrentar con \u00e9xito a la casi segura abanderada de Morena y consentida de Palacio Nacional, Claudia Sheinbaum.<\/p>\n\n\n\n<p>Pero fue en ese mismo mes cuando una mujer de cuna humilde y origen otom\u00ed, irrumpi\u00f3 con la fuerza de una tempestad despu\u00e9s de que le dieron con la puerta en las narices al querer ejercer su derecho de r\u00e9plica frente al presidente en Palacio Nacional.<\/p>\n\n\n\n<p>A partir de ese momento, X\u00f3chitl G\u00e1lvez le arrebat\u00f3 la agenda a Andr\u00e9s Manuel L\u00f3pez Obrador, se adue\u00f1\u00f3 de los espacios medi\u00e1ticos y de golpe y porrazo se posicion\u00f3 y muy bien en las encuestas. Va arriba de todos los aspirantes de la alianza opositora y en apenas un mes, est\u00e1 a once puntos de alcanzar a Claudia Sheinbaum que lleva m\u00e1s de un lustro en campa\u00f1a.<\/p>\n\n\n\n<p>Mientras Beatriz Paredes es prudente, reflexiva y anal\u00edtica; X\u00f3chitl G\u00e1lvez es arrojada, entrona, chispeantemente malhablada y contestataria.<\/p>\n\n\n\n<p>El ponerse al tu por tu con un presidente acostumbrado a descalificar a sus adversarios sin que nadie le contestara, fue la chispa que encendi\u00f3 su popularidad y la proyect\u00f3 en poco tiempo a un sitio que jam\u00e1s imagino el propio Andr\u00e9s Manuel. En la actualidad, X\u00f3chitl est\u00e1 convertida en una preocupante amenaza para la permanencia de la 4T en el poder.<\/p>\n\n\n\n<p>De no tener nada hasta hace unos meses, la alianza opositora tiene ahora dos formidables barajas femeninas con qu\u00e9 hacerle frente a la corcholata que le ponga Morena.<\/p>\n\n\n\n<p>Si el diablo no mete la cola lector, la lucha por la presidencia ser\u00e1 entre mujeres; Beatriz o X\u00f3chitl por la alianza y Claudia Sheinbaum por Morena. No hay m\u00e1s.<\/p>\n\n\n\n<p>Insisto en mi pregunta aprendiz de columnista \u00bfqu\u00e9 con los hombres de Morena y la alianza que aspiran al mismo cargo?<\/p>\n\n\n\n<p>Y yo reitero mi respuesta; hoy son comparsas y hasta ah\u00ed llegar\u00e1n. Ma\u00f1ana no ser\u00e1n requeridos ni como pajes en la corte de la futura reina\u2026 Perd\u00f3n, ni como intendentes en el gabinete de la futura presidenta.<\/p>\n\n\n\n<p>Hagan su juego, damas y caballeros.<\/p>\n\n\n\n<p>Tuxpan se vuelve a iluminar<\/p>\n\n\n\n<p>El pasado mes de abril y en sesi\u00f3n de Cabildo, el alcalde de Tuxpan, Jos\u00e9 Manuel Pozos Castro, dio a conocer la publicaci\u00f3n de una licitaci\u00f3n para la adjudicaci\u00f3n de 6 mil 355 luminarias led para alumbrar de manera eficiente y segura la ciudad y las comunidades conurbadas.<\/p>\n\n\n\n<p>La licitaci\u00f3n se hizo y en la actualidad han sido colocadas m\u00e1s de mil luminarias en zonas como la Barra Norte y colonias tuxpe\u00f1as.<\/p>\n\n\n\n<p>De las m\u00e1s de 6 mil luminarias, 5 mil 128 reemplazar\u00e1n a las actuales y 1, 227 se agregar\u00e1n a la iluminaci\u00f3n que requiere el Puerto de los Bellos Atardeceres.<\/p>\n\n\n\n<p>Para lograr una \u00f3ptima iluminaci\u00f3n se instalar\u00e1n 1, 246 postes met\u00e1licos de 9 metros de altura y 4 mil 119 brazos met\u00e1licos de 1.5 metros de longitud.<\/p>\n\n\n\n<p>La ma\u00f1ana de este jueves tuve oportunidad de hablar con el alcalde porte\u00f1o quien me dijo que tras quince a\u00f1os de noches casi en penumbras (porque en efecto, los anteriores mun\u00edcipes no atendieron el problema) Tuxpan se vuelve a iluminar y eso lo tiene muy contento.<\/p>\n\n\n\n<p>Jos\u00e9 Manuel Pozos no dej\u00f3 pasar la oportunidad para agradecer el apoyo del presidente L\u00f3pez Obrador, del gobernador Cuitl\u00e1huac Garc\u00eda, pero muy en especial, el apoyo brindado por la secretar\u00eda de Energ\u00eda, Roc\u00edo Nahle, a este proyecto de Eficiencia y Sustentabilidad Energ\u00e9tica.<\/p>\n\n\n\n<p>bernardogup@hotmail.com<\/p>\n","protected":false},"excerpt":{"rendered":"<p>Bernardo Guti\u00e9rrez ParraDesde el Caf\u00e9 De la caterva de aspirantes de la alianza PAN, PRI y PRD que andan por esos caminos de Dios tratando de juntar 150 mil firmas, uno de los requisitos para lograr la candidatura a la presidencia de la Rep\u00fablica, la lista terminar\u00e1 circunscribi\u00e9ndose a dos: Beatriz Paredes Rangel y X\u00f3chitl [&hellip;]<\/p>\n","protected":false},"author":2,"featured_media":0,"comment_status":"closed","ping_status":"closed","sticky":false,"template":"","format":"standard","meta":{"tdm_status":"","tdm_grid_status":"","footnotes":""},"categories":[70],"tags":[1375,12909,14367,38801,1034,5590,2363],"class_list":{"0":"post-109238","1":"post","2":"type-post","3":"status-publish","4":"format-standard","6":"category-de-opinion","7":"tag-beatriz-paredes-rangel","8":"tag-enrique-de-la-madrid","9":"tag-francisco-garcia-cabeza-de-vaca","10":"tag-ignacio-loyola","11":"tag-miguel-angel-mancera","12":"tag-santiago-creel","13":"tag-silvano-aureoles"},"yoast_head":"<!-- This site is optimized with the Yoast SEO plugin v27.4 - https:\/\/yoast.com\/product\/yoast-seo-wordpress\/ -->\n<title>BEATRIZ, X\u00d3CHITL O CLAUDIA; UNA DE TRES PARA EL 2024 - Los pol\u00edticos Veracruz<\/title>\n<meta name=\"robots\" content=\"index, follow, max-snippet:-1, max-image-preview:large, max-video-preview:-1\" \/>\n<link rel=\"canonical\" href=\"https:\/\/lospoliticosveracruz.com\/?p=109238\" \/>\n<meta property=\"og:locale\" content=\"es_ES\" \/>\n<meta property=\"og:type\" content=\"article\" \/>\n<meta property=\"og:title\" content=\"BEATRIZ, X\u00d3CHITL O CLAUDIA; UNA DE TRES PARA EL 2024 - Los pol\u00edticos Veracruz\" \/>\n<meta property=\"og:description\" content=\"Bernardo Guti\u00e9rrez ParraDesde el Caf\u00e9 De la caterva de aspirantes de la alianza PAN, PRI y PRD que andan por esos caminos de Dios tratando de juntar 150 mil firmas, uno de los requisitos para lograr la candidatura a la presidencia de la Rep\u00fablica, la lista terminar\u00e1 circunscribi\u00e9ndose a dos: Beatriz Paredes Rangel y X\u00f3chitl [&hellip;]\" \/>\n<meta property=\"og:url\" content=\"https:\/\/lospoliticosveracruz.com\/?p=109238\" \/>\n<meta property=\"og:site_name\" content=\"Los pol\u00edticos Veracruz\" \/>\n<meta property=\"article:publisher\" content=\"https:\/\/www.facebook.com\/people\/Notimemes-de-los-Polticos\/61565672886568\/\" \/>\n<meta property=\"article:published_time\" content=\"2023-07-28T03:57:45+00:00\" \/>\n<meta property=\"article:modified_time\" content=\"2023-07-28T03:57:52+00:00\" \/>\n<meta property=\"og:image\" content=\"https:\/\/lospoliticosveracruz.com\/wp-content\/uploads\/2016\/07\/Logo-Dor.jpg\" \/>\n\t<meta property=\"og:image:width\" content=\"200\" \/>\n\t<meta property=\"og:image:height\" content=\"200\" \/>\n\t<meta property=\"og:image:type\" content=\"image\/jpeg\" \/>\n<meta name=\"author\" content=\"Lo viste en Los Pol\u00edticos\" \/>\n<meta name=\"twitter:card\" content=\"summary_large_image\" \/>\n<meta name=\"twitter:creator\" content=\"@LosPoliticosVer\" \/>\n<meta name=\"twitter:site\" content=\"@LosPoliticosVer\" \/>\n<meta name=\"twitter:label1\" content=\"Escrito por\" \/>\n\t<meta name=\"twitter:data1\" content=\"Lo viste en Los Pol\u00edticos\" \/>\n\t<meta name=\"twitter:label2\" content=\"Tiempo de lectura\" \/>\n\t<meta name=\"twitter:data2\" content=\"5 minutos\" \/>\n<script type=\"application\/ld+json\" class=\"yoast-schema-graph\">{\"@context\":\"https:\\\/\\\/schema.org\",\"@graph\":[{\"@type\":\"Article\",\"@id\":\"https:\\\/\\\/lospoliticosveracruz.com\\\/?p=109238#article\",\"isPartOf\":{\"@id\":\"https:\\\/\\\/lospoliticosveracruz.com\\\/?p=109238\"},\"author\":{\"name\":\"Lo viste en Los Pol\u00edticos\",\"@id\":\"https:\\\/\\\/lospoliticosveracruz.com\\\/#\\\/schema\\\/person\\\/b8702bb0e538456e6efd07080bf2a4a2\"},\"headline\":\"BEATRIZ, X\u00d3CHITL O CLAUDIA; UNA DE TRES PARA EL 2024\",\"datePublished\":\"2023-07-28T03:57:45+00:00\",\"dateModified\":\"2023-07-28T03:57:52+00:00\",\"mainEntityOfPage\":{\"@id\":\"https:\\\/\\\/lospoliticosveracruz.com\\\/?p=109238\"},\"wordCount\":935,\"publisher\":{\"@id\":\"https:\\\/\\\/lospoliticosveracruz.com\\\/#organization\"},\"keywords\":[\"Beatriz Paredes Rangel\",\"Enrique de la Madrid\",\"Francisco Garc\u00eda Cabeza de Vaca\",\"Ignacio Loyola\",\"Miguel \u00c1ngel Mancera\",\"Santiago Creel\",\"Silvano Aureoles\"],\"articleSection\":[\"De Opini\u00f3n\"],\"inLanguage\":\"es\"},{\"@type\":\"WebPage\",\"@id\":\"https:\\\/\\\/lospoliticosveracruz.com\\\/?p=109238\",\"url\":\"https:\\\/\\\/lospoliticosveracruz.com\\\/?p=109238\",\"name\":\"BEATRIZ, X\u00d3CHITL O CLAUDIA; UNA DE TRES PARA EL 2024 - Los pol\u00edticos Veracruz\",\"isPartOf\":{\"@id\":\"https:\\\/\\\/lospoliticosveracruz.com\\\/#website\"},\"datePublished\":\"2023-07-28T03:57:45+00:00\",\"dateModified\":\"2023-07-28T03:57:52+00:00\",\"breadcrumb\":{\"@id\":\"https:\\\/\\\/lospoliticosveracruz.com\\\/?p=109238#breadcrumb\"},\"inLanguage\":\"es\",\"potentialAction\":[{\"@type\":\"ReadAction\",\"target\":[\"https:\\\/\\\/lospoliticosveracruz.com\\\/?p=109238\"]}]},{\"@type\":\"BreadcrumbList\",\"@id\":\"https:\\\/\\\/lospoliticosveracruz.com\\\/?p=109238#breadcrumb\",\"itemListElement\":[{\"@type\":\"ListItem\",\"position\":1,\"name\":\"Portada\",\"item\":\"https:\\\/\\\/lospoliticosveracruz.com\\\/\"},{\"@type\":\"ListItem\",\"position\":2,\"name\":\"BEATRIZ, X\u00d3CHITL O CLAUDIA; UNA DE TRES PARA EL 2024\"}]},{\"@type\":\"WebSite\",\"@id\":\"https:\\\/\\\/lospoliticosveracruz.com\\\/#website\",\"url\":\"https:\\\/\\\/lospoliticosveracruz.com\\\/\",\"name\":\"Los pol\u00edticos Veracruz\",\"description\":\"\",\"publisher\":{\"@id\":\"https:\\\/\\\/lospoliticosveracruz.com\\\/#organization\"},\"potentialAction\":[{\"@type\":\"SearchAction\",\"target\":{\"@type\":\"EntryPoint\",\"urlTemplate\":\"https:\\\/\\\/lospoliticosveracruz.com\\\/?s={search_term_string}\"},\"query-input\":{\"@type\":\"PropertyValueSpecification\",\"valueRequired\":true,\"valueName\":\"search_term_string\"}}],\"inLanguage\":\"es\"},{\"@type\":\"Organization\",\"@id\":\"https:\\\/\\\/lospoliticosveracruz.com\\\/#organization\",\"name\":\"Los pol\u00edticos Veracruz\",\"url\":\"https:\\\/\\\/lospoliticosveracruz.com\\\/\",\"logo\":{\"@type\":\"ImageObject\",\"inLanguage\":\"es\",\"@id\":\"https:\\\/\\\/lospoliticosveracruz.com\\\/#\\\/schema\\\/logo\\\/image\\\/\",\"url\":\"https:\\\/\\\/lospoliticosveracruz.com\\\/wp-content\\\/uploads\\\/2025\\\/12\\\/Logo-Nuevo-LOS-POLITICOS-1.jpg\",\"contentUrl\":\"https:\\\/\\\/lospoliticosveracruz.com\\\/wp-content\\\/uploads\\\/2025\\\/12\\\/Logo-Nuevo-LOS-POLITICOS-1.jpg\",\"width\":260,\"height\":70,\"caption\":\"Los pol\u00edticos Veracruz\"},\"image\":{\"@id\":\"https:\\\/\\\/lospoliticosveracruz.com\\\/#\\\/schema\\\/logo\\\/image\\\/\"},\"sameAs\":[\"https:\\\/\\\/www.facebook.com\\\/people\\\/Notimemes-de-los-Polticos\\\/61565672886568\\\/\",\"https:\\\/\\\/x.com\\\/LosPoliticosVer\"]},{\"@type\":\"Person\",\"@id\":\"https:\\\/\\\/lospoliticosveracruz.com\\\/#\\\/schema\\\/person\\\/b8702bb0e538456e6efd07080bf2a4a2\",\"name\":\"Lo viste en Los Pol\u00edticos\",\"image\":{\"@type\":\"ImageObject\",\"inLanguage\":\"es\",\"@id\":\"https:\\\/\\\/secure.gravatar.com\\\/avatar\\\/3a8de04a2656d44082be478bd6c086daa447c4651605818287b9532d3d0bd435?s=96&d=mm&r=g\",\"url\":\"https:\\\/\\\/secure.gravatar.com\\\/avatar\\\/3a8de04a2656d44082be478bd6c086daa447c4651605818287b9532d3d0bd435?s=96&d=mm&r=g\",\"contentUrl\":\"https:\\\/\\\/secure.gravatar.com\\\/avatar\\\/3a8de04a2656d44082be478bd6c086daa447c4651605818287b9532d3d0bd435?s=96&d=mm&r=g\",\"caption\":\"Lo viste en Los Pol\u00edticos\"},\"url\":\"https:\\\/\\\/lospoliticosveracruz.com\\\/?author=2\"}]}<\/script>\n<!-- \/ Yoast SEO plugin. -->","yoast_head_json":{"title":"BEATRIZ, X\u00d3CHITL O CLAUDIA; UNA DE TRES PARA EL 2024 - Los pol\u00edticos Veracruz","robots":{"index":"index","follow":"follow","max-snippet":"max-snippet:-1","max-image-preview":"max-image-preview:large","max-video-preview":"max-video-preview:-1"},"canonical":"https:\/\/lospoliticosveracruz.com\/?p=109238","og_locale":"es_ES","og_type":"article","og_title":"BEATRIZ, X\u00d3CHITL O CLAUDIA; UNA DE TRES PARA EL 2024 - Los pol\u00edticos Veracruz","og_description":"Bernardo Guti\u00e9rrez ParraDesde el Caf\u00e9 De la caterva de aspirantes de la alianza PAN, PRI y PRD que andan por esos caminos de Dios tratando de juntar 150 mil firmas, uno de los requisitos para lograr la candidatura a la presidencia de la Rep\u00fablica, la lista terminar\u00e1 circunscribi\u00e9ndose a dos: Beatriz Paredes Rangel y X\u00f3chitl [&hellip;]","og_url":"https:\/\/lospoliticosveracruz.com\/?p=109238","og_site_name":"Los pol\u00edticos Veracruz","article_publisher":"https:\/\/www.facebook.com\/people\/Notimemes-de-los-Polticos\/61565672886568\/","article_published_time":"2023-07-28T03:57:45+00:00","article_modified_time":"2023-07-28T03:57:52+00:00","og_image":[{"width":200,"height":200,"url":"https:\/\/lospoliticosveracruz.com\/wp-content\/uploads\/2016\/07\/Logo-Dor.jpg","type":"image\/jpeg"}],"author":"Lo viste en Los Pol\u00edticos","twitter_card":"summary_large_image","twitter_creator":"@LosPoliticosVer","twitter_site":"@LosPoliticosVer","twitter_misc":{"Escrito por":"Lo viste en Los Pol\u00edticos","Tiempo de lectura":"5 minutos"},"schema":{"@context":"https:\/\/schema.org","@graph":[{"@type":"Article","@id":"https:\/\/lospoliticosveracruz.com\/?p=109238#article","isPartOf":{"@id":"https:\/\/lospoliticosveracruz.com\/?p=109238"},"author":{"name":"Lo viste en Los Pol\u00edticos","@id":"https:\/\/lospoliticosveracruz.com\/#\/schema\/person\/b8702bb0e538456e6efd07080bf2a4a2"},"headline":"BEATRIZ, X\u00d3CHITL O CLAUDIA; UNA DE TRES PARA EL 2024","datePublished":"2023-07-28T03:57:45+00:00","dateModified":"2023-07-28T03:57:52+00:00","mainEntityOfPage":{"@id":"https:\/\/lospoliticosveracruz.com\/?p=109238"},"wordCount":935,"publisher":{"@id":"https:\/\/lospoliticosveracruz.com\/#organization"},"keywords":["Beatriz Paredes Rangel","Enrique de la Madrid","Francisco Garc\u00eda Cabeza de Vaca","Ignacio Loyola","Miguel \u00c1ngel Mancera","Santiago Creel","Silvano Aureoles"],"articleSection":["De Opini\u00f3n"],"inLanguage":"es"},{"@type":"WebPage","@id":"https:\/\/lospoliticosveracruz.com\/?p=109238","url":"https:\/\/lospoliticosveracruz.com\/?p=109238","name":"BEATRIZ, X\u00d3CHITL O CLAUDIA; UNA DE TRES PARA EL 2024 - Los pol\u00edticos Veracruz","isPartOf":{"@id":"https:\/\/lospoliticosveracruz.com\/#website"},"datePublished":"2023-07-28T03:57:45+00:00","dateModified":"2023-07-28T03:57:52+00:00","breadcrumb":{"@id":"https:\/\/lospoliticosveracruz.com\/?p=109238#breadcrumb"},"inLanguage":"es","potentialAction":[{"@type":"ReadAction","target":["https:\/\/lospoliticosveracruz.com\/?p=109238"]}]},{"@type":"BreadcrumbList","@id":"https:\/\/lospoliticosveracruz.com\/?p=109238#breadcrumb","itemListElement":[{"@type":"ListItem","position":1,"name":"Portada","item":"https:\/\/lospoliticosveracruz.com\/"},{"@type":"ListItem","position":2,"name":"BEATRIZ, X\u00d3CHITL O CLAUDIA; UNA DE TRES PARA EL 2024"}]},{"@type":"WebSite","@id":"https:\/\/lospoliticosveracruz.com\/#website","url":"https:\/\/lospoliticosveracruz.com\/","name":"Los pol\u00edticos Veracruz","description":"","publisher":{"@id":"https:\/\/lospoliticosveracruz.com\/#organization"},"potentialAction":[{"@type":"SearchAction","target":{"@type":"EntryPoint","urlTemplate":"https:\/\/lospoliticosveracruz.com\/?s={search_term_string}"},"query-input":{"@type":"PropertyValueSpecification","valueRequired":true,"valueName":"search_term_string"}}],"inLanguage":"es"},{"@type":"Organization","@id":"https:\/\/lospoliticosveracruz.com\/#organization","name":"Los pol\u00edticos Veracruz","url":"https:\/\/lospoliticosveracruz.com\/","logo":{"@type":"ImageObject","inLanguage":"es","@id":"https:\/\/lospoliticosveracruz.com\/#\/schema\/logo\/image\/","url":"https:\/\/lospoliticosveracruz.com\/wp-content\/uploads\/2025\/12\/Logo-Nuevo-LOS-POLITICOS-1.jpg","contentUrl":"https:\/\/lospoliticosveracruz.com\/wp-content\/uploads\/2025\/12\/Logo-Nuevo-LOS-POLITICOS-1.jpg","width":260,"height":70,"caption":"Los pol\u00edticos Veracruz"},"image":{"@id":"https:\/\/lospoliticosveracruz.com\/#\/schema\/logo\/image\/"},"sameAs":["https:\/\/www.facebook.com\/people\/Notimemes-de-los-Polticos\/61565672886568\/","https:\/\/x.com\/LosPoliticosVer"]},{"@type":"Person","@id":"https:\/\/lospoliticosveracruz.com\/#\/schema\/person\/b8702bb0e538456e6efd07080bf2a4a2","name":"Lo viste en Los Pol\u00edticos","image":{"@type":"ImageObject","inLanguage":"es","@id":"https:\/\/secure.gravatar.com\/avatar\/3a8de04a2656d44082be478bd6c086daa447c4651605818287b9532d3d0bd435?s=96&d=mm&r=g","url":"https:\/\/secure.gravatar.com\/avatar\/3a8de04a2656d44082be478bd6c086daa447c4651605818287b9532d3d0bd435?s=96&d=mm&r=g","contentUrl":"https:\/\/secure.gravatar.com\/avatar\/3a8de04a2656d44082be478bd6c086daa447c4651605818287b9532d3d0bd435?s=96&d=mm&r=g","caption":"Lo viste en Los Pol\u00edticos"},"url":"https:\/\/lospoliticosveracruz.com\/?author=2"}]}},"_links":{"self":[{"href":"https:\/\/lospoliticosveracruz.com\/index.php?rest_route=\/wp\/v2\/posts\/109238","targetHints":{"allow":["GET"]}}],"collection":[{"href":"https:\/\/lospoliticosveracruz.com\/index.php?rest_route=\/wp\/v2\/posts"}],"about":[{"href":"https:\/\/lospoliticosveracruz.com\/index.php?rest_route=\/wp\/v2\/types\/post"}],"author":[{"embeddable":true,"href":"https:\/\/lospoliticosveracruz.com\/index.php?rest_route=\/wp\/v2\/users\/2"}],"replies":[{"embeddable":true,"href":"https:\/\/lospoliticosveracruz.com\/index.php?rest_route=%2Fwp%2Fv2%2Fcomments&post=109238"}],"version-history":[{"count":1,"href":"https:\/\/lospoliticosveracruz.com\/index.php?rest_route=\/wp\/v2\/posts\/109238\/revisions"}],"predecessor-version":[{"id":109239,"href":"https:\/\/lospoliticosveracruz.com\/index.php?rest_route=\/wp\/v2\/posts\/109238\/revisions\/109239"}],"wp:attachment":[{"href":"https:\/\/lospoliticosveracruz.com\/index.php?rest_route=%2Fwp%2Fv2%2Fmedia&parent=109238"}],"wp:term":[{"taxonomy":"category","embeddable":true,"href":"https:\/\/lospoliticosveracruz.com\/index.php?rest_route=%2Fwp%2Fv2%2Fcategories&post=109238"},{"taxonomy":"post_tag","embeddable":true,"href":"https:\/\/lospoliticosveracruz.com\/index.php?rest_route=%2Fwp%2Fv2%2Ftags&post=109238"}],"curies":[{"name":"wp","href":"https:\/\/api.w.org\/{rel}","templated":true}]}}