{"id":109242,"date":"2023-07-28T08:55:00","date_gmt":"2023-07-28T13:55:00","guid":{"rendered":"https:\/\/lospoliticosveracruz.com.mx\/?p=109242"},"modified":"2023-07-28T08:29:06","modified_gmt":"2023-07-28T13:29:06","slug":"blindaje-electoral-en-desorden","status":"publish","type":"post","link":"https:\/\/lospoliticosveracruz.com\/?p=109242","title":{"rendered":"BLINDAJE ELECTORAL, EN DESORDEN"},"content":{"rendered":"\n<p><\/p>\n\n\n\n<p><br><strong>Jos\u00e9 Luis Enr\u00edquez Ambell<\/strong><br><em>Caf\u00e9 de Ma\u00f1ana<\/em><\/p>\n\n\n\n<p>El acceso a la informaci\u00f3n p\u00fablica, el combate a la corrupci\u00f3n, la transparencia de los procesos administrativos y legales en la instituciones, la conducta normada de los servidores p\u00fablicos y la rendici\u00f3n de cuentas son algunos de los elementos democr\u00e1ticos que se han venido edificando en M\u00e9xico en las recientes, al menos, cuatro d\u00e9cadas.<\/p>\n\n\n<div class=\"wp-block-image\">\n<figure class=\"alignleft size-medium\"><a href=\"https:\/\/lospoliticosveracruz.com.mx\/wp-content\/uploads\/2021\/10\/WhatsApp-Image-2021-10-02-at-15.20.25.jpeg\"><img loading=\"lazy\" decoding=\"async\" width=\"212\" height=\"300\" src=\"https:\/\/lospoliticosveracruz.com.mx\/wp-content\/uploads\/2021\/10\/WhatsApp-Image-2021-10-02-at-15.20.25-212x300.jpeg\" alt=\"\" class=\"wp-image-80177\" srcset=\"https:\/\/lospoliticosveracruz.com\/wp-content\/uploads\/2021\/10\/WhatsApp-Image-2021-10-02-at-15.20.25-212x300.jpeg 212w, https:\/\/lospoliticosveracruz.com\/wp-content\/uploads\/2021\/10\/WhatsApp-Image-2021-10-02-at-15.20.25-724x1024.jpeg 724w, https:\/\/lospoliticosveracruz.com\/wp-content\/uploads\/2021\/10\/WhatsApp-Image-2021-10-02-at-15.20.25-768x1086.jpeg 768w, https:\/\/lospoliticosveracruz.com\/wp-content\/uploads\/2021\/10\/WhatsApp-Image-2021-10-02-at-15.20.25.jpeg 905w\" sizes=\"auto, (max-width: 212px) 100vw, 212px\" \/><\/a><\/figure>\n<\/div>\n\n\n<p>Todo ello ha costado a la poblaci\u00f3n, pues se ha debido m\u00e1s al empujamiento social a que el sector gobierno en su conjunto lo haya buscado construir.<\/p>\n\n\n\n<p>Desde la concepci\u00f3n y conceptualizaci\u00f3n la transparencia, el acceso a la informaci\u00f3n y la rendici\u00f3n de cuentas en el sector p\u00fablico lleva a diversos ciclos o etapas como la planeaci\u00f3n, programaci\u00f3n, presupuestaci\u00f3n, ejercicio, seguimiento, evaluaci\u00f3n y hasta llegar a la rendici\u00f3n de cuentas, previo a la fiscalizaci\u00f3n.<\/p>\n\n\n\n<p>Y ante el m\u00e1s que evidente adelantamiento de campa\u00f1a en torno de todos, tengo la impresi\u00f3n que diversas instancias dejaron de implementar la tarea de blindaje electoral de manera s\u00f3lida y es la hora que el INE &#8211; \u00e1rbitro electoral &#8211; acaba de medio estructurar los lineamientos que sea en lo posible aplicable a los contendientes que est\u00e1n en busca de aparecer en la boleta de sufragios en el verano del 2024.<\/p>\n\n\n\n<p>Y en ese sentido, m\u00e1s extraviados andan en la Secretar\u00eda de la Funci\u00f3n P\u00fablica y Contralor\u00edas Generales en Estados del Pa\u00eds y ya ni se diga en los organismos aut\u00f3nomos y los ayuntamientos, pues nadie &#8211; visiblemente &#8211; ha hecho algo por activar el blindaje electoral o sea, \u00abel desorden normativo est\u00e1 en orden.\u00bb<\/p>\n\n\n\n<p>El cumplimiento de la normatividad en materia electoral, creo deber\u00eda llevar al \u00e1rbitro (INE) de la contienda a empezar a desmantelar hasta el m\u00e1s m\u00ednimo indicio de alteraci\u00f3n del proceso pr\u00f3ximo, y en d\u00f3nde las Contralor\u00edas federal y locales como muncipales, tienen mucha tarea que han dejado de hacer &#8211; por incapacidad o al recibir instrucciones &#8211; pero en ambos casos no ayudan en nada a seguir construyendo nuestra democracia.<\/p>\n\n\n\n<p>Los tiempos electorales se adelantaron y URGE el blindaje electoral.<\/p>\n\n\n\n<p><strong>DE SOBREMESA<\/strong><\/p>\n\n\n\n<p>La estrategia institucional de Blindaje Electoral que corresponde impulsar, promover e instalar el Gobierno Federal para fortalecer la prevenci\u00f3n, atenci\u00f3n, seguimiento y sanci\u00f3n ante posibles responsabilidades administrativas y de los delitos electorales federales, cometidos por servidoras y servidores p\u00fablicos federales, y concatenados con las Contralor\u00edas Generales de los Estados, poco o casi nada se sabe en el sentido de que se haya activado.<\/p>\n\n\n\n<p><strong>UN CAF\u00c9 CON DOBLE CARGA<\/strong><\/p>\n\n\n\n<p>La pol\u00edtica social,-m\u00e1s all\u00e1 de su efectividad,- corre el riesgo de tener un uso clientelar en lo pol\u00edtico-electoral, pues no solo ahora sino igual en otros momentos ha resultado un instrumento<br>como anillo al dedo de forma subsidiaria por el apoyo a las familias en lo rural y urbano, y con un mal uso en el combate a la pobreza, de ah\u00ed la muy necesaria limitaci\u00f3n con un blindaje previo al arranque formal del proceso venidero.<\/p>\n\n\n\n<p><strong>UN CAFE LECHERO LIGHT DIVORCIADO<\/strong><\/p>\n\n\n\n<p>Los padrones de beneficiarios son susceptibles de utilizarse con fines pol\u00edtico-electorales y por supuesto, fuera de lo social, y manipular las reglas de operaci\u00f3n formales y t\u00e9cnicamente respaldadas en la norma que deben vigilar todos los \u00f3rganos de control, pero que andan entre el extrav\u00edo y autismo oficial, pues la red que opera los programas asistenciales andan como \u00abburro sin mecate,\u00bb dicen en mi pueblo.<\/p>\n\n\n\n<p><strong>UN CAF\u00c9 PARA LLEVAR<\/strong><\/p>\n\n\n\n<p>En t\u00e9rminos de cobertura por el gobierno, el 70% de los hogares mexicanos reciben, al menos, un apoyo social; no obstante, de acuerdo con datos de la Encuesta Nacional de Empleo y Ocupaci\u00f3n (ENOE) levantada por el INEGI, se puede apreciar que s\u00f3lo 3 de cada 10 hogares en el pa\u00eds son beneficiarios de alg\u00fan programa, y esa variable d\u00f3nde andar\u00e1 ?<\/p>\n\n\n\n<p><strong>UN CAF\u00c9 CON CANELA Y PANELA<\/strong><\/p>\n\n\n\n<p>Desde las Contralor\u00edas en su conjunto tienen la atribuci\u00f3n de vigilar que los recursos humanos, materiales, financieros y todos los que emanan del sector gobierno deben ejercerse con total transparencia, incluyendo dinero presupuestado para las transferencias gubernamentales e incluye a los programas sociales, no solo a las obras y servicios, tambi\u00e9n a las acciones.<\/p>\n\n\n\n<p><strong>UN CAF\u00c9 DE OLLA DE BARRO<\/strong><\/p>\n\n\n\n<p>Estamos en el quinto a\u00f1o del sexenio y el cual es al que m\u00e1s presupuesto se ha asignado en una anualidad para programas sociales que implic\u00f3 de acuerdo al Paquete Econ\u00f3mico 2023 se le aumentar\u00e1 cerca del 20 % en relaci\u00f3n al ejercicio anterior.<\/p>\n\n\n\n<p><strong>UN CAF\u00c9 NEGRO VERACRUZANO<\/strong><\/p>\n\n\n\n<p>Y me parece que las Contralor\u00edas en lo federal, estados, municipios y organismos aut\u00f3nomos &#8211; los \u00f3rganos de control interno en su conjunto &#8211; \u00abest\u00e1n como el chinito; nom\u00e1s milando.\u00bb<\/p>\n\n\n\n<p>\u00a1 ES CUANTO !<\/p>\n\n\n\n<p>enriquezambell@gmail.com<\/p>\n","protected":false},"excerpt":{"rendered":"<p>Jos\u00e9 Luis Enr\u00edquez AmbellCaf\u00e9 de Ma\u00f1ana El acceso a la informaci\u00f3n p\u00fablica, el combate a la corrupci\u00f3n, la transparencia de los procesos administrativos y legales en la instituciones, la conducta normada de los servidores p\u00fablicos y la rendici\u00f3n de cuentas son algunos de los elementos democr\u00e1ticos que se han venido edificando en M\u00e9xico en las [&hellip;]<\/p>\n","protected":false},"author":2,"featured_media":0,"comment_status":"closed","ping_status":"closed","sticky":false,"template":"","format":"standard","meta":{"tdm_status":"","tdm_grid_status":"","footnotes":""},"categories":[70],"tags":[8383,1710],"class_list":{"0":"post-109242","1":"post","2":"type-post","3":"status-publish","4":"format-standard","6":"category-de-opinion","7":"tag-jose-luis-enriquez-ambell","8":"tag-secretaria-de-la-funcion-publica"},"yoast_head":"<!-- This site is optimized with the Yoast SEO plugin v27.4 - https:\/\/yoast.com\/product\/yoast-seo-wordpress\/ -->\n<title>BLINDAJE ELECTORAL, EN DESORDEN - Los pol\u00edticos Veracruz<\/title>\n<meta name=\"robots\" content=\"index, follow, max-snippet:-1, max-image-preview:large, max-video-preview:-1\" \/>\n<link rel=\"canonical\" href=\"https:\/\/lospoliticosveracruz.com\/?p=109242\" \/>\n<meta property=\"og:locale\" content=\"es_ES\" \/>\n<meta property=\"og:type\" content=\"article\" \/>\n<meta property=\"og:title\" content=\"BLINDAJE ELECTORAL, EN DESORDEN - Los pol\u00edticos Veracruz\" \/>\n<meta property=\"og:description\" content=\"Jos\u00e9 Luis Enr\u00edquez AmbellCaf\u00e9 de Ma\u00f1ana El acceso a la informaci\u00f3n p\u00fablica, el combate a la corrupci\u00f3n, la transparencia de los procesos administrativos y legales en la instituciones, la conducta normada de los servidores p\u00fablicos y la rendici\u00f3n de cuentas son algunos de los elementos democr\u00e1ticos que se han venido edificando en M\u00e9xico en las [&hellip;]\" \/>\n<meta property=\"og:url\" content=\"https:\/\/lospoliticosveracruz.com\/?p=109242\" \/>\n<meta property=\"og:site_name\" content=\"Los pol\u00edticos Veracruz\" \/>\n<meta property=\"article:publisher\" content=\"https:\/\/www.facebook.com\/people\/Notimemes-de-los-Polticos\/61565672886568\/\" \/>\n<meta property=\"article:published_time\" content=\"2023-07-28T13:55:00+00:00\" \/>\n<meta property=\"og:image\" content=\"https:\/\/lospoliticosveracruz.com.mx\/wp-content\/uploads\/2021\/10\/WhatsApp-Image-2021-10-02-at-15.20.25-212x300.jpeg\" \/>\n<meta name=\"author\" content=\"Lo viste en Los Pol\u00edticos\" \/>\n<meta name=\"twitter:card\" content=\"summary_large_image\" \/>\n<meta name=\"twitter:creator\" content=\"@LosPoliticosVer\" \/>\n<meta name=\"twitter:site\" content=\"@LosPoliticosVer\" \/>\n<meta name=\"twitter:label1\" content=\"Escrito por\" \/>\n\t<meta name=\"twitter:data1\" content=\"Lo viste en Los Pol\u00edticos\" \/>\n\t<meta name=\"twitter:label2\" content=\"Tiempo de lectura\" \/>\n\t<meta name=\"twitter:data2\" content=\"4 minutos\" \/>\n<script type=\"application\/ld+json\" class=\"yoast-schema-graph\">{\"@context\":\"https:\\\/\\\/schema.org\",\"@graph\":[{\"@type\":\"Article\",\"@id\":\"https:\\\/\\\/lospoliticosveracruz.com\\\/?p=109242#article\",\"isPartOf\":{\"@id\":\"https:\\\/\\\/lospoliticosveracruz.com\\\/?p=109242\"},\"author\":{\"name\":\"Lo viste en Los Pol\u00edticos\",\"@id\":\"https:\\\/\\\/lospoliticosveracruz.com\\\/#\\\/schema\\\/person\\\/b8702bb0e538456e6efd07080bf2a4a2\"},\"headline\":\"BLINDAJE ELECTORAL, EN DESORDEN\",\"datePublished\":\"2023-07-28T13:55:00+00:00\",\"mainEntityOfPage\":{\"@id\":\"https:\\\/\\\/lospoliticosveracruz.com\\\/?p=109242\"},\"wordCount\":841,\"publisher\":{\"@id\":\"https:\\\/\\\/lospoliticosveracruz.com\\\/#organization\"},\"image\":{\"@id\":\"https:\\\/\\\/lospoliticosveracruz.com\\\/?p=109242#primaryimage\"},\"thumbnailUrl\":\"https:\\\/\\\/lospoliticosveracruz.com.mx\\\/wp-content\\\/uploads\\\/2021\\\/10\\\/WhatsApp-Image-2021-10-02-at-15.20.25-212x300.jpeg\",\"keywords\":[\"Jos\u00e9 Luis Enr\u00edquez Ambell\",\"Secretar\u00eda de la Funci\u00f3n P\u00fablica\"],\"articleSection\":[\"De Opini\u00f3n\"],\"inLanguage\":\"es\"},{\"@type\":\"WebPage\",\"@id\":\"https:\\\/\\\/lospoliticosveracruz.com\\\/?p=109242\",\"url\":\"https:\\\/\\\/lospoliticosveracruz.com\\\/?p=109242\",\"name\":\"BLINDAJE ELECTORAL, EN DESORDEN - Los pol\u00edticos Veracruz\",\"isPartOf\":{\"@id\":\"https:\\\/\\\/lospoliticosveracruz.com\\\/#website\"},\"primaryImageOfPage\":{\"@id\":\"https:\\\/\\\/lospoliticosveracruz.com\\\/?p=109242#primaryimage\"},\"image\":{\"@id\":\"https:\\\/\\\/lospoliticosveracruz.com\\\/?p=109242#primaryimage\"},\"thumbnailUrl\":\"https:\\\/\\\/lospoliticosveracruz.com.mx\\\/wp-content\\\/uploads\\\/2021\\\/10\\\/WhatsApp-Image-2021-10-02-at-15.20.25-212x300.jpeg\",\"datePublished\":\"2023-07-28T13:55:00+00:00\",\"breadcrumb\":{\"@id\":\"https:\\\/\\\/lospoliticosveracruz.com\\\/?p=109242#breadcrumb\"},\"inLanguage\":\"es\",\"potentialAction\":[{\"@type\":\"ReadAction\",\"target\":[\"https:\\\/\\\/lospoliticosveracruz.com\\\/?p=109242\"]}]},{\"@type\":\"ImageObject\",\"inLanguage\":\"es\",\"@id\":\"https:\\\/\\\/lospoliticosveracruz.com\\\/?p=109242#primaryimage\",\"url\":\"https:\\\/\\\/lospoliticosveracruz.com.mx\\\/wp-content\\\/uploads\\\/2021\\\/10\\\/WhatsApp-Image-2021-10-02-at-15.20.25-212x300.jpeg\",\"contentUrl\":\"https:\\\/\\\/lospoliticosveracruz.com.mx\\\/wp-content\\\/uploads\\\/2021\\\/10\\\/WhatsApp-Image-2021-10-02-at-15.20.25-212x300.jpeg\"},{\"@type\":\"BreadcrumbList\",\"@id\":\"https:\\\/\\\/lospoliticosveracruz.com\\\/?p=109242#breadcrumb\",\"itemListElement\":[{\"@type\":\"ListItem\",\"position\":1,\"name\":\"Portada\",\"item\":\"https:\\\/\\\/lospoliticosveracruz.com\\\/\"},{\"@type\":\"ListItem\",\"position\":2,\"name\":\"BLINDAJE ELECTORAL, EN DESORDEN\"}]},{\"@type\":\"WebSite\",\"@id\":\"https:\\\/\\\/lospoliticosveracruz.com\\\/#website\",\"url\":\"https:\\\/\\\/lospoliticosveracruz.com\\\/\",\"name\":\"Los pol\u00edticos Veracruz\",\"description\":\"\",\"publisher\":{\"@id\":\"https:\\\/\\\/lospoliticosveracruz.com\\\/#organization\"},\"potentialAction\":[{\"@type\":\"SearchAction\",\"target\":{\"@type\":\"EntryPoint\",\"urlTemplate\":\"https:\\\/\\\/lospoliticosveracruz.com\\\/?s={search_term_string}\"},\"query-input\":{\"@type\":\"PropertyValueSpecification\",\"valueRequired\":true,\"valueName\":\"search_term_string\"}}],\"inLanguage\":\"es\"},{\"@type\":\"Organization\",\"@id\":\"https:\\\/\\\/lospoliticosveracruz.com\\\/#organization\",\"name\":\"Los pol\u00edticos Veracruz\",\"url\":\"https:\\\/\\\/lospoliticosveracruz.com\\\/\",\"logo\":{\"@type\":\"ImageObject\",\"inLanguage\":\"es\",\"@id\":\"https:\\\/\\\/lospoliticosveracruz.com\\\/#\\\/schema\\\/logo\\\/image\\\/\",\"url\":\"https:\\\/\\\/lospoliticosveracruz.com\\\/wp-content\\\/uploads\\\/2025\\\/12\\\/Logo-Nuevo-LOS-POLITICOS-1.jpg\",\"contentUrl\":\"https:\\\/\\\/lospoliticosveracruz.com\\\/wp-content\\\/uploads\\\/2025\\\/12\\\/Logo-Nuevo-LOS-POLITICOS-1.jpg\",\"width\":260,\"height\":70,\"caption\":\"Los pol\u00edticos Veracruz\"},\"image\":{\"@id\":\"https:\\\/\\\/lospoliticosveracruz.com\\\/#\\\/schema\\\/logo\\\/image\\\/\"},\"sameAs\":[\"https:\\\/\\\/www.facebook.com\\\/people\\\/Notimemes-de-los-Polticos\\\/61565672886568\\\/\",\"https:\\\/\\\/x.com\\\/LosPoliticosVer\"]},{\"@type\":\"Person\",\"@id\":\"https:\\\/\\\/lospoliticosveracruz.com\\\/#\\\/schema\\\/person\\\/b8702bb0e538456e6efd07080bf2a4a2\",\"name\":\"Lo viste en Los Pol\u00edticos\",\"image\":{\"@type\":\"ImageObject\",\"inLanguage\":\"es\",\"@id\":\"https:\\\/\\\/secure.gravatar.com\\\/avatar\\\/3a8de04a2656d44082be478bd6c086daa447c4651605818287b9532d3d0bd435?s=96&d=mm&r=g\",\"url\":\"https:\\\/\\\/secure.gravatar.com\\\/avatar\\\/3a8de04a2656d44082be478bd6c086daa447c4651605818287b9532d3d0bd435?s=96&d=mm&r=g\",\"contentUrl\":\"https:\\\/\\\/secure.gravatar.com\\\/avatar\\\/3a8de04a2656d44082be478bd6c086daa447c4651605818287b9532d3d0bd435?s=96&d=mm&r=g\",\"caption\":\"Lo viste en Los Pol\u00edticos\"},\"url\":\"https:\\\/\\\/lospoliticosveracruz.com\\\/?author=2\"}]}<\/script>\n<!-- \/ Yoast SEO plugin. -->","yoast_head_json":{"title":"BLINDAJE ELECTORAL, EN DESORDEN - Los pol\u00edticos Veracruz","robots":{"index":"index","follow":"follow","max-snippet":"max-snippet:-1","max-image-preview":"max-image-preview:large","max-video-preview":"max-video-preview:-1"},"canonical":"https:\/\/lospoliticosveracruz.com\/?p=109242","og_locale":"es_ES","og_type":"article","og_title":"BLINDAJE ELECTORAL, EN DESORDEN - Los pol\u00edticos Veracruz","og_description":"Jos\u00e9 Luis Enr\u00edquez AmbellCaf\u00e9 de Ma\u00f1ana El acceso a la informaci\u00f3n p\u00fablica, el combate a la corrupci\u00f3n, la transparencia de los procesos administrativos y legales en la instituciones, la conducta normada de los servidores p\u00fablicos y la rendici\u00f3n de cuentas son algunos de los elementos democr\u00e1ticos que se han venido edificando en M\u00e9xico en las [&hellip;]","og_url":"https:\/\/lospoliticosveracruz.com\/?p=109242","og_site_name":"Los pol\u00edticos Veracruz","article_publisher":"https:\/\/www.facebook.com\/people\/Notimemes-de-los-Polticos\/61565672886568\/","article_published_time":"2023-07-28T13:55:00+00:00","og_image":[{"url":"https:\/\/lospoliticosveracruz.com.mx\/wp-content\/uploads\/2021\/10\/WhatsApp-Image-2021-10-02-at-15.20.25-212x300.jpeg","type":"","width":"","height":""}],"author":"Lo viste en Los Pol\u00edticos","twitter_card":"summary_large_image","twitter_creator":"@LosPoliticosVer","twitter_site":"@LosPoliticosVer","twitter_misc":{"Escrito por":"Lo viste en Los Pol\u00edticos","Tiempo de lectura":"4 minutos"},"schema":{"@context":"https:\/\/schema.org","@graph":[{"@type":"Article","@id":"https:\/\/lospoliticosveracruz.com\/?p=109242#article","isPartOf":{"@id":"https:\/\/lospoliticosveracruz.com\/?p=109242"},"author":{"name":"Lo viste en Los Pol\u00edticos","@id":"https:\/\/lospoliticosveracruz.com\/#\/schema\/person\/b8702bb0e538456e6efd07080bf2a4a2"},"headline":"BLINDAJE ELECTORAL, EN DESORDEN","datePublished":"2023-07-28T13:55:00+00:00","mainEntityOfPage":{"@id":"https:\/\/lospoliticosveracruz.com\/?p=109242"},"wordCount":841,"publisher":{"@id":"https:\/\/lospoliticosveracruz.com\/#organization"},"image":{"@id":"https:\/\/lospoliticosveracruz.com\/?p=109242#primaryimage"},"thumbnailUrl":"https:\/\/lospoliticosveracruz.com.mx\/wp-content\/uploads\/2021\/10\/WhatsApp-Image-2021-10-02-at-15.20.25-212x300.jpeg","keywords":["Jos\u00e9 Luis Enr\u00edquez Ambell","Secretar\u00eda de la Funci\u00f3n P\u00fablica"],"articleSection":["De Opini\u00f3n"],"inLanguage":"es"},{"@type":"WebPage","@id":"https:\/\/lospoliticosveracruz.com\/?p=109242","url":"https:\/\/lospoliticosveracruz.com\/?p=109242","name":"BLINDAJE ELECTORAL, EN DESORDEN - Los pol\u00edticos Veracruz","isPartOf":{"@id":"https:\/\/lospoliticosveracruz.com\/#website"},"primaryImageOfPage":{"@id":"https:\/\/lospoliticosveracruz.com\/?p=109242#primaryimage"},"image":{"@id":"https:\/\/lospoliticosveracruz.com\/?p=109242#primaryimage"},"thumbnailUrl":"https:\/\/lospoliticosveracruz.com.mx\/wp-content\/uploads\/2021\/10\/WhatsApp-Image-2021-10-02-at-15.20.25-212x300.jpeg","datePublished":"2023-07-28T13:55:00+00:00","breadcrumb":{"@id":"https:\/\/lospoliticosveracruz.com\/?p=109242#breadcrumb"},"inLanguage":"es","potentialAction":[{"@type":"ReadAction","target":["https:\/\/lospoliticosveracruz.com\/?p=109242"]}]},{"@type":"ImageObject","inLanguage":"es","@id":"https:\/\/lospoliticosveracruz.com\/?p=109242#primaryimage","url":"https:\/\/lospoliticosveracruz.com.mx\/wp-content\/uploads\/2021\/10\/WhatsApp-Image-2021-10-02-at-15.20.25-212x300.jpeg","contentUrl":"https:\/\/lospoliticosveracruz.com.mx\/wp-content\/uploads\/2021\/10\/WhatsApp-Image-2021-10-02-at-15.20.25-212x300.jpeg"},{"@type":"BreadcrumbList","@id":"https:\/\/lospoliticosveracruz.com\/?p=109242#breadcrumb","itemListElement":[{"@type":"ListItem","position":1,"name":"Portada","item":"https:\/\/lospoliticosveracruz.com\/"},{"@type":"ListItem","position":2,"name":"BLINDAJE ELECTORAL, EN DESORDEN"}]},{"@type":"WebSite","@id":"https:\/\/lospoliticosveracruz.com\/#website","url":"https:\/\/lospoliticosveracruz.com\/","name":"Los pol\u00edticos Veracruz","description":"","publisher":{"@id":"https:\/\/lospoliticosveracruz.com\/#organization"},"potentialAction":[{"@type":"SearchAction","target":{"@type":"EntryPoint","urlTemplate":"https:\/\/lospoliticosveracruz.com\/?s={search_term_string}"},"query-input":{"@type":"PropertyValueSpecification","valueRequired":true,"valueName":"search_term_string"}}],"inLanguage":"es"},{"@type":"Organization","@id":"https:\/\/lospoliticosveracruz.com\/#organization","name":"Los pol\u00edticos Veracruz","url":"https:\/\/lospoliticosveracruz.com\/","logo":{"@type":"ImageObject","inLanguage":"es","@id":"https:\/\/lospoliticosveracruz.com\/#\/schema\/logo\/image\/","url":"https:\/\/lospoliticosveracruz.com\/wp-content\/uploads\/2025\/12\/Logo-Nuevo-LOS-POLITICOS-1.jpg","contentUrl":"https:\/\/lospoliticosveracruz.com\/wp-content\/uploads\/2025\/12\/Logo-Nuevo-LOS-POLITICOS-1.jpg","width":260,"height":70,"caption":"Los pol\u00edticos Veracruz"},"image":{"@id":"https:\/\/lospoliticosveracruz.com\/#\/schema\/logo\/image\/"},"sameAs":["https:\/\/www.facebook.com\/people\/Notimemes-de-los-Polticos\/61565672886568\/","https:\/\/x.com\/LosPoliticosVer"]},{"@type":"Person","@id":"https:\/\/lospoliticosveracruz.com\/#\/schema\/person\/b8702bb0e538456e6efd07080bf2a4a2","name":"Lo viste en Los Pol\u00edticos","image":{"@type":"ImageObject","inLanguage":"es","@id":"https:\/\/secure.gravatar.com\/avatar\/3a8de04a2656d44082be478bd6c086daa447c4651605818287b9532d3d0bd435?s=96&d=mm&r=g","url":"https:\/\/secure.gravatar.com\/avatar\/3a8de04a2656d44082be478bd6c086daa447c4651605818287b9532d3d0bd435?s=96&d=mm&r=g","contentUrl":"https:\/\/secure.gravatar.com\/avatar\/3a8de04a2656d44082be478bd6c086daa447c4651605818287b9532d3d0bd435?s=96&d=mm&r=g","caption":"Lo viste en Los Pol\u00edticos"},"url":"https:\/\/lospoliticosveracruz.com\/?author=2"}]}},"_links":{"self":[{"href":"https:\/\/lospoliticosveracruz.com\/index.php?rest_route=\/wp\/v2\/posts\/109242","targetHints":{"allow":["GET"]}}],"collection":[{"href":"https:\/\/lospoliticosveracruz.com\/index.php?rest_route=\/wp\/v2\/posts"}],"about":[{"href":"https:\/\/lospoliticosveracruz.com\/index.php?rest_route=\/wp\/v2\/types\/post"}],"author":[{"embeddable":true,"href":"https:\/\/lospoliticosveracruz.com\/index.php?rest_route=\/wp\/v2\/users\/2"}],"replies":[{"embeddable":true,"href":"https:\/\/lospoliticosveracruz.com\/index.php?rest_route=%2Fwp%2Fv2%2Fcomments&post=109242"}],"version-history":[{"count":1,"href":"https:\/\/lospoliticosveracruz.com\/index.php?rest_route=\/wp\/v2\/posts\/109242\/revisions"}],"predecessor-version":[{"id":109243,"href":"https:\/\/lospoliticosveracruz.com\/index.php?rest_route=\/wp\/v2\/posts\/109242\/revisions\/109243"}],"wp:attachment":[{"href":"https:\/\/lospoliticosveracruz.com\/index.php?rest_route=%2Fwp%2Fv2%2Fmedia&parent=109242"}],"wp:term":[{"taxonomy":"category","embeddable":true,"href":"https:\/\/lospoliticosveracruz.com\/index.php?rest_route=%2Fwp%2Fv2%2Fcategories&post=109242"},{"taxonomy":"post_tag","embeddable":true,"href":"https:\/\/lospoliticosveracruz.com\/index.php?rest_route=%2Fwp%2Fv2%2Ftags&post=109242"}],"curies":[{"name":"wp","href":"https:\/\/api.w.org\/{rel}","templated":true}]}}