{"id":109348,"date":"2023-07-30T18:32:09","date_gmt":"2023-07-30T23:32:09","guid":{"rendered":"https:\/\/lospoliticosveracruz.com.mx\/?p=109348"},"modified":"2023-07-30T18:32:14","modified_gmt":"2023-07-30T23:32:14","slug":"la-nueva-gobernabilidad-2024","status":"publish","type":"post","link":"https:\/\/lospoliticosveracruz.com\/?p=109348","title":{"rendered":"LA NUEVA GOBERNABILIDAD 2024"},"content":{"rendered":"\n<p><strong>Alberto Silva Ramos<\/strong><\/p>\n\n\n\n<p>Hace un par de a\u00f1os,&nbsp;el presidente del Gobierno Espa\u00f1ol Pedro S\u00e1nchez convoc\u00f3&nbsp;p\u00fablicamente a todos los partidos pol\u00edticos para iniciar el di\u00e1logo en busca de un acuerdo pol\u00edtico, econ\u00f3mico y social para reeditar los pactos de la Moncloa de 1977.<\/p>\n\n\n\n<p>Se trataba de la b\u00fasqueda de una nueva gobernabilidad&nbsp;postcoronavirus, que inclu\u00eda a empresarios, sindicatos, comunidades aut\u00f3nomas, diputados y ayuntamientos.<\/p>\n\n\n\n<p>Los Pactos de la Moncloa de 1977 fueron la gran apuesta del entonces Rey Juan Carlos I de Borb\u00f3n y del presidente del Gobierno Adolfo Suarez para sacar adelante una reforma pol\u00edtica de gran calado que propiciara elecciones democr\u00e1ticas tras la dictadura franquista.<\/p>\n\n\n\n<p>Estas medidas se convirtieron en ejemplo de convivencia democr\u00e1tica entre todas las fuerzas pol\u00edticas lo cual permiti\u00f3 a Espa\u00f1a iniciar el camino de la modernizaci\u00f3n que la llevar\u00eda&nbsp;mastarde a integrarse a la Uni\u00f3n europea. Para algunos se&nbsp;trato&nbsp;de una etapa traum\u00e1tica pero enormemente productiva a la vez, ya que supuso las bases del sistema laboral y social de la democracia espa\u00f1ola.<\/p>\n\n\n\n<p>En Espa\u00f1a la gran pregunta fue \u00bfunos nuevos pactos de la Moncloa? Suena bien. Se trata de lo que los polit\u00f3logos llaman el&nbsp;framing&nbsp;o lo que es lo mismo los significantes vac\u00edos es decir hay ciertas palabras que son muy \u00fatiles en la comunicaci\u00f3n pol\u00edtica porque evocan ideas con las que nadie puede estar en contra. Si hablamos de justicia, de libertad, de pactos, son palabras que dan cierta ventaja comunicativa pero que luego uno puede rellenar seg\u00fan el momento pol\u00edtico.<\/p>\n\n\n\n<p>El caso mexicano es interesante, nadie puede estar en contra de los fundamentos que rigen la cruzada del&nbsp;Presidente&nbsp;de la Rep\u00fablica. La austeridad, la soberan\u00eda energ\u00e9tica, los programas para combatir pobreza, las obras de infraestructura de gran calado, no robar, no mentir. Son conceptos universales que bajo ninguna causa generan rechazo, por el contrario.<\/p>\n\n\n\n<p>Los \u00edndices presidenciales de aprobaci\u00f3n son elocuentes de lo anterior con cifras que rondan el 65%. Sin&nbsp;embargo&nbsp;el gobierno que emerger\u00e1 de las urnas en el 2024&nbsp;debera&nbsp;rellenar con inteligencia los conceptos de la 4T y por lo que la historia y la demoscopia se\u00f1alan ser\u00e1 complejo que estos cambios puedan emanar solo del poder legislativo en el que ninguna fuerza pol\u00edtica cuente con mayor\u00eda absoluta, aun con sus aliados.<\/p>\n\n\n\n<p>Es por ello que una convocatoria amplia a la sociedad civil, empresarios partidos&nbsp;pol\u00edticos, &nbsp;organizaciones&nbsp;del campo, gobernadores, alcaldes y legisladores podr\u00eda sentar las bases de un nuevo acuerdo pol\u00edtico que reconozca que la nueva gobernabilidad del pa\u00eds ha cambiado sus claves de acceso y que una agenda donde se incorporen nuevos temas resulta fundamental para garantizar la convivencia de una naci\u00f3n tan diversa y en pleno cambio como es la nuestra.<\/p>\n\n\n\n<p>Existen en el Congreso iniciativas una de ellas presentada en&nbsp;2003 &nbsp;por&nbsp;el entonces Senador Fidel Herrera que crea la figura de Jefe de Gabinete el cual se encargar\u00eda de tejer la relaci\u00f3n con el poder legislativo y con ello sentar bases de gobernabilidad y dialogo permanente de poderes.<\/p>\n\n\n\n<p>El ambiente que encontrara el nuevo gobierno implicara una exhaustiva revisi\u00f3n&nbsp;al sistemas&nbsp;de pensiones, tributario, pero tambi\u00e9n a los retos de la seguridad&nbsp;publica, el cambio clim\u00e1tico, la inteligencia artificial y su impacto en la mano de obra, as\u00ed como la necesidad de estar mejor preparados para el impacto del&nbsp;nearshoring&nbsp;en nuestra econom\u00eda y las implicaciones de la migraci\u00f3n de centro y Sudam\u00e9rica que llegue para quedarse en M\u00e9xico.<\/p>\n\n\n\n<p>No hay que olvidar la presi\u00f3n adicional que un nuevo gobierno en el vecino del norte con una agenda de atenci\u00f3n a sus bases radicales puede traer sobre nuestra pol\u00edtica binacional.<\/p>\n\n\n\n<p>Es por ello que un Pacto de la Moncloa a la mexicana para revisar estos temas y adecuarlos a nuestro marco jur\u00eddico y a nuestra agenda pol\u00edtica puede ser viable en la b\u00fasqueda de la nueva gobernabilidad que la&nbsp;ebulliciente&nbsp;sociedad mexicana y la&nbsp;comunicad&nbsp;internacional generan y seguir\u00e1n generando.<\/p>\n\n\n\n<p>Que as\u00ed sea.<\/p>\n","protected":false},"excerpt":{"rendered":"<p>Alberto Silva Ramos Hace un par de a\u00f1os,&nbsp;el presidente del Gobierno Espa\u00f1ol Pedro S\u00e1nchez convoc\u00f3&nbsp;p\u00fablicamente a todos los partidos pol\u00edticos para iniciar el di\u00e1logo en busca de un acuerdo pol\u00edtico, econ\u00f3mico y social para reeditar los pactos de la Moncloa de 1977. Se trataba de la b\u00fasqueda de una nueva gobernabilidad&nbsp;postcoronavirus, que inclu\u00eda a empresarios, [&hellip;]<\/p>\n","protected":false},"author":2,"featured_media":0,"comment_status":"closed","ping_status":"closed","sticky":false,"template":"","format":"standard","meta":{"tdm_status":"","tdm_grid_status":"","footnotes":""},"categories":[70],"tags":[38863,38861],"class_list":{"0":"post-109348","1":"post","2":"type-post","3":"status-publish","4":"format-standard","6":"category-de-opinion","7":"tag-franquismo","8":"tag-pacto-de-moncloa"},"yoast_head":"<!-- This site is optimized with the Yoast SEO plugin v27.4 - https:\/\/yoast.com\/product\/yoast-seo-wordpress\/ -->\n<title>LA NUEVA GOBERNABILIDAD 2024 - Los pol\u00edticos Veracruz<\/title>\n<meta name=\"robots\" content=\"index, follow, max-snippet:-1, max-image-preview:large, max-video-preview:-1\" \/>\n<link rel=\"canonical\" href=\"https:\/\/lospoliticosveracruz.com\/?p=109348\" \/>\n<meta property=\"og:locale\" content=\"es_ES\" \/>\n<meta property=\"og:type\" content=\"article\" \/>\n<meta property=\"og:title\" content=\"LA NUEVA GOBERNABILIDAD 2024 - Los pol\u00edticos Veracruz\" \/>\n<meta property=\"og:description\" content=\"Alberto Silva Ramos Hace un par de a\u00f1os,&nbsp;el presidente del Gobierno Espa\u00f1ol Pedro S\u00e1nchez convoc\u00f3&nbsp;p\u00fablicamente a todos los partidos pol\u00edticos para iniciar el di\u00e1logo en busca de un acuerdo pol\u00edtico, econ\u00f3mico y social para reeditar los pactos de la Moncloa de 1977. Se trataba de la b\u00fasqueda de una nueva gobernabilidad&nbsp;postcoronavirus, que inclu\u00eda a empresarios, [&hellip;]\" \/>\n<meta property=\"og:url\" content=\"https:\/\/lospoliticosveracruz.com\/?p=109348\" \/>\n<meta property=\"og:site_name\" content=\"Los pol\u00edticos Veracruz\" \/>\n<meta property=\"article:publisher\" content=\"https:\/\/www.facebook.com\/people\/Notimemes-de-los-Polticos\/61565672886568\/\" \/>\n<meta property=\"article:published_time\" content=\"2023-07-30T23:32:09+00:00\" \/>\n<meta property=\"article:modified_time\" content=\"2023-07-30T23:32:14+00:00\" \/>\n<meta property=\"og:image\" content=\"https:\/\/lospoliticosveracruz.com\/wp-content\/uploads\/2016\/07\/Logo-Dor.jpg\" \/>\n\t<meta property=\"og:image:width\" content=\"200\" \/>\n\t<meta property=\"og:image:height\" content=\"200\" \/>\n\t<meta property=\"og:image:type\" content=\"image\/jpeg\" \/>\n<meta name=\"author\" content=\"Lo viste en Los Pol\u00edticos\" \/>\n<meta name=\"twitter:card\" content=\"summary_large_image\" \/>\n<meta name=\"twitter:creator\" content=\"@LosPoliticosVer\" \/>\n<meta name=\"twitter:site\" content=\"@LosPoliticosVer\" \/>\n<meta name=\"twitter:label1\" content=\"Escrito por\" \/>\n\t<meta name=\"twitter:data1\" content=\"Lo viste en Los Pol\u00edticos\" \/>\n\t<meta name=\"twitter:label2\" content=\"Tiempo de lectura\" \/>\n\t<meta name=\"twitter:data2\" content=\"4 minutos\" \/>\n<script type=\"application\/ld+json\" class=\"yoast-schema-graph\">{\"@context\":\"https:\\\/\\\/schema.org\",\"@graph\":[{\"@type\":\"Article\",\"@id\":\"https:\\\/\\\/lospoliticosveracruz.com\\\/?p=109348#article\",\"isPartOf\":{\"@id\":\"https:\\\/\\\/lospoliticosveracruz.com\\\/?p=109348\"},\"author\":{\"name\":\"Lo viste en Los Pol\u00edticos\",\"@id\":\"https:\\\/\\\/lospoliticosveracruz.com\\\/#\\\/schema\\\/person\\\/b8702bb0e538456e6efd07080bf2a4a2\"},\"headline\":\"LA NUEVA GOBERNABILIDAD 2024\",\"datePublished\":\"2023-07-30T23:32:09+00:00\",\"dateModified\":\"2023-07-30T23:32:14+00:00\",\"mainEntityOfPage\":{\"@id\":\"https:\\\/\\\/lospoliticosveracruz.com\\\/?p=109348\"},\"wordCount\":739,\"publisher\":{\"@id\":\"https:\\\/\\\/lospoliticosveracruz.com\\\/#organization\"},\"keywords\":[\"franquismo\",\"Pacto de Moncloa\"],\"articleSection\":[\"De Opini\u00f3n\"],\"inLanguage\":\"es\"},{\"@type\":\"WebPage\",\"@id\":\"https:\\\/\\\/lospoliticosveracruz.com\\\/?p=109348\",\"url\":\"https:\\\/\\\/lospoliticosveracruz.com\\\/?p=109348\",\"name\":\"LA NUEVA GOBERNABILIDAD 2024 - Los pol\u00edticos Veracruz\",\"isPartOf\":{\"@id\":\"https:\\\/\\\/lospoliticosveracruz.com\\\/#website\"},\"datePublished\":\"2023-07-30T23:32:09+00:00\",\"dateModified\":\"2023-07-30T23:32:14+00:00\",\"breadcrumb\":{\"@id\":\"https:\\\/\\\/lospoliticosveracruz.com\\\/?p=109348#breadcrumb\"},\"inLanguage\":\"es\",\"potentialAction\":[{\"@type\":\"ReadAction\",\"target\":[\"https:\\\/\\\/lospoliticosveracruz.com\\\/?p=109348\"]}]},{\"@type\":\"BreadcrumbList\",\"@id\":\"https:\\\/\\\/lospoliticosveracruz.com\\\/?p=109348#breadcrumb\",\"itemListElement\":[{\"@type\":\"ListItem\",\"position\":1,\"name\":\"Portada\",\"item\":\"https:\\\/\\\/lospoliticosveracruz.com\\\/\"},{\"@type\":\"ListItem\",\"position\":2,\"name\":\"LA NUEVA GOBERNABILIDAD 2024\"}]},{\"@type\":\"WebSite\",\"@id\":\"https:\\\/\\\/lospoliticosveracruz.com\\\/#website\",\"url\":\"https:\\\/\\\/lospoliticosveracruz.com\\\/\",\"name\":\"Los pol\u00edticos Veracruz\",\"description\":\"\",\"publisher\":{\"@id\":\"https:\\\/\\\/lospoliticosveracruz.com\\\/#organization\"},\"potentialAction\":[{\"@type\":\"SearchAction\",\"target\":{\"@type\":\"EntryPoint\",\"urlTemplate\":\"https:\\\/\\\/lospoliticosveracruz.com\\\/?s={search_term_string}\"},\"query-input\":{\"@type\":\"PropertyValueSpecification\",\"valueRequired\":true,\"valueName\":\"search_term_string\"}}],\"inLanguage\":\"es\"},{\"@type\":\"Organization\",\"@id\":\"https:\\\/\\\/lospoliticosveracruz.com\\\/#organization\",\"name\":\"Los pol\u00edticos Veracruz\",\"url\":\"https:\\\/\\\/lospoliticosveracruz.com\\\/\",\"logo\":{\"@type\":\"ImageObject\",\"inLanguage\":\"es\",\"@id\":\"https:\\\/\\\/lospoliticosveracruz.com\\\/#\\\/schema\\\/logo\\\/image\\\/\",\"url\":\"https:\\\/\\\/lospoliticosveracruz.com\\\/wp-content\\\/uploads\\\/2025\\\/12\\\/Logo-Nuevo-LOS-POLITICOS-1.jpg\",\"contentUrl\":\"https:\\\/\\\/lospoliticosveracruz.com\\\/wp-content\\\/uploads\\\/2025\\\/12\\\/Logo-Nuevo-LOS-POLITICOS-1.jpg\",\"width\":260,\"height\":70,\"caption\":\"Los pol\u00edticos Veracruz\"},\"image\":{\"@id\":\"https:\\\/\\\/lospoliticosveracruz.com\\\/#\\\/schema\\\/logo\\\/image\\\/\"},\"sameAs\":[\"https:\\\/\\\/www.facebook.com\\\/people\\\/Notimemes-de-los-Polticos\\\/61565672886568\\\/\",\"https:\\\/\\\/x.com\\\/LosPoliticosVer\"]},{\"@type\":\"Person\",\"@id\":\"https:\\\/\\\/lospoliticosveracruz.com\\\/#\\\/schema\\\/person\\\/b8702bb0e538456e6efd07080bf2a4a2\",\"name\":\"Lo viste en Los Pol\u00edticos\",\"image\":{\"@type\":\"ImageObject\",\"inLanguage\":\"es\",\"@id\":\"https:\\\/\\\/secure.gravatar.com\\\/avatar\\\/3a8de04a2656d44082be478bd6c086daa447c4651605818287b9532d3d0bd435?s=96&d=mm&r=g\",\"url\":\"https:\\\/\\\/secure.gravatar.com\\\/avatar\\\/3a8de04a2656d44082be478bd6c086daa447c4651605818287b9532d3d0bd435?s=96&d=mm&r=g\",\"contentUrl\":\"https:\\\/\\\/secure.gravatar.com\\\/avatar\\\/3a8de04a2656d44082be478bd6c086daa447c4651605818287b9532d3d0bd435?s=96&d=mm&r=g\",\"caption\":\"Lo viste en Los Pol\u00edticos\"},\"url\":\"https:\\\/\\\/lospoliticosveracruz.com\\\/?author=2\"}]}<\/script>\n<!-- \/ Yoast SEO plugin. -->","yoast_head_json":{"title":"LA NUEVA GOBERNABILIDAD 2024 - Los pol\u00edticos Veracruz","robots":{"index":"index","follow":"follow","max-snippet":"max-snippet:-1","max-image-preview":"max-image-preview:large","max-video-preview":"max-video-preview:-1"},"canonical":"https:\/\/lospoliticosveracruz.com\/?p=109348","og_locale":"es_ES","og_type":"article","og_title":"LA NUEVA GOBERNABILIDAD 2024 - Los pol\u00edticos Veracruz","og_description":"Alberto Silva Ramos Hace un par de a\u00f1os,&nbsp;el presidente del Gobierno Espa\u00f1ol Pedro S\u00e1nchez convoc\u00f3&nbsp;p\u00fablicamente a todos los partidos pol\u00edticos para iniciar el di\u00e1logo en busca de un acuerdo pol\u00edtico, econ\u00f3mico y social para reeditar los pactos de la Moncloa de 1977. Se trataba de la b\u00fasqueda de una nueva gobernabilidad&nbsp;postcoronavirus, que inclu\u00eda a empresarios, [&hellip;]","og_url":"https:\/\/lospoliticosveracruz.com\/?p=109348","og_site_name":"Los pol\u00edticos Veracruz","article_publisher":"https:\/\/www.facebook.com\/people\/Notimemes-de-los-Polticos\/61565672886568\/","article_published_time":"2023-07-30T23:32:09+00:00","article_modified_time":"2023-07-30T23:32:14+00:00","og_image":[{"width":200,"height":200,"url":"https:\/\/lospoliticosveracruz.com\/wp-content\/uploads\/2016\/07\/Logo-Dor.jpg","type":"image\/jpeg"}],"author":"Lo viste en Los Pol\u00edticos","twitter_card":"summary_large_image","twitter_creator":"@LosPoliticosVer","twitter_site":"@LosPoliticosVer","twitter_misc":{"Escrito por":"Lo viste en Los Pol\u00edticos","Tiempo de lectura":"4 minutos"},"schema":{"@context":"https:\/\/schema.org","@graph":[{"@type":"Article","@id":"https:\/\/lospoliticosveracruz.com\/?p=109348#article","isPartOf":{"@id":"https:\/\/lospoliticosveracruz.com\/?p=109348"},"author":{"name":"Lo viste en Los Pol\u00edticos","@id":"https:\/\/lospoliticosveracruz.com\/#\/schema\/person\/b8702bb0e538456e6efd07080bf2a4a2"},"headline":"LA NUEVA GOBERNABILIDAD 2024","datePublished":"2023-07-30T23:32:09+00:00","dateModified":"2023-07-30T23:32:14+00:00","mainEntityOfPage":{"@id":"https:\/\/lospoliticosveracruz.com\/?p=109348"},"wordCount":739,"publisher":{"@id":"https:\/\/lospoliticosveracruz.com\/#organization"},"keywords":["franquismo","Pacto de Moncloa"],"articleSection":["De Opini\u00f3n"],"inLanguage":"es"},{"@type":"WebPage","@id":"https:\/\/lospoliticosveracruz.com\/?p=109348","url":"https:\/\/lospoliticosveracruz.com\/?p=109348","name":"LA NUEVA GOBERNABILIDAD 2024 - Los pol\u00edticos Veracruz","isPartOf":{"@id":"https:\/\/lospoliticosveracruz.com\/#website"},"datePublished":"2023-07-30T23:32:09+00:00","dateModified":"2023-07-30T23:32:14+00:00","breadcrumb":{"@id":"https:\/\/lospoliticosveracruz.com\/?p=109348#breadcrumb"},"inLanguage":"es","potentialAction":[{"@type":"ReadAction","target":["https:\/\/lospoliticosveracruz.com\/?p=109348"]}]},{"@type":"BreadcrumbList","@id":"https:\/\/lospoliticosveracruz.com\/?p=109348#breadcrumb","itemListElement":[{"@type":"ListItem","position":1,"name":"Portada","item":"https:\/\/lospoliticosveracruz.com\/"},{"@type":"ListItem","position":2,"name":"LA NUEVA GOBERNABILIDAD 2024"}]},{"@type":"WebSite","@id":"https:\/\/lospoliticosveracruz.com\/#website","url":"https:\/\/lospoliticosveracruz.com\/","name":"Los pol\u00edticos Veracruz","description":"","publisher":{"@id":"https:\/\/lospoliticosveracruz.com\/#organization"},"potentialAction":[{"@type":"SearchAction","target":{"@type":"EntryPoint","urlTemplate":"https:\/\/lospoliticosveracruz.com\/?s={search_term_string}"},"query-input":{"@type":"PropertyValueSpecification","valueRequired":true,"valueName":"search_term_string"}}],"inLanguage":"es"},{"@type":"Organization","@id":"https:\/\/lospoliticosveracruz.com\/#organization","name":"Los pol\u00edticos Veracruz","url":"https:\/\/lospoliticosveracruz.com\/","logo":{"@type":"ImageObject","inLanguage":"es","@id":"https:\/\/lospoliticosveracruz.com\/#\/schema\/logo\/image\/","url":"https:\/\/lospoliticosveracruz.com\/wp-content\/uploads\/2025\/12\/Logo-Nuevo-LOS-POLITICOS-1.jpg","contentUrl":"https:\/\/lospoliticosveracruz.com\/wp-content\/uploads\/2025\/12\/Logo-Nuevo-LOS-POLITICOS-1.jpg","width":260,"height":70,"caption":"Los pol\u00edticos Veracruz"},"image":{"@id":"https:\/\/lospoliticosveracruz.com\/#\/schema\/logo\/image\/"},"sameAs":["https:\/\/www.facebook.com\/people\/Notimemes-de-los-Polticos\/61565672886568\/","https:\/\/x.com\/LosPoliticosVer"]},{"@type":"Person","@id":"https:\/\/lospoliticosveracruz.com\/#\/schema\/person\/b8702bb0e538456e6efd07080bf2a4a2","name":"Lo viste en Los Pol\u00edticos","image":{"@type":"ImageObject","inLanguage":"es","@id":"https:\/\/secure.gravatar.com\/avatar\/3a8de04a2656d44082be478bd6c086daa447c4651605818287b9532d3d0bd435?s=96&d=mm&r=g","url":"https:\/\/secure.gravatar.com\/avatar\/3a8de04a2656d44082be478bd6c086daa447c4651605818287b9532d3d0bd435?s=96&d=mm&r=g","contentUrl":"https:\/\/secure.gravatar.com\/avatar\/3a8de04a2656d44082be478bd6c086daa447c4651605818287b9532d3d0bd435?s=96&d=mm&r=g","caption":"Lo viste en Los Pol\u00edticos"},"url":"https:\/\/lospoliticosveracruz.com\/?author=2"}]}},"_links":{"self":[{"href":"https:\/\/lospoliticosveracruz.com\/index.php?rest_route=\/wp\/v2\/posts\/109348","targetHints":{"allow":["GET"]}}],"collection":[{"href":"https:\/\/lospoliticosveracruz.com\/index.php?rest_route=\/wp\/v2\/posts"}],"about":[{"href":"https:\/\/lospoliticosveracruz.com\/index.php?rest_route=\/wp\/v2\/types\/post"}],"author":[{"embeddable":true,"href":"https:\/\/lospoliticosveracruz.com\/index.php?rest_route=\/wp\/v2\/users\/2"}],"replies":[{"embeddable":true,"href":"https:\/\/lospoliticosveracruz.com\/index.php?rest_route=%2Fwp%2Fv2%2Fcomments&post=109348"}],"version-history":[{"count":1,"href":"https:\/\/lospoliticosveracruz.com\/index.php?rest_route=\/wp\/v2\/posts\/109348\/revisions"}],"predecessor-version":[{"id":109350,"href":"https:\/\/lospoliticosveracruz.com\/index.php?rest_route=\/wp\/v2\/posts\/109348\/revisions\/109350"}],"wp:attachment":[{"href":"https:\/\/lospoliticosveracruz.com\/index.php?rest_route=%2Fwp%2Fv2%2Fmedia&parent=109348"}],"wp:term":[{"taxonomy":"category","embeddable":true,"href":"https:\/\/lospoliticosveracruz.com\/index.php?rest_route=%2Fwp%2Fv2%2Fcategories&post=109348"},{"taxonomy":"post_tag","embeddable":true,"href":"https:\/\/lospoliticosveracruz.com\/index.php?rest_route=%2Fwp%2Fv2%2Ftags&post=109348"}],"curies":[{"name":"wp","href":"https:\/\/api.w.org\/{rel}","templated":true}]}}