{"id":109351,"date":"2023-07-30T20:59:09","date_gmt":"2023-07-31T01:59:09","guid":{"rendered":"https:\/\/lospoliticosveracruz.com.mx\/?p=109351"},"modified":"2023-07-30T20:59:16","modified_gmt":"2023-07-31T01:59:16","slug":"la-crisis-en-halcones-de-xalapa","status":"publish","type":"post","link":"https:\/\/lospoliticosveracruz.com\/?p=109351","title":{"rendered":"LA CRISIS EN HALCONES DE XALAPA"},"content":{"rendered":"\n<p><strong>Enrique Yasser Pompeyo<\/strong><\/p>\n\n\n\n<p><em>Mesa de Redacci\u00f3n<\/em><\/p>\n\n\n\n<p>Parecer\u00eda que entre el equipo de baloncesto Halcones de Xalapa y su dem\u00e1s personal se atraviesa por una crisis.<\/p>\n\n\n\n<p>Luego de que se revelara y se denunciara el presunto comportamiento machista, mis\u00f3gino, as\u00ed como de acoso y hostigamiento por parte del jefe del \u00e1rea de prensa del club, Israel Rivera Lara, ahora se suma la agresiva conducta de algunos de sus jugadores.<\/p>\n\n\n\n<p>Como informaron los medios de comunicaci\u00f3n, tres basquetbolistas participaron en una ri\u00f1a en el bar denominado Rep\u00fablica que se encuentra en Plaza \u00c1nimas de Xalapa.<\/p>\n\n\n\n<p>Shaquille Johnson, \u00c9dgar Garibay Padilla y un jugador m\u00e1s de apellido Thomas se vieron involucrados en una trifulca en la que otras personas resultaron lesionadas.<\/p>\n\n\n\n<p>\u00bfQu\u00e9 sucede en Halcones de Xalapa?<\/p>\n\n\n\n<p>El club deportivo, por medio de un comunicado, inform\u00f3, \u00a1sorprendentemente!, que no se les sancionar\u00e1.<\/p>\n\n\n\n<p>El \u201cgran castigo\u201d es que, como ni\u00f1os peque\u00f1os, ya no podr\u00e1n salir a los antros y se les dar\u00e1n pl\u00e1ticas sobre la no violencia y los valores.<\/p>\n\n\n\n<p>\u00bfEse es el ejemplo que dan a la sociedad? \u00bfAcaso sus directivos creen que con eso no se repetir\u00e1n hechos tan lamentables como el ocurrido este fin de semana?<\/p>\n\n\n\n<p>Por cierto, tampoco han dicho nada sobre la conducta del jefe de prensa, Israel Rivera Lara, cuyo asunto dar\u00e1 de qu\u00e9 hablar m\u00e1s adelante.<\/p>\n\n\n\n<p>\u00bfQu\u00e9 ocurre al interior de Halcones de Xalapa? Hay sospechas, dudas, interrogantes.<\/p>\n\n\n\n<p>Es lamentable y desafortunado que en un equipo deportivo sucedan estas situaciones y no haya castigos ejemplares. Parecer\u00eda, por el contrario, que solapan este tipo de conductas.<\/p>\n\n\n\n<p>Alguien tiene que aclarar y corregir, pues de otra manera, Halcones de Xalapa ser\u00e1 ejemplo de violencia, machismo y misoginia.<\/p>\n\n\n\n<p>enriquepompeyo@hotmail.com<\/p>\n","protected":false},"excerpt":{"rendered":"<p>Enrique Yasser Pompeyo Mesa de Redacci\u00f3n Parecer\u00eda que entre el equipo de baloncesto Halcones de Xalapa y su dem\u00e1s personal se atraviesa por una crisis. Luego de que se revelara y se denunciara el presunto comportamiento machista, mis\u00f3gino, as\u00ed como de acoso y hostigamiento por parte del jefe del \u00e1rea de prensa del club, Israel [&hellip;]<\/p>\n","protected":false},"author":2,"featured_media":0,"comment_status":"closed","ping_status":"closed","sticky":false,"template":"","format":"standard","meta":{"tdm_status":"","tdm_grid_status":"","footnotes":""},"categories":[70],"tags":[38865,37924,21334,38864],"class_list":{"0":"post-109351","1":"post","2":"type-post","3":"status-publish","4":"format-standard","6":"category-de-opinion","7":"tag-edgar-garibay-padilla","8":"tag-halcones-de-xalapa","9":"tag-republica","10":"tag-shaquille-johnson"},"yoast_head":"<!-- This site is optimized with the Yoast SEO plugin v27.4 - https:\/\/yoast.com\/product\/yoast-seo-wordpress\/ -->\n<title>LA CRISIS EN HALCONES DE XALAPA - Los pol\u00edticos Veracruz<\/title>\n<meta name=\"robots\" content=\"index, follow, max-snippet:-1, max-image-preview:large, max-video-preview:-1\" \/>\n<link rel=\"canonical\" href=\"https:\/\/lospoliticosveracruz.com\/?p=109351\" \/>\n<meta property=\"og:locale\" content=\"es_ES\" \/>\n<meta property=\"og:type\" content=\"article\" \/>\n<meta property=\"og:title\" content=\"LA CRISIS EN HALCONES DE XALAPA - Los pol\u00edticos Veracruz\" \/>\n<meta property=\"og:description\" content=\"Enrique Yasser Pompeyo Mesa de Redacci\u00f3n Parecer\u00eda que entre el equipo de baloncesto Halcones de Xalapa y su dem\u00e1s personal se atraviesa por una crisis. Luego de que se revelara y se denunciara el presunto comportamiento machista, mis\u00f3gino, as\u00ed como de acoso y hostigamiento por parte del jefe del \u00e1rea de prensa del club, Israel [&hellip;]\" \/>\n<meta property=\"og:url\" content=\"https:\/\/lospoliticosveracruz.com\/?p=109351\" \/>\n<meta property=\"og:site_name\" content=\"Los pol\u00edticos Veracruz\" \/>\n<meta property=\"article:publisher\" content=\"https:\/\/www.facebook.com\/people\/Notimemes-de-los-Polticos\/61565672886568\/\" \/>\n<meta property=\"article:published_time\" content=\"2023-07-31T01:59:09+00:00\" \/>\n<meta property=\"article:modified_time\" content=\"2023-07-31T01:59:16+00:00\" \/>\n<meta property=\"og:image\" content=\"https:\/\/lospoliticosveracruz.com\/wp-content\/uploads\/2016\/07\/Logo-Dor.jpg\" \/>\n\t<meta property=\"og:image:width\" content=\"200\" \/>\n\t<meta property=\"og:image:height\" content=\"200\" \/>\n\t<meta property=\"og:image:type\" content=\"image\/jpeg\" \/>\n<meta name=\"author\" content=\"Lo viste en Los Pol\u00edticos\" \/>\n<meta name=\"twitter:card\" content=\"summary_large_image\" \/>\n<meta name=\"twitter:creator\" content=\"@LosPoliticosVer\" \/>\n<meta name=\"twitter:site\" content=\"@LosPoliticosVer\" \/>\n<meta name=\"twitter:label1\" content=\"Escrito por\" \/>\n\t<meta name=\"twitter:data1\" content=\"Lo viste en Los Pol\u00edticos\" \/>\n\t<meta name=\"twitter:label2\" content=\"Tiempo de lectura\" \/>\n\t<meta name=\"twitter:data2\" content=\"1 minuto\" \/>\n<script type=\"application\/ld+json\" class=\"yoast-schema-graph\">{\"@context\":\"https:\\\/\\\/schema.org\",\"@graph\":[{\"@type\":\"Article\",\"@id\":\"https:\\\/\\\/lospoliticosveracruz.com\\\/?p=109351#article\",\"isPartOf\":{\"@id\":\"https:\\\/\\\/lospoliticosveracruz.com\\\/?p=109351\"},\"author\":{\"name\":\"Lo viste en Los Pol\u00edticos\",\"@id\":\"https:\\\/\\\/lospoliticosveracruz.com\\\/#\\\/schema\\\/person\\\/b8702bb0e538456e6efd07080bf2a4a2\"},\"headline\":\"LA CRISIS EN HALCONES DE XALAPA\",\"datePublished\":\"2023-07-31T01:59:09+00:00\",\"dateModified\":\"2023-07-31T01:59:16+00:00\",\"mainEntityOfPage\":{\"@id\":\"https:\\\/\\\/lospoliticosveracruz.com\\\/?p=109351\"},\"wordCount\":303,\"publisher\":{\"@id\":\"https:\\\/\\\/lospoliticosveracruz.com\\\/#organization\"},\"keywords\":[\"Edgar Garibay Padilla\",\"Halcones de Xalapa\",\"Rep\u00fablica\",\"Shaquille Johnson\"],\"articleSection\":[\"De Opini\u00f3n\"],\"inLanguage\":\"es\"},{\"@type\":\"WebPage\",\"@id\":\"https:\\\/\\\/lospoliticosveracruz.com\\\/?p=109351\",\"url\":\"https:\\\/\\\/lospoliticosveracruz.com\\\/?p=109351\",\"name\":\"LA CRISIS EN HALCONES DE XALAPA - Los pol\u00edticos Veracruz\",\"isPartOf\":{\"@id\":\"https:\\\/\\\/lospoliticosveracruz.com\\\/#website\"},\"datePublished\":\"2023-07-31T01:59:09+00:00\",\"dateModified\":\"2023-07-31T01:59:16+00:00\",\"breadcrumb\":{\"@id\":\"https:\\\/\\\/lospoliticosveracruz.com\\\/?p=109351#breadcrumb\"},\"inLanguage\":\"es\",\"potentialAction\":[{\"@type\":\"ReadAction\",\"target\":[\"https:\\\/\\\/lospoliticosveracruz.com\\\/?p=109351\"]}]},{\"@type\":\"BreadcrumbList\",\"@id\":\"https:\\\/\\\/lospoliticosveracruz.com\\\/?p=109351#breadcrumb\",\"itemListElement\":[{\"@type\":\"ListItem\",\"position\":1,\"name\":\"Portada\",\"item\":\"https:\\\/\\\/lospoliticosveracruz.com\\\/\"},{\"@type\":\"ListItem\",\"position\":2,\"name\":\"LA CRISIS EN HALCONES DE XALAPA\"}]},{\"@type\":\"WebSite\",\"@id\":\"https:\\\/\\\/lospoliticosveracruz.com\\\/#website\",\"url\":\"https:\\\/\\\/lospoliticosveracruz.com\\\/\",\"name\":\"Los pol\u00edticos Veracruz\",\"description\":\"\",\"publisher\":{\"@id\":\"https:\\\/\\\/lospoliticosveracruz.com\\\/#organization\"},\"potentialAction\":[{\"@type\":\"SearchAction\",\"target\":{\"@type\":\"EntryPoint\",\"urlTemplate\":\"https:\\\/\\\/lospoliticosveracruz.com\\\/?s={search_term_string}\"},\"query-input\":{\"@type\":\"PropertyValueSpecification\",\"valueRequired\":true,\"valueName\":\"search_term_string\"}}],\"inLanguage\":\"es\"},{\"@type\":\"Organization\",\"@id\":\"https:\\\/\\\/lospoliticosveracruz.com\\\/#organization\",\"name\":\"Los pol\u00edticos Veracruz\",\"url\":\"https:\\\/\\\/lospoliticosveracruz.com\\\/\",\"logo\":{\"@type\":\"ImageObject\",\"inLanguage\":\"es\",\"@id\":\"https:\\\/\\\/lospoliticosveracruz.com\\\/#\\\/schema\\\/logo\\\/image\\\/\",\"url\":\"https:\\\/\\\/lospoliticosveracruz.com\\\/wp-content\\\/uploads\\\/2025\\\/12\\\/Logo-Nuevo-LOS-POLITICOS-1.jpg\",\"contentUrl\":\"https:\\\/\\\/lospoliticosveracruz.com\\\/wp-content\\\/uploads\\\/2025\\\/12\\\/Logo-Nuevo-LOS-POLITICOS-1.jpg\",\"width\":260,\"height\":70,\"caption\":\"Los pol\u00edticos Veracruz\"},\"image\":{\"@id\":\"https:\\\/\\\/lospoliticosveracruz.com\\\/#\\\/schema\\\/logo\\\/image\\\/\"},\"sameAs\":[\"https:\\\/\\\/www.facebook.com\\\/people\\\/Notimemes-de-los-Polticos\\\/61565672886568\\\/\",\"https:\\\/\\\/x.com\\\/LosPoliticosVer\"]},{\"@type\":\"Person\",\"@id\":\"https:\\\/\\\/lospoliticosveracruz.com\\\/#\\\/schema\\\/person\\\/b8702bb0e538456e6efd07080bf2a4a2\",\"name\":\"Lo viste en Los Pol\u00edticos\",\"image\":{\"@type\":\"ImageObject\",\"inLanguage\":\"es\",\"@id\":\"https:\\\/\\\/secure.gravatar.com\\\/avatar\\\/3a8de04a2656d44082be478bd6c086daa447c4651605818287b9532d3d0bd435?s=96&d=mm&r=g\",\"url\":\"https:\\\/\\\/secure.gravatar.com\\\/avatar\\\/3a8de04a2656d44082be478bd6c086daa447c4651605818287b9532d3d0bd435?s=96&d=mm&r=g\",\"contentUrl\":\"https:\\\/\\\/secure.gravatar.com\\\/avatar\\\/3a8de04a2656d44082be478bd6c086daa447c4651605818287b9532d3d0bd435?s=96&d=mm&r=g\",\"caption\":\"Lo viste en Los Pol\u00edticos\"},\"url\":\"https:\\\/\\\/lospoliticosveracruz.com\\\/?author=2\"}]}<\/script>\n<!-- \/ Yoast SEO plugin. -->","yoast_head_json":{"title":"LA CRISIS EN HALCONES DE XALAPA - Los pol\u00edticos Veracruz","robots":{"index":"index","follow":"follow","max-snippet":"max-snippet:-1","max-image-preview":"max-image-preview:large","max-video-preview":"max-video-preview:-1"},"canonical":"https:\/\/lospoliticosveracruz.com\/?p=109351","og_locale":"es_ES","og_type":"article","og_title":"LA CRISIS EN HALCONES DE XALAPA - Los pol\u00edticos Veracruz","og_description":"Enrique Yasser Pompeyo Mesa de Redacci\u00f3n Parecer\u00eda que entre el equipo de baloncesto Halcones de Xalapa y su dem\u00e1s personal se atraviesa por una crisis. Luego de que se revelara y se denunciara el presunto comportamiento machista, mis\u00f3gino, as\u00ed como de acoso y hostigamiento por parte del jefe del \u00e1rea de prensa del club, Israel [&hellip;]","og_url":"https:\/\/lospoliticosveracruz.com\/?p=109351","og_site_name":"Los pol\u00edticos Veracruz","article_publisher":"https:\/\/www.facebook.com\/people\/Notimemes-de-los-Polticos\/61565672886568\/","article_published_time":"2023-07-31T01:59:09+00:00","article_modified_time":"2023-07-31T01:59:16+00:00","og_image":[{"width":200,"height":200,"url":"https:\/\/lospoliticosveracruz.com\/wp-content\/uploads\/2016\/07\/Logo-Dor.jpg","type":"image\/jpeg"}],"author":"Lo viste en Los Pol\u00edticos","twitter_card":"summary_large_image","twitter_creator":"@LosPoliticosVer","twitter_site":"@LosPoliticosVer","twitter_misc":{"Escrito por":"Lo viste en Los Pol\u00edticos","Tiempo de lectura":"1 minuto"},"schema":{"@context":"https:\/\/schema.org","@graph":[{"@type":"Article","@id":"https:\/\/lospoliticosveracruz.com\/?p=109351#article","isPartOf":{"@id":"https:\/\/lospoliticosveracruz.com\/?p=109351"},"author":{"name":"Lo viste en Los Pol\u00edticos","@id":"https:\/\/lospoliticosveracruz.com\/#\/schema\/person\/b8702bb0e538456e6efd07080bf2a4a2"},"headline":"LA CRISIS EN HALCONES DE XALAPA","datePublished":"2023-07-31T01:59:09+00:00","dateModified":"2023-07-31T01:59:16+00:00","mainEntityOfPage":{"@id":"https:\/\/lospoliticosveracruz.com\/?p=109351"},"wordCount":303,"publisher":{"@id":"https:\/\/lospoliticosveracruz.com\/#organization"},"keywords":["Edgar Garibay Padilla","Halcones de Xalapa","Rep\u00fablica","Shaquille Johnson"],"articleSection":["De Opini\u00f3n"],"inLanguage":"es"},{"@type":"WebPage","@id":"https:\/\/lospoliticosveracruz.com\/?p=109351","url":"https:\/\/lospoliticosveracruz.com\/?p=109351","name":"LA CRISIS EN HALCONES DE XALAPA - Los pol\u00edticos Veracruz","isPartOf":{"@id":"https:\/\/lospoliticosveracruz.com\/#website"},"datePublished":"2023-07-31T01:59:09+00:00","dateModified":"2023-07-31T01:59:16+00:00","breadcrumb":{"@id":"https:\/\/lospoliticosveracruz.com\/?p=109351#breadcrumb"},"inLanguage":"es","potentialAction":[{"@type":"ReadAction","target":["https:\/\/lospoliticosveracruz.com\/?p=109351"]}]},{"@type":"BreadcrumbList","@id":"https:\/\/lospoliticosveracruz.com\/?p=109351#breadcrumb","itemListElement":[{"@type":"ListItem","position":1,"name":"Portada","item":"https:\/\/lospoliticosveracruz.com\/"},{"@type":"ListItem","position":2,"name":"LA CRISIS EN HALCONES DE XALAPA"}]},{"@type":"WebSite","@id":"https:\/\/lospoliticosveracruz.com\/#website","url":"https:\/\/lospoliticosveracruz.com\/","name":"Los pol\u00edticos Veracruz","description":"","publisher":{"@id":"https:\/\/lospoliticosveracruz.com\/#organization"},"potentialAction":[{"@type":"SearchAction","target":{"@type":"EntryPoint","urlTemplate":"https:\/\/lospoliticosveracruz.com\/?s={search_term_string}"},"query-input":{"@type":"PropertyValueSpecification","valueRequired":true,"valueName":"search_term_string"}}],"inLanguage":"es"},{"@type":"Organization","@id":"https:\/\/lospoliticosveracruz.com\/#organization","name":"Los pol\u00edticos Veracruz","url":"https:\/\/lospoliticosveracruz.com\/","logo":{"@type":"ImageObject","inLanguage":"es","@id":"https:\/\/lospoliticosveracruz.com\/#\/schema\/logo\/image\/","url":"https:\/\/lospoliticosveracruz.com\/wp-content\/uploads\/2025\/12\/Logo-Nuevo-LOS-POLITICOS-1.jpg","contentUrl":"https:\/\/lospoliticosveracruz.com\/wp-content\/uploads\/2025\/12\/Logo-Nuevo-LOS-POLITICOS-1.jpg","width":260,"height":70,"caption":"Los pol\u00edticos Veracruz"},"image":{"@id":"https:\/\/lospoliticosveracruz.com\/#\/schema\/logo\/image\/"},"sameAs":["https:\/\/www.facebook.com\/people\/Notimemes-de-los-Polticos\/61565672886568\/","https:\/\/x.com\/LosPoliticosVer"]},{"@type":"Person","@id":"https:\/\/lospoliticosveracruz.com\/#\/schema\/person\/b8702bb0e538456e6efd07080bf2a4a2","name":"Lo viste en Los Pol\u00edticos","image":{"@type":"ImageObject","inLanguage":"es","@id":"https:\/\/secure.gravatar.com\/avatar\/3a8de04a2656d44082be478bd6c086daa447c4651605818287b9532d3d0bd435?s=96&d=mm&r=g","url":"https:\/\/secure.gravatar.com\/avatar\/3a8de04a2656d44082be478bd6c086daa447c4651605818287b9532d3d0bd435?s=96&d=mm&r=g","contentUrl":"https:\/\/secure.gravatar.com\/avatar\/3a8de04a2656d44082be478bd6c086daa447c4651605818287b9532d3d0bd435?s=96&d=mm&r=g","caption":"Lo viste en Los Pol\u00edticos"},"url":"https:\/\/lospoliticosveracruz.com\/?author=2"}]}},"_links":{"self":[{"href":"https:\/\/lospoliticosveracruz.com\/index.php?rest_route=\/wp\/v2\/posts\/109351","targetHints":{"allow":["GET"]}}],"collection":[{"href":"https:\/\/lospoliticosveracruz.com\/index.php?rest_route=\/wp\/v2\/posts"}],"about":[{"href":"https:\/\/lospoliticosveracruz.com\/index.php?rest_route=\/wp\/v2\/types\/post"}],"author":[{"embeddable":true,"href":"https:\/\/lospoliticosveracruz.com\/index.php?rest_route=\/wp\/v2\/users\/2"}],"replies":[{"embeddable":true,"href":"https:\/\/lospoliticosveracruz.com\/index.php?rest_route=%2Fwp%2Fv2%2Fcomments&post=109351"}],"version-history":[{"count":1,"href":"https:\/\/lospoliticosveracruz.com\/index.php?rest_route=\/wp\/v2\/posts\/109351\/revisions"}],"predecessor-version":[{"id":109352,"href":"https:\/\/lospoliticosveracruz.com\/index.php?rest_route=\/wp\/v2\/posts\/109351\/revisions\/109352"}],"wp:attachment":[{"href":"https:\/\/lospoliticosveracruz.com\/index.php?rest_route=%2Fwp%2Fv2%2Fmedia&parent=109351"}],"wp:term":[{"taxonomy":"category","embeddable":true,"href":"https:\/\/lospoliticosveracruz.com\/index.php?rest_route=%2Fwp%2Fv2%2Fcategories&post=109351"},{"taxonomy":"post_tag","embeddable":true,"href":"https:\/\/lospoliticosveracruz.com\/index.php?rest_route=%2Fwp%2Fv2%2Ftags&post=109351"}],"curies":[{"name":"wp","href":"https:\/\/api.w.org\/{rel}","templated":true}]}}