{"id":109436,"date":"2023-08-01T09:42:43","date_gmt":"2023-08-01T14:42:43","guid":{"rendered":"https:\/\/lospoliticosveracruz.com.mx\/?p=109436"},"modified":"2023-08-01T09:42:49","modified_gmt":"2023-08-01T14:42:49","slug":"sheinbaum-factor-de-unidad","status":"publish","type":"post","link":"https:\/\/lospoliticosveracruz.com\/?p=109436","title":{"rendered":"SHEINBAUM FACTOR DE UNIDAD"},"content":{"rendered":"\n<p><strong>Yair Ademar Dom\u00ednguez<\/strong><\/p>\n\n\n\n<p><em>Punto y Coma\u00a0<\/em><\/p>\n\n\n\n<p>A cuatro semanas de que se realice la encuesta que definir\u00e1 qui\u00e9n llevar\u00e1 la Coordinaci\u00f3n de la Defensa de la Cuarta Transformaci\u00f3n, la doctora Claudia Sheinbaum Pardo va a la cabeza. As\u00ed lo se\u00f1alan las casas encuestadoras De las Heras (42%); Berumen (35%); Votia (36%) y Mitofsky (30.9%), por encima de sus correligionarios Marcelo Ebrard, Ad\u00e1n Augusto L\u00f3pez, Gerardo Fern\u00e1ndez Noro\u00f1a, Ricardo Monreal y Manuel Velasco.<\/p>\n\n\n\n<figure class=\"wp-block-image size-large\"><a href=\"https:\/\/lospoliticosveracruz.com.mx\/wp-content\/uploads\/2016\/07\/Seguro-Julio-Cerecedo-2.jpg\"><img decoding=\"async\" src=\"https:\/\/lospoliticosveracruz.com.mx\/wp-content\/uploads\/2016\/07\/Seguro-Julio-Cerecedo-2-1024x381.jpg\" alt=\"\" class=\"wp-image-105879\"\/><\/a><\/figure>\n\n\n\n<p>Hay que destacar que la actitud de la cient\u00edfica mexicana que busca dar continuidad a la transformaci\u00f3n del pa\u00eds que inici\u00f3 el presidente Andr\u00e9s Manuel L\u00f3pez Obrador no es triunfalista ante sus compa\u00f1eros, sino de humildad, de cordialidad, de reconocimiento al esfuerzo que todos est\u00e1n realizando para crear conciencia entre la poblaci\u00f3n de la importancia de que el proyecto de naci\u00f3n contin\u00fae. As\u00ed, la doctora Sheinbaum se ha convertido en factor de unidad frente a quienes han querido ver sangre y una lucha intestina por arrebatarse el favor de la militancia.<\/p>\n\n\n\n<p>\u00bfQu\u00e9 es lo que ha querido ver la derecha opositora en esta contienda interna? Sangre, peleas internas, conflictos, arrebatos, avorazamiento pol\u00edtico, el todo por el todo. Han querido ver eso porque a eso estaban acostumbrados en el PRIAN, en donde la institucionalidad los obligaba a \u201calinearse\u201d con el personaje que designaba el gran Tlatoani de la pol\u00edtica del pa\u00eds. Hoy las cosas han cambiado y se compite con nuevas reglas, buscando en todo la voluntad de la gente, porque al pueblo nos debemos.<\/p>\n\n\n\n<p>As\u00ed, junto a esta b\u00fasqueda de la unidad interna, la doctora Sheinbaum intenta atajar la campa\u00f1a perversa de la derecha que est\u00e1 haciendo todo \u2014hasta intentando volverse humilde, sencilla, queriendo pasar como gente de nuestro pueblo\u2014 para regresar por sus fueros. No lo lograr\u00e1n, porque se van a topar con pared, con la fuerza y la decisi\u00f3n del pueblo que menospreciaron, que ningunearon hist\u00f3ricamente.<\/p>\n\n\n\n<p>En sus mensajes, insiste en la campa\u00f1a de mentiras que ha enderezado contra la 4T el Frente C\u00ednico Opositor, como bien llama a los aliados del PAN, PRI y PRD. \u201cEn los gobiernos de la 4T hay libertad de expresi\u00f3n. No se persigue la oposici\u00f3n y mucho menos se usa la violencia y la represi\u00f3n. Durante d\u00e9cadas la oposici\u00f3n ha inventado mil y una mentiras para intentar manchar y frenar nuestro movimiento y una a una han ido cayendo. Ni Andr\u00e9s Manuel L\u00f3pez Obrador fue un peligro para M\u00e9xico. Ni se rompi\u00f3 la relaci\u00f3n con Estados Unidos de Am\u00e9rica ni se le quit\u00f3 a la gente sus ahorros y propiedades, ni el peso se devalu\u00f3 ni se endeud\u00f3 al pa\u00eds. Al contrario, la econom\u00eda mexicana est\u00e1 m\u00e1s fuerte que nunca\u201d, dijo enf\u00e1tica.<\/p>\n\n\n\n<p>Pidi\u00f3 estar pendientes \u201cporque en la oposici\u00f3n est\u00e1n llenos de odio y decididos a todo, con tal de recuperar el poder que el pueblo les arrebat\u00f3 en 2018. No les servir\u00e1 todo el dinero ni las noticias falsas que tienen para enga\u00f1ar al pueblo. M\u00e9xico est\u00e1 vivo, m\u00e1s vivo que nunca. Escucha, ve y siente. El pueblo tiene cabeza y coraz\u00f3n y sabe perfectamente lo que es bueno para la naci\u00f3n\u201d e hizo un llamado a seguir trabajando con amor a M\u00e9xico, unidad y mucho patriotismo.<\/p>\n\n\n\n<p>Sus palabras, su conducci\u00f3n en esta contienda interna, su altura de miras, la ubican en toda su dimensi\u00f3n, como una mujer convencida de lo que el momento hist\u00f3rico significa para el pa\u00eds. Y s\u00ed, no vamos por un cargo, por un puesto, por una silla, vamos por la continuidad que permitir\u00e1 consolidar la transformaci\u00f3n de este gran pa\u00eds, en beneficio, \u00fanica y exclusivamente de quienes fueron olvidados por los \u00faltimos gobiernos en nuestra naci\u00f3n.<\/p>\n\n\n\n<p>*La estrategia funciona*<\/p>\n\n\n\n<p>Con datos del INEGI, el presidente Andr\u00e9s Manuel L\u00f3pez Obrador ha destacado que su estrategia de gobierno ha funcionado a la perfecci\u00f3n. En M\u00e9xico se est\u00e1 reduciendo la pobreza y se est\u00e1 disminuyendo la desigualdad social, as\u00ed lo dijo este lunes al presentar datos recientes de la instituci\u00f3n que lleva las estad\u00edsticas del pa\u00eds.&nbsp;<\/p>\n\n\n\n<p>\u201cSe ha fortalecido el peso como nunca y puedo dar otras cifras, pero poder decir que desde que estamos en el gobierno, a pesar de la pandemia, ha disminuido la pobreza y se ha reducido la desigualdad social eso es algo excepcional. Eso es un timbre de orgullo para nosotros y es algo que reafirma que la pol\u00edtica a favor de los pobres, que el humanismo mexicano, funciona\u201d.&nbsp;<\/p>\n\n\n\n<p>As\u00ed que, al lado del mandatario, los veracruzanos, que tambi\u00e9n hemos sido beneficiarios de esta ola transformadora, estamos felices, felices, felices, como lo se\u00f1al\u00f3 este lunes en su conferencia ma\u00f1anera. Y si los perros ladran, como dijera El Quijote, es se\u00f1al de que seguimos caminando.&nbsp;<\/p>\n\n\n\n<p>Comentarios: Facebook Yair Ademar Dominguez Twitter @YairAdemar<\/p>\n","protected":false},"excerpt":{"rendered":"<p>Yair Ademar Dom\u00ednguez Punto y Coma\u00a0 A cuatro semanas de que se realice la encuesta que definir\u00e1 qui\u00e9n llevar\u00e1 la Coordinaci\u00f3n de la Defensa de la Cuarta Transformaci\u00f3n, la doctora Claudia Sheinbaum Pardo va a la cabeza. As\u00ed lo se\u00f1alan las casas encuestadoras De las Heras (42%); Berumen (35%); Votia (36%) y Mitofsky (30.9%), por [&hellip;]<\/p>\n","protected":false},"author":2,"featured_media":81448,"comment_status":"closed","ping_status":"closed","sticky":false,"template":"","format":"standard","meta":{"tdm_status":"","tdm_grid_status":"","footnotes":""},"categories":[70],"tags":[9627,1026,20652],"class_list":{"0":"post-109436","1":"post","2":"type-post","3":"status-publish","4":"format-standard","5":"has-post-thumbnail","7":"category-de-opinion","8":"tag-claudia-sheinbaum","9":"tag-morena","10":"tag-yair-ademar-dominguez"},"yoast_head":"<!-- This site is optimized with the Yoast SEO plugin v27.4 - https:\/\/yoast.com\/product\/yoast-seo-wordpress\/ -->\n<title>SHEINBAUM FACTOR DE UNIDAD - Los pol\u00edticos Veracruz<\/title>\n<meta name=\"robots\" content=\"index, follow, max-snippet:-1, max-image-preview:large, max-video-preview:-1\" \/>\n<link rel=\"canonical\" href=\"https:\/\/lospoliticosveracruz.com\/?p=109436\" \/>\n<meta property=\"og:locale\" content=\"es_ES\" \/>\n<meta property=\"og:type\" content=\"article\" \/>\n<meta property=\"og:title\" content=\"SHEINBAUM FACTOR DE UNIDAD - Los pol\u00edticos Veracruz\" \/>\n<meta property=\"og:description\" content=\"Yair Ademar Dom\u00ednguez Punto y Coma\u00a0 A cuatro semanas de que se realice la encuesta que definir\u00e1 qui\u00e9n llevar\u00e1 la Coordinaci\u00f3n de la Defensa de la Cuarta Transformaci\u00f3n, la doctora Claudia Sheinbaum Pardo va a la cabeza. As\u00ed lo se\u00f1alan las casas encuestadoras De las Heras (42%); Berumen (35%); Votia (36%) y Mitofsky (30.9%), por [&hellip;]\" \/>\n<meta property=\"og:url\" content=\"https:\/\/lospoliticosveracruz.com\/?p=109436\" \/>\n<meta property=\"og:site_name\" content=\"Los pol\u00edticos Veracruz\" \/>\n<meta property=\"article:publisher\" content=\"https:\/\/www.facebook.com\/people\/Notimemes-de-los-Polticos\/61565672886568\/\" \/>\n<meta property=\"article:published_time\" content=\"2023-08-01T14:42:43+00:00\" \/>\n<meta property=\"article:modified_time\" content=\"2023-08-01T14:42:49+00:00\" \/>\n<meta property=\"og:image\" content=\"https:\/\/lospoliticosveracruz.com\/wp-content\/uploads\/2021\/11\/Claudia-Sheinbaum.jpg\" \/>\n\t<meta property=\"og:image:width\" content=\"600\" \/>\n\t<meta property=\"og:image:height\" content=\"320\" \/>\n\t<meta property=\"og:image:type\" content=\"image\/jpeg\" \/>\n<meta name=\"author\" content=\"Lo viste en Los Pol\u00edticos\" \/>\n<meta name=\"twitter:card\" content=\"summary_large_image\" \/>\n<meta name=\"twitter:creator\" content=\"@LosPoliticosVer\" \/>\n<meta name=\"twitter:site\" content=\"@LosPoliticosVer\" \/>\n<meta name=\"twitter:label1\" content=\"Escrito por\" \/>\n\t<meta name=\"twitter:data1\" content=\"Lo viste en Los Pol\u00edticos\" \/>\n\t<meta name=\"twitter:label2\" content=\"Tiempo de lectura\" \/>\n\t<meta name=\"twitter:data2\" content=\"4 minutos\" \/>\n<script type=\"application\/ld+json\" class=\"yoast-schema-graph\">{\"@context\":\"https:\\\/\\\/schema.org\",\"@graph\":[{\"@type\":\"Article\",\"@id\":\"https:\\\/\\\/lospoliticosveracruz.com\\\/?p=109436#article\",\"isPartOf\":{\"@id\":\"https:\\\/\\\/lospoliticosveracruz.com\\\/?p=109436\"},\"author\":{\"name\":\"Lo viste en Los Pol\u00edticos\",\"@id\":\"https:\\\/\\\/lospoliticosveracruz.com\\\/#\\\/schema\\\/person\\\/b8702bb0e538456e6efd07080bf2a4a2\"},\"headline\":\"SHEINBAUM FACTOR DE UNIDAD\",\"datePublished\":\"2023-08-01T14:42:43+00:00\",\"dateModified\":\"2023-08-01T14:42:49+00:00\",\"mainEntityOfPage\":{\"@id\":\"https:\\\/\\\/lospoliticosveracruz.com\\\/?p=109436\"},\"wordCount\":851,\"publisher\":{\"@id\":\"https:\\\/\\\/lospoliticosveracruz.com\\\/#organization\"},\"image\":{\"@id\":\"https:\\\/\\\/lospoliticosveracruz.com\\\/?p=109436#primaryimage\"},\"thumbnailUrl\":\"https:\\\/\\\/lospoliticosveracruz.com\\\/wp-content\\\/uploads\\\/2021\\\/11\\\/Claudia-Sheinbaum.jpg\",\"keywords\":[\"Claudia Sheinbaum\",\"Morena\",\"Yair Ademar Dom\u00ednguez\"],\"articleSection\":[\"De Opini\u00f3n\"],\"inLanguage\":\"es\"},{\"@type\":\"WebPage\",\"@id\":\"https:\\\/\\\/lospoliticosveracruz.com\\\/?p=109436\",\"url\":\"https:\\\/\\\/lospoliticosveracruz.com\\\/?p=109436\",\"name\":\"SHEINBAUM FACTOR DE UNIDAD - Los pol\u00edticos Veracruz\",\"isPartOf\":{\"@id\":\"https:\\\/\\\/lospoliticosveracruz.com\\\/#website\"},\"primaryImageOfPage\":{\"@id\":\"https:\\\/\\\/lospoliticosveracruz.com\\\/?p=109436#primaryimage\"},\"image\":{\"@id\":\"https:\\\/\\\/lospoliticosveracruz.com\\\/?p=109436#primaryimage\"},\"thumbnailUrl\":\"https:\\\/\\\/lospoliticosveracruz.com\\\/wp-content\\\/uploads\\\/2021\\\/11\\\/Claudia-Sheinbaum.jpg\",\"datePublished\":\"2023-08-01T14:42:43+00:00\",\"dateModified\":\"2023-08-01T14:42:49+00:00\",\"breadcrumb\":{\"@id\":\"https:\\\/\\\/lospoliticosveracruz.com\\\/?p=109436#breadcrumb\"},\"inLanguage\":\"es\",\"potentialAction\":[{\"@type\":\"ReadAction\",\"target\":[\"https:\\\/\\\/lospoliticosveracruz.com\\\/?p=109436\"]}]},{\"@type\":\"ImageObject\",\"inLanguage\":\"es\",\"@id\":\"https:\\\/\\\/lospoliticosveracruz.com\\\/?p=109436#primaryimage\",\"url\":\"https:\\\/\\\/lospoliticosveracruz.com\\\/wp-content\\\/uploads\\\/2021\\\/11\\\/Claudia-Sheinbaum.jpg\",\"contentUrl\":\"https:\\\/\\\/lospoliticosveracruz.com\\\/wp-content\\\/uploads\\\/2021\\\/11\\\/Claudia-Sheinbaum.jpg\",\"width\":600,\"height\":320},{\"@type\":\"BreadcrumbList\",\"@id\":\"https:\\\/\\\/lospoliticosveracruz.com\\\/?p=109436#breadcrumb\",\"itemListElement\":[{\"@type\":\"ListItem\",\"position\":1,\"name\":\"Portada\",\"item\":\"https:\\\/\\\/lospoliticosveracruz.com\\\/\"},{\"@type\":\"ListItem\",\"position\":2,\"name\":\"SHEINBAUM FACTOR DE UNIDAD\"}]},{\"@type\":\"WebSite\",\"@id\":\"https:\\\/\\\/lospoliticosveracruz.com\\\/#website\",\"url\":\"https:\\\/\\\/lospoliticosveracruz.com\\\/\",\"name\":\"Los pol\u00edticos Veracruz\",\"description\":\"\",\"publisher\":{\"@id\":\"https:\\\/\\\/lospoliticosveracruz.com\\\/#organization\"},\"potentialAction\":[{\"@type\":\"SearchAction\",\"target\":{\"@type\":\"EntryPoint\",\"urlTemplate\":\"https:\\\/\\\/lospoliticosveracruz.com\\\/?s={search_term_string}\"},\"query-input\":{\"@type\":\"PropertyValueSpecification\",\"valueRequired\":true,\"valueName\":\"search_term_string\"}}],\"inLanguage\":\"es\"},{\"@type\":\"Organization\",\"@id\":\"https:\\\/\\\/lospoliticosveracruz.com\\\/#organization\",\"name\":\"Los pol\u00edticos Veracruz\",\"url\":\"https:\\\/\\\/lospoliticosveracruz.com\\\/\",\"logo\":{\"@type\":\"ImageObject\",\"inLanguage\":\"es\",\"@id\":\"https:\\\/\\\/lospoliticosveracruz.com\\\/#\\\/schema\\\/logo\\\/image\\\/\",\"url\":\"https:\\\/\\\/lospoliticosveracruz.com\\\/wp-content\\\/uploads\\\/2025\\\/12\\\/Logo-Nuevo-LOS-POLITICOS-1.jpg\",\"contentUrl\":\"https:\\\/\\\/lospoliticosveracruz.com\\\/wp-content\\\/uploads\\\/2025\\\/12\\\/Logo-Nuevo-LOS-POLITICOS-1.jpg\",\"width\":260,\"height\":70,\"caption\":\"Los pol\u00edticos Veracruz\"},\"image\":{\"@id\":\"https:\\\/\\\/lospoliticosveracruz.com\\\/#\\\/schema\\\/logo\\\/image\\\/\"},\"sameAs\":[\"https:\\\/\\\/www.facebook.com\\\/people\\\/Notimemes-de-los-Polticos\\\/61565672886568\\\/\",\"https:\\\/\\\/x.com\\\/LosPoliticosVer\"]},{\"@type\":\"Person\",\"@id\":\"https:\\\/\\\/lospoliticosveracruz.com\\\/#\\\/schema\\\/person\\\/b8702bb0e538456e6efd07080bf2a4a2\",\"name\":\"Lo viste en Los Pol\u00edticos\",\"image\":{\"@type\":\"ImageObject\",\"inLanguage\":\"es\",\"@id\":\"https:\\\/\\\/secure.gravatar.com\\\/avatar\\\/3a8de04a2656d44082be478bd6c086daa447c4651605818287b9532d3d0bd435?s=96&d=mm&r=g\",\"url\":\"https:\\\/\\\/secure.gravatar.com\\\/avatar\\\/3a8de04a2656d44082be478bd6c086daa447c4651605818287b9532d3d0bd435?s=96&d=mm&r=g\",\"contentUrl\":\"https:\\\/\\\/secure.gravatar.com\\\/avatar\\\/3a8de04a2656d44082be478bd6c086daa447c4651605818287b9532d3d0bd435?s=96&d=mm&r=g\",\"caption\":\"Lo viste en Los Pol\u00edticos\"},\"url\":\"https:\\\/\\\/lospoliticosveracruz.com\\\/?author=2\"}]}<\/script>\n<!-- \/ Yoast SEO plugin. -->","yoast_head_json":{"title":"SHEINBAUM FACTOR DE UNIDAD - Los pol\u00edticos Veracruz","robots":{"index":"index","follow":"follow","max-snippet":"max-snippet:-1","max-image-preview":"max-image-preview:large","max-video-preview":"max-video-preview:-1"},"canonical":"https:\/\/lospoliticosveracruz.com\/?p=109436","og_locale":"es_ES","og_type":"article","og_title":"SHEINBAUM FACTOR DE UNIDAD - Los pol\u00edticos Veracruz","og_description":"Yair Ademar Dom\u00ednguez Punto y Coma\u00a0 A cuatro semanas de que se realice la encuesta que definir\u00e1 qui\u00e9n llevar\u00e1 la Coordinaci\u00f3n de la Defensa de la Cuarta Transformaci\u00f3n, la doctora Claudia Sheinbaum Pardo va a la cabeza. As\u00ed lo se\u00f1alan las casas encuestadoras De las Heras (42%); Berumen (35%); Votia (36%) y Mitofsky (30.9%), por [&hellip;]","og_url":"https:\/\/lospoliticosveracruz.com\/?p=109436","og_site_name":"Los pol\u00edticos Veracruz","article_publisher":"https:\/\/www.facebook.com\/people\/Notimemes-de-los-Polticos\/61565672886568\/","article_published_time":"2023-08-01T14:42:43+00:00","article_modified_time":"2023-08-01T14:42:49+00:00","og_image":[{"width":600,"height":320,"url":"https:\/\/lospoliticosveracruz.com\/wp-content\/uploads\/2021\/11\/Claudia-Sheinbaum.jpg","type":"image\/jpeg"}],"author":"Lo viste en Los Pol\u00edticos","twitter_card":"summary_large_image","twitter_creator":"@LosPoliticosVer","twitter_site":"@LosPoliticosVer","twitter_misc":{"Escrito por":"Lo viste en Los Pol\u00edticos","Tiempo de lectura":"4 minutos"},"schema":{"@context":"https:\/\/schema.org","@graph":[{"@type":"Article","@id":"https:\/\/lospoliticosveracruz.com\/?p=109436#article","isPartOf":{"@id":"https:\/\/lospoliticosveracruz.com\/?p=109436"},"author":{"name":"Lo viste en Los Pol\u00edticos","@id":"https:\/\/lospoliticosveracruz.com\/#\/schema\/person\/b8702bb0e538456e6efd07080bf2a4a2"},"headline":"SHEINBAUM FACTOR DE UNIDAD","datePublished":"2023-08-01T14:42:43+00:00","dateModified":"2023-08-01T14:42:49+00:00","mainEntityOfPage":{"@id":"https:\/\/lospoliticosveracruz.com\/?p=109436"},"wordCount":851,"publisher":{"@id":"https:\/\/lospoliticosveracruz.com\/#organization"},"image":{"@id":"https:\/\/lospoliticosveracruz.com\/?p=109436#primaryimage"},"thumbnailUrl":"https:\/\/lospoliticosveracruz.com\/wp-content\/uploads\/2021\/11\/Claudia-Sheinbaum.jpg","keywords":["Claudia Sheinbaum","Morena","Yair Ademar Dom\u00ednguez"],"articleSection":["De Opini\u00f3n"],"inLanguage":"es"},{"@type":"WebPage","@id":"https:\/\/lospoliticosveracruz.com\/?p=109436","url":"https:\/\/lospoliticosveracruz.com\/?p=109436","name":"SHEINBAUM FACTOR DE UNIDAD - Los pol\u00edticos Veracruz","isPartOf":{"@id":"https:\/\/lospoliticosveracruz.com\/#website"},"primaryImageOfPage":{"@id":"https:\/\/lospoliticosveracruz.com\/?p=109436#primaryimage"},"image":{"@id":"https:\/\/lospoliticosveracruz.com\/?p=109436#primaryimage"},"thumbnailUrl":"https:\/\/lospoliticosveracruz.com\/wp-content\/uploads\/2021\/11\/Claudia-Sheinbaum.jpg","datePublished":"2023-08-01T14:42:43+00:00","dateModified":"2023-08-01T14:42:49+00:00","breadcrumb":{"@id":"https:\/\/lospoliticosveracruz.com\/?p=109436#breadcrumb"},"inLanguage":"es","potentialAction":[{"@type":"ReadAction","target":["https:\/\/lospoliticosveracruz.com\/?p=109436"]}]},{"@type":"ImageObject","inLanguage":"es","@id":"https:\/\/lospoliticosveracruz.com\/?p=109436#primaryimage","url":"https:\/\/lospoliticosveracruz.com\/wp-content\/uploads\/2021\/11\/Claudia-Sheinbaum.jpg","contentUrl":"https:\/\/lospoliticosveracruz.com\/wp-content\/uploads\/2021\/11\/Claudia-Sheinbaum.jpg","width":600,"height":320},{"@type":"BreadcrumbList","@id":"https:\/\/lospoliticosveracruz.com\/?p=109436#breadcrumb","itemListElement":[{"@type":"ListItem","position":1,"name":"Portada","item":"https:\/\/lospoliticosveracruz.com\/"},{"@type":"ListItem","position":2,"name":"SHEINBAUM FACTOR DE UNIDAD"}]},{"@type":"WebSite","@id":"https:\/\/lospoliticosveracruz.com\/#website","url":"https:\/\/lospoliticosveracruz.com\/","name":"Los pol\u00edticos Veracruz","description":"","publisher":{"@id":"https:\/\/lospoliticosveracruz.com\/#organization"},"potentialAction":[{"@type":"SearchAction","target":{"@type":"EntryPoint","urlTemplate":"https:\/\/lospoliticosveracruz.com\/?s={search_term_string}"},"query-input":{"@type":"PropertyValueSpecification","valueRequired":true,"valueName":"search_term_string"}}],"inLanguage":"es"},{"@type":"Organization","@id":"https:\/\/lospoliticosveracruz.com\/#organization","name":"Los pol\u00edticos Veracruz","url":"https:\/\/lospoliticosveracruz.com\/","logo":{"@type":"ImageObject","inLanguage":"es","@id":"https:\/\/lospoliticosveracruz.com\/#\/schema\/logo\/image\/","url":"https:\/\/lospoliticosveracruz.com\/wp-content\/uploads\/2025\/12\/Logo-Nuevo-LOS-POLITICOS-1.jpg","contentUrl":"https:\/\/lospoliticosveracruz.com\/wp-content\/uploads\/2025\/12\/Logo-Nuevo-LOS-POLITICOS-1.jpg","width":260,"height":70,"caption":"Los pol\u00edticos Veracruz"},"image":{"@id":"https:\/\/lospoliticosveracruz.com\/#\/schema\/logo\/image\/"},"sameAs":["https:\/\/www.facebook.com\/people\/Notimemes-de-los-Polticos\/61565672886568\/","https:\/\/x.com\/LosPoliticosVer"]},{"@type":"Person","@id":"https:\/\/lospoliticosveracruz.com\/#\/schema\/person\/b8702bb0e538456e6efd07080bf2a4a2","name":"Lo viste en Los Pol\u00edticos","image":{"@type":"ImageObject","inLanguage":"es","@id":"https:\/\/secure.gravatar.com\/avatar\/3a8de04a2656d44082be478bd6c086daa447c4651605818287b9532d3d0bd435?s=96&d=mm&r=g","url":"https:\/\/secure.gravatar.com\/avatar\/3a8de04a2656d44082be478bd6c086daa447c4651605818287b9532d3d0bd435?s=96&d=mm&r=g","contentUrl":"https:\/\/secure.gravatar.com\/avatar\/3a8de04a2656d44082be478bd6c086daa447c4651605818287b9532d3d0bd435?s=96&d=mm&r=g","caption":"Lo viste en Los Pol\u00edticos"},"url":"https:\/\/lospoliticosveracruz.com\/?author=2"}]}},"_links":{"self":[{"href":"https:\/\/lospoliticosveracruz.com\/index.php?rest_route=\/wp\/v2\/posts\/109436","targetHints":{"allow":["GET"]}}],"collection":[{"href":"https:\/\/lospoliticosveracruz.com\/index.php?rest_route=\/wp\/v2\/posts"}],"about":[{"href":"https:\/\/lospoliticosveracruz.com\/index.php?rest_route=\/wp\/v2\/types\/post"}],"author":[{"embeddable":true,"href":"https:\/\/lospoliticosveracruz.com\/index.php?rest_route=\/wp\/v2\/users\/2"}],"replies":[{"embeddable":true,"href":"https:\/\/lospoliticosveracruz.com\/index.php?rest_route=%2Fwp%2Fv2%2Fcomments&post=109436"}],"version-history":[{"count":1,"href":"https:\/\/lospoliticosveracruz.com\/index.php?rest_route=\/wp\/v2\/posts\/109436\/revisions"}],"predecessor-version":[{"id":109437,"href":"https:\/\/lospoliticosveracruz.com\/index.php?rest_route=\/wp\/v2\/posts\/109436\/revisions\/109437"}],"wp:featuredmedia":[{"embeddable":true,"href":"https:\/\/lospoliticosveracruz.com\/index.php?rest_route=\/wp\/v2\/media\/81448"}],"wp:attachment":[{"href":"https:\/\/lospoliticosveracruz.com\/index.php?rest_route=%2Fwp%2Fv2%2Fmedia&parent=109436"}],"wp:term":[{"taxonomy":"category","embeddable":true,"href":"https:\/\/lospoliticosveracruz.com\/index.php?rest_route=%2Fwp%2Fv2%2Fcategories&post=109436"},{"taxonomy":"post_tag","embeddable":true,"href":"https:\/\/lospoliticosveracruz.com\/index.php?rest_route=%2Fwp%2Fv2%2Ftags&post=109436"}],"curies":[{"name":"wp","href":"https:\/\/api.w.org\/{rel}","templated":true}]}}