{"id":109442,"date":"2023-08-01T10:54:26","date_gmt":"2023-08-01T15:54:26","guid":{"rendered":"https:\/\/lospoliticosveracruz.com.mx\/?p=109442"},"modified":"2023-08-01T10:54:34","modified_gmt":"2023-08-01T15:54:34","slug":"banbienestar-para-todos","status":"publish","type":"post","link":"https:\/\/lospoliticosveracruz.com\/?p=109442","title":{"rendered":"BANBIENESTAR PARA TODOS!"},"content":{"rendered":"\n<p><\/p>\n\n\n\n<p>Este mes se cumplir\u00e1 la meta de tener en operaci\u00f3n las 253 sucursales del Banco de Bienestar en territorio veracruzano, afirm\u00f3 el Delegado de Bienestar, Manuel Huerta quien destac\u00f3 que este es uno de los principales retos y objetivos del Gobierno de M\u00e9xico para beneficiar a miles de familias que tendr\u00e1n cerca de su comunidad una banca segura, confiable y honesta.<\/p>\n\n\n\n<p>El Delegado de Bienestar destac\u00f3 que al mismo tiempo avanzan a tambor batiente los operativos de los Programas Sociales en Veracruz, con el pago de pensiones, entrega de tarjetas y dem\u00e1s actividades para los beneficiarios.<\/p>\n\n\n\n<p>Manuel Huerta celebr\u00f3 que todas las sucursales prometidas ya cuentan con autorizaci\u00f3n para su operaci\u00f3n, mientras que 236 bancos ya est\u00e1n en operaci\u00f3n a lo largo y ancho del territorio, restando 17 por construirse, todas ellas ubicadas de manera estrat\u00e9gica para el f\u00e1cil acceso de los beneficiarios de los programas sociales y la poblaci\u00f3n en general.<\/p>\n\n\n\n<p>Coment\u00f3 tambi\u00e9n que durante la presente semana se celebrar\u00e1n las asambleas para la instalaci\u00f3n de los comit\u00e9s del Bienestar, cuya funci\u00f3n es brindar una atenci\u00f3n eficaz a los usuarios del Banco del Bienestar.<\/p>\n\n\n\n<p>El representante del Gobierno de M\u00e9xico se refiri\u00f3 tambi\u00e9n a los operativos de atenci\u00f3n a beneficiarios de los Programas Sociales, a lo que reiter\u00f3 que est\u00e1 a punto de completarse el pago asistido a los adultos mayores, presentando un avance del 98.6 por ciento, es decir se ha pagado a 222 mil 670 personas quedando pendientes tan solo 5 mil 718.<\/p>\n\n\n\n<p>Respecto a la bancarizaci\u00f3n de este programa a trav\u00e9s de la entrega de tarjetas del Bienestar para esta poblaci\u00f3n, inform\u00f3 que durante los pagos asistidos se entregaron 220 mil 120 tarjetas a los adultos mayores, quedando pendientes 2 mil 232, representando esto un avance del 99 por ciento.<\/p>\n\n\n\n<p>Sobre la misma din\u00e1mica de pago, ahora para las personas con discapacidad, destac\u00f3 que durante dichos operativos se pag\u00f3 a 31 mil 642 beneficiarios, restando \u00fanicamente 956 que no asistieron por su pago.<\/p>\n\n\n\n<p>Al comentar sobre los operativos de incorporaci\u00f3n de las personas con discapacidad que concluyeron el d\u00eda de ayer, celebr\u00f3 el avance de 104 por ciento lo que significa que de una meta inicial de 65 mil 579 incorporaciones, se logr\u00f3 inscribir a 68 mil 103.<\/p>\n\n\n\n<p>Respecto a la entrega de fertilizante gratuito a los m\u00e1s de 75 mil productores beneficiarios de \u201cSembrando Vida\u201d, inform\u00f3 que hay un avance de 71.5 por ciento, lo que quiere decir que de un universo de 75 mil 512 productores, 53 mil 960 ya recibieron su fertilizante.<\/p>\n\n\n\n<p>Finalmente, el Delegado inform\u00f3 que a partir de agosto se entregar\u00e1n avisos a todos los que pagaron en tiempo y forma su Tanda del Bienestar, pues iniciar\u00e1 otro periodo de entrega con una meta inicial de 17 mil 484 cr\u00e9ditos.<\/p>\n\n\n\n<p><\/p>\n","protected":false},"excerpt":{"rendered":"<p>Este mes se cumplir\u00e1 la meta de tener en operaci\u00f3n las 253 sucursales del Banco de Bienestar en territorio veracruzano, afirm\u00f3 el Delegado de Bienestar, Manuel Huerta quien destac\u00f3 que este es uno de los principales retos y objetivos del Gobierno de M\u00e9xico para beneficiar a miles de familias que tendr\u00e1n cerca de su comunidad [&hellip;]<\/p>\n","protected":false},"author":2,"featured_media":0,"comment_status":"closed","ping_status":"closed","sticky":false,"template":"","format":"standard","meta":{"tdm_status":"","tdm_grid_status":"","footnotes":""},"categories":[1],"tags":[16091,17020,1850],"class_list":{"0":"post-109442","1":"post","2":"type-post","3":"status-publish","4":"format-standard","6":"category-sin-categoria","7":"tag-banco-del-bienestar","8":"tag-bienestar","9":"tag-manuel-huerta-ladron-de-guevara"},"yoast_head":"<!-- This site is optimized with the Yoast SEO plugin v27.4 - https:\/\/yoast.com\/product\/yoast-seo-wordpress\/ -->\n<title>BANBIENESTAR PARA TODOS! - Los pol\u00edticos Veracruz<\/title>\n<meta name=\"robots\" content=\"index, follow, max-snippet:-1, max-image-preview:large, max-video-preview:-1\" \/>\n<link rel=\"canonical\" href=\"https:\/\/lospoliticosveracruz.com\/?p=109442\" \/>\n<meta property=\"og:locale\" content=\"es_ES\" \/>\n<meta property=\"og:type\" content=\"article\" \/>\n<meta property=\"og:title\" content=\"BANBIENESTAR PARA TODOS! - Los pol\u00edticos Veracruz\" \/>\n<meta property=\"og:description\" content=\"Este mes se cumplir\u00e1 la meta de tener en operaci\u00f3n las 253 sucursales del Banco de Bienestar en territorio veracruzano, afirm\u00f3 el Delegado de Bienestar, Manuel Huerta quien destac\u00f3 que este es uno de los principales retos y objetivos del Gobierno de M\u00e9xico para beneficiar a miles de familias que tendr\u00e1n cerca de su comunidad [&hellip;]\" \/>\n<meta property=\"og:url\" content=\"https:\/\/lospoliticosveracruz.com\/?p=109442\" \/>\n<meta property=\"og:site_name\" content=\"Los pol\u00edticos Veracruz\" \/>\n<meta property=\"article:publisher\" content=\"https:\/\/www.facebook.com\/people\/Notimemes-de-los-Polticos\/61565672886568\/\" \/>\n<meta property=\"article:published_time\" content=\"2023-08-01T15:54:26+00:00\" \/>\n<meta property=\"article:modified_time\" content=\"2023-08-01T15:54:34+00:00\" \/>\n<meta property=\"og:image\" content=\"https:\/\/lospoliticosveracruz.com\/wp-content\/uploads\/2016\/07\/Logo-Dor.jpg\" \/>\n\t<meta property=\"og:image:width\" content=\"200\" \/>\n\t<meta property=\"og:image:height\" content=\"200\" \/>\n\t<meta property=\"og:image:type\" content=\"image\/jpeg\" \/>\n<meta name=\"author\" content=\"Lo viste en Los Pol\u00edticos\" \/>\n<meta name=\"twitter:card\" content=\"summary_large_image\" \/>\n<meta name=\"twitter:creator\" content=\"@LosPoliticosVer\" \/>\n<meta name=\"twitter:site\" content=\"@LosPoliticosVer\" \/>\n<meta name=\"twitter:label1\" content=\"Escrito por\" \/>\n\t<meta name=\"twitter:data1\" content=\"Lo viste en Los Pol\u00edticos\" \/>\n\t<meta name=\"twitter:label2\" content=\"Tiempo de lectura\" \/>\n\t<meta name=\"twitter:data2\" content=\"2 minutos\" \/>\n<script type=\"application\/ld+json\" class=\"yoast-schema-graph\">{\"@context\":\"https:\\\/\\\/schema.org\",\"@graph\":[{\"@type\":\"Article\",\"@id\":\"https:\\\/\\\/lospoliticosveracruz.com\\\/?p=109442#article\",\"isPartOf\":{\"@id\":\"https:\\\/\\\/lospoliticosveracruz.com\\\/?p=109442\"},\"author\":{\"name\":\"Lo viste en Los Pol\u00edticos\",\"@id\":\"https:\\\/\\\/lospoliticosveracruz.com\\\/#\\\/schema\\\/person\\\/b8702bb0e538456e6efd07080bf2a4a2\"},\"headline\":\"BANBIENESTAR PARA TODOS!\",\"datePublished\":\"2023-08-01T15:54:26+00:00\",\"dateModified\":\"2023-08-01T15:54:34+00:00\",\"mainEntityOfPage\":{\"@id\":\"https:\\\/\\\/lospoliticosveracruz.com\\\/?p=109442\"},\"wordCount\":462,\"publisher\":{\"@id\":\"https:\\\/\\\/lospoliticosveracruz.com\\\/#organization\"},\"keywords\":[\"Banco del Bienestar\",\"Bienestar\",\"Manuel Huerta Ladr\u00f3n de Guevara\"],\"inLanguage\":\"es\"},{\"@type\":\"WebPage\",\"@id\":\"https:\\\/\\\/lospoliticosveracruz.com\\\/?p=109442\",\"url\":\"https:\\\/\\\/lospoliticosveracruz.com\\\/?p=109442\",\"name\":\"BANBIENESTAR PARA TODOS! - Los pol\u00edticos Veracruz\",\"isPartOf\":{\"@id\":\"https:\\\/\\\/lospoliticosveracruz.com\\\/#website\"},\"datePublished\":\"2023-08-01T15:54:26+00:00\",\"dateModified\":\"2023-08-01T15:54:34+00:00\",\"breadcrumb\":{\"@id\":\"https:\\\/\\\/lospoliticosveracruz.com\\\/?p=109442#breadcrumb\"},\"inLanguage\":\"es\",\"potentialAction\":[{\"@type\":\"ReadAction\",\"target\":[\"https:\\\/\\\/lospoliticosveracruz.com\\\/?p=109442\"]}]},{\"@type\":\"BreadcrumbList\",\"@id\":\"https:\\\/\\\/lospoliticosveracruz.com\\\/?p=109442#breadcrumb\",\"itemListElement\":[{\"@type\":\"ListItem\",\"position\":1,\"name\":\"Portada\",\"item\":\"https:\\\/\\\/lospoliticosveracruz.com\\\/\"},{\"@type\":\"ListItem\",\"position\":2,\"name\":\"BANBIENESTAR PARA TODOS!\"}]},{\"@type\":\"WebSite\",\"@id\":\"https:\\\/\\\/lospoliticosveracruz.com\\\/#website\",\"url\":\"https:\\\/\\\/lospoliticosveracruz.com\\\/\",\"name\":\"Los pol\u00edticos Veracruz\",\"description\":\"\",\"publisher\":{\"@id\":\"https:\\\/\\\/lospoliticosveracruz.com\\\/#organization\"},\"potentialAction\":[{\"@type\":\"SearchAction\",\"target\":{\"@type\":\"EntryPoint\",\"urlTemplate\":\"https:\\\/\\\/lospoliticosveracruz.com\\\/?s={search_term_string}\"},\"query-input\":{\"@type\":\"PropertyValueSpecification\",\"valueRequired\":true,\"valueName\":\"search_term_string\"}}],\"inLanguage\":\"es\"},{\"@type\":\"Organization\",\"@id\":\"https:\\\/\\\/lospoliticosveracruz.com\\\/#organization\",\"name\":\"Los pol\u00edticos Veracruz\",\"url\":\"https:\\\/\\\/lospoliticosveracruz.com\\\/\",\"logo\":{\"@type\":\"ImageObject\",\"inLanguage\":\"es\",\"@id\":\"https:\\\/\\\/lospoliticosveracruz.com\\\/#\\\/schema\\\/logo\\\/image\\\/\",\"url\":\"https:\\\/\\\/lospoliticosveracruz.com\\\/wp-content\\\/uploads\\\/2025\\\/12\\\/Logo-Nuevo-LOS-POLITICOS-1.jpg\",\"contentUrl\":\"https:\\\/\\\/lospoliticosveracruz.com\\\/wp-content\\\/uploads\\\/2025\\\/12\\\/Logo-Nuevo-LOS-POLITICOS-1.jpg\",\"width\":260,\"height\":70,\"caption\":\"Los pol\u00edticos Veracruz\"},\"image\":{\"@id\":\"https:\\\/\\\/lospoliticosveracruz.com\\\/#\\\/schema\\\/logo\\\/image\\\/\"},\"sameAs\":[\"https:\\\/\\\/www.facebook.com\\\/people\\\/Notimemes-de-los-Polticos\\\/61565672886568\\\/\",\"https:\\\/\\\/x.com\\\/LosPoliticosVer\"]},{\"@type\":\"Person\",\"@id\":\"https:\\\/\\\/lospoliticosveracruz.com\\\/#\\\/schema\\\/person\\\/b8702bb0e538456e6efd07080bf2a4a2\",\"name\":\"Lo viste en Los Pol\u00edticos\",\"image\":{\"@type\":\"ImageObject\",\"inLanguage\":\"es\",\"@id\":\"https:\\\/\\\/secure.gravatar.com\\\/avatar\\\/3a8de04a2656d44082be478bd6c086daa447c4651605818287b9532d3d0bd435?s=96&d=mm&r=g\",\"url\":\"https:\\\/\\\/secure.gravatar.com\\\/avatar\\\/3a8de04a2656d44082be478bd6c086daa447c4651605818287b9532d3d0bd435?s=96&d=mm&r=g\",\"contentUrl\":\"https:\\\/\\\/secure.gravatar.com\\\/avatar\\\/3a8de04a2656d44082be478bd6c086daa447c4651605818287b9532d3d0bd435?s=96&d=mm&r=g\",\"caption\":\"Lo viste en Los Pol\u00edticos\"},\"url\":\"https:\\\/\\\/lospoliticosveracruz.com\\\/?author=2\"}]}<\/script>\n<!-- \/ Yoast SEO plugin. -->","yoast_head_json":{"title":"BANBIENESTAR PARA TODOS! - Los pol\u00edticos Veracruz","robots":{"index":"index","follow":"follow","max-snippet":"max-snippet:-1","max-image-preview":"max-image-preview:large","max-video-preview":"max-video-preview:-1"},"canonical":"https:\/\/lospoliticosveracruz.com\/?p=109442","og_locale":"es_ES","og_type":"article","og_title":"BANBIENESTAR PARA TODOS! - Los pol\u00edticos Veracruz","og_description":"Este mes se cumplir\u00e1 la meta de tener en operaci\u00f3n las 253 sucursales del Banco de Bienestar en territorio veracruzano, afirm\u00f3 el Delegado de Bienestar, Manuel Huerta quien destac\u00f3 que este es uno de los principales retos y objetivos del Gobierno de M\u00e9xico para beneficiar a miles de familias que tendr\u00e1n cerca de su comunidad [&hellip;]","og_url":"https:\/\/lospoliticosveracruz.com\/?p=109442","og_site_name":"Los pol\u00edticos Veracruz","article_publisher":"https:\/\/www.facebook.com\/people\/Notimemes-de-los-Polticos\/61565672886568\/","article_published_time":"2023-08-01T15:54:26+00:00","article_modified_time":"2023-08-01T15:54:34+00:00","og_image":[{"width":200,"height":200,"url":"https:\/\/lospoliticosveracruz.com\/wp-content\/uploads\/2016\/07\/Logo-Dor.jpg","type":"image\/jpeg"}],"author":"Lo viste en Los Pol\u00edticos","twitter_card":"summary_large_image","twitter_creator":"@LosPoliticosVer","twitter_site":"@LosPoliticosVer","twitter_misc":{"Escrito por":"Lo viste en Los Pol\u00edticos","Tiempo de lectura":"2 minutos"},"schema":{"@context":"https:\/\/schema.org","@graph":[{"@type":"Article","@id":"https:\/\/lospoliticosveracruz.com\/?p=109442#article","isPartOf":{"@id":"https:\/\/lospoliticosveracruz.com\/?p=109442"},"author":{"name":"Lo viste en Los Pol\u00edticos","@id":"https:\/\/lospoliticosveracruz.com\/#\/schema\/person\/b8702bb0e538456e6efd07080bf2a4a2"},"headline":"BANBIENESTAR PARA TODOS!","datePublished":"2023-08-01T15:54:26+00:00","dateModified":"2023-08-01T15:54:34+00:00","mainEntityOfPage":{"@id":"https:\/\/lospoliticosveracruz.com\/?p=109442"},"wordCount":462,"publisher":{"@id":"https:\/\/lospoliticosveracruz.com\/#organization"},"keywords":["Banco del Bienestar","Bienestar","Manuel Huerta Ladr\u00f3n de Guevara"],"inLanguage":"es"},{"@type":"WebPage","@id":"https:\/\/lospoliticosveracruz.com\/?p=109442","url":"https:\/\/lospoliticosveracruz.com\/?p=109442","name":"BANBIENESTAR PARA TODOS! - Los pol\u00edticos Veracruz","isPartOf":{"@id":"https:\/\/lospoliticosveracruz.com\/#website"},"datePublished":"2023-08-01T15:54:26+00:00","dateModified":"2023-08-01T15:54:34+00:00","breadcrumb":{"@id":"https:\/\/lospoliticosveracruz.com\/?p=109442#breadcrumb"},"inLanguage":"es","potentialAction":[{"@type":"ReadAction","target":["https:\/\/lospoliticosveracruz.com\/?p=109442"]}]},{"@type":"BreadcrumbList","@id":"https:\/\/lospoliticosveracruz.com\/?p=109442#breadcrumb","itemListElement":[{"@type":"ListItem","position":1,"name":"Portada","item":"https:\/\/lospoliticosveracruz.com\/"},{"@type":"ListItem","position":2,"name":"BANBIENESTAR PARA TODOS!"}]},{"@type":"WebSite","@id":"https:\/\/lospoliticosveracruz.com\/#website","url":"https:\/\/lospoliticosveracruz.com\/","name":"Los pol\u00edticos Veracruz","description":"","publisher":{"@id":"https:\/\/lospoliticosveracruz.com\/#organization"},"potentialAction":[{"@type":"SearchAction","target":{"@type":"EntryPoint","urlTemplate":"https:\/\/lospoliticosveracruz.com\/?s={search_term_string}"},"query-input":{"@type":"PropertyValueSpecification","valueRequired":true,"valueName":"search_term_string"}}],"inLanguage":"es"},{"@type":"Organization","@id":"https:\/\/lospoliticosveracruz.com\/#organization","name":"Los pol\u00edticos Veracruz","url":"https:\/\/lospoliticosveracruz.com\/","logo":{"@type":"ImageObject","inLanguage":"es","@id":"https:\/\/lospoliticosveracruz.com\/#\/schema\/logo\/image\/","url":"https:\/\/lospoliticosveracruz.com\/wp-content\/uploads\/2025\/12\/Logo-Nuevo-LOS-POLITICOS-1.jpg","contentUrl":"https:\/\/lospoliticosveracruz.com\/wp-content\/uploads\/2025\/12\/Logo-Nuevo-LOS-POLITICOS-1.jpg","width":260,"height":70,"caption":"Los pol\u00edticos Veracruz"},"image":{"@id":"https:\/\/lospoliticosveracruz.com\/#\/schema\/logo\/image\/"},"sameAs":["https:\/\/www.facebook.com\/people\/Notimemes-de-los-Polticos\/61565672886568\/","https:\/\/x.com\/LosPoliticosVer"]},{"@type":"Person","@id":"https:\/\/lospoliticosveracruz.com\/#\/schema\/person\/b8702bb0e538456e6efd07080bf2a4a2","name":"Lo viste en Los Pol\u00edticos","image":{"@type":"ImageObject","inLanguage":"es","@id":"https:\/\/secure.gravatar.com\/avatar\/3a8de04a2656d44082be478bd6c086daa447c4651605818287b9532d3d0bd435?s=96&d=mm&r=g","url":"https:\/\/secure.gravatar.com\/avatar\/3a8de04a2656d44082be478bd6c086daa447c4651605818287b9532d3d0bd435?s=96&d=mm&r=g","contentUrl":"https:\/\/secure.gravatar.com\/avatar\/3a8de04a2656d44082be478bd6c086daa447c4651605818287b9532d3d0bd435?s=96&d=mm&r=g","caption":"Lo viste en Los Pol\u00edticos"},"url":"https:\/\/lospoliticosveracruz.com\/?author=2"}]}},"_links":{"self":[{"href":"https:\/\/lospoliticosveracruz.com\/index.php?rest_route=\/wp\/v2\/posts\/109442","targetHints":{"allow":["GET"]}}],"collection":[{"href":"https:\/\/lospoliticosveracruz.com\/index.php?rest_route=\/wp\/v2\/posts"}],"about":[{"href":"https:\/\/lospoliticosveracruz.com\/index.php?rest_route=\/wp\/v2\/types\/post"}],"author":[{"embeddable":true,"href":"https:\/\/lospoliticosveracruz.com\/index.php?rest_route=\/wp\/v2\/users\/2"}],"replies":[{"embeddable":true,"href":"https:\/\/lospoliticosveracruz.com\/index.php?rest_route=%2Fwp%2Fv2%2Fcomments&post=109442"}],"version-history":[{"count":1,"href":"https:\/\/lospoliticosveracruz.com\/index.php?rest_route=\/wp\/v2\/posts\/109442\/revisions"}],"predecessor-version":[{"id":109444,"href":"https:\/\/lospoliticosveracruz.com\/index.php?rest_route=\/wp\/v2\/posts\/109442\/revisions\/109444"}],"wp:attachment":[{"href":"https:\/\/lospoliticosveracruz.com\/index.php?rest_route=%2Fwp%2Fv2%2Fmedia&parent=109442"}],"wp:term":[{"taxonomy":"category","embeddable":true,"href":"https:\/\/lospoliticosveracruz.com\/index.php?rest_route=%2Fwp%2Fv2%2Fcategories&post=109442"},{"taxonomy":"post_tag","embeddable":true,"href":"https:\/\/lospoliticosveracruz.com\/index.php?rest_route=%2Fwp%2Fv2%2Ftags&post=109442"}],"curies":[{"name":"wp","href":"https:\/\/api.w.org\/{rel}","templated":true}]}}