{"id":109534,"date":"2023-08-03T08:55:00","date_gmt":"2023-08-03T13:55:00","guid":{"rendered":"https:\/\/lospoliticosveracruz.com.mx\/?p=109534"},"modified":"2023-08-03T08:30:06","modified_gmt":"2023-08-03T13:30:06","slug":"y-ahora-que-se-vaya-al-diablo-la-educacion","status":"publish","type":"post","link":"https:\/\/lospoliticosveracruz.com\/?p=109534","title":{"rendered":"Y AHORA QUE SE VAYA AL DIABLO LA EDUCACI\u00d3N"},"content":{"rendered":"\n<p><\/p>\n\n\n\n<p><strong>Bernardo Guti\u00e9rrez Parra<br><\/strong><em>Desde el Caf\u00e9<\/em><\/p>\n\n\n\n<p>Ay Dios, ay Dios\u2026 Mientras m\u00e1s leo los tuits de Cuitl\u00e1huac Garc\u00eda, m\u00e1s le digo de cosas feas a los gobiernos del PRI y el PAN pues gracias a sus trinquetes, corruptelas, multimillonarios robos y desatinos, hicieron posible el ascenso al poder estatal del peor gobernador que ha tenido la entidad.<\/p>\n\n\n\n<p>El debate sobre los libros de texto que utilizar\u00e1n los ni\u00f1os de primaria en el pr\u00f3ximo ciclo escolar est\u00e1 candente.<\/p>\n\n\n<div class=\"wp-block-image\">\n<figure class=\"alignleft size-full is-resized\"><a href=\"https:\/\/lospoliticosveracruz.com.mx\/wp-content\/uploads\/2023\/02\/Vinissimo.jpg\"><img loading=\"lazy\" decoding=\"async\" src=\"https:\/\/lospoliticosveracruz.com.mx\/wp-content\/uploads\/2023\/02\/Vinissimo.jpg\" alt=\"\" class=\"wp-image-102752\" width=\"175\" height=\"178\"\/><\/a><\/figure>\n<\/div>\n\n\n<p>Este mi\u00e9rcoles Cuitl\u00e1huac la agarr\u00f3 contra el dirigente nacional del PAN, Marko Cort\u00e9s, que declar\u00f3: \u201cA todos los padres de familia del pa\u00eds, los exhortamos a que, ante el probable desacato de L\u00f3pez Obrador, desechen los libros de texto que den a sus hijos o al menos les quiten las hojas que ustedes consideren que no son convenientes para la educaci\u00f3n de sus ni\u00f1os\u201d.<\/p>\n\n\n\n<p>Y es que viendo las cosas de manera objetiva no son libros de texto, sino manuales de adoctrinamiento para los menores.<\/p>\n\n\n\n<p>Tan es as\u00ed que un juez orden\u00f3 a la SEP que no se distribuyan en tanto no exista una explicaci\u00f3n clara de los mecanismos utilizados en su elaboraci\u00f3n y si fueron aprobados por maestros, expertos en el tema y padres de familia, lo que no sucedi\u00f3.<\/p>\n\n\n\n<p>Pero el presidente L\u00f3pez Obrador que tiene rato que se pasa la ley por el forro, dijo que los libros van porque van y punto.<\/p>\n\n\n\n<p>Y Cuitl\u00e1huac, que parece que solo vive para replicar pat\u00e9ticamente las ma\u00f1aneras de su jefe tundi\u00f3 en sus redes a Marko: \u201cLa campa\u00f1a del PAN: \u00a1a quemar los libros!, \u00a1destruyan los libros! Eso es lo que propone la derecha retr\u00f3grada: destruir los libros\u201d, escribi\u00f3. P.D. Me qued\u00f3 la duda \u00bfen qu\u00e9 \u00e9poca exactamente nos quieren gobernar?, \u00bfen el futuro o siglos atr\u00e1s?\u201d<\/p>\n\n\n\n<p>Uta\u2026 basta leer este bodrio para saber que a Cuitl\u00e1huac jam\u00e1s lo educaron, pero s\u00ed lo adoctrinaron.<\/p>\n\n\n\n<p>Sobre el tema, el diputado federal Jos\u00e9 Francisco Yunes Zorrilla fij\u00f3 su postura: \u201cNo es un tema menor, es un tema que hay que atender; primero porque los libros de texto como el dise\u00f1o de pol\u00edticas p\u00fablicas, debe estar creado por un conjunto de expertos, sujeto objetivamente a t\u00e9cnica y en ninguna circunstancia con sesgo ideol\u00f3gico, y mucho menos de coyuntura. Lamentablemente, por lo que se escucha y se ve, los libros de texto est\u00e1n adoctrinando m\u00e1s que formando a los j\u00f3venes y eso es inadmisible.<\/p>\n\n\n\n<p>\u201cLos diputados trabajamos en este tema desde la perspectiva legal y posiblemente a trav\u00e9s de la Comisi\u00f3n de Educaci\u00f3n pero directamente se tiene que atender, desde los \u00f3rganos con autonom\u00eda aunque est\u00e9n desconcentrados de la SEP, que est\u00e1n integrados m\u00e1s all\u00e1 que por militancia, por cuadros que acreditan su conocimiento, su trayectoria en la elaboraci\u00f3n de pol\u00edticas p\u00fablicas, lamentablemente estos \u00f3rganos est\u00e1n siendo sesgados tanto en el aspecto educativo como en el que se puedan imaginar en la actual administraci\u00f3n\u201d indic\u00f3 el legislador perote\u00f1o.<\/p>\n\n\n\n<p>Por su parte, el Instituto Mexicano de Competitividad (IMCO) se\u00f1al\u00f3 que \u201cEl nuevo plan de estudios pierde el foco de habilidades b\u00e1sicas como las matem\u00e1ticas y la ciencia\u201d.<\/p>\n\n\n\n<p>Al respecto Yunes Zorrilla manifest\u00f3: \u201cEl IMCO es otro \u00f3rgano que hace parte de la sociedad civil, apartidista completamente, que trata desde sus perspectivas asuntos de car\u00e1cter p\u00fablico y el de la educaci\u00f3n es fundamental; entonces son voces de personas calificadas que no tienen militancia, que hay que atender y que llevan a la conclusi\u00f3n de que se est\u00e1 haciendo mal desde el gobierno; el gobierno quiere adoctrinar desde la ni\u00f1ez para generar alg\u00fan tipo de posicionamiento y pertenencia posterior\u201d.<\/p>\n\n\n\n<p>Pero Cuitl\u00e1huac Garc\u00eda le pregunta a los panistas \u00bfa qu\u00e9 \u00e9poca nos quieren regresar?<\/p>\n\n\n\n<p>En lo personal lo ignoro, lo que s\u00ed puedo asegurar es que el gobierno de la 4T nos quiere regresar (con nuestros ni\u00f1os y adolescentes por delante) a la \u00e9poca m\u00e1s oscura de la educaci\u00f3n mundial.<\/p>\n\n\n\n<p>Lo que est\u00e1 haciendo Marx Arriaga, director de Materiales Educativos de la Secretar\u00eda de Educaci\u00f3n P\u00fablica (SEP) y autor intelectual de los bodrios de texto, junto con la titular de la SEP, Leticia Mart\u00ednez y el decidido apoyo de L\u00f3pez Obrador, es un atentado contra los ni\u00f1os de M\u00e9xico.<\/p>\n\n\n\n<p>Un libro sirve para quitarle lo est\u00fapido a las personas, pero un panfleto que adoctrina, las hace m\u00e1s est\u00fapidas. Y por lo visto Marx y su jefe Andr\u00e9s Manuel quieren una ni\u00f1ez que rebuzne.<\/p>\n\n\n\n<p>Futa\u2026<\/p>\n\n\n\n<p>Insisto en mi tesis lector, ni duda cabe que estos sujetos y sujetas de la 4T est\u00e1n transformando al pa\u00eds.<\/p>\n\n\n\n<p>bernardogup@hotmail.com<\/p>\n","protected":false},"excerpt":{"rendered":"<p>Bernardo Guti\u00e9rrez ParraDesde el Caf\u00e9 Ay Dios, ay Dios\u2026 Mientras m\u00e1s leo los tuits de Cuitl\u00e1huac Garc\u00eda, m\u00e1s le digo de cosas feas a los gobiernos del PRI y el PAN pues gracias a sus trinquetes, corruptelas, multimillonarios robos y desatinos, hicieron posible el ascenso al poder estatal del peor gobernador que ha tenido la [&hellip;]<\/p>\n","protected":false},"author":2,"featured_media":0,"comment_status":"closed","ping_status":"closed","sticky":false,"template":"","format":"standard","meta":{"tdm_status":"","tdm_grid_status":"","footnotes":""},"categories":[70],"tags":[34206,1563,1846,38899,12562,27582,1026,266,195],"class_list":{"0":"post-109534","1":"post","2":"type-post","3":"status-publish","4":"format-standard","6":"category-de-opinion","7":"tag-bernardo-gutierrez-parra","8":"tag-cuitlahuac-garcia-jimenez","9":"tag-jose-francisco-yunes-zorrilla","10":"tag-leticia-martinez","11":"tag-marko-cortes","12":"tag-marx-arriaga","13":"tag-morena","14":"tag-pan","15":"tag-veracruz"},"yoast_head":"<!-- This site is optimized with the Yoast SEO plugin v27.4 - https:\/\/yoast.com\/product\/yoast-seo-wordpress\/ -->\n<title>Y AHORA QUE SE VAYA AL DIABLO LA EDUCACI\u00d3N - Los pol\u00edticos Veracruz<\/title>\n<meta name=\"robots\" content=\"index, follow, max-snippet:-1, max-image-preview:large, max-video-preview:-1\" \/>\n<link rel=\"canonical\" href=\"https:\/\/lospoliticosveracruz.com\/?p=109534\" \/>\n<meta property=\"og:locale\" content=\"es_ES\" \/>\n<meta property=\"og:type\" content=\"article\" \/>\n<meta property=\"og:title\" content=\"Y AHORA QUE SE VAYA AL DIABLO LA EDUCACI\u00d3N - Los pol\u00edticos Veracruz\" \/>\n<meta property=\"og:description\" content=\"Bernardo Guti\u00e9rrez ParraDesde el Caf\u00e9 Ay Dios, ay Dios\u2026 Mientras m\u00e1s leo los tuits de Cuitl\u00e1huac Garc\u00eda, m\u00e1s le digo de cosas feas a los gobiernos del PRI y el PAN pues gracias a sus trinquetes, corruptelas, multimillonarios robos y desatinos, hicieron posible el ascenso al poder estatal del peor gobernador que ha tenido la [&hellip;]\" \/>\n<meta property=\"og:url\" content=\"https:\/\/lospoliticosveracruz.com\/?p=109534\" \/>\n<meta property=\"og:site_name\" content=\"Los pol\u00edticos Veracruz\" \/>\n<meta property=\"article:publisher\" content=\"https:\/\/www.facebook.com\/people\/Notimemes-de-los-Polticos\/61565672886568\/\" \/>\n<meta property=\"article:published_time\" content=\"2023-08-03T13:55:00+00:00\" \/>\n<meta property=\"og:image\" content=\"https:\/\/lospoliticosveracruz.com.mx\/wp-content\/uploads\/2023\/02\/Vinissimo.jpg\" \/>\n<meta name=\"author\" content=\"Lo viste en Los Pol\u00edticos\" \/>\n<meta name=\"twitter:card\" content=\"summary_large_image\" \/>\n<meta name=\"twitter:creator\" content=\"@LosPoliticosVer\" \/>\n<meta name=\"twitter:site\" content=\"@LosPoliticosVer\" \/>\n<meta name=\"twitter:label1\" content=\"Escrito por\" \/>\n\t<meta name=\"twitter:data1\" content=\"Lo viste en Los Pol\u00edticos\" \/>\n\t<meta name=\"twitter:label2\" content=\"Tiempo de lectura\" \/>\n\t<meta name=\"twitter:data2\" content=\"4 minutos\" \/>\n<script type=\"application\/ld+json\" class=\"yoast-schema-graph\">{\"@context\":\"https:\\\/\\\/schema.org\",\"@graph\":[{\"@type\":\"Article\",\"@id\":\"https:\\\/\\\/lospoliticosveracruz.com\\\/?p=109534#article\",\"isPartOf\":{\"@id\":\"https:\\\/\\\/lospoliticosveracruz.com\\\/?p=109534\"},\"author\":{\"name\":\"Lo viste en Los Pol\u00edticos\",\"@id\":\"https:\\\/\\\/lospoliticosveracruz.com\\\/#\\\/schema\\\/person\\\/b8702bb0e538456e6efd07080bf2a4a2\"},\"headline\":\"Y AHORA QUE SE VAYA AL DIABLO LA EDUCACI\u00d3N\",\"datePublished\":\"2023-08-03T13:55:00+00:00\",\"mainEntityOfPage\":{\"@id\":\"https:\\\/\\\/lospoliticosveracruz.com\\\/?p=109534\"},\"wordCount\":833,\"publisher\":{\"@id\":\"https:\\\/\\\/lospoliticosveracruz.com\\\/#organization\"},\"image\":{\"@id\":\"https:\\\/\\\/lospoliticosveracruz.com\\\/?p=109534#primaryimage\"},\"thumbnailUrl\":\"https:\\\/\\\/lospoliticosveracruz.com.mx\\\/wp-content\\\/uploads\\\/2023\\\/02\\\/Vinissimo.jpg\",\"keywords\":[\"Bernardo Guti\u00e9rrez Parra\",\"Cuitl\u00e1huac Garc\u00eda Jim\u00e9nez\",\"Jos\u00e9 Francisco Yunes Zorrilla\",\"Leticia Mart\u00ednez\",\"Marko Cort\u00e9s\",\"Marx Arriaga\",\"Morena\",\"PAN\",\"Veracruz\"],\"articleSection\":[\"De Opini\u00f3n\"],\"inLanguage\":\"es\"},{\"@type\":\"WebPage\",\"@id\":\"https:\\\/\\\/lospoliticosveracruz.com\\\/?p=109534\",\"url\":\"https:\\\/\\\/lospoliticosveracruz.com\\\/?p=109534\",\"name\":\"Y AHORA QUE SE VAYA AL DIABLO LA EDUCACI\u00d3N - Los pol\u00edticos Veracruz\",\"isPartOf\":{\"@id\":\"https:\\\/\\\/lospoliticosveracruz.com\\\/#website\"},\"primaryImageOfPage\":{\"@id\":\"https:\\\/\\\/lospoliticosveracruz.com\\\/?p=109534#primaryimage\"},\"image\":{\"@id\":\"https:\\\/\\\/lospoliticosveracruz.com\\\/?p=109534#primaryimage\"},\"thumbnailUrl\":\"https:\\\/\\\/lospoliticosveracruz.com.mx\\\/wp-content\\\/uploads\\\/2023\\\/02\\\/Vinissimo.jpg\",\"datePublished\":\"2023-08-03T13:55:00+00:00\",\"breadcrumb\":{\"@id\":\"https:\\\/\\\/lospoliticosveracruz.com\\\/?p=109534#breadcrumb\"},\"inLanguage\":\"es\",\"potentialAction\":[{\"@type\":\"ReadAction\",\"target\":[\"https:\\\/\\\/lospoliticosveracruz.com\\\/?p=109534\"]}]},{\"@type\":\"ImageObject\",\"inLanguage\":\"es\",\"@id\":\"https:\\\/\\\/lospoliticosveracruz.com\\\/?p=109534#primaryimage\",\"url\":\"https:\\\/\\\/lospoliticosveracruz.com.mx\\\/wp-content\\\/uploads\\\/2023\\\/02\\\/Vinissimo.jpg\",\"contentUrl\":\"https:\\\/\\\/lospoliticosveracruz.com.mx\\\/wp-content\\\/uploads\\\/2023\\\/02\\\/Vinissimo.jpg\"},{\"@type\":\"BreadcrumbList\",\"@id\":\"https:\\\/\\\/lospoliticosveracruz.com\\\/?p=109534#breadcrumb\",\"itemListElement\":[{\"@type\":\"ListItem\",\"position\":1,\"name\":\"Portada\",\"item\":\"https:\\\/\\\/lospoliticosveracruz.com\\\/\"},{\"@type\":\"ListItem\",\"position\":2,\"name\":\"Y AHORA QUE SE VAYA AL DIABLO LA EDUCACI\u00d3N\"}]},{\"@type\":\"WebSite\",\"@id\":\"https:\\\/\\\/lospoliticosveracruz.com\\\/#website\",\"url\":\"https:\\\/\\\/lospoliticosveracruz.com\\\/\",\"name\":\"Los pol\u00edticos Veracruz\",\"description\":\"\",\"publisher\":{\"@id\":\"https:\\\/\\\/lospoliticosveracruz.com\\\/#organization\"},\"potentialAction\":[{\"@type\":\"SearchAction\",\"target\":{\"@type\":\"EntryPoint\",\"urlTemplate\":\"https:\\\/\\\/lospoliticosveracruz.com\\\/?s={search_term_string}\"},\"query-input\":{\"@type\":\"PropertyValueSpecification\",\"valueRequired\":true,\"valueName\":\"search_term_string\"}}],\"inLanguage\":\"es\"},{\"@type\":\"Organization\",\"@id\":\"https:\\\/\\\/lospoliticosveracruz.com\\\/#organization\",\"name\":\"Los pol\u00edticos Veracruz\",\"url\":\"https:\\\/\\\/lospoliticosveracruz.com\\\/\",\"logo\":{\"@type\":\"ImageObject\",\"inLanguage\":\"es\",\"@id\":\"https:\\\/\\\/lospoliticosveracruz.com\\\/#\\\/schema\\\/logo\\\/image\\\/\",\"url\":\"https:\\\/\\\/lospoliticosveracruz.com\\\/wp-content\\\/uploads\\\/2025\\\/12\\\/Logo-Nuevo-LOS-POLITICOS-1.jpg\",\"contentUrl\":\"https:\\\/\\\/lospoliticosveracruz.com\\\/wp-content\\\/uploads\\\/2025\\\/12\\\/Logo-Nuevo-LOS-POLITICOS-1.jpg\",\"width\":260,\"height\":70,\"caption\":\"Los pol\u00edticos Veracruz\"},\"image\":{\"@id\":\"https:\\\/\\\/lospoliticosveracruz.com\\\/#\\\/schema\\\/logo\\\/image\\\/\"},\"sameAs\":[\"https:\\\/\\\/www.facebook.com\\\/people\\\/Notimemes-de-los-Polticos\\\/61565672886568\\\/\",\"https:\\\/\\\/x.com\\\/LosPoliticosVer\"]},{\"@type\":\"Person\",\"@id\":\"https:\\\/\\\/lospoliticosveracruz.com\\\/#\\\/schema\\\/person\\\/b8702bb0e538456e6efd07080bf2a4a2\",\"name\":\"Lo viste en Los Pol\u00edticos\",\"image\":{\"@type\":\"ImageObject\",\"inLanguage\":\"es\",\"@id\":\"https:\\\/\\\/secure.gravatar.com\\\/avatar\\\/3a8de04a2656d44082be478bd6c086daa447c4651605818287b9532d3d0bd435?s=96&d=mm&r=g\",\"url\":\"https:\\\/\\\/secure.gravatar.com\\\/avatar\\\/3a8de04a2656d44082be478bd6c086daa447c4651605818287b9532d3d0bd435?s=96&d=mm&r=g\",\"contentUrl\":\"https:\\\/\\\/secure.gravatar.com\\\/avatar\\\/3a8de04a2656d44082be478bd6c086daa447c4651605818287b9532d3d0bd435?s=96&d=mm&r=g\",\"caption\":\"Lo viste en Los Pol\u00edticos\"},\"url\":\"https:\\\/\\\/lospoliticosveracruz.com\\\/?author=2\"}]}<\/script>\n<!-- \/ Yoast SEO plugin. -->","yoast_head_json":{"title":"Y AHORA QUE SE VAYA AL DIABLO LA EDUCACI\u00d3N - Los pol\u00edticos Veracruz","robots":{"index":"index","follow":"follow","max-snippet":"max-snippet:-1","max-image-preview":"max-image-preview:large","max-video-preview":"max-video-preview:-1"},"canonical":"https:\/\/lospoliticosveracruz.com\/?p=109534","og_locale":"es_ES","og_type":"article","og_title":"Y AHORA QUE SE VAYA AL DIABLO LA EDUCACI\u00d3N - Los pol\u00edticos Veracruz","og_description":"Bernardo Guti\u00e9rrez ParraDesde el Caf\u00e9 Ay Dios, ay Dios\u2026 Mientras m\u00e1s leo los tuits de Cuitl\u00e1huac Garc\u00eda, m\u00e1s le digo de cosas feas a los gobiernos del PRI y el PAN pues gracias a sus trinquetes, corruptelas, multimillonarios robos y desatinos, hicieron posible el ascenso al poder estatal del peor gobernador que ha tenido la [&hellip;]","og_url":"https:\/\/lospoliticosveracruz.com\/?p=109534","og_site_name":"Los pol\u00edticos Veracruz","article_publisher":"https:\/\/www.facebook.com\/people\/Notimemes-de-los-Polticos\/61565672886568\/","article_published_time":"2023-08-03T13:55:00+00:00","og_image":[{"url":"https:\/\/lospoliticosveracruz.com.mx\/wp-content\/uploads\/2023\/02\/Vinissimo.jpg","type":"","width":"","height":""}],"author":"Lo viste en Los Pol\u00edticos","twitter_card":"summary_large_image","twitter_creator":"@LosPoliticosVer","twitter_site":"@LosPoliticosVer","twitter_misc":{"Escrito por":"Lo viste en Los Pol\u00edticos","Tiempo de lectura":"4 minutos"},"schema":{"@context":"https:\/\/schema.org","@graph":[{"@type":"Article","@id":"https:\/\/lospoliticosveracruz.com\/?p=109534#article","isPartOf":{"@id":"https:\/\/lospoliticosveracruz.com\/?p=109534"},"author":{"name":"Lo viste en Los Pol\u00edticos","@id":"https:\/\/lospoliticosveracruz.com\/#\/schema\/person\/b8702bb0e538456e6efd07080bf2a4a2"},"headline":"Y AHORA QUE SE VAYA AL DIABLO LA EDUCACI\u00d3N","datePublished":"2023-08-03T13:55:00+00:00","mainEntityOfPage":{"@id":"https:\/\/lospoliticosveracruz.com\/?p=109534"},"wordCount":833,"publisher":{"@id":"https:\/\/lospoliticosveracruz.com\/#organization"},"image":{"@id":"https:\/\/lospoliticosveracruz.com\/?p=109534#primaryimage"},"thumbnailUrl":"https:\/\/lospoliticosveracruz.com.mx\/wp-content\/uploads\/2023\/02\/Vinissimo.jpg","keywords":["Bernardo Guti\u00e9rrez Parra","Cuitl\u00e1huac Garc\u00eda Jim\u00e9nez","Jos\u00e9 Francisco Yunes Zorrilla","Leticia Mart\u00ednez","Marko Cort\u00e9s","Marx Arriaga","Morena","PAN","Veracruz"],"articleSection":["De Opini\u00f3n"],"inLanguage":"es"},{"@type":"WebPage","@id":"https:\/\/lospoliticosveracruz.com\/?p=109534","url":"https:\/\/lospoliticosveracruz.com\/?p=109534","name":"Y AHORA QUE SE VAYA AL DIABLO LA EDUCACI\u00d3N - Los pol\u00edticos Veracruz","isPartOf":{"@id":"https:\/\/lospoliticosveracruz.com\/#website"},"primaryImageOfPage":{"@id":"https:\/\/lospoliticosveracruz.com\/?p=109534#primaryimage"},"image":{"@id":"https:\/\/lospoliticosveracruz.com\/?p=109534#primaryimage"},"thumbnailUrl":"https:\/\/lospoliticosveracruz.com.mx\/wp-content\/uploads\/2023\/02\/Vinissimo.jpg","datePublished":"2023-08-03T13:55:00+00:00","breadcrumb":{"@id":"https:\/\/lospoliticosveracruz.com\/?p=109534#breadcrumb"},"inLanguage":"es","potentialAction":[{"@type":"ReadAction","target":["https:\/\/lospoliticosveracruz.com\/?p=109534"]}]},{"@type":"ImageObject","inLanguage":"es","@id":"https:\/\/lospoliticosveracruz.com\/?p=109534#primaryimage","url":"https:\/\/lospoliticosveracruz.com.mx\/wp-content\/uploads\/2023\/02\/Vinissimo.jpg","contentUrl":"https:\/\/lospoliticosveracruz.com.mx\/wp-content\/uploads\/2023\/02\/Vinissimo.jpg"},{"@type":"BreadcrumbList","@id":"https:\/\/lospoliticosveracruz.com\/?p=109534#breadcrumb","itemListElement":[{"@type":"ListItem","position":1,"name":"Portada","item":"https:\/\/lospoliticosveracruz.com\/"},{"@type":"ListItem","position":2,"name":"Y AHORA QUE SE VAYA AL DIABLO LA EDUCACI\u00d3N"}]},{"@type":"WebSite","@id":"https:\/\/lospoliticosveracruz.com\/#website","url":"https:\/\/lospoliticosveracruz.com\/","name":"Los pol\u00edticos Veracruz","description":"","publisher":{"@id":"https:\/\/lospoliticosveracruz.com\/#organization"},"potentialAction":[{"@type":"SearchAction","target":{"@type":"EntryPoint","urlTemplate":"https:\/\/lospoliticosveracruz.com\/?s={search_term_string}"},"query-input":{"@type":"PropertyValueSpecification","valueRequired":true,"valueName":"search_term_string"}}],"inLanguage":"es"},{"@type":"Organization","@id":"https:\/\/lospoliticosveracruz.com\/#organization","name":"Los pol\u00edticos Veracruz","url":"https:\/\/lospoliticosveracruz.com\/","logo":{"@type":"ImageObject","inLanguage":"es","@id":"https:\/\/lospoliticosveracruz.com\/#\/schema\/logo\/image\/","url":"https:\/\/lospoliticosveracruz.com\/wp-content\/uploads\/2025\/12\/Logo-Nuevo-LOS-POLITICOS-1.jpg","contentUrl":"https:\/\/lospoliticosveracruz.com\/wp-content\/uploads\/2025\/12\/Logo-Nuevo-LOS-POLITICOS-1.jpg","width":260,"height":70,"caption":"Los pol\u00edticos Veracruz"},"image":{"@id":"https:\/\/lospoliticosveracruz.com\/#\/schema\/logo\/image\/"},"sameAs":["https:\/\/www.facebook.com\/people\/Notimemes-de-los-Polticos\/61565672886568\/","https:\/\/x.com\/LosPoliticosVer"]},{"@type":"Person","@id":"https:\/\/lospoliticosveracruz.com\/#\/schema\/person\/b8702bb0e538456e6efd07080bf2a4a2","name":"Lo viste en Los Pol\u00edticos","image":{"@type":"ImageObject","inLanguage":"es","@id":"https:\/\/secure.gravatar.com\/avatar\/3a8de04a2656d44082be478bd6c086daa447c4651605818287b9532d3d0bd435?s=96&d=mm&r=g","url":"https:\/\/secure.gravatar.com\/avatar\/3a8de04a2656d44082be478bd6c086daa447c4651605818287b9532d3d0bd435?s=96&d=mm&r=g","contentUrl":"https:\/\/secure.gravatar.com\/avatar\/3a8de04a2656d44082be478bd6c086daa447c4651605818287b9532d3d0bd435?s=96&d=mm&r=g","caption":"Lo viste en Los Pol\u00edticos"},"url":"https:\/\/lospoliticosveracruz.com\/?author=2"}]}},"_links":{"self":[{"href":"https:\/\/lospoliticosveracruz.com\/index.php?rest_route=\/wp\/v2\/posts\/109534","targetHints":{"allow":["GET"]}}],"collection":[{"href":"https:\/\/lospoliticosveracruz.com\/index.php?rest_route=\/wp\/v2\/posts"}],"about":[{"href":"https:\/\/lospoliticosveracruz.com\/index.php?rest_route=\/wp\/v2\/types\/post"}],"author":[{"embeddable":true,"href":"https:\/\/lospoliticosveracruz.com\/index.php?rest_route=\/wp\/v2\/users\/2"}],"replies":[{"embeddable":true,"href":"https:\/\/lospoliticosveracruz.com\/index.php?rest_route=%2Fwp%2Fv2%2Fcomments&post=109534"}],"version-history":[{"count":1,"href":"https:\/\/lospoliticosveracruz.com\/index.php?rest_route=\/wp\/v2\/posts\/109534\/revisions"}],"predecessor-version":[{"id":109535,"href":"https:\/\/lospoliticosveracruz.com\/index.php?rest_route=\/wp\/v2\/posts\/109534\/revisions\/109535"}],"wp:attachment":[{"href":"https:\/\/lospoliticosveracruz.com\/index.php?rest_route=%2Fwp%2Fv2%2Fmedia&parent=109534"}],"wp:term":[{"taxonomy":"category","embeddable":true,"href":"https:\/\/lospoliticosveracruz.com\/index.php?rest_route=%2Fwp%2Fv2%2Fcategories&post=109534"},{"taxonomy":"post_tag","embeddable":true,"href":"https:\/\/lospoliticosveracruz.com\/index.php?rest_route=%2Fwp%2Fv2%2Ftags&post=109534"}],"curies":[{"name":"wp","href":"https:\/\/api.w.org\/{rel}","templated":true}]}}