{"id":109536,"date":"2023-08-03T08:55:00","date_gmt":"2023-08-03T13:55:00","guid":{"rendered":"https:\/\/lospoliticosveracruz.com.mx\/?p=109536"},"modified":"2023-08-03T08:39:26","modified_gmt":"2023-08-03T13:39:26","slug":"salida-de-ailett-la-derrota-de-morena","status":"publish","type":"post","link":"https:\/\/lospoliticosveracruz.com\/?p=109536","title":{"rendered":"SALIDA DE AILETT, \u00bfLA DERROTA DE MORENA?"},"content":{"rendered":"\n<p><strong>Ricardo Chua<br><\/strong><em>Sale y Vale<br><\/em>\u00abGarganta Profunda\u00bb mencion\u00f3 que con la reincorporaci\u00f3n de Gladys P\u00e9rez Maldonado, al Poder Judicial del Estado, donde fue reinstalada como Magistrada.. Despu\u00e9s de haber sido destituida ilegalmente del cargo.. Despu\u00e9s de ganar un amparo y con ello se dio la salida de Ailett Garc\u00eda Cayetano, poderosa abogada cercana y familiar del gobernador, Cuitl\u00e1huac Garc\u00eda Jim\u00e9nez.. Queda m\u00e1s que comprobado que el pleito con la Suprema Corte de Justicia de la Naci\u00f3n con MORENA es m\u00e1s que evidente\u2026<\/p>\n\n\n\n<figure class=\"wp-block-image size-large\"><a href=\"https:\/\/lospoliticosveracruz.com.mx\/wp-content\/uploads\/2016\/07\/Seguro-Julio-Cerecedo-2.jpg\"><img decoding=\"async\" src=\"https:\/\/lospoliticosveracruz.com.mx\/wp-content\/uploads\/2016\/07\/Seguro-Julio-Cerecedo-2-1024x381.jpg\" alt=\"\" class=\"wp-image-105879\"\/><\/a><\/figure>\n\n\n\n<p>Pero sobre todo que con este caso tan sonado en Veracruz.. Se impone el imperio de la ley y que los magistrados federales no se van a dejar amedrentar por gobernadores o el Presidente, Andr\u00e9s Manuel L\u00f3pez Obrador o por funcionarios poderosos de MORENA.. Y cuentan que en CDMX en la SCJN.. Este caso lo ponen como ejemplo.. Si act\u00faan ilegalmente, la SCJ act\u00faa en consecuencia\u2026 Haiga como haiga sido.. Y esto as\u00ed ser\u00e1 cuando act\u00faen como lo hacen, ante la ignorancia, incapacidad y desconocimiento del derecho constitucional.. LA LEY ES LA LEY<\/p>\n\n\n\n<p>Ya que el caso de Ailett Garc\u00eda, dice \u00abGarganta Profunda\u00bb, es una prueba de como act\u00faa MORENA cuando est\u00e1n en la \u00abplenitud del pinche poder\u00bb.. Ya que quisieron imponer magistrados \u00aba modo\u00bb o fiscales \u00abcarnales\u00bb, pues, nuevamente la ley le da la raz\u00f3n a qui\u00e9n legalmente ocupaba un cargo en el Poder Judicial del Estado y fue \u00abquitada\u00bb de manera ilegal.. Ahora la reinstalan y se despide a la ahora ex magistrada, que subi\u00f3 a sus redes sociales, en esa despedida, una foto nada propia para la investidura que ostentaba.. Dicen sus \u00abbi\u00f3grafos no autorizados\u00bb..<\/p>\n\n\n\n<p>Debido a que esta imagen, seg\u00fan sus adversarios, violenta y exhibe a la carrera judicial en el cargo que ostent\u00f3 por un buen tiempo, mientras estuvo ah\u00ed.. Y s\u00f3lo abona al imaginario colectivo, de que ella lleg\u00f3 al cargo porque estaba protegida desde el poder pol\u00edtico del Estado.. Ya que desde que lleg\u00f3 la 4T a Veracruz, ella y su familia ocupan cargos muy importantes dentro del organigrama del gobierno estatal de Cuitl\u00e1huac Garc\u00eda.. Y que en nada abonan a la imagen que Cuitl\u00e1huac Garc\u00eda les ha querido construir en Veracruz de profesionistas exitosos..<\/p>\n\n\n\n<p>Esto debido a que despu\u00e9s de subir sus fotos en redes y dar a conocer su salida, en grupos de \u00abwhatsapp\u00bb empezaron a circular versiones que dej\u00f3 un \u00abmal sabor\u00bb de boca en el poder Judicial.. Y recordaron su paso por la direcci\u00f3n Jur\u00eddica de la Secretar\u00eda de Seguridad P\u00fablica, que los casos que perdieron contra Miguel \u00c1ngel Yunes Linares, fue porque presuntamente no asist\u00eda a las audiencias para darle seguimiento a las y observaciones porque se la pasaba tomando clases de ingl\u00e9s.. La intrigan.. AS\u00cd ES LA POL\u00cdTICA Y M\u00c1S EN MORENA\u2026 AMEN..<\/p>\n\n\n\n<p><strong>ELEAZAR, \u00bfERROR O MENTIRA?..<\/strong> Luego que el \u00abPrimo C\u00f3modo\u00bb de Cuitl\u00e1huac Garc\u00eda, el subsecretario de Finanzas de su gobierno, Eleazar Guerrero P\u00e9rez, lanz\u00f3 la declaraci\u00f3n que esta administraci\u00f3n de MORENA ha hecho m\u00e1s obra p\u00fablica que Fidel Herrera, Javier Duarte y Miguel Yunes juntos.. SE VOL\u00d3 LA BARDA.. S\u00f3lo que estas obras la hayan hecho frente de su residencia en Xalapa o mansi\u00f3n de Jilotepec porque, pues, NO SE VEN.. \u00bfD\u00f3nde est\u00e1n?.. Si SEFIPLAN ha reportado SUBEJERCICIO todos los a\u00f1os.. Con qu\u00e9 dinero las hicieron\u2026<\/p>\n\n\n\n<p>Sobre todo \u00e9l que diga eso, pareciera que \u00abescupe hacia arriba\u00bb porque este personaje ha sido se\u00f1alado de tener una estructura de empleados para mantener \u00abUnidos Todos\u00bb que es el brazo de movilizaci\u00f3n de MORENA, que apoya a sus \u00abcorcholatas\u00bb Presidenciables.. Pero, quiz\u00e1s, lo que el Primo Eleazar no se ha dado cuenta, que cuando \u00e9l se vaya de SEFIPLAN todos esos mismos empleados van a obedecer al que quede en su lugar.. Nada y nadie es eterno.. Al menos que esas obras sean la publicidad pagada para alabar a la 4T y a \u00e9l..<\/p>\n\n\n\n<p>Pero valdr\u00eda la pena preguntarle a Eleazar, si a las obras que se refiere fue a la cl\u00ednica anunciada en P\u00e1nuco, que se constru\u00eda en Perote.. Obra que cuando se inaugur\u00f3 y apenas llovi\u00f3, se inund\u00f3 completamente o las del centro de salud de Panuco que no funcionan o las del tramo carretero de Potrero.. Etc\u00e9tera.. Y as\u00ed en varios puntos del Estado.. Obras \u00abtronadas\u00bb, que son de mala calidad, pero que seguramente ya fueron pagadas porque ya est\u00e1n \u00abterminadas\u00bb.. Obras anunciadas en el Informe de Cuitl\u00e1huac en Panuco.. As\u00ed se las gastan..<\/p>\n\n\n\n<p>Quiz\u00e1s \u00abpecamos\u00bb de insidiosos.. Ya que a lo mejor el Primo Eleazar se refiere a las \u00abOBRAS DE CARIDAD\u00bb porque solamente en el Veracruz de Cuitl\u00e1huac Garcia, existen esa obra p\u00fablica que se\u00f1ala el subsecretario de Finanzas.. Ya que al menos palpables en la entidad, no hay obra p\u00fablica y menos existe la inversi\u00f3n p\u00fablica.. No se diga la privada.. Y el conflicto principal para lo que dice Guerrero P\u00e9rez, de esas obras, es que NO SE TRADUCE en aceptaci\u00f3n al gobierno de Cuitl\u00e1huac Garc\u00eda\u2026 Si anda muy mal en la percepci\u00f3n ciudadana..<\/p>\n\n\n\n<p>Al menos en los sondeos se\u00f1alan que Cuitl\u00e1huac es de los gobernadores con menos aceptaci\u00f3n en el pa\u00eds entre su poblaci\u00f3n.. Trae de aprobaci\u00f3n el 21.3 de aceptaci\u00f3n ciudadana.. Cuitl\u00e1huac trae un rechazo de 7 de cada 10 habitantes en el pa\u00eds.. Y si hay obra, no puede salir tan bajo.. El veracruzano es una persona desagradecida a qui\u00e9n le responde, el \u00abjarocho\u00bb jode a qui\u00e9n lo quiere agarrar de pen.. sador mexicano.. En una REVOCACI\u00d3N DE MANDATO, Cuitl\u00e1huac pierde\u2026 No hay que jugarle al inteligente\u2026<\/p>\n\n\n\n<p>Si lo que dice Eleazar Guerrero que Cuitl\u00e1huac tiene mayor obra p\u00fablica que Fidel, Duarte y Yunes.. El xalape\u00f1o no anduviera en los \u00faltimos lugares, sin contemplar otros \u00abfaltantes\u00bb en esta administraci\u00f3n.. OJO la tiene que poner MORENA a Veracruz, Morelos y Puebla porque son los estados potencialmente para perder la elecci\u00f3n del 2024 a gobernador.. Si sigue est\u00e1 ca\u00edda.. Cuitl\u00e1huac, Cuauht\u00e9moc y Barbosa-Salom\u00f3n, se est\u00e1n disputando estos \u00faltimos lugares.. Lo dicho por Eleazar a su primo Cuitl\u00e1huac, no lo ayuda.. S\u00f3lo lo exhibe.. AMEN..<\/p>\n","protected":false},"excerpt":{"rendered":"<p>Ricardo ChuaSale y Vale\u00abGarganta Profunda\u00bb mencion\u00f3 que con la reincorporaci\u00f3n de Gladys P\u00e9rez Maldonado, al Poder Judicial del Estado, donde fue reinstalada como Magistrada.. Despu\u00e9s de haber sido destituida ilegalmente del cargo.. Despu\u00e9s de ganar un amparo y con ello se dio la salida de Ailett Garc\u00eda Cayetano, poderosa abogada cercana y familiar del gobernador, [&hellip;]<\/p>\n","protected":false},"author":2,"featured_media":0,"comment_status":"closed","ping_status":"closed","sticky":false,"template":"","format":"standard","meta":{"tdm_status":"","tdm_grid_status":"","footnotes":""},"categories":[70],"tags":[17030,1563,13912,19857,1026,14744,195],"class_list":{"0":"post-109536","1":"post","2":"type-post","3":"status-publish","4":"format-standard","6":"category-de-opinion","7":"tag-ailett-garcia-cayetano","8":"tag-cuitlahuac-garcia-jimenez","9":"tag-eleazar-guerrero-perez","10":"tag-gladys-perez-maldonado","11":"tag-morena","12":"tag-poder-judicial-del-estado","13":"tag-veracruz"},"yoast_head":"<!-- This site is optimized with the Yoast SEO plugin v27.4 - https:\/\/yoast.com\/product\/yoast-seo-wordpress\/ -->\n<title>SALIDA DE AILETT, \u00bfLA DERROTA DE MORENA? - Los pol\u00edticos Veracruz<\/title>\n<meta name=\"robots\" content=\"index, follow, max-snippet:-1, max-image-preview:large, max-video-preview:-1\" \/>\n<link rel=\"canonical\" href=\"https:\/\/lospoliticosveracruz.com\/?p=109536\" \/>\n<meta property=\"og:locale\" content=\"es_ES\" \/>\n<meta property=\"og:type\" content=\"article\" \/>\n<meta property=\"og:title\" content=\"SALIDA DE AILETT, \u00bfLA DERROTA DE MORENA? - Los pol\u00edticos Veracruz\" \/>\n<meta property=\"og:description\" content=\"Ricardo ChuaSale y Vale\u00abGarganta Profunda\u00bb mencion\u00f3 que con la reincorporaci\u00f3n de Gladys P\u00e9rez Maldonado, al Poder Judicial del Estado, donde fue reinstalada como Magistrada.. Despu\u00e9s de haber sido destituida ilegalmente del cargo.. Despu\u00e9s de ganar un amparo y con ello se dio la salida de Ailett Garc\u00eda Cayetano, poderosa abogada cercana y familiar del gobernador, [&hellip;]\" \/>\n<meta property=\"og:url\" content=\"https:\/\/lospoliticosveracruz.com\/?p=109536\" \/>\n<meta property=\"og:site_name\" content=\"Los pol\u00edticos Veracruz\" \/>\n<meta property=\"article:publisher\" content=\"https:\/\/www.facebook.com\/people\/Notimemes-de-los-Polticos\/61565672886568\/\" \/>\n<meta property=\"article:published_time\" content=\"2023-08-03T13:55:00+00:00\" \/>\n<meta property=\"og:image\" content=\"https:\/\/lospoliticosveracruz.com.mx\/wp-content\/uploads\/2016\/07\/Seguro-Julio-Cerecedo-2-1024x381.jpg\" \/>\n<meta name=\"author\" content=\"Lo viste en Los Pol\u00edticos\" \/>\n<meta name=\"twitter:card\" content=\"summary_large_image\" \/>\n<meta name=\"twitter:creator\" content=\"@LosPoliticosVer\" \/>\n<meta name=\"twitter:site\" content=\"@LosPoliticosVer\" \/>\n<meta name=\"twitter:label1\" content=\"Escrito por\" \/>\n\t<meta name=\"twitter:data1\" content=\"Lo viste en Los Pol\u00edticos\" \/>\n\t<meta name=\"twitter:label2\" content=\"Tiempo de lectura\" \/>\n\t<meta name=\"twitter:data2\" content=\"5 minutos\" \/>\n<script type=\"application\/ld+json\" class=\"yoast-schema-graph\">{\"@context\":\"https:\\\/\\\/schema.org\",\"@graph\":[{\"@type\":\"Article\",\"@id\":\"https:\\\/\\\/lospoliticosveracruz.com\\\/?p=109536#article\",\"isPartOf\":{\"@id\":\"https:\\\/\\\/lospoliticosveracruz.com\\\/?p=109536\"},\"author\":{\"name\":\"Lo viste en Los Pol\u00edticos\",\"@id\":\"https:\\\/\\\/lospoliticosveracruz.com\\\/#\\\/schema\\\/person\\\/b8702bb0e538456e6efd07080bf2a4a2\"},\"headline\":\"SALIDA DE AILETT, \u00bfLA DERROTA DE MORENA?\",\"datePublished\":\"2023-08-03T13:55:00+00:00\",\"mainEntityOfPage\":{\"@id\":\"https:\\\/\\\/lospoliticosveracruz.com\\\/?p=109536\"},\"wordCount\":1096,\"publisher\":{\"@id\":\"https:\\\/\\\/lospoliticosveracruz.com\\\/#organization\"},\"image\":{\"@id\":\"https:\\\/\\\/lospoliticosveracruz.com\\\/?p=109536#primaryimage\"},\"thumbnailUrl\":\"https:\\\/\\\/lospoliticosveracruz.com.mx\\\/wp-content\\\/uploads\\\/2016\\\/07\\\/Seguro-Julio-Cerecedo-2-1024x381.jpg\",\"keywords\":[\"Ailett Garc\u00eda Cayetano\",\"Cuitl\u00e1huac Garc\u00eda Jim\u00e9nez\",\"Eleazar Guerrero P\u00e9rez\",\"Gladys P\u00e9rez Maldonado\",\"Morena\",\"Poder Judicial del Estado\",\"Veracruz\"],\"articleSection\":[\"De Opini\u00f3n\"],\"inLanguage\":\"es\"},{\"@type\":\"WebPage\",\"@id\":\"https:\\\/\\\/lospoliticosveracruz.com\\\/?p=109536\",\"url\":\"https:\\\/\\\/lospoliticosveracruz.com\\\/?p=109536\",\"name\":\"SALIDA DE AILETT, \u00bfLA DERROTA DE MORENA? - Los pol\u00edticos Veracruz\",\"isPartOf\":{\"@id\":\"https:\\\/\\\/lospoliticosveracruz.com\\\/#website\"},\"primaryImageOfPage\":{\"@id\":\"https:\\\/\\\/lospoliticosveracruz.com\\\/?p=109536#primaryimage\"},\"image\":{\"@id\":\"https:\\\/\\\/lospoliticosveracruz.com\\\/?p=109536#primaryimage\"},\"thumbnailUrl\":\"https:\\\/\\\/lospoliticosveracruz.com.mx\\\/wp-content\\\/uploads\\\/2016\\\/07\\\/Seguro-Julio-Cerecedo-2-1024x381.jpg\",\"datePublished\":\"2023-08-03T13:55:00+00:00\",\"breadcrumb\":{\"@id\":\"https:\\\/\\\/lospoliticosveracruz.com\\\/?p=109536#breadcrumb\"},\"inLanguage\":\"es\",\"potentialAction\":[{\"@type\":\"ReadAction\",\"target\":[\"https:\\\/\\\/lospoliticosveracruz.com\\\/?p=109536\"]}]},{\"@type\":\"ImageObject\",\"inLanguage\":\"es\",\"@id\":\"https:\\\/\\\/lospoliticosveracruz.com\\\/?p=109536#primaryimage\",\"url\":\"https:\\\/\\\/lospoliticosveracruz.com.mx\\\/wp-content\\\/uploads\\\/2016\\\/07\\\/Seguro-Julio-Cerecedo-2-1024x381.jpg\",\"contentUrl\":\"https:\\\/\\\/lospoliticosveracruz.com.mx\\\/wp-content\\\/uploads\\\/2016\\\/07\\\/Seguro-Julio-Cerecedo-2-1024x381.jpg\"},{\"@type\":\"BreadcrumbList\",\"@id\":\"https:\\\/\\\/lospoliticosveracruz.com\\\/?p=109536#breadcrumb\",\"itemListElement\":[{\"@type\":\"ListItem\",\"position\":1,\"name\":\"Portada\",\"item\":\"https:\\\/\\\/lospoliticosveracruz.com\\\/\"},{\"@type\":\"ListItem\",\"position\":2,\"name\":\"SALIDA DE AILETT, \u00bfLA DERROTA DE MORENA?\"}]},{\"@type\":\"WebSite\",\"@id\":\"https:\\\/\\\/lospoliticosveracruz.com\\\/#website\",\"url\":\"https:\\\/\\\/lospoliticosveracruz.com\\\/\",\"name\":\"Los pol\u00edticos Veracruz\",\"description\":\"\",\"publisher\":{\"@id\":\"https:\\\/\\\/lospoliticosveracruz.com\\\/#organization\"},\"potentialAction\":[{\"@type\":\"SearchAction\",\"target\":{\"@type\":\"EntryPoint\",\"urlTemplate\":\"https:\\\/\\\/lospoliticosveracruz.com\\\/?s={search_term_string}\"},\"query-input\":{\"@type\":\"PropertyValueSpecification\",\"valueRequired\":true,\"valueName\":\"search_term_string\"}}],\"inLanguage\":\"es\"},{\"@type\":\"Organization\",\"@id\":\"https:\\\/\\\/lospoliticosveracruz.com\\\/#organization\",\"name\":\"Los pol\u00edticos Veracruz\",\"url\":\"https:\\\/\\\/lospoliticosveracruz.com\\\/\",\"logo\":{\"@type\":\"ImageObject\",\"inLanguage\":\"es\",\"@id\":\"https:\\\/\\\/lospoliticosveracruz.com\\\/#\\\/schema\\\/logo\\\/image\\\/\",\"url\":\"https:\\\/\\\/lospoliticosveracruz.com\\\/wp-content\\\/uploads\\\/2025\\\/12\\\/Logo-Nuevo-LOS-POLITICOS-1.jpg\",\"contentUrl\":\"https:\\\/\\\/lospoliticosveracruz.com\\\/wp-content\\\/uploads\\\/2025\\\/12\\\/Logo-Nuevo-LOS-POLITICOS-1.jpg\",\"width\":260,\"height\":70,\"caption\":\"Los pol\u00edticos Veracruz\"},\"image\":{\"@id\":\"https:\\\/\\\/lospoliticosveracruz.com\\\/#\\\/schema\\\/logo\\\/image\\\/\"},\"sameAs\":[\"https:\\\/\\\/www.facebook.com\\\/people\\\/Notimemes-de-los-Polticos\\\/61565672886568\\\/\",\"https:\\\/\\\/x.com\\\/LosPoliticosVer\"]},{\"@type\":\"Person\",\"@id\":\"https:\\\/\\\/lospoliticosveracruz.com\\\/#\\\/schema\\\/person\\\/b8702bb0e538456e6efd07080bf2a4a2\",\"name\":\"Lo viste en Los Pol\u00edticos\",\"image\":{\"@type\":\"ImageObject\",\"inLanguage\":\"es\",\"@id\":\"https:\\\/\\\/secure.gravatar.com\\\/avatar\\\/3a8de04a2656d44082be478bd6c086daa447c4651605818287b9532d3d0bd435?s=96&d=mm&r=g\",\"url\":\"https:\\\/\\\/secure.gravatar.com\\\/avatar\\\/3a8de04a2656d44082be478bd6c086daa447c4651605818287b9532d3d0bd435?s=96&d=mm&r=g\",\"contentUrl\":\"https:\\\/\\\/secure.gravatar.com\\\/avatar\\\/3a8de04a2656d44082be478bd6c086daa447c4651605818287b9532d3d0bd435?s=96&d=mm&r=g\",\"caption\":\"Lo viste en Los Pol\u00edticos\"},\"url\":\"https:\\\/\\\/lospoliticosveracruz.com\\\/?author=2\"}]}<\/script>\n<!-- \/ Yoast SEO plugin. -->","yoast_head_json":{"title":"SALIDA DE AILETT, \u00bfLA DERROTA DE MORENA? - Los pol\u00edticos Veracruz","robots":{"index":"index","follow":"follow","max-snippet":"max-snippet:-1","max-image-preview":"max-image-preview:large","max-video-preview":"max-video-preview:-1"},"canonical":"https:\/\/lospoliticosveracruz.com\/?p=109536","og_locale":"es_ES","og_type":"article","og_title":"SALIDA DE AILETT, \u00bfLA DERROTA DE MORENA? - Los pol\u00edticos Veracruz","og_description":"Ricardo ChuaSale y Vale\u00abGarganta Profunda\u00bb mencion\u00f3 que con la reincorporaci\u00f3n de Gladys P\u00e9rez Maldonado, al Poder Judicial del Estado, donde fue reinstalada como Magistrada.. Despu\u00e9s de haber sido destituida ilegalmente del cargo.. Despu\u00e9s de ganar un amparo y con ello se dio la salida de Ailett Garc\u00eda Cayetano, poderosa abogada cercana y familiar del gobernador, [&hellip;]","og_url":"https:\/\/lospoliticosveracruz.com\/?p=109536","og_site_name":"Los pol\u00edticos Veracruz","article_publisher":"https:\/\/www.facebook.com\/people\/Notimemes-de-los-Polticos\/61565672886568\/","article_published_time":"2023-08-03T13:55:00+00:00","og_image":[{"url":"https:\/\/lospoliticosveracruz.com.mx\/wp-content\/uploads\/2016\/07\/Seguro-Julio-Cerecedo-2-1024x381.jpg","type":"","width":"","height":""}],"author":"Lo viste en Los Pol\u00edticos","twitter_card":"summary_large_image","twitter_creator":"@LosPoliticosVer","twitter_site":"@LosPoliticosVer","twitter_misc":{"Escrito por":"Lo viste en Los Pol\u00edticos","Tiempo de lectura":"5 minutos"},"schema":{"@context":"https:\/\/schema.org","@graph":[{"@type":"Article","@id":"https:\/\/lospoliticosveracruz.com\/?p=109536#article","isPartOf":{"@id":"https:\/\/lospoliticosveracruz.com\/?p=109536"},"author":{"name":"Lo viste en Los Pol\u00edticos","@id":"https:\/\/lospoliticosveracruz.com\/#\/schema\/person\/b8702bb0e538456e6efd07080bf2a4a2"},"headline":"SALIDA DE AILETT, \u00bfLA DERROTA DE MORENA?","datePublished":"2023-08-03T13:55:00+00:00","mainEntityOfPage":{"@id":"https:\/\/lospoliticosveracruz.com\/?p=109536"},"wordCount":1096,"publisher":{"@id":"https:\/\/lospoliticosveracruz.com\/#organization"},"image":{"@id":"https:\/\/lospoliticosveracruz.com\/?p=109536#primaryimage"},"thumbnailUrl":"https:\/\/lospoliticosveracruz.com.mx\/wp-content\/uploads\/2016\/07\/Seguro-Julio-Cerecedo-2-1024x381.jpg","keywords":["Ailett Garc\u00eda Cayetano","Cuitl\u00e1huac Garc\u00eda Jim\u00e9nez","Eleazar Guerrero P\u00e9rez","Gladys P\u00e9rez Maldonado","Morena","Poder Judicial del Estado","Veracruz"],"articleSection":["De Opini\u00f3n"],"inLanguage":"es"},{"@type":"WebPage","@id":"https:\/\/lospoliticosveracruz.com\/?p=109536","url":"https:\/\/lospoliticosveracruz.com\/?p=109536","name":"SALIDA DE AILETT, \u00bfLA DERROTA DE MORENA? - Los pol\u00edticos Veracruz","isPartOf":{"@id":"https:\/\/lospoliticosveracruz.com\/#website"},"primaryImageOfPage":{"@id":"https:\/\/lospoliticosveracruz.com\/?p=109536#primaryimage"},"image":{"@id":"https:\/\/lospoliticosveracruz.com\/?p=109536#primaryimage"},"thumbnailUrl":"https:\/\/lospoliticosveracruz.com.mx\/wp-content\/uploads\/2016\/07\/Seguro-Julio-Cerecedo-2-1024x381.jpg","datePublished":"2023-08-03T13:55:00+00:00","breadcrumb":{"@id":"https:\/\/lospoliticosveracruz.com\/?p=109536#breadcrumb"},"inLanguage":"es","potentialAction":[{"@type":"ReadAction","target":["https:\/\/lospoliticosveracruz.com\/?p=109536"]}]},{"@type":"ImageObject","inLanguage":"es","@id":"https:\/\/lospoliticosveracruz.com\/?p=109536#primaryimage","url":"https:\/\/lospoliticosveracruz.com.mx\/wp-content\/uploads\/2016\/07\/Seguro-Julio-Cerecedo-2-1024x381.jpg","contentUrl":"https:\/\/lospoliticosveracruz.com.mx\/wp-content\/uploads\/2016\/07\/Seguro-Julio-Cerecedo-2-1024x381.jpg"},{"@type":"BreadcrumbList","@id":"https:\/\/lospoliticosveracruz.com\/?p=109536#breadcrumb","itemListElement":[{"@type":"ListItem","position":1,"name":"Portada","item":"https:\/\/lospoliticosveracruz.com\/"},{"@type":"ListItem","position":2,"name":"SALIDA DE AILETT, \u00bfLA DERROTA DE MORENA?"}]},{"@type":"WebSite","@id":"https:\/\/lospoliticosveracruz.com\/#website","url":"https:\/\/lospoliticosveracruz.com\/","name":"Los pol\u00edticos Veracruz","description":"","publisher":{"@id":"https:\/\/lospoliticosveracruz.com\/#organization"},"potentialAction":[{"@type":"SearchAction","target":{"@type":"EntryPoint","urlTemplate":"https:\/\/lospoliticosveracruz.com\/?s={search_term_string}"},"query-input":{"@type":"PropertyValueSpecification","valueRequired":true,"valueName":"search_term_string"}}],"inLanguage":"es"},{"@type":"Organization","@id":"https:\/\/lospoliticosveracruz.com\/#organization","name":"Los pol\u00edticos Veracruz","url":"https:\/\/lospoliticosveracruz.com\/","logo":{"@type":"ImageObject","inLanguage":"es","@id":"https:\/\/lospoliticosveracruz.com\/#\/schema\/logo\/image\/","url":"https:\/\/lospoliticosveracruz.com\/wp-content\/uploads\/2025\/12\/Logo-Nuevo-LOS-POLITICOS-1.jpg","contentUrl":"https:\/\/lospoliticosveracruz.com\/wp-content\/uploads\/2025\/12\/Logo-Nuevo-LOS-POLITICOS-1.jpg","width":260,"height":70,"caption":"Los pol\u00edticos Veracruz"},"image":{"@id":"https:\/\/lospoliticosveracruz.com\/#\/schema\/logo\/image\/"},"sameAs":["https:\/\/www.facebook.com\/people\/Notimemes-de-los-Polticos\/61565672886568\/","https:\/\/x.com\/LosPoliticosVer"]},{"@type":"Person","@id":"https:\/\/lospoliticosveracruz.com\/#\/schema\/person\/b8702bb0e538456e6efd07080bf2a4a2","name":"Lo viste en Los Pol\u00edticos","image":{"@type":"ImageObject","inLanguage":"es","@id":"https:\/\/secure.gravatar.com\/avatar\/3a8de04a2656d44082be478bd6c086daa447c4651605818287b9532d3d0bd435?s=96&d=mm&r=g","url":"https:\/\/secure.gravatar.com\/avatar\/3a8de04a2656d44082be478bd6c086daa447c4651605818287b9532d3d0bd435?s=96&d=mm&r=g","contentUrl":"https:\/\/secure.gravatar.com\/avatar\/3a8de04a2656d44082be478bd6c086daa447c4651605818287b9532d3d0bd435?s=96&d=mm&r=g","caption":"Lo viste en Los Pol\u00edticos"},"url":"https:\/\/lospoliticosveracruz.com\/?author=2"}]}},"_links":{"self":[{"href":"https:\/\/lospoliticosveracruz.com\/index.php?rest_route=\/wp\/v2\/posts\/109536","targetHints":{"allow":["GET"]}}],"collection":[{"href":"https:\/\/lospoliticosveracruz.com\/index.php?rest_route=\/wp\/v2\/posts"}],"about":[{"href":"https:\/\/lospoliticosveracruz.com\/index.php?rest_route=\/wp\/v2\/types\/post"}],"author":[{"embeddable":true,"href":"https:\/\/lospoliticosveracruz.com\/index.php?rest_route=\/wp\/v2\/users\/2"}],"replies":[{"embeddable":true,"href":"https:\/\/lospoliticosveracruz.com\/index.php?rest_route=%2Fwp%2Fv2%2Fcomments&post=109536"}],"version-history":[{"count":1,"href":"https:\/\/lospoliticosveracruz.com\/index.php?rest_route=\/wp\/v2\/posts\/109536\/revisions"}],"predecessor-version":[{"id":109538,"href":"https:\/\/lospoliticosveracruz.com\/index.php?rest_route=\/wp\/v2\/posts\/109536\/revisions\/109538"}],"wp:attachment":[{"href":"https:\/\/lospoliticosveracruz.com\/index.php?rest_route=%2Fwp%2Fv2%2Fmedia&parent=109536"}],"wp:term":[{"taxonomy":"category","embeddable":true,"href":"https:\/\/lospoliticosveracruz.com\/index.php?rest_route=%2Fwp%2Fv2%2Fcategories&post=109536"},{"taxonomy":"post_tag","embeddable":true,"href":"https:\/\/lospoliticosveracruz.com\/index.php?rest_route=%2Fwp%2Fv2%2Ftags&post=109536"}],"curies":[{"name":"wp","href":"https:\/\/api.w.org\/{rel}","templated":true}]}}