{"id":109559,"date":"2023-08-03T18:13:08","date_gmt":"2023-08-03T23:13:08","guid":{"rendered":"https:\/\/lospoliticosveracruz.com.mx\/?p=109559"},"modified":"2023-08-03T18:13:15","modified_gmt":"2023-08-03T23:13:15","slug":"nuevos-libros-caja-china","status":"publish","type":"post","link":"https:\/\/lospoliticosveracruz.com\/?p=109559","title":{"rendered":"NUEVOS LIBROS, CAJA CHINA!"},"content":{"rendered":"\n<p><\/p>\n\n\n\n<p><strong>Veracruz<\/strong><br>Enrique de la Madrid hizo declaraciones contundentes acerca de los libros de texto gratuitos que el gobierno actual ha implementado en el sistema educativo. De la Madrid cuestion\u00f3 si la discusi\u00f3n sobre estos libros es una prioridad real para el gobierno o simplemente un distractor para desviar la atenci\u00f3n de otros problemas cruciales que afectan al pa\u00eds, tales como la violencia, la falta de medicinas, los homicidios y feminicidios.<br>El pol\u00edtico afirm\u00f3 que el nuevo material educativo que le Secretar\u00eda de Educaci\u00f3n P\u00fablica pretende distribuir para el pr\u00f3ximo ciclo escolar entre millones de ni\u00f1as, ni\u00f1os y adolescentes es el resultado de \u201cla soberbia del ignorante\u201d.<br>Para el aspirante a encabezar la construcci\u00f3n del Frente Amplio por M\u00e9xico, la educaci\u00f3n es un tema que debe tomarse muy en serio, debe centrarse en devolver a la educaci\u00f3n su papel como el principal factor de movilidad social en M\u00e9xico. En sus palabras, el gobierno actual est\u00e1 plagado de \u00abcajas chinas, de cuentos y pocas cuentas\u00bb, y sugiri\u00f3 que se necesitan pol\u00edticas m\u00e1s efectivas y transparentes en lugar de meros cuentos y distracciones.<br>En relaci\u00f3n a la entrega de los nuevos libros de texto, De la Madrid enfatiz\u00f3 que la educaci\u00f3n es un tema que ata\u00f1e a toda la sociedad, y no solo a la Secretar\u00eda de Educaci\u00f3n P\u00fablica (SEP). Destac\u00f3 la importancia de la participaci\u00f3n activa de los padres de familia y la escuela de manera conjunta para formar mejores ciudadanos mexicanos. Critic\u00f3 la imposici\u00f3n de un modelo educativo que no responde a las necesidades reales de los estudiantes y abog\u00f3 por una educaci\u00f3n integral que incluya conocimientos acad\u00e9micos, habilidades tecnol\u00f3gicas y valores.<br>En cuanto a los programas sociales, De la Madrid afirm\u00f3 que el Frente Amplio por M\u00e9xico no eliminar\u00e1 estos programas, ya que reconoce su relevancia para aquellos ciudadanos que se encuentran en situaci\u00f3n de vulnerabilidad y supervivencia. Sin embargo, tambi\u00e9n se\u00f1al\u00f3 que el actual gobierno no est\u00e1 entregando buenos resultados y ha reducido la cobertura de los programas sociales, lo que ha afectado negativamente a las familias m\u00e1s pobres.<br>En otro aspecto, Enrique de la Madrid explic\u00f3 el proceso en curso del Frente Amplio por M\u00e9xico, que est\u00e1 conformado por partidos pol\u00edticos y sociedad civil, con el objetivo de elegir al responsable de liderar el frente amplio. Destac\u00f3 que est\u00e1n recabando firmas para este proceso y que tambi\u00e9n habr\u00e1 foros nacionales para escuchar las aspiraciones y reclamos de la poblaci\u00f3n.<br>Asimismo, hizo hincapi\u00e9 en la importancia de Veracruz en la historia y econom\u00eda del pa\u00eds, con su gran influencia en sectores agr\u00edcolas, ganaderos, energ\u00e9ticos, industriales y pesqueros. Subray\u00f3 la necesidad de que Veracruz contribuya a la construcci\u00f3n de un M\u00e9xico mejor, m\u00e1s seguro, pr\u00f3spero y generador de empleo.<br>El pol\u00edtico destac\u00f3 la importancia de aprender de los errores del pasado y rescatar las pol\u00edticas exitosas que beneficiaron a la poblaci\u00f3n, como las guarder\u00edas, las estancias infantiles y los programas como Prospera que incentivaban la educaci\u00f3n y la salud de los beneficiarios.<br>Enrique de la Madrid concluy\u00f3 su discurso en Veracruz llamando a la participaci\u00f3n ciudadana en el proceso del Frente Amplio por M\u00e9xico y alzando la voz por una educaci\u00f3n de calidad, programas sociales efectivos y pol\u00edticas que impulsen el progreso y desarrollo del pa\u00eds. Con estas declaraciones, el aspirante busca abrir el debate sobre la importancia de la educaci\u00f3n y la necesidad de pol\u00edticas p\u00fablicas que realmente respondan a las necesidades de los ciudadanos.<\/p>\n","protected":false},"excerpt":{"rendered":"<p>VeracruzEnrique de la Madrid hizo declaraciones contundentes acerca de los libros de texto gratuitos que el gobierno actual ha implementado en el sistema educativo. De la Madrid cuestion\u00f3 si la discusi\u00f3n sobre estos libros es una prioridad real para el gobierno o simplemente un distractor para desviar la atenci\u00f3n de otros problemas cruciales que afectan [&hellip;]<\/p>\n","protected":false},"author":2,"featured_media":0,"comment_status":"closed","ping_status":"closed","sticky":false,"template":"","format":"standard","meta":{"tdm_status":"","tdm_grid_status":"","footnotes":""},"categories":[73],"tags":[12909,38524],"class_list":{"0":"post-109559","1":"post","2":"type-post","3":"status-publish","4":"format-standard","6":"category-de-boleto","7":"tag-enrique-de-la-madrid","8":"tag-frente-amplio-por-mexico"},"yoast_head":"<!-- This site is optimized with the Yoast SEO plugin v27.4 - https:\/\/yoast.com\/product\/yoast-seo-wordpress\/ -->\n<title>NUEVOS LIBROS, CAJA CHINA! - Los pol\u00edticos Veracruz<\/title>\n<meta name=\"robots\" content=\"index, follow, max-snippet:-1, max-image-preview:large, max-video-preview:-1\" \/>\n<link rel=\"canonical\" href=\"https:\/\/lospoliticosveracruz.com\/?p=109559\" \/>\n<meta property=\"og:locale\" content=\"es_ES\" \/>\n<meta property=\"og:type\" content=\"article\" \/>\n<meta property=\"og:title\" content=\"NUEVOS LIBROS, CAJA CHINA! - Los pol\u00edticos Veracruz\" \/>\n<meta property=\"og:description\" content=\"VeracruzEnrique de la Madrid hizo declaraciones contundentes acerca de los libros de texto gratuitos que el gobierno actual ha implementado en el sistema educativo. De la Madrid cuestion\u00f3 si la discusi\u00f3n sobre estos libros es una prioridad real para el gobierno o simplemente un distractor para desviar la atenci\u00f3n de otros problemas cruciales que afectan [&hellip;]\" \/>\n<meta property=\"og:url\" content=\"https:\/\/lospoliticosveracruz.com\/?p=109559\" \/>\n<meta property=\"og:site_name\" content=\"Los pol\u00edticos Veracruz\" \/>\n<meta property=\"article:publisher\" content=\"https:\/\/www.facebook.com\/people\/Notimemes-de-los-Polticos\/61565672886568\/\" \/>\n<meta property=\"article:published_time\" content=\"2023-08-03T23:13:08+00:00\" \/>\n<meta property=\"article:modified_time\" content=\"2023-08-03T23:13:15+00:00\" \/>\n<meta property=\"og:image\" content=\"https:\/\/lospoliticosveracruz.com\/wp-content\/uploads\/2016\/07\/Logo-Dor.jpg\" \/>\n\t<meta property=\"og:image:width\" content=\"200\" \/>\n\t<meta property=\"og:image:height\" content=\"200\" \/>\n\t<meta property=\"og:image:type\" content=\"image\/jpeg\" \/>\n<meta name=\"author\" content=\"Lo viste en Los Pol\u00edticos\" \/>\n<meta name=\"twitter:card\" content=\"summary_large_image\" \/>\n<meta name=\"twitter:creator\" content=\"@LosPoliticosVer\" \/>\n<meta name=\"twitter:site\" content=\"@LosPoliticosVer\" \/>\n<meta name=\"twitter:label1\" content=\"Escrito por\" \/>\n\t<meta name=\"twitter:data1\" content=\"Lo viste en Los Pol\u00edticos\" \/>\n\t<meta name=\"twitter:label2\" content=\"Tiempo de lectura\" \/>\n\t<meta name=\"twitter:data2\" content=\"3 minutos\" \/>\n<script type=\"application\/ld+json\" class=\"yoast-schema-graph\">{\"@context\":\"https:\\\/\\\/schema.org\",\"@graph\":[{\"@type\":\"Article\",\"@id\":\"https:\\\/\\\/lospoliticosveracruz.com\\\/?p=109559#article\",\"isPartOf\":{\"@id\":\"https:\\\/\\\/lospoliticosveracruz.com\\\/?p=109559\"},\"author\":{\"name\":\"Lo viste en Los Pol\u00edticos\",\"@id\":\"https:\\\/\\\/lospoliticosveracruz.com\\\/#\\\/schema\\\/person\\\/b8702bb0e538456e6efd07080bf2a4a2\"},\"headline\":\"NUEVOS LIBROS, CAJA CHINA!\",\"datePublished\":\"2023-08-03T23:13:08+00:00\",\"dateModified\":\"2023-08-03T23:13:15+00:00\",\"mainEntityOfPage\":{\"@id\":\"https:\\\/\\\/lospoliticosveracruz.com\\\/?p=109559\"},\"wordCount\":629,\"publisher\":{\"@id\":\"https:\\\/\\\/lospoliticosveracruz.com\\\/#organization\"},\"keywords\":[\"Enrique de la Madrid\",\"Frente Amplio por M\u00e9xico\"],\"articleSection\":[\"De Boleto\"],\"inLanguage\":\"es\"},{\"@type\":\"WebPage\",\"@id\":\"https:\\\/\\\/lospoliticosveracruz.com\\\/?p=109559\",\"url\":\"https:\\\/\\\/lospoliticosveracruz.com\\\/?p=109559\",\"name\":\"NUEVOS LIBROS, CAJA CHINA! - Los pol\u00edticos Veracruz\",\"isPartOf\":{\"@id\":\"https:\\\/\\\/lospoliticosveracruz.com\\\/#website\"},\"datePublished\":\"2023-08-03T23:13:08+00:00\",\"dateModified\":\"2023-08-03T23:13:15+00:00\",\"breadcrumb\":{\"@id\":\"https:\\\/\\\/lospoliticosveracruz.com\\\/?p=109559#breadcrumb\"},\"inLanguage\":\"es\",\"potentialAction\":[{\"@type\":\"ReadAction\",\"target\":[\"https:\\\/\\\/lospoliticosveracruz.com\\\/?p=109559\"]}]},{\"@type\":\"BreadcrumbList\",\"@id\":\"https:\\\/\\\/lospoliticosveracruz.com\\\/?p=109559#breadcrumb\",\"itemListElement\":[{\"@type\":\"ListItem\",\"position\":1,\"name\":\"Portada\",\"item\":\"https:\\\/\\\/lospoliticosveracruz.com\\\/\"},{\"@type\":\"ListItem\",\"position\":2,\"name\":\"NUEVOS LIBROS, CAJA CHINA!\"}]},{\"@type\":\"WebSite\",\"@id\":\"https:\\\/\\\/lospoliticosveracruz.com\\\/#website\",\"url\":\"https:\\\/\\\/lospoliticosveracruz.com\\\/\",\"name\":\"Los pol\u00edticos Veracruz\",\"description\":\"\",\"publisher\":{\"@id\":\"https:\\\/\\\/lospoliticosveracruz.com\\\/#organization\"},\"potentialAction\":[{\"@type\":\"SearchAction\",\"target\":{\"@type\":\"EntryPoint\",\"urlTemplate\":\"https:\\\/\\\/lospoliticosveracruz.com\\\/?s={search_term_string}\"},\"query-input\":{\"@type\":\"PropertyValueSpecification\",\"valueRequired\":true,\"valueName\":\"search_term_string\"}}],\"inLanguage\":\"es\"},{\"@type\":\"Organization\",\"@id\":\"https:\\\/\\\/lospoliticosveracruz.com\\\/#organization\",\"name\":\"Los pol\u00edticos Veracruz\",\"url\":\"https:\\\/\\\/lospoliticosveracruz.com\\\/\",\"logo\":{\"@type\":\"ImageObject\",\"inLanguage\":\"es\",\"@id\":\"https:\\\/\\\/lospoliticosveracruz.com\\\/#\\\/schema\\\/logo\\\/image\\\/\",\"url\":\"https:\\\/\\\/lospoliticosveracruz.com\\\/wp-content\\\/uploads\\\/2025\\\/12\\\/Logo-Nuevo-LOS-POLITICOS-1.jpg\",\"contentUrl\":\"https:\\\/\\\/lospoliticosveracruz.com\\\/wp-content\\\/uploads\\\/2025\\\/12\\\/Logo-Nuevo-LOS-POLITICOS-1.jpg\",\"width\":260,\"height\":70,\"caption\":\"Los pol\u00edticos Veracruz\"},\"image\":{\"@id\":\"https:\\\/\\\/lospoliticosveracruz.com\\\/#\\\/schema\\\/logo\\\/image\\\/\"},\"sameAs\":[\"https:\\\/\\\/www.facebook.com\\\/people\\\/Notimemes-de-los-Polticos\\\/61565672886568\\\/\",\"https:\\\/\\\/x.com\\\/LosPoliticosVer\"]},{\"@type\":\"Person\",\"@id\":\"https:\\\/\\\/lospoliticosveracruz.com\\\/#\\\/schema\\\/person\\\/b8702bb0e538456e6efd07080bf2a4a2\",\"name\":\"Lo viste en Los Pol\u00edticos\",\"image\":{\"@type\":\"ImageObject\",\"inLanguage\":\"es\",\"@id\":\"https:\\\/\\\/secure.gravatar.com\\\/avatar\\\/3a8de04a2656d44082be478bd6c086daa447c4651605818287b9532d3d0bd435?s=96&d=mm&r=g\",\"url\":\"https:\\\/\\\/secure.gravatar.com\\\/avatar\\\/3a8de04a2656d44082be478bd6c086daa447c4651605818287b9532d3d0bd435?s=96&d=mm&r=g\",\"contentUrl\":\"https:\\\/\\\/secure.gravatar.com\\\/avatar\\\/3a8de04a2656d44082be478bd6c086daa447c4651605818287b9532d3d0bd435?s=96&d=mm&r=g\",\"caption\":\"Lo viste en Los Pol\u00edticos\"},\"url\":\"https:\\\/\\\/lospoliticosveracruz.com\\\/?author=2\"}]}<\/script>\n<!-- \/ Yoast SEO plugin. -->","yoast_head_json":{"title":"NUEVOS LIBROS, CAJA CHINA! - Los pol\u00edticos Veracruz","robots":{"index":"index","follow":"follow","max-snippet":"max-snippet:-1","max-image-preview":"max-image-preview:large","max-video-preview":"max-video-preview:-1"},"canonical":"https:\/\/lospoliticosveracruz.com\/?p=109559","og_locale":"es_ES","og_type":"article","og_title":"NUEVOS LIBROS, CAJA CHINA! - Los pol\u00edticos Veracruz","og_description":"VeracruzEnrique de la Madrid hizo declaraciones contundentes acerca de los libros de texto gratuitos que el gobierno actual ha implementado en el sistema educativo. De la Madrid cuestion\u00f3 si la discusi\u00f3n sobre estos libros es una prioridad real para el gobierno o simplemente un distractor para desviar la atenci\u00f3n de otros problemas cruciales que afectan [&hellip;]","og_url":"https:\/\/lospoliticosveracruz.com\/?p=109559","og_site_name":"Los pol\u00edticos Veracruz","article_publisher":"https:\/\/www.facebook.com\/people\/Notimemes-de-los-Polticos\/61565672886568\/","article_published_time":"2023-08-03T23:13:08+00:00","article_modified_time":"2023-08-03T23:13:15+00:00","og_image":[{"width":200,"height":200,"url":"https:\/\/lospoliticosveracruz.com\/wp-content\/uploads\/2016\/07\/Logo-Dor.jpg","type":"image\/jpeg"}],"author":"Lo viste en Los Pol\u00edticos","twitter_card":"summary_large_image","twitter_creator":"@LosPoliticosVer","twitter_site":"@LosPoliticosVer","twitter_misc":{"Escrito por":"Lo viste en Los Pol\u00edticos","Tiempo de lectura":"3 minutos"},"schema":{"@context":"https:\/\/schema.org","@graph":[{"@type":"Article","@id":"https:\/\/lospoliticosveracruz.com\/?p=109559#article","isPartOf":{"@id":"https:\/\/lospoliticosveracruz.com\/?p=109559"},"author":{"name":"Lo viste en Los Pol\u00edticos","@id":"https:\/\/lospoliticosveracruz.com\/#\/schema\/person\/b8702bb0e538456e6efd07080bf2a4a2"},"headline":"NUEVOS LIBROS, CAJA CHINA!","datePublished":"2023-08-03T23:13:08+00:00","dateModified":"2023-08-03T23:13:15+00:00","mainEntityOfPage":{"@id":"https:\/\/lospoliticosveracruz.com\/?p=109559"},"wordCount":629,"publisher":{"@id":"https:\/\/lospoliticosveracruz.com\/#organization"},"keywords":["Enrique de la Madrid","Frente Amplio por M\u00e9xico"],"articleSection":["De Boleto"],"inLanguage":"es"},{"@type":"WebPage","@id":"https:\/\/lospoliticosveracruz.com\/?p=109559","url":"https:\/\/lospoliticosveracruz.com\/?p=109559","name":"NUEVOS LIBROS, CAJA CHINA! - Los pol\u00edticos Veracruz","isPartOf":{"@id":"https:\/\/lospoliticosveracruz.com\/#website"},"datePublished":"2023-08-03T23:13:08+00:00","dateModified":"2023-08-03T23:13:15+00:00","breadcrumb":{"@id":"https:\/\/lospoliticosveracruz.com\/?p=109559#breadcrumb"},"inLanguage":"es","potentialAction":[{"@type":"ReadAction","target":["https:\/\/lospoliticosveracruz.com\/?p=109559"]}]},{"@type":"BreadcrumbList","@id":"https:\/\/lospoliticosveracruz.com\/?p=109559#breadcrumb","itemListElement":[{"@type":"ListItem","position":1,"name":"Portada","item":"https:\/\/lospoliticosveracruz.com\/"},{"@type":"ListItem","position":2,"name":"NUEVOS LIBROS, CAJA CHINA!"}]},{"@type":"WebSite","@id":"https:\/\/lospoliticosveracruz.com\/#website","url":"https:\/\/lospoliticosveracruz.com\/","name":"Los pol\u00edticos Veracruz","description":"","publisher":{"@id":"https:\/\/lospoliticosveracruz.com\/#organization"},"potentialAction":[{"@type":"SearchAction","target":{"@type":"EntryPoint","urlTemplate":"https:\/\/lospoliticosveracruz.com\/?s={search_term_string}"},"query-input":{"@type":"PropertyValueSpecification","valueRequired":true,"valueName":"search_term_string"}}],"inLanguage":"es"},{"@type":"Organization","@id":"https:\/\/lospoliticosveracruz.com\/#organization","name":"Los pol\u00edticos Veracruz","url":"https:\/\/lospoliticosveracruz.com\/","logo":{"@type":"ImageObject","inLanguage":"es","@id":"https:\/\/lospoliticosveracruz.com\/#\/schema\/logo\/image\/","url":"https:\/\/lospoliticosveracruz.com\/wp-content\/uploads\/2025\/12\/Logo-Nuevo-LOS-POLITICOS-1.jpg","contentUrl":"https:\/\/lospoliticosveracruz.com\/wp-content\/uploads\/2025\/12\/Logo-Nuevo-LOS-POLITICOS-1.jpg","width":260,"height":70,"caption":"Los pol\u00edticos Veracruz"},"image":{"@id":"https:\/\/lospoliticosveracruz.com\/#\/schema\/logo\/image\/"},"sameAs":["https:\/\/www.facebook.com\/people\/Notimemes-de-los-Polticos\/61565672886568\/","https:\/\/x.com\/LosPoliticosVer"]},{"@type":"Person","@id":"https:\/\/lospoliticosveracruz.com\/#\/schema\/person\/b8702bb0e538456e6efd07080bf2a4a2","name":"Lo viste en Los Pol\u00edticos","image":{"@type":"ImageObject","inLanguage":"es","@id":"https:\/\/secure.gravatar.com\/avatar\/3a8de04a2656d44082be478bd6c086daa447c4651605818287b9532d3d0bd435?s=96&d=mm&r=g","url":"https:\/\/secure.gravatar.com\/avatar\/3a8de04a2656d44082be478bd6c086daa447c4651605818287b9532d3d0bd435?s=96&d=mm&r=g","contentUrl":"https:\/\/secure.gravatar.com\/avatar\/3a8de04a2656d44082be478bd6c086daa447c4651605818287b9532d3d0bd435?s=96&d=mm&r=g","caption":"Lo viste en Los Pol\u00edticos"},"url":"https:\/\/lospoliticosveracruz.com\/?author=2"}]}},"_links":{"self":[{"href":"https:\/\/lospoliticosveracruz.com\/index.php?rest_route=\/wp\/v2\/posts\/109559","targetHints":{"allow":["GET"]}}],"collection":[{"href":"https:\/\/lospoliticosveracruz.com\/index.php?rest_route=\/wp\/v2\/posts"}],"about":[{"href":"https:\/\/lospoliticosveracruz.com\/index.php?rest_route=\/wp\/v2\/types\/post"}],"author":[{"embeddable":true,"href":"https:\/\/lospoliticosveracruz.com\/index.php?rest_route=\/wp\/v2\/users\/2"}],"replies":[{"embeddable":true,"href":"https:\/\/lospoliticosveracruz.com\/index.php?rest_route=%2Fwp%2Fv2%2Fcomments&post=109559"}],"version-history":[{"count":1,"href":"https:\/\/lospoliticosveracruz.com\/index.php?rest_route=\/wp\/v2\/posts\/109559\/revisions"}],"predecessor-version":[{"id":109561,"href":"https:\/\/lospoliticosveracruz.com\/index.php?rest_route=\/wp\/v2\/posts\/109559\/revisions\/109561"}],"wp:attachment":[{"href":"https:\/\/lospoliticosveracruz.com\/index.php?rest_route=%2Fwp%2Fv2%2Fmedia&parent=109559"}],"wp:term":[{"taxonomy":"category","embeddable":true,"href":"https:\/\/lospoliticosveracruz.com\/index.php?rest_route=%2Fwp%2Fv2%2Fcategories&post=109559"},{"taxonomy":"post_tag","embeddable":true,"href":"https:\/\/lospoliticosveracruz.com\/index.php?rest_route=%2Fwp%2Fv2%2Ftags&post=109559"}],"curies":[{"name":"wp","href":"https:\/\/api.w.org\/{rel}","templated":true}]}}