{"id":109824,"date":"2023-08-10T08:55:00","date_gmt":"2023-08-10T13:55:00","guid":{"rendered":"https:\/\/lospoliticosveracruz.com.mx\/?p=109824"},"modified":"2023-08-10T08:39:13","modified_gmt":"2023-08-10T13:39:13","slug":"solo-dos-sopas-fideos-o-jodeos","status":"publish","type":"post","link":"https:\/\/lospoliticosveracruz.com\/?p=109824","title":{"rendered":"S\u00d3LO DOS SOPAS: FIDEOS O JODEOS"},"content":{"rendered":"\n<p><strong>Bernardo Guti\u00e9rrez Parra<br><\/strong><em>Desde el Caf\u00e9<\/em><\/p>\n\n\n\n<p>Cuenta la leyenda que cuando en el PAN advirtieron que Vicente Fox, su aspirante m\u00e1s popular a la presidencia para el 2000 no era militante de ese partido, los panistas puros se negaron a otorgarle la candidatura y se arm\u00f3 un aquelarre que estuvo a punto de dividirlos.<\/p>\n\n\n<div class=\"wp-block-image\">\n<figure class=\"alignleft size-medium\"><a href=\"https:\/\/lospoliticosveracruz.com.mx\/wp-content\/uploads\/2021\/10\/Zacauilt.jpg\"><img decoding=\"async\" src=\"https:\/\/lospoliticosveracruz.com.mx\/wp-content\/uploads\/2021\/10\/Zacauilt-150x300.jpg\" alt=\"\" class=\"wp-image-80558\"\/><\/a><\/figure>\n<\/div>\n\n\n<p>Tuvo que entrar al quite el Jefe Diego que apacigu\u00f3 las aguas con esta arenga. \u201cA mi ni siquiera me cae bien ese tipo, pero o lo hacemos nuestro candidato o perderemos la oportunidad hist\u00f3rica de llegar por vez primera a la presidencia de la Rep\u00fablica\u201d. Y no les qued\u00f3 de otra que apoyarlo.<\/p>\n\n\n\n<p>Veintitr\u00e9s a\u00f1os despu\u00e9s la historia se repite.<\/p>\n\n\n\n<p>X\u00f3chitl G\u00e1lvez que aspira tambi\u00e9n a la presidencia e ir\u00eda como abanderada del PAN, tampoco es militante de ese partido, como s\u00ed lo es Santiago Creel. El problema para los panistas puros en caso de que se quieran volver a poner ro\u00f1osos, es que en apenas tres meses X\u00f3chitl le pas\u00f3 por encima a todos los aspirantes de la oposici\u00f3n.<\/p>\n\n\n\n<p>De acuerdo con la \u00faltima encuesta de El Financiero, la hidalguense puntea con el 23 por ciento de aceptaci\u00f3n, seguida de Creel que tiene el 14 por ciento; Enrique de la Madrid va en tercer lugar con el 13 por ciento; le sigue Miguel \u00c1ngel Mancera con el 12 por ciento y Beatriz Paredes con el 8 por ciento. Y m\u00e1s o menos en ese tenor andan las encuestas de El Economista y El Heraldo de M\u00e9xico.<\/p>\n\n\n\n<p>Este mi\u00e9rcoles el Frente Amplio por M\u00e9xico anunci\u00f3 que cuatro de los 12 aspirantes a la presidencia pasan a la siguiente ronda: X\u00f3chitl, Santiago, Enrique y Beatriz.<\/p>\n\n\n\n<p>Si a los dem\u00e1s (entre ellos a Miguel \u00c1ngel Mancera) los sacaron a la mala o se bajaron por la buena de la contienda eso es irrelevante. Pero de los cuatro que quedaron, tres sudaron la gota gorda para juntar las 150 mil firmas requeridas, mientras que X\u00f3chitl se ech\u00f3 a la bolsa m\u00e1s de 500 mil casi sin despeinarse.<\/p>\n\n\n\n<p>Lo que sigue es un foro de donde saldr\u00e1n tres finalistas que no ser\u00e1n otros que Beatriz, Santiago y X\u00f3chitl. Enrique de la Madrid se ir\u00e1 a su casa a la espera de tiempos mejores. Luego vendr\u00e1n cinco foros regionales en Tijuana, Monterrey, Le\u00f3n, Guadalajara y M\u00e9rida. Y el 3 de septiembre el Frente Amplio por M\u00e9xico anunciar\u00e1 a la ganadora o el ganador.<\/p>\n\n\n\n<p>En lo personal estos foros me parecen innecesarios si se toma en cuenta que X\u00f3chitl aventaja por nueve puntos a Santiago y por 15 a la se\u00f1ora Paredes. Es decir, quienes votar\u00e1n por la oposici\u00f3n ya decidieron a qui\u00e9n quieren como candidata.<\/p>\n\n\n\n<p>Lo \u00fanico que suceder\u00e1 en ellos es que Beatriz brille con luz propia, X\u00f3chitl se vuelva m\u00e1s popular y Santiago muestre el esplendor de su mediocridad y grisura.<\/p>\n\n\n\n<p>Pero si el panista puro Marko Cort\u00e9s se empe\u00f1a en verle m\u00e1s virtudes a Santiago que a la hidalguense y si el jefe Diego se abstiene de arengar a los panistas como lo hizo hace 23 a\u00f1os, aguas.<\/p>\n\n\n\n<p>Un panista a quien pregunt\u00e9 c\u00f3mo ve la competencia entre los cuatro aspirantes de la oposici\u00f3n me dijo: \u201cAqu\u00ed no se trata de escoger a la mejor candidata que en este caso ser\u00eda Beatriz Paredes, sino a quien sea capaz de sacar a Morena de Palacio Nacional y esa es X\u00f3chitl. En mi partido nom\u00e1s hay de dos sopas: fideos (X\u00f3chitl G\u00e1lvez) y jodeos (Santiago Creel) y de jodeos ya estamos hasta la madre no s\u00f3lo los panistas sino la gran mayor\u00eda de los mexicanos\u201d.<\/p>\n\n\n\n<p>Tu qu\u00e9 opinas, lector.<\/p>\n\n\n\n<p>bernardogup@hotmail.com<\/p>\n","protected":false},"excerpt":{"rendered":"<p>Bernardo Guti\u00e9rrez ParraDesde el Caf\u00e9 Cuenta la leyenda que cuando en el PAN advirtieron que Vicente Fox, su aspirante m\u00e1s popular a la presidencia para el 2000 no era militante de ese partido, los panistas puros se negaron a otorgarle la candidatura y se arm\u00f3 un aquelarre que estuvo a punto de dividirlos. Tuvo que [&hellip;]<\/p>\n","protected":false},"author":2,"featured_media":0,"comment_status":"closed","ping_status":"closed","sticky":false,"template":"","format":"standard","meta":{"tdm_status":"","tdm_grid_status":"","footnotes":""},"categories":[70],"tags":[2199,34206,12909,5590,17531],"class_list":{"0":"post-109824","1":"post","2":"type-post","3":"status-publish","4":"format-standard","6":"category-de-opinion","7":"tag-beatriz-paredes","8":"tag-bernardo-gutierrez-parra","9":"tag-enrique-de-la-madrid","10":"tag-santiago-creel","11":"tag-xochitl-galvez"},"yoast_head":"<!-- This site is optimized with the Yoast SEO plugin v27.4 - https:\/\/yoast.com\/product\/yoast-seo-wordpress\/ -->\n<title>S\u00d3LO DOS SOPAS: FIDEOS O JODEOS - Los pol\u00edticos Veracruz<\/title>\n<meta name=\"robots\" content=\"index, follow, max-snippet:-1, max-image-preview:large, max-video-preview:-1\" \/>\n<link rel=\"canonical\" href=\"https:\/\/lospoliticosveracruz.com\/?p=109824\" \/>\n<meta property=\"og:locale\" content=\"es_ES\" \/>\n<meta property=\"og:type\" content=\"article\" \/>\n<meta property=\"og:title\" content=\"S\u00d3LO DOS SOPAS: FIDEOS O JODEOS - Los pol\u00edticos Veracruz\" \/>\n<meta property=\"og:description\" content=\"Bernardo Guti\u00e9rrez ParraDesde el Caf\u00e9 Cuenta la leyenda que cuando en el PAN advirtieron que Vicente Fox, su aspirante m\u00e1s popular a la presidencia para el 2000 no era militante de ese partido, los panistas puros se negaron a otorgarle la candidatura y se arm\u00f3 un aquelarre que estuvo a punto de dividirlos. Tuvo que [&hellip;]\" \/>\n<meta property=\"og:url\" content=\"https:\/\/lospoliticosveracruz.com\/?p=109824\" \/>\n<meta property=\"og:site_name\" content=\"Los pol\u00edticos Veracruz\" \/>\n<meta property=\"article:publisher\" content=\"https:\/\/www.facebook.com\/people\/Notimemes-de-los-Polticos\/61565672886568\/\" \/>\n<meta property=\"article:published_time\" content=\"2023-08-10T13:55:00+00:00\" \/>\n<meta property=\"og:image\" content=\"https:\/\/lospoliticosveracruz.com.mx\/wp-content\/uploads\/2021\/10\/Zacauilt-150x300.jpg\" \/>\n<meta name=\"author\" content=\"Lo viste en Los Pol\u00edticos\" \/>\n<meta name=\"twitter:card\" content=\"summary_large_image\" \/>\n<meta name=\"twitter:creator\" content=\"@LosPoliticosVer\" \/>\n<meta name=\"twitter:site\" content=\"@LosPoliticosVer\" \/>\n<meta name=\"twitter:label1\" content=\"Escrito por\" \/>\n\t<meta name=\"twitter:data1\" content=\"Lo viste en Los Pol\u00edticos\" \/>\n\t<meta name=\"twitter:label2\" content=\"Tiempo de lectura\" \/>\n\t<meta name=\"twitter:data2\" content=\"3 minutos\" \/>\n<script type=\"application\/ld+json\" class=\"yoast-schema-graph\">{\"@context\":\"https:\\\/\\\/schema.org\",\"@graph\":[{\"@type\":\"Article\",\"@id\":\"https:\\\/\\\/lospoliticosveracruz.com\\\/?p=109824#article\",\"isPartOf\":{\"@id\":\"https:\\\/\\\/lospoliticosveracruz.com\\\/?p=109824\"},\"author\":{\"name\":\"Lo viste en Los Pol\u00edticos\",\"@id\":\"https:\\\/\\\/lospoliticosveracruz.com\\\/#\\\/schema\\\/person\\\/b8702bb0e538456e6efd07080bf2a4a2\"},\"headline\":\"S\u00d3LO DOS SOPAS: FIDEOS O JODEOS\",\"datePublished\":\"2023-08-10T13:55:00+00:00\",\"mainEntityOfPage\":{\"@id\":\"https:\\\/\\\/lospoliticosveracruz.com\\\/?p=109824\"},\"wordCount\":648,\"publisher\":{\"@id\":\"https:\\\/\\\/lospoliticosveracruz.com\\\/#organization\"},\"image\":{\"@id\":\"https:\\\/\\\/lospoliticosveracruz.com\\\/?p=109824#primaryimage\"},\"thumbnailUrl\":\"https:\\\/\\\/lospoliticosveracruz.com.mx\\\/wp-content\\\/uploads\\\/2021\\\/10\\\/Zacauilt-150x300.jpg\",\"keywords\":[\"Beatriz Paredes\",\"Bernardo Guti\u00e9rrez Parra\",\"Enrique de la Madrid\",\"Santiago Creel\",\"X\u00f3chitl G\u00e1lvez\"],\"articleSection\":[\"De Opini\u00f3n\"],\"inLanguage\":\"es\"},{\"@type\":\"WebPage\",\"@id\":\"https:\\\/\\\/lospoliticosveracruz.com\\\/?p=109824\",\"url\":\"https:\\\/\\\/lospoliticosveracruz.com\\\/?p=109824\",\"name\":\"S\u00d3LO DOS SOPAS: FIDEOS O JODEOS - Los pol\u00edticos Veracruz\",\"isPartOf\":{\"@id\":\"https:\\\/\\\/lospoliticosveracruz.com\\\/#website\"},\"primaryImageOfPage\":{\"@id\":\"https:\\\/\\\/lospoliticosveracruz.com\\\/?p=109824#primaryimage\"},\"image\":{\"@id\":\"https:\\\/\\\/lospoliticosveracruz.com\\\/?p=109824#primaryimage\"},\"thumbnailUrl\":\"https:\\\/\\\/lospoliticosveracruz.com.mx\\\/wp-content\\\/uploads\\\/2021\\\/10\\\/Zacauilt-150x300.jpg\",\"datePublished\":\"2023-08-10T13:55:00+00:00\",\"breadcrumb\":{\"@id\":\"https:\\\/\\\/lospoliticosveracruz.com\\\/?p=109824#breadcrumb\"},\"inLanguage\":\"es\",\"potentialAction\":[{\"@type\":\"ReadAction\",\"target\":[\"https:\\\/\\\/lospoliticosveracruz.com\\\/?p=109824\"]}]},{\"@type\":\"ImageObject\",\"inLanguage\":\"es\",\"@id\":\"https:\\\/\\\/lospoliticosveracruz.com\\\/?p=109824#primaryimage\",\"url\":\"https:\\\/\\\/lospoliticosveracruz.com.mx\\\/wp-content\\\/uploads\\\/2021\\\/10\\\/Zacauilt-150x300.jpg\",\"contentUrl\":\"https:\\\/\\\/lospoliticosveracruz.com.mx\\\/wp-content\\\/uploads\\\/2021\\\/10\\\/Zacauilt-150x300.jpg\"},{\"@type\":\"BreadcrumbList\",\"@id\":\"https:\\\/\\\/lospoliticosveracruz.com\\\/?p=109824#breadcrumb\",\"itemListElement\":[{\"@type\":\"ListItem\",\"position\":1,\"name\":\"Portada\",\"item\":\"https:\\\/\\\/lospoliticosveracruz.com\\\/\"},{\"@type\":\"ListItem\",\"position\":2,\"name\":\"S\u00d3LO DOS SOPAS: FIDEOS O JODEOS\"}]},{\"@type\":\"WebSite\",\"@id\":\"https:\\\/\\\/lospoliticosveracruz.com\\\/#website\",\"url\":\"https:\\\/\\\/lospoliticosveracruz.com\\\/\",\"name\":\"Los pol\u00edticos Veracruz\",\"description\":\"\",\"publisher\":{\"@id\":\"https:\\\/\\\/lospoliticosveracruz.com\\\/#organization\"},\"potentialAction\":[{\"@type\":\"SearchAction\",\"target\":{\"@type\":\"EntryPoint\",\"urlTemplate\":\"https:\\\/\\\/lospoliticosveracruz.com\\\/?s={search_term_string}\"},\"query-input\":{\"@type\":\"PropertyValueSpecification\",\"valueRequired\":true,\"valueName\":\"search_term_string\"}}],\"inLanguage\":\"es\"},{\"@type\":\"Organization\",\"@id\":\"https:\\\/\\\/lospoliticosveracruz.com\\\/#organization\",\"name\":\"Los pol\u00edticos Veracruz\",\"url\":\"https:\\\/\\\/lospoliticosveracruz.com\\\/\",\"logo\":{\"@type\":\"ImageObject\",\"inLanguage\":\"es\",\"@id\":\"https:\\\/\\\/lospoliticosveracruz.com\\\/#\\\/schema\\\/logo\\\/image\\\/\",\"url\":\"https:\\\/\\\/lospoliticosveracruz.com\\\/wp-content\\\/uploads\\\/2025\\\/12\\\/Logo-Nuevo-LOS-POLITICOS-1.jpg\",\"contentUrl\":\"https:\\\/\\\/lospoliticosveracruz.com\\\/wp-content\\\/uploads\\\/2025\\\/12\\\/Logo-Nuevo-LOS-POLITICOS-1.jpg\",\"width\":260,\"height\":70,\"caption\":\"Los pol\u00edticos Veracruz\"},\"image\":{\"@id\":\"https:\\\/\\\/lospoliticosveracruz.com\\\/#\\\/schema\\\/logo\\\/image\\\/\"},\"sameAs\":[\"https:\\\/\\\/www.facebook.com\\\/people\\\/Notimemes-de-los-Polticos\\\/61565672886568\\\/\",\"https:\\\/\\\/x.com\\\/LosPoliticosVer\"]},{\"@type\":\"Person\",\"@id\":\"https:\\\/\\\/lospoliticosveracruz.com\\\/#\\\/schema\\\/person\\\/b8702bb0e538456e6efd07080bf2a4a2\",\"name\":\"Lo viste en Los Pol\u00edticos\",\"image\":{\"@type\":\"ImageObject\",\"inLanguage\":\"es\",\"@id\":\"https:\\\/\\\/secure.gravatar.com\\\/avatar\\\/3a8de04a2656d44082be478bd6c086daa447c4651605818287b9532d3d0bd435?s=96&d=mm&r=g\",\"url\":\"https:\\\/\\\/secure.gravatar.com\\\/avatar\\\/3a8de04a2656d44082be478bd6c086daa447c4651605818287b9532d3d0bd435?s=96&d=mm&r=g\",\"contentUrl\":\"https:\\\/\\\/secure.gravatar.com\\\/avatar\\\/3a8de04a2656d44082be478bd6c086daa447c4651605818287b9532d3d0bd435?s=96&d=mm&r=g\",\"caption\":\"Lo viste en Los Pol\u00edticos\"},\"url\":\"https:\\\/\\\/lospoliticosveracruz.com\\\/?author=2\"}]}<\/script>\n<!-- \/ Yoast SEO plugin. -->","yoast_head_json":{"title":"S\u00d3LO DOS SOPAS: FIDEOS O JODEOS - Los pol\u00edticos Veracruz","robots":{"index":"index","follow":"follow","max-snippet":"max-snippet:-1","max-image-preview":"max-image-preview:large","max-video-preview":"max-video-preview:-1"},"canonical":"https:\/\/lospoliticosveracruz.com\/?p=109824","og_locale":"es_ES","og_type":"article","og_title":"S\u00d3LO DOS SOPAS: FIDEOS O JODEOS - Los pol\u00edticos Veracruz","og_description":"Bernardo Guti\u00e9rrez ParraDesde el Caf\u00e9 Cuenta la leyenda que cuando en el PAN advirtieron que Vicente Fox, su aspirante m\u00e1s popular a la presidencia para el 2000 no era militante de ese partido, los panistas puros se negaron a otorgarle la candidatura y se arm\u00f3 un aquelarre que estuvo a punto de dividirlos. Tuvo que [&hellip;]","og_url":"https:\/\/lospoliticosveracruz.com\/?p=109824","og_site_name":"Los pol\u00edticos Veracruz","article_publisher":"https:\/\/www.facebook.com\/people\/Notimemes-de-los-Polticos\/61565672886568\/","article_published_time":"2023-08-10T13:55:00+00:00","og_image":[{"url":"https:\/\/lospoliticosveracruz.com.mx\/wp-content\/uploads\/2021\/10\/Zacauilt-150x300.jpg","type":"","width":"","height":""}],"author":"Lo viste en Los Pol\u00edticos","twitter_card":"summary_large_image","twitter_creator":"@LosPoliticosVer","twitter_site":"@LosPoliticosVer","twitter_misc":{"Escrito por":"Lo viste en Los Pol\u00edticos","Tiempo de lectura":"3 minutos"},"schema":{"@context":"https:\/\/schema.org","@graph":[{"@type":"Article","@id":"https:\/\/lospoliticosveracruz.com\/?p=109824#article","isPartOf":{"@id":"https:\/\/lospoliticosveracruz.com\/?p=109824"},"author":{"name":"Lo viste en Los Pol\u00edticos","@id":"https:\/\/lospoliticosveracruz.com\/#\/schema\/person\/b8702bb0e538456e6efd07080bf2a4a2"},"headline":"S\u00d3LO DOS SOPAS: FIDEOS O JODEOS","datePublished":"2023-08-10T13:55:00+00:00","mainEntityOfPage":{"@id":"https:\/\/lospoliticosveracruz.com\/?p=109824"},"wordCount":648,"publisher":{"@id":"https:\/\/lospoliticosveracruz.com\/#organization"},"image":{"@id":"https:\/\/lospoliticosveracruz.com\/?p=109824#primaryimage"},"thumbnailUrl":"https:\/\/lospoliticosveracruz.com.mx\/wp-content\/uploads\/2021\/10\/Zacauilt-150x300.jpg","keywords":["Beatriz Paredes","Bernardo Guti\u00e9rrez Parra","Enrique de la Madrid","Santiago Creel","X\u00f3chitl G\u00e1lvez"],"articleSection":["De Opini\u00f3n"],"inLanguage":"es"},{"@type":"WebPage","@id":"https:\/\/lospoliticosveracruz.com\/?p=109824","url":"https:\/\/lospoliticosveracruz.com\/?p=109824","name":"S\u00d3LO DOS SOPAS: FIDEOS O JODEOS - Los pol\u00edticos Veracruz","isPartOf":{"@id":"https:\/\/lospoliticosveracruz.com\/#website"},"primaryImageOfPage":{"@id":"https:\/\/lospoliticosveracruz.com\/?p=109824#primaryimage"},"image":{"@id":"https:\/\/lospoliticosveracruz.com\/?p=109824#primaryimage"},"thumbnailUrl":"https:\/\/lospoliticosveracruz.com.mx\/wp-content\/uploads\/2021\/10\/Zacauilt-150x300.jpg","datePublished":"2023-08-10T13:55:00+00:00","breadcrumb":{"@id":"https:\/\/lospoliticosveracruz.com\/?p=109824#breadcrumb"},"inLanguage":"es","potentialAction":[{"@type":"ReadAction","target":["https:\/\/lospoliticosveracruz.com\/?p=109824"]}]},{"@type":"ImageObject","inLanguage":"es","@id":"https:\/\/lospoliticosveracruz.com\/?p=109824#primaryimage","url":"https:\/\/lospoliticosveracruz.com.mx\/wp-content\/uploads\/2021\/10\/Zacauilt-150x300.jpg","contentUrl":"https:\/\/lospoliticosveracruz.com.mx\/wp-content\/uploads\/2021\/10\/Zacauilt-150x300.jpg"},{"@type":"BreadcrumbList","@id":"https:\/\/lospoliticosveracruz.com\/?p=109824#breadcrumb","itemListElement":[{"@type":"ListItem","position":1,"name":"Portada","item":"https:\/\/lospoliticosveracruz.com\/"},{"@type":"ListItem","position":2,"name":"S\u00d3LO DOS SOPAS: FIDEOS O JODEOS"}]},{"@type":"WebSite","@id":"https:\/\/lospoliticosveracruz.com\/#website","url":"https:\/\/lospoliticosveracruz.com\/","name":"Los pol\u00edticos Veracruz","description":"","publisher":{"@id":"https:\/\/lospoliticosveracruz.com\/#organization"},"potentialAction":[{"@type":"SearchAction","target":{"@type":"EntryPoint","urlTemplate":"https:\/\/lospoliticosveracruz.com\/?s={search_term_string}"},"query-input":{"@type":"PropertyValueSpecification","valueRequired":true,"valueName":"search_term_string"}}],"inLanguage":"es"},{"@type":"Organization","@id":"https:\/\/lospoliticosveracruz.com\/#organization","name":"Los pol\u00edticos Veracruz","url":"https:\/\/lospoliticosveracruz.com\/","logo":{"@type":"ImageObject","inLanguage":"es","@id":"https:\/\/lospoliticosveracruz.com\/#\/schema\/logo\/image\/","url":"https:\/\/lospoliticosveracruz.com\/wp-content\/uploads\/2025\/12\/Logo-Nuevo-LOS-POLITICOS-1.jpg","contentUrl":"https:\/\/lospoliticosveracruz.com\/wp-content\/uploads\/2025\/12\/Logo-Nuevo-LOS-POLITICOS-1.jpg","width":260,"height":70,"caption":"Los pol\u00edticos Veracruz"},"image":{"@id":"https:\/\/lospoliticosveracruz.com\/#\/schema\/logo\/image\/"},"sameAs":["https:\/\/www.facebook.com\/people\/Notimemes-de-los-Polticos\/61565672886568\/","https:\/\/x.com\/LosPoliticosVer"]},{"@type":"Person","@id":"https:\/\/lospoliticosveracruz.com\/#\/schema\/person\/b8702bb0e538456e6efd07080bf2a4a2","name":"Lo viste en Los Pol\u00edticos","image":{"@type":"ImageObject","inLanguage":"es","@id":"https:\/\/secure.gravatar.com\/avatar\/3a8de04a2656d44082be478bd6c086daa447c4651605818287b9532d3d0bd435?s=96&d=mm&r=g","url":"https:\/\/secure.gravatar.com\/avatar\/3a8de04a2656d44082be478bd6c086daa447c4651605818287b9532d3d0bd435?s=96&d=mm&r=g","contentUrl":"https:\/\/secure.gravatar.com\/avatar\/3a8de04a2656d44082be478bd6c086daa447c4651605818287b9532d3d0bd435?s=96&d=mm&r=g","caption":"Lo viste en Los Pol\u00edticos"},"url":"https:\/\/lospoliticosveracruz.com\/?author=2"}]}},"_links":{"self":[{"href":"https:\/\/lospoliticosveracruz.com\/index.php?rest_route=\/wp\/v2\/posts\/109824","targetHints":{"allow":["GET"]}}],"collection":[{"href":"https:\/\/lospoliticosveracruz.com\/index.php?rest_route=\/wp\/v2\/posts"}],"about":[{"href":"https:\/\/lospoliticosveracruz.com\/index.php?rest_route=\/wp\/v2\/types\/post"}],"author":[{"embeddable":true,"href":"https:\/\/lospoliticosveracruz.com\/index.php?rest_route=\/wp\/v2\/users\/2"}],"replies":[{"embeddable":true,"href":"https:\/\/lospoliticosveracruz.com\/index.php?rest_route=%2Fwp%2Fv2%2Fcomments&post=109824"}],"version-history":[{"count":1,"href":"https:\/\/lospoliticosveracruz.com\/index.php?rest_route=\/wp\/v2\/posts\/109824\/revisions"}],"predecessor-version":[{"id":109825,"href":"https:\/\/lospoliticosveracruz.com\/index.php?rest_route=\/wp\/v2\/posts\/109824\/revisions\/109825"}],"wp:attachment":[{"href":"https:\/\/lospoliticosveracruz.com\/index.php?rest_route=%2Fwp%2Fv2%2Fmedia&parent=109824"}],"wp:term":[{"taxonomy":"category","embeddable":true,"href":"https:\/\/lospoliticosveracruz.com\/index.php?rest_route=%2Fwp%2Fv2%2Fcategories&post=109824"},{"taxonomy":"post_tag","embeddable":true,"href":"https:\/\/lospoliticosveracruz.com\/index.php?rest_route=%2Fwp%2Fv2%2Ftags&post=109824"}],"curies":[{"name":"wp","href":"https:\/\/api.w.org\/{rel}","templated":true}]}}