{"id":109832,"date":"2023-08-10T09:56:31","date_gmt":"2023-08-10T14:56:31","guid":{"rendered":"https:\/\/lospoliticosveracruz.com.mx\/?p=109832"},"modified":"2023-08-10T09:56:42","modified_gmt":"2023-08-10T14:56:42","slug":"nestor-la-promesa-incumplida","status":"publish","type":"post","link":"https:\/\/lospoliticosveracruz.com\/?p=109832","title":{"rendered":"N\u00c9STOR, LA PROMESA (in)CUMPLIDA"},"content":{"rendered":"\n<p><strong>Omar Z\u00fa\u00f1iga<\/strong><\/p>\n\n\n\n<p><em>De Primera Mano\u00a0<\/em><\/p>\n\n\n\n<p>Hay dos alcaldes en Veracruz que ganaron sus municipios por el PRI, solitos, sin alianza: Ignacio Nacho Morales en Altotonga y N\u00e9stor Sosa Pe\u00f1a en Chontla, que adem\u00e1s fue catalogado como la joven promesa tricolor, ejemplo de perseverancia, incorruptible y de que las capacidades de la persona no est\u00e1n peleadas con la juventud, gan\u00f3 la alcald\u00eda con tan s\u00f3lo 26 a\u00f1os.<\/p>\n\n\n\n<p><a href=\"https:\/\/youtu.be\/Nxe-vxf8GuY\"><\/a><\/p>\n\n\n\n<figure class=\"wp-block-embed is-type-video is-provider-youtube wp-block-embed-youtube wp-embed-aspect-16-9 wp-has-aspect-ratio\"><div class=\"wp-block-embed__wrapper\">\n<iframe loading=\"lazy\" title=\"Cluster Coworking\" width=\"696\" height=\"392\" src=\"https:\/\/www.youtube.com\/embed\/Nxe-vxf8GuY?feature=oembed\" frameborder=\"0\" allow=\"accelerometer; autoplay; clipboard-write; encrypted-media; gyroscope; picture-in-picture; web-share\" referrerpolicy=\"strict-origin-when-cross-origin\" allowfullscreen><\/iframe>\n<\/div><\/figure>\n\n\n\n<p>Pues resulta que a mediados-finales del a\u00f1o pasado, N\u00e9stor tuvo por ah\u00ed alg\u00fan tipo de \u201cinconveniente\u201d, por decirlo de manera elegante, con recursos que le fueron entregados a su municipio y que al parecer no fueron ejercidos de manera correcta (eufemismos pues).<\/p>\n\n\n\n<p>Derivado de esta situaci\u00f3n, el joven mun\u00edcipe se acerc\u00f3 a la dirigencia estatal de Marlon Ram\u00edrez para exponerle la situaci\u00f3n y al mismo tiempo pedir el apoyo para poder solventar este asunto.<\/p>\n\n\n\n<p>Ah\u00ed le dieron acuse de recibo y lo mandaron de vuelta a su tierra, pues adem\u00e1s de la irregularidad en s\u00ed misma, sabemos De Primera Mano que el monto no es nada despreciable y pr\u00e1cticamente le dijeron \u201ces tu perro y t\u00fa lo ba\u00f1as\u201d.<\/p>\n\n\n\n<p>Molesto por la situaci\u00f3n, pues esperaba el apoyo total y a ojos cerrados por parte de la dirigencia estatal, Sosa Pe\u00f1a sali\u00f3 de ah\u00ed resentido.<\/p>\n\n\n\n<p>Fue con su padrino y hacedor pol\u00edtico Ponciano V\u00e1zquez Parissi, alcalde de Cosoleacaque, a exponerle la situaci\u00f3n y la respuesta, palabras m\u00e1s palabras menos, fue la misma: el que la hace la paga y el que ensucia tiene que limpiar.<\/p>\n\n\n\n<p>Ya en franca desesperaci\u00f3n, el joven e inexperto alcalde fue a tocar a la puerta del secretario de Finanzas y Planeaci\u00f3n Jos\u00e9 Luis Lima Franco, donde cay\u00f3 con su secretario particular V\u00edctor Manuel Rebollo Ram\u00edrez, quien ni tardo ni perezoso ofreci\u00f3 el apoyo para ayudarle a resolver sus problemas.<\/p>\n\n\n\n<p>A partir de ese momento y como es l\u00f3gico de pensar, el distanciamiento con el partido que lo abander\u00f3 para llevarlo a la alcald\u00eda fue evidente, por el contrario, se acerc\u00f3 a las huestes morenistas, a quienes responde sin cortapisa.<\/p>\n\n\n\n<p>Aunque no es oficial la salida de Sosa de las filas del tricolor, el presidente municipal ya no es convocado a las reuniones oficiales y no oficiales del PRI, su salida pareciera inminente y ser\u00eda s\u00f3lo cuesti\u00f3n de tiempo.<\/p>\n\n\n\n<p>Y aunque en Morena tampoco lo hacen oficial, se ha convertido en su operador en esta zona de la geograf\u00eda veracruzana y obedece a pie juntillas lo que le ordenan, incluso aparece en sus fotos con la gorra de Veracruz me llena de orgullo, promocionando los logros (cu\u00e1les) de la 4T.<\/p>\n\n\n\n<p>El asunto es que esa factura de inexperiencia y desesperaci\u00f3n a la que lleg\u00f3 el joven Sosa, le puede salir muy cara, mucho, pues diversos operadores guinda consultados al respecto, nos aseguran que los cuatrote\u00edstas no tienen palabra de honor y mucho menos trat\u00e1ndose de ocultar este tipo de cosas y que m\u00e1s temprano que tarde, le van a cobrar los intereses correspondientes.<\/p>\n\n\n\n<p>No hay que perder de vista que viene un proceso electoral que ser\u00e1 mucho muy competido y lo que estar\u00e1 en juego no es una nimiedad y las monedas de cambio se van a abaratar, much\u00edsimo.<\/p>\n\n\n\n<p>\u00a1Qu\u00e9 barbaridad!<\/p>\n\n\n\n<p>deprimera.mano2020@gmail.com<\/p>\n","protected":false},"excerpt":{"rendered":"<p>Omar Z\u00fa\u00f1iga De Primera Mano\u00a0 Hay dos alcaldes en Veracruz que ganaron sus municipios por el PRI, solitos, sin alianza: Ignacio Nacho Morales en Altotonga y N\u00e9stor Sosa Pe\u00f1a en Chontla, que adem\u00e1s fue catalogado como la joven promesa tricolor, ejemplo de perseverancia, incorruptible y de que las capacidades de la persona no est\u00e1n peleadas [&hellip;]<\/p>\n","protected":false},"author":2,"featured_media":0,"comment_status":"closed","ping_status":"closed","sticky":false,"template":"","format":"standard","meta":{"tdm_status":"","tdm_grid_status":"","footnotes":""},"categories":[70],"tags":[38993,28705,3951,251],"class_list":{"0":"post-109832","1":"post","2":"type-post","3":"status-publish","4":"format-standard","6":"category-de-opinion","7":"tag-nestor-sosa-pena-en-chontla","8":"tag-omar-zuniga","9":"tag-ponciano-vazquez-parissi","10":"tag-pri"},"yoast_head":"<!-- This site is optimized with the Yoast SEO plugin v27.4 - https:\/\/yoast.com\/product\/yoast-seo-wordpress\/ -->\n<title>N\u00c9STOR, LA PROMESA (in)CUMPLIDA - Los pol\u00edticos Veracruz<\/title>\n<meta name=\"robots\" content=\"index, follow, max-snippet:-1, max-image-preview:large, max-video-preview:-1\" \/>\n<link rel=\"canonical\" href=\"https:\/\/lospoliticosveracruz.com\/?p=109832\" \/>\n<meta property=\"og:locale\" content=\"es_ES\" \/>\n<meta property=\"og:type\" content=\"article\" \/>\n<meta property=\"og:title\" content=\"N\u00c9STOR, LA PROMESA (in)CUMPLIDA - Los pol\u00edticos Veracruz\" \/>\n<meta property=\"og:description\" content=\"Omar Z\u00fa\u00f1iga De Primera Mano\u00a0 Hay dos alcaldes en Veracruz que ganaron sus municipios por el PRI, solitos, sin alianza: Ignacio Nacho Morales en Altotonga y N\u00e9stor Sosa Pe\u00f1a en Chontla, que adem\u00e1s fue catalogado como la joven promesa tricolor, ejemplo de perseverancia, incorruptible y de que las capacidades de la persona no est\u00e1n peleadas [&hellip;]\" \/>\n<meta property=\"og:url\" content=\"https:\/\/lospoliticosveracruz.com\/?p=109832\" \/>\n<meta property=\"og:site_name\" content=\"Los pol\u00edticos Veracruz\" \/>\n<meta property=\"article:publisher\" content=\"https:\/\/www.facebook.com\/people\/Notimemes-de-los-Polticos\/61565672886568\/\" \/>\n<meta property=\"article:published_time\" content=\"2023-08-10T14:56:31+00:00\" \/>\n<meta property=\"article:modified_time\" content=\"2023-08-10T14:56:42+00:00\" \/>\n<meta property=\"og:image\" content=\"https:\/\/lospoliticosveracruz.com\/wp-content\/uploads\/2016\/07\/Logo-Dor.jpg\" \/>\n\t<meta property=\"og:image:width\" content=\"200\" \/>\n\t<meta property=\"og:image:height\" content=\"200\" \/>\n\t<meta property=\"og:image:type\" content=\"image\/jpeg\" \/>\n<meta name=\"author\" content=\"Lo viste en Los Pol\u00edticos\" \/>\n<meta name=\"twitter:card\" content=\"summary_large_image\" \/>\n<meta name=\"twitter:creator\" content=\"@LosPoliticosVer\" \/>\n<meta name=\"twitter:site\" content=\"@LosPoliticosVer\" \/>\n<meta name=\"twitter:label1\" content=\"Escrito por\" \/>\n\t<meta name=\"twitter:data1\" content=\"Lo viste en Los Pol\u00edticos\" \/>\n\t<meta name=\"twitter:label2\" content=\"Tiempo de lectura\" \/>\n\t<meta name=\"twitter:data2\" content=\"3 minutos\" \/>\n<script type=\"application\/ld+json\" class=\"yoast-schema-graph\">{\"@context\":\"https:\\\/\\\/schema.org\",\"@graph\":[{\"@type\":\"Article\",\"@id\":\"https:\\\/\\\/lospoliticosveracruz.com\\\/?p=109832#article\",\"isPartOf\":{\"@id\":\"https:\\\/\\\/lospoliticosveracruz.com\\\/?p=109832\"},\"author\":{\"name\":\"Lo viste en Los Pol\u00edticos\",\"@id\":\"https:\\\/\\\/lospoliticosveracruz.com\\\/#\\\/schema\\\/person\\\/b8702bb0e538456e6efd07080bf2a4a2\"},\"headline\":\"N\u00c9STOR, LA PROMESA (in)CUMPLIDA\",\"datePublished\":\"2023-08-10T14:56:31+00:00\",\"dateModified\":\"2023-08-10T14:56:42+00:00\",\"mainEntityOfPage\":{\"@id\":\"https:\\\/\\\/lospoliticosveracruz.com\\\/?p=109832\"},\"wordCount\":583,\"publisher\":{\"@id\":\"https:\\\/\\\/lospoliticosveracruz.com\\\/#organization\"},\"keywords\":[\"N\u00e9stor Sosa Pe\u00f1a en Chontla\",\"Omar Z\u00fa\u00f1iga\",\"Ponciano V\u00e1zquez Parissi\",\"PRI\"],\"articleSection\":[\"De Opini\u00f3n\"],\"inLanguage\":\"es\"},{\"@type\":\"WebPage\",\"@id\":\"https:\\\/\\\/lospoliticosveracruz.com\\\/?p=109832\",\"url\":\"https:\\\/\\\/lospoliticosveracruz.com\\\/?p=109832\",\"name\":\"N\u00c9STOR, LA PROMESA (in)CUMPLIDA - Los pol\u00edticos Veracruz\",\"isPartOf\":{\"@id\":\"https:\\\/\\\/lospoliticosveracruz.com\\\/#website\"},\"datePublished\":\"2023-08-10T14:56:31+00:00\",\"dateModified\":\"2023-08-10T14:56:42+00:00\",\"breadcrumb\":{\"@id\":\"https:\\\/\\\/lospoliticosveracruz.com\\\/?p=109832#breadcrumb\"},\"inLanguage\":\"es\",\"potentialAction\":[{\"@type\":\"ReadAction\",\"target\":[\"https:\\\/\\\/lospoliticosveracruz.com\\\/?p=109832\"]}]},{\"@type\":\"BreadcrumbList\",\"@id\":\"https:\\\/\\\/lospoliticosveracruz.com\\\/?p=109832#breadcrumb\",\"itemListElement\":[{\"@type\":\"ListItem\",\"position\":1,\"name\":\"Portada\",\"item\":\"https:\\\/\\\/lospoliticosveracruz.com\\\/\"},{\"@type\":\"ListItem\",\"position\":2,\"name\":\"N\u00c9STOR, LA PROMESA (in)CUMPLIDA\"}]},{\"@type\":\"WebSite\",\"@id\":\"https:\\\/\\\/lospoliticosveracruz.com\\\/#website\",\"url\":\"https:\\\/\\\/lospoliticosveracruz.com\\\/\",\"name\":\"Los pol\u00edticos Veracruz\",\"description\":\"\",\"publisher\":{\"@id\":\"https:\\\/\\\/lospoliticosveracruz.com\\\/#organization\"},\"potentialAction\":[{\"@type\":\"SearchAction\",\"target\":{\"@type\":\"EntryPoint\",\"urlTemplate\":\"https:\\\/\\\/lospoliticosveracruz.com\\\/?s={search_term_string}\"},\"query-input\":{\"@type\":\"PropertyValueSpecification\",\"valueRequired\":true,\"valueName\":\"search_term_string\"}}],\"inLanguage\":\"es\"},{\"@type\":\"Organization\",\"@id\":\"https:\\\/\\\/lospoliticosveracruz.com\\\/#organization\",\"name\":\"Los pol\u00edticos Veracruz\",\"url\":\"https:\\\/\\\/lospoliticosveracruz.com\\\/\",\"logo\":{\"@type\":\"ImageObject\",\"inLanguage\":\"es\",\"@id\":\"https:\\\/\\\/lospoliticosveracruz.com\\\/#\\\/schema\\\/logo\\\/image\\\/\",\"url\":\"https:\\\/\\\/lospoliticosveracruz.com\\\/wp-content\\\/uploads\\\/2025\\\/12\\\/Logo-Nuevo-LOS-POLITICOS-1.jpg\",\"contentUrl\":\"https:\\\/\\\/lospoliticosveracruz.com\\\/wp-content\\\/uploads\\\/2025\\\/12\\\/Logo-Nuevo-LOS-POLITICOS-1.jpg\",\"width\":260,\"height\":70,\"caption\":\"Los pol\u00edticos Veracruz\"},\"image\":{\"@id\":\"https:\\\/\\\/lospoliticosveracruz.com\\\/#\\\/schema\\\/logo\\\/image\\\/\"},\"sameAs\":[\"https:\\\/\\\/www.facebook.com\\\/people\\\/Notimemes-de-los-Polticos\\\/61565672886568\\\/\",\"https:\\\/\\\/x.com\\\/LosPoliticosVer\"]},{\"@type\":\"Person\",\"@id\":\"https:\\\/\\\/lospoliticosveracruz.com\\\/#\\\/schema\\\/person\\\/b8702bb0e538456e6efd07080bf2a4a2\",\"name\":\"Lo viste en Los Pol\u00edticos\",\"image\":{\"@type\":\"ImageObject\",\"inLanguage\":\"es\",\"@id\":\"https:\\\/\\\/secure.gravatar.com\\\/avatar\\\/3a8de04a2656d44082be478bd6c086daa447c4651605818287b9532d3d0bd435?s=96&d=mm&r=g\",\"url\":\"https:\\\/\\\/secure.gravatar.com\\\/avatar\\\/3a8de04a2656d44082be478bd6c086daa447c4651605818287b9532d3d0bd435?s=96&d=mm&r=g\",\"contentUrl\":\"https:\\\/\\\/secure.gravatar.com\\\/avatar\\\/3a8de04a2656d44082be478bd6c086daa447c4651605818287b9532d3d0bd435?s=96&d=mm&r=g\",\"caption\":\"Lo viste en Los Pol\u00edticos\"},\"url\":\"https:\\\/\\\/lospoliticosveracruz.com\\\/?author=2\"}]}<\/script>\n<!-- \/ Yoast SEO plugin. -->","yoast_head_json":{"title":"N\u00c9STOR, LA PROMESA (in)CUMPLIDA - Los pol\u00edticos Veracruz","robots":{"index":"index","follow":"follow","max-snippet":"max-snippet:-1","max-image-preview":"max-image-preview:large","max-video-preview":"max-video-preview:-1"},"canonical":"https:\/\/lospoliticosveracruz.com\/?p=109832","og_locale":"es_ES","og_type":"article","og_title":"N\u00c9STOR, LA PROMESA (in)CUMPLIDA - Los pol\u00edticos Veracruz","og_description":"Omar Z\u00fa\u00f1iga De Primera Mano\u00a0 Hay dos alcaldes en Veracruz que ganaron sus municipios por el PRI, solitos, sin alianza: Ignacio Nacho Morales en Altotonga y N\u00e9stor Sosa Pe\u00f1a en Chontla, que adem\u00e1s fue catalogado como la joven promesa tricolor, ejemplo de perseverancia, incorruptible y de que las capacidades de la persona no est\u00e1n peleadas [&hellip;]","og_url":"https:\/\/lospoliticosveracruz.com\/?p=109832","og_site_name":"Los pol\u00edticos Veracruz","article_publisher":"https:\/\/www.facebook.com\/people\/Notimemes-de-los-Polticos\/61565672886568\/","article_published_time":"2023-08-10T14:56:31+00:00","article_modified_time":"2023-08-10T14:56:42+00:00","og_image":[{"width":200,"height":200,"url":"https:\/\/lospoliticosveracruz.com\/wp-content\/uploads\/2016\/07\/Logo-Dor.jpg","type":"image\/jpeg"}],"author":"Lo viste en Los Pol\u00edticos","twitter_card":"summary_large_image","twitter_creator":"@LosPoliticosVer","twitter_site":"@LosPoliticosVer","twitter_misc":{"Escrito por":"Lo viste en Los Pol\u00edticos","Tiempo de lectura":"3 minutos"},"schema":{"@context":"https:\/\/schema.org","@graph":[{"@type":"Article","@id":"https:\/\/lospoliticosveracruz.com\/?p=109832#article","isPartOf":{"@id":"https:\/\/lospoliticosveracruz.com\/?p=109832"},"author":{"name":"Lo viste en Los Pol\u00edticos","@id":"https:\/\/lospoliticosveracruz.com\/#\/schema\/person\/b8702bb0e538456e6efd07080bf2a4a2"},"headline":"N\u00c9STOR, LA PROMESA (in)CUMPLIDA","datePublished":"2023-08-10T14:56:31+00:00","dateModified":"2023-08-10T14:56:42+00:00","mainEntityOfPage":{"@id":"https:\/\/lospoliticosveracruz.com\/?p=109832"},"wordCount":583,"publisher":{"@id":"https:\/\/lospoliticosveracruz.com\/#organization"},"keywords":["N\u00e9stor Sosa Pe\u00f1a en Chontla","Omar Z\u00fa\u00f1iga","Ponciano V\u00e1zquez Parissi","PRI"],"articleSection":["De Opini\u00f3n"],"inLanguage":"es"},{"@type":"WebPage","@id":"https:\/\/lospoliticosveracruz.com\/?p=109832","url":"https:\/\/lospoliticosveracruz.com\/?p=109832","name":"N\u00c9STOR, LA PROMESA (in)CUMPLIDA - Los pol\u00edticos Veracruz","isPartOf":{"@id":"https:\/\/lospoliticosveracruz.com\/#website"},"datePublished":"2023-08-10T14:56:31+00:00","dateModified":"2023-08-10T14:56:42+00:00","breadcrumb":{"@id":"https:\/\/lospoliticosveracruz.com\/?p=109832#breadcrumb"},"inLanguage":"es","potentialAction":[{"@type":"ReadAction","target":["https:\/\/lospoliticosveracruz.com\/?p=109832"]}]},{"@type":"BreadcrumbList","@id":"https:\/\/lospoliticosveracruz.com\/?p=109832#breadcrumb","itemListElement":[{"@type":"ListItem","position":1,"name":"Portada","item":"https:\/\/lospoliticosveracruz.com\/"},{"@type":"ListItem","position":2,"name":"N\u00c9STOR, LA PROMESA (in)CUMPLIDA"}]},{"@type":"WebSite","@id":"https:\/\/lospoliticosveracruz.com\/#website","url":"https:\/\/lospoliticosveracruz.com\/","name":"Los pol\u00edticos Veracruz","description":"","publisher":{"@id":"https:\/\/lospoliticosveracruz.com\/#organization"},"potentialAction":[{"@type":"SearchAction","target":{"@type":"EntryPoint","urlTemplate":"https:\/\/lospoliticosveracruz.com\/?s={search_term_string}"},"query-input":{"@type":"PropertyValueSpecification","valueRequired":true,"valueName":"search_term_string"}}],"inLanguage":"es"},{"@type":"Organization","@id":"https:\/\/lospoliticosveracruz.com\/#organization","name":"Los pol\u00edticos Veracruz","url":"https:\/\/lospoliticosveracruz.com\/","logo":{"@type":"ImageObject","inLanguage":"es","@id":"https:\/\/lospoliticosveracruz.com\/#\/schema\/logo\/image\/","url":"https:\/\/lospoliticosveracruz.com\/wp-content\/uploads\/2025\/12\/Logo-Nuevo-LOS-POLITICOS-1.jpg","contentUrl":"https:\/\/lospoliticosveracruz.com\/wp-content\/uploads\/2025\/12\/Logo-Nuevo-LOS-POLITICOS-1.jpg","width":260,"height":70,"caption":"Los pol\u00edticos Veracruz"},"image":{"@id":"https:\/\/lospoliticosveracruz.com\/#\/schema\/logo\/image\/"},"sameAs":["https:\/\/www.facebook.com\/people\/Notimemes-de-los-Polticos\/61565672886568\/","https:\/\/x.com\/LosPoliticosVer"]},{"@type":"Person","@id":"https:\/\/lospoliticosveracruz.com\/#\/schema\/person\/b8702bb0e538456e6efd07080bf2a4a2","name":"Lo viste en Los Pol\u00edticos","image":{"@type":"ImageObject","inLanguage":"es","@id":"https:\/\/secure.gravatar.com\/avatar\/3a8de04a2656d44082be478bd6c086daa447c4651605818287b9532d3d0bd435?s=96&d=mm&r=g","url":"https:\/\/secure.gravatar.com\/avatar\/3a8de04a2656d44082be478bd6c086daa447c4651605818287b9532d3d0bd435?s=96&d=mm&r=g","contentUrl":"https:\/\/secure.gravatar.com\/avatar\/3a8de04a2656d44082be478bd6c086daa447c4651605818287b9532d3d0bd435?s=96&d=mm&r=g","caption":"Lo viste en Los Pol\u00edticos"},"url":"https:\/\/lospoliticosveracruz.com\/?author=2"}]}},"_links":{"self":[{"href":"https:\/\/lospoliticosveracruz.com\/index.php?rest_route=\/wp\/v2\/posts\/109832","targetHints":{"allow":["GET"]}}],"collection":[{"href":"https:\/\/lospoliticosveracruz.com\/index.php?rest_route=\/wp\/v2\/posts"}],"about":[{"href":"https:\/\/lospoliticosveracruz.com\/index.php?rest_route=\/wp\/v2\/types\/post"}],"author":[{"embeddable":true,"href":"https:\/\/lospoliticosveracruz.com\/index.php?rest_route=\/wp\/v2\/users\/2"}],"replies":[{"embeddable":true,"href":"https:\/\/lospoliticosveracruz.com\/index.php?rest_route=%2Fwp%2Fv2%2Fcomments&post=109832"}],"version-history":[{"count":1,"href":"https:\/\/lospoliticosveracruz.com\/index.php?rest_route=\/wp\/v2\/posts\/109832\/revisions"}],"predecessor-version":[{"id":109835,"href":"https:\/\/lospoliticosveracruz.com\/index.php?rest_route=\/wp\/v2\/posts\/109832\/revisions\/109835"}],"wp:attachment":[{"href":"https:\/\/lospoliticosveracruz.com\/index.php?rest_route=%2Fwp%2Fv2%2Fmedia&parent=109832"}],"wp:term":[{"taxonomy":"category","embeddable":true,"href":"https:\/\/lospoliticosveracruz.com\/index.php?rest_route=%2Fwp%2Fv2%2Fcategories&post=109832"},{"taxonomy":"post_tag","embeddable":true,"href":"https:\/\/lospoliticosveracruz.com\/index.php?rest_route=%2Fwp%2Fv2%2Ftags&post=109832"}],"curies":[{"name":"wp","href":"https:\/\/api.w.org\/{rel}","templated":true}]}}