{"id":109895,"date":"2023-08-11T12:49:15","date_gmt":"2023-08-11T17:49:15","guid":{"rendered":"https:\/\/lospoliticosveracruz.com.mx\/?p=109895"},"modified":"2023-08-11T12:49:47","modified_gmt":"2023-08-11T17:49:47","slug":"manuel-velasco-mas-alla-de-la-agenda-setting","status":"publish","type":"post","link":"https:\/\/lospoliticosveracruz.com\/?p=109895","title":{"rendered":"MANUEL VELASCO M\u00c1S ALL\u00c1 DE LA AGENDA SETTING"},"content":{"rendered":"\n<p><strong>Alberto Silva Ramos<\/strong><\/p>\n\n\n\n<p>La agenda setting es una teor\u00eda de principios de los a\u00f1os 70 que establece que la agenda de gobierno debe llevarse a cabo de acuerdo con la tendencia que establecen los medios de comunicaci\u00f3n. Son ellos, seg\u00fan esta teor\u00eda, quienes tienen gran influencia sobre el p\u00fablico al determinar los asuntos que poseen inter\u00e9s informativo y cuanto espacio e importancia se les da.<\/p>\n\n\n<div class=\"wp-block-image\">\n<figure class=\"alignleft size-medium\"><a href=\"https:\/\/lospoliticosveracruz.com.mx\/wp-content\/uploads\/2021\/10\/WhatsApp-Image-2021-10-02-at-15.20.25.jpeg\"><img loading=\"lazy\" decoding=\"async\" width=\"212\" height=\"300\" src=\"https:\/\/lospoliticosveracruz.com.mx\/wp-content\/uploads\/2021\/10\/WhatsApp-Image-2021-10-02-at-15.20.25-212x300.jpeg\" alt=\"\" class=\"wp-image-80177\" srcset=\"https:\/\/lospoliticosveracruz.com\/wp-content\/uploads\/2021\/10\/WhatsApp-Image-2021-10-02-at-15.20.25-212x300.jpeg 212w, https:\/\/lospoliticosveracruz.com\/wp-content\/uploads\/2021\/10\/WhatsApp-Image-2021-10-02-at-15.20.25-724x1024.jpeg 724w, https:\/\/lospoliticosveracruz.com\/wp-content\/uploads\/2021\/10\/WhatsApp-Image-2021-10-02-at-15.20.25-768x1086.jpeg 768w, https:\/\/lospoliticosveracruz.com\/wp-content\/uploads\/2021\/10\/WhatsApp-Image-2021-10-02-at-15.20.25.jpeg 905w\" sizes=\"auto, (max-width: 212px) 100vw, 212px\" \/><\/a><\/figure>\n<\/div>\n\n\n<p><br>En otras palabras, la agenda medi\u00e1tica es determinante a la hora de establecer propuestas a los ciudadanos en campa\u00f1a o bien al establecer acciones desde el gobierno para enfrentar el impacto y la presi\u00f3n social ejercida a trav\u00e9s de los medios.<br>Sin embargo, Manuel Velasco Coello, ha planteado una seria de propuestas que van m\u00e1s all\u00e1 de la agenda setting y se ubican en respuestas concretas que se a partir de su experiencia como legislador y ex Gobernador, pero sobre todo a lo que ha podido escuchar por parte de los ciudadanos de todos el pa\u00eds.<\/p>\n\n\n\n<p>Velasco plantea un tema clave para la gobernabilidad, para el Senador con licencia, M\u00e9xico necesita un gobierno fuerte con una mayor\u00eda parlamentaria firme y un programa com\u00fan de gobierno para enfrentar el desaf\u00edo que representa la violencia y la inseguridad en el pa\u00eds.<br>Para Velasco s\u00f3lo a trav\u00e9s de un gobierno de Unidad Nacional podremos alcanzar el anhelo de tener un M\u00e9xico seguro, en paz y donde la gente viva sin miedo.<br>Explic\u00f3 que desde 1997 se tienen gobiernos divididos donde el partido gobernante no cuenta con una mayor\u00eda que lo respalde en el Congreso de la Uni\u00f3n, lo que ha generado, sostuvo, que cada partido jale por su lado provocando la fragmentaci\u00f3n de fuerzas o la conformaci\u00f3n de bloques generando la polarizando del pa\u00eds.<br>\u201cEstamos enfrentando el flagelo de la violencia y la inseguridad con esfuerzos dispersos, aislados y confrontados\u201d, se\u00f1al\u00f3.<br>Por esta raz\u00f3n, el tambi\u00e9n urgi\u00f3 a legislar los gobiernos de coalici\u00f3n donde se facilite la conformaci\u00f3n de mayor\u00edas parlamentarias con una agenda com\u00fan de reformas para evitar las par\u00e1lisis legislativas, as\u00ed como la integraci\u00f3n de un Gabinete plural con un programa de gobierno en com\u00fan para que la autoridad sea m\u00e1s fuerte y eficaz en la soluci\u00f3n de los problemas y de mayores resultados.<\/p>\n\n\n\n<p>En este sentido, llam\u00f3 a valorar y analizar la posibilidad de que el Gabinete del Gobierno de Coalici\u00f3n sea ratificado por el Congreso de la Uni\u00f3n. El aspirante para<br>representar al movimiento de transformaci\u00f3n record\u00f3 que M\u00e9xico es una naci\u00f3n plural y diversa, por lo que un Gobierno de Coalici\u00f3n garantiza que todas las visiones de pa\u00eds est\u00e9n integradas.<br>\u201cDebemos entender que la lucha no es entre hermanos, que la lucha no es entre mexicanos y que debemos buscar los puntos de coincidencia para trabajar todos unidos en torno a un objetivo en com\u00fan: que a M\u00e9xico le vaya mejor\u201d, manifest\u00f3.<br>Velasco Coello insisti\u00f3 que mediante un Gobierno de Coalici\u00f3n, con una Agenda com\u00fan de reformas, un programa com\u00fan de Gobierno y un Gabinete plural ratificado por el Congreso de la Uni\u00f3n, se tendr\u00e1 mayor fortaleza pol\u00edtica, el apoyo de una amplia base social y m\u00e1s eficacia institucional para pacificar al pa\u00eds, bajar considerablemente los delitos de alto impacto que m\u00e1s lastiman a la gente y crear entornos seguros y saludables en donde los mexicanos vivan sin miedo.<br>\u201cSin gobierno de coalici\u00f3n no habr\u00e1 seguridad, sin gobierno de coalici\u00f3n no podremos enfrentar el cambio clim\u00e1tico, sin gobierno de coalici\u00f3n no habr\u00e1 eficacia para seguir mejorando la salud y la educaci\u00f3n, ni fortaleza suficiente para lograr un mayor crecimiento econ\u00f3mico\u201d, puntualiz\u00f3.<br>Manuel Velasco dejo claro que los gobiernos de coalici\u00f3n fortalecen la democracia porque se incentiva la creaci\u00f3n de gobiernos con una amplia base social de apoyo basada en el pluralismo que distingue a nuestra sociedad y en el valor del di\u00e1logo y el acuerdo para construir la unidad nacional con todas las visiones del pa\u00eds.<br>Esta propuesta en favor de la estabilidad, el crecimiento y la gobernabilidad se complementan con otras no menos relevantes:<\/p>\n\n\n\n<ol class=\"wp-block-list\">\n<li>Conservaci\u00f3n de los recursos naturales a partir de la creaci\u00f3n de un programa de pago a los campesinos, ejidatarios y comuneros para que cuiden los bosques y selvas.<\/li>\n\n\n\n<li>Un plan hidr\u00e1ulico de gran alcance para hacer frente a la falta de agua en todo el pa\u00eds, en donde participe el gobierno federal, estatal y municipal<\/li>\n\n\n\n<li>Una cruzada nacional por el deporte con inversiones en infraestructura sin precedentes para con ello abatir adicciones y hacer del deporte una actividad preventiva en materia de salud<\/li>\n\n\n\n<li>\u00datiles escolares y uniformes para los estudiantes de primaria y secundaria de todo el pa\u00eds.<\/li>\n\n\n\n<li>Incluir la materia de cuidado al medio ambiente en el plan de estudios desde primaria hasta preparatoria<\/li>\n\n\n\n<li>La necesidad de un acuerdo con los sectores econ\u00f3micos y pol\u00edticos para alcanzar una reforma fiscal de gran calado.<\/li>\n\n\n\n<li>Continuar los programas sociales e incluso ampliarnos sobre todo despu\u00e9s de que se ha dado a conocer la disminuci\u00f3n de la pobreza en 9 millones de mexicanos<\/li>\n<\/ol>\n\n\n\n<p>Manuel Velasco realizo recorridos por todo el pa\u00eds donde su mensaje fue la unidad como la premisa m\u00e1s importante de su propuesta. Su madurez pol\u00edtica puede llevarlo pr\u00f3ximamente a un lugar clave donde pueda llevar a cabo su agenda, misma que va mucho m\u00e1s all\u00e1 de la setting. Que as\u00ed sea<\/p>\n","protected":false},"excerpt":{"rendered":"<p>Alberto Silva Ramos La agenda setting es una teor\u00eda de principios de los a\u00f1os 70 que establece que la agenda de gobierno debe llevarse a cabo de acuerdo con la tendencia que establecen los medios de comunicaci\u00f3n. Son ellos, seg\u00fan esta teor\u00eda, quienes tienen gran influencia sobre el p\u00fablico al determinar los asuntos que poseen [&hellip;]<\/p>\n","protected":false},"author":2,"featured_media":0,"comment_status":"closed","ping_status":"closed","sticky":false,"template":"","format":"standard","meta":{"tdm_status":"","tdm_grid_status":"","footnotes":""},"categories":[70],"tags":[964],"class_list":{"0":"post-109895","1":"post","2":"type-post","3":"status-publish","4":"format-standard","6":"category-de-opinion","7":"tag-manuel-velasco-coello"},"yoast_head":"<!-- This site is optimized with the Yoast SEO plugin v27.4 - https:\/\/yoast.com\/product\/yoast-seo-wordpress\/ -->\n<title>MANUEL VELASCO M\u00c1S ALL\u00c1 DE LA AGENDA SETTING - Los pol\u00edticos Veracruz<\/title>\n<meta name=\"robots\" content=\"index, follow, max-snippet:-1, max-image-preview:large, max-video-preview:-1\" \/>\n<link rel=\"canonical\" href=\"https:\/\/lospoliticosveracruz.com\/?p=109895\" \/>\n<meta property=\"og:locale\" content=\"es_ES\" \/>\n<meta property=\"og:type\" content=\"article\" \/>\n<meta property=\"og:title\" content=\"MANUEL VELASCO M\u00c1S ALL\u00c1 DE LA AGENDA SETTING - Los pol\u00edticos Veracruz\" \/>\n<meta property=\"og:description\" content=\"Alberto Silva Ramos La agenda setting es una teor\u00eda de principios de los a\u00f1os 70 que establece que la agenda de gobierno debe llevarse a cabo de acuerdo con la tendencia que establecen los medios de comunicaci\u00f3n. Son ellos, seg\u00fan esta teor\u00eda, quienes tienen gran influencia sobre el p\u00fablico al determinar los asuntos que poseen [&hellip;]\" \/>\n<meta property=\"og:url\" content=\"https:\/\/lospoliticosveracruz.com\/?p=109895\" \/>\n<meta property=\"og:site_name\" content=\"Los pol\u00edticos Veracruz\" \/>\n<meta property=\"article:publisher\" content=\"https:\/\/www.facebook.com\/people\/Notimemes-de-los-Polticos\/61565672886568\/\" \/>\n<meta property=\"article:published_time\" content=\"2023-08-11T17:49:15+00:00\" \/>\n<meta property=\"article:modified_time\" content=\"2023-08-11T17:49:47+00:00\" \/>\n<meta property=\"og:image\" content=\"https:\/\/lospoliticosveracruz.com.mx\/wp-content\/uploads\/2021\/10\/WhatsApp-Image-2021-10-02-at-15.20.25-212x300.jpeg\" \/>\n<meta name=\"author\" content=\"Lo viste en Los Pol\u00edticos\" \/>\n<meta name=\"twitter:card\" content=\"summary_large_image\" \/>\n<meta name=\"twitter:creator\" content=\"@LosPoliticosVer\" \/>\n<meta name=\"twitter:site\" content=\"@LosPoliticosVer\" \/>\n<meta name=\"twitter:label1\" content=\"Escrito por\" \/>\n\t<meta name=\"twitter:data1\" content=\"Lo viste en Los Pol\u00edticos\" \/>\n\t<meta name=\"twitter:label2\" content=\"Tiempo de lectura\" \/>\n\t<meta name=\"twitter:data2\" content=\"5 minutos\" \/>\n<script type=\"application\/ld+json\" class=\"yoast-schema-graph\">{\"@context\":\"https:\\\/\\\/schema.org\",\"@graph\":[{\"@type\":\"Article\",\"@id\":\"https:\\\/\\\/lospoliticosveracruz.com\\\/?p=109895#article\",\"isPartOf\":{\"@id\":\"https:\\\/\\\/lospoliticosveracruz.com\\\/?p=109895\"},\"author\":{\"name\":\"Lo viste en Los Pol\u00edticos\",\"@id\":\"https:\\\/\\\/lospoliticosveracruz.com\\\/#\\\/schema\\\/person\\\/b8702bb0e538456e6efd07080bf2a4a2\"},\"headline\":\"MANUEL VELASCO M\u00c1S ALL\u00c1 DE LA AGENDA SETTING\",\"datePublished\":\"2023-08-11T17:49:15+00:00\",\"dateModified\":\"2023-08-11T17:49:47+00:00\",\"mainEntityOfPage\":{\"@id\":\"https:\\\/\\\/lospoliticosveracruz.com\\\/?p=109895\"},\"wordCount\":959,\"publisher\":{\"@id\":\"https:\\\/\\\/lospoliticosveracruz.com\\\/#organization\"},\"image\":{\"@id\":\"https:\\\/\\\/lospoliticosveracruz.com\\\/?p=109895#primaryimage\"},\"thumbnailUrl\":\"https:\\\/\\\/lospoliticosveracruz.com.mx\\\/wp-content\\\/uploads\\\/2021\\\/10\\\/WhatsApp-Image-2021-10-02-at-15.20.25-212x300.jpeg\",\"keywords\":[\"Manuel Velasco Coello\"],\"articleSection\":[\"De Opini\u00f3n\"],\"inLanguage\":\"es\"},{\"@type\":\"WebPage\",\"@id\":\"https:\\\/\\\/lospoliticosveracruz.com\\\/?p=109895\",\"url\":\"https:\\\/\\\/lospoliticosveracruz.com\\\/?p=109895\",\"name\":\"MANUEL VELASCO M\u00c1S ALL\u00c1 DE LA AGENDA SETTING - Los pol\u00edticos Veracruz\",\"isPartOf\":{\"@id\":\"https:\\\/\\\/lospoliticosveracruz.com\\\/#website\"},\"primaryImageOfPage\":{\"@id\":\"https:\\\/\\\/lospoliticosveracruz.com\\\/?p=109895#primaryimage\"},\"image\":{\"@id\":\"https:\\\/\\\/lospoliticosveracruz.com\\\/?p=109895#primaryimage\"},\"thumbnailUrl\":\"https:\\\/\\\/lospoliticosveracruz.com.mx\\\/wp-content\\\/uploads\\\/2021\\\/10\\\/WhatsApp-Image-2021-10-02-at-15.20.25-212x300.jpeg\",\"datePublished\":\"2023-08-11T17:49:15+00:00\",\"dateModified\":\"2023-08-11T17:49:47+00:00\",\"breadcrumb\":{\"@id\":\"https:\\\/\\\/lospoliticosveracruz.com\\\/?p=109895#breadcrumb\"},\"inLanguage\":\"es\",\"potentialAction\":[{\"@type\":\"ReadAction\",\"target\":[\"https:\\\/\\\/lospoliticosveracruz.com\\\/?p=109895\"]}]},{\"@type\":\"ImageObject\",\"inLanguage\":\"es\",\"@id\":\"https:\\\/\\\/lospoliticosveracruz.com\\\/?p=109895#primaryimage\",\"url\":\"https:\\\/\\\/lospoliticosveracruz.com.mx\\\/wp-content\\\/uploads\\\/2021\\\/10\\\/WhatsApp-Image-2021-10-02-at-15.20.25-212x300.jpeg\",\"contentUrl\":\"https:\\\/\\\/lospoliticosveracruz.com.mx\\\/wp-content\\\/uploads\\\/2021\\\/10\\\/WhatsApp-Image-2021-10-02-at-15.20.25-212x300.jpeg\"},{\"@type\":\"BreadcrumbList\",\"@id\":\"https:\\\/\\\/lospoliticosveracruz.com\\\/?p=109895#breadcrumb\",\"itemListElement\":[{\"@type\":\"ListItem\",\"position\":1,\"name\":\"Portada\",\"item\":\"https:\\\/\\\/lospoliticosveracruz.com\\\/\"},{\"@type\":\"ListItem\",\"position\":2,\"name\":\"MANUEL VELASCO M\u00c1S ALL\u00c1 DE LA AGENDA SETTING\"}]},{\"@type\":\"WebSite\",\"@id\":\"https:\\\/\\\/lospoliticosveracruz.com\\\/#website\",\"url\":\"https:\\\/\\\/lospoliticosveracruz.com\\\/\",\"name\":\"Los pol\u00edticos Veracruz\",\"description\":\"\",\"publisher\":{\"@id\":\"https:\\\/\\\/lospoliticosveracruz.com\\\/#organization\"},\"potentialAction\":[{\"@type\":\"SearchAction\",\"target\":{\"@type\":\"EntryPoint\",\"urlTemplate\":\"https:\\\/\\\/lospoliticosveracruz.com\\\/?s={search_term_string}\"},\"query-input\":{\"@type\":\"PropertyValueSpecification\",\"valueRequired\":true,\"valueName\":\"search_term_string\"}}],\"inLanguage\":\"es\"},{\"@type\":\"Organization\",\"@id\":\"https:\\\/\\\/lospoliticosveracruz.com\\\/#organization\",\"name\":\"Los pol\u00edticos Veracruz\",\"url\":\"https:\\\/\\\/lospoliticosveracruz.com\\\/\",\"logo\":{\"@type\":\"ImageObject\",\"inLanguage\":\"es\",\"@id\":\"https:\\\/\\\/lospoliticosveracruz.com\\\/#\\\/schema\\\/logo\\\/image\\\/\",\"url\":\"https:\\\/\\\/lospoliticosveracruz.com\\\/wp-content\\\/uploads\\\/2025\\\/12\\\/Logo-Nuevo-LOS-POLITICOS-1.jpg\",\"contentUrl\":\"https:\\\/\\\/lospoliticosveracruz.com\\\/wp-content\\\/uploads\\\/2025\\\/12\\\/Logo-Nuevo-LOS-POLITICOS-1.jpg\",\"width\":260,\"height\":70,\"caption\":\"Los pol\u00edticos Veracruz\"},\"image\":{\"@id\":\"https:\\\/\\\/lospoliticosveracruz.com\\\/#\\\/schema\\\/logo\\\/image\\\/\"},\"sameAs\":[\"https:\\\/\\\/www.facebook.com\\\/people\\\/Notimemes-de-los-Polticos\\\/61565672886568\\\/\",\"https:\\\/\\\/x.com\\\/LosPoliticosVer\"]},{\"@type\":\"Person\",\"@id\":\"https:\\\/\\\/lospoliticosveracruz.com\\\/#\\\/schema\\\/person\\\/b8702bb0e538456e6efd07080bf2a4a2\",\"name\":\"Lo viste en Los Pol\u00edticos\",\"image\":{\"@type\":\"ImageObject\",\"inLanguage\":\"es\",\"@id\":\"https:\\\/\\\/secure.gravatar.com\\\/avatar\\\/3a8de04a2656d44082be478bd6c086daa447c4651605818287b9532d3d0bd435?s=96&d=mm&r=g\",\"url\":\"https:\\\/\\\/secure.gravatar.com\\\/avatar\\\/3a8de04a2656d44082be478bd6c086daa447c4651605818287b9532d3d0bd435?s=96&d=mm&r=g\",\"contentUrl\":\"https:\\\/\\\/secure.gravatar.com\\\/avatar\\\/3a8de04a2656d44082be478bd6c086daa447c4651605818287b9532d3d0bd435?s=96&d=mm&r=g\",\"caption\":\"Lo viste en Los Pol\u00edticos\"},\"url\":\"https:\\\/\\\/lospoliticosveracruz.com\\\/?author=2\"}]}<\/script>\n<!-- \/ Yoast SEO plugin. -->","yoast_head_json":{"title":"MANUEL VELASCO M\u00c1S ALL\u00c1 DE LA AGENDA SETTING - Los pol\u00edticos Veracruz","robots":{"index":"index","follow":"follow","max-snippet":"max-snippet:-1","max-image-preview":"max-image-preview:large","max-video-preview":"max-video-preview:-1"},"canonical":"https:\/\/lospoliticosveracruz.com\/?p=109895","og_locale":"es_ES","og_type":"article","og_title":"MANUEL VELASCO M\u00c1S ALL\u00c1 DE LA AGENDA SETTING - Los pol\u00edticos Veracruz","og_description":"Alberto Silva Ramos La agenda setting es una teor\u00eda de principios de los a\u00f1os 70 que establece que la agenda de gobierno debe llevarse a cabo de acuerdo con la tendencia que establecen los medios de comunicaci\u00f3n. Son ellos, seg\u00fan esta teor\u00eda, quienes tienen gran influencia sobre el p\u00fablico al determinar los asuntos que poseen [&hellip;]","og_url":"https:\/\/lospoliticosveracruz.com\/?p=109895","og_site_name":"Los pol\u00edticos Veracruz","article_publisher":"https:\/\/www.facebook.com\/people\/Notimemes-de-los-Polticos\/61565672886568\/","article_published_time":"2023-08-11T17:49:15+00:00","article_modified_time":"2023-08-11T17:49:47+00:00","og_image":[{"url":"https:\/\/lospoliticosveracruz.com.mx\/wp-content\/uploads\/2021\/10\/WhatsApp-Image-2021-10-02-at-15.20.25-212x300.jpeg","type":"","width":"","height":""}],"author":"Lo viste en Los Pol\u00edticos","twitter_card":"summary_large_image","twitter_creator":"@LosPoliticosVer","twitter_site":"@LosPoliticosVer","twitter_misc":{"Escrito por":"Lo viste en Los Pol\u00edticos","Tiempo de lectura":"5 minutos"},"schema":{"@context":"https:\/\/schema.org","@graph":[{"@type":"Article","@id":"https:\/\/lospoliticosveracruz.com\/?p=109895#article","isPartOf":{"@id":"https:\/\/lospoliticosveracruz.com\/?p=109895"},"author":{"name":"Lo viste en Los Pol\u00edticos","@id":"https:\/\/lospoliticosveracruz.com\/#\/schema\/person\/b8702bb0e538456e6efd07080bf2a4a2"},"headline":"MANUEL VELASCO M\u00c1S ALL\u00c1 DE LA AGENDA SETTING","datePublished":"2023-08-11T17:49:15+00:00","dateModified":"2023-08-11T17:49:47+00:00","mainEntityOfPage":{"@id":"https:\/\/lospoliticosveracruz.com\/?p=109895"},"wordCount":959,"publisher":{"@id":"https:\/\/lospoliticosveracruz.com\/#organization"},"image":{"@id":"https:\/\/lospoliticosveracruz.com\/?p=109895#primaryimage"},"thumbnailUrl":"https:\/\/lospoliticosveracruz.com.mx\/wp-content\/uploads\/2021\/10\/WhatsApp-Image-2021-10-02-at-15.20.25-212x300.jpeg","keywords":["Manuel Velasco Coello"],"articleSection":["De Opini\u00f3n"],"inLanguage":"es"},{"@type":"WebPage","@id":"https:\/\/lospoliticosveracruz.com\/?p=109895","url":"https:\/\/lospoliticosveracruz.com\/?p=109895","name":"MANUEL VELASCO M\u00c1S ALL\u00c1 DE LA AGENDA SETTING - Los pol\u00edticos Veracruz","isPartOf":{"@id":"https:\/\/lospoliticosveracruz.com\/#website"},"primaryImageOfPage":{"@id":"https:\/\/lospoliticosveracruz.com\/?p=109895#primaryimage"},"image":{"@id":"https:\/\/lospoliticosveracruz.com\/?p=109895#primaryimage"},"thumbnailUrl":"https:\/\/lospoliticosveracruz.com.mx\/wp-content\/uploads\/2021\/10\/WhatsApp-Image-2021-10-02-at-15.20.25-212x300.jpeg","datePublished":"2023-08-11T17:49:15+00:00","dateModified":"2023-08-11T17:49:47+00:00","breadcrumb":{"@id":"https:\/\/lospoliticosveracruz.com\/?p=109895#breadcrumb"},"inLanguage":"es","potentialAction":[{"@type":"ReadAction","target":["https:\/\/lospoliticosveracruz.com\/?p=109895"]}]},{"@type":"ImageObject","inLanguage":"es","@id":"https:\/\/lospoliticosveracruz.com\/?p=109895#primaryimage","url":"https:\/\/lospoliticosveracruz.com.mx\/wp-content\/uploads\/2021\/10\/WhatsApp-Image-2021-10-02-at-15.20.25-212x300.jpeg","contentUrl":"https:\/\/lospoliticosveracruz.com.mx\/wp-content\/uploads\/2021\/10\/WhatsApp-Image-2021-10-02-at-15.20.25-212x300.jpeg"},{"@type":"BreadcrumbList","@id":"https:\/\/lospoliticosveracruz.com\/?p=109895#breadcrumb","itemListElement":[{"@type":"ListItem","position":1,"name":"Portada","item":"https:\/\/lospoliticosveracruz.com\/"},{"@type":"ListItem","position":2,"name":"MANUEL VELASCO M\u00c1S ALL\u00c1 DE LA AGENDA SETTING"}]},{"@type":"WebSite","@id":"https:\/\/lospoliticosveracruz.com\/#website","url":"https:\/\/lospoliticosveracruz.com\/","name":"Los pol\u00edticos Veracruz","description":"","publisher":{"@id":"https:\/\/lospoliticosveracruz.com\/#organization"},"potentialAction":[{"@type":"SearchAction","target":{"@type":"EntryPoint","urlTemplate":"https:\/\/lospoliticosveracruz.com\/?s={search_term_string}"},"query-input":{"@type":"PropertyValueSpecification","valueRequired":true,"valueName":"search_term_string"}}],"inLanguage":"es"},{"@type":"Organization","@id":"https:\/\/lospoliticosveracruz.com\/#organization","name":"Los pol\u00edticos Veracruz","url":"https:\/\/lospoliticosveracruz.com\/","logo":{"@type":"ImageObject","inLanguage":"es","@id":"https:\/\/lospoliticosveracruz.com\/#\/schema\/logo\/image\/","url":"https:\/\/lospoliticosveracruz.com\/wp-content\/uploads\/2025\/12\/Logo-Nuevo-LOS-POLITICOS-1.jpg","contentUrl":"https:\/\/lospoliticosveracruz.com\/wp-content\/uploads\/2025\/12\/Logo-Nuevo-LOS-POLITICOS-1.jpg","width":260,"height":70,"caption":"Los pol\u00edticos Veracruz"},"image":{"@id":"https:\/\/lospoliticosveracruz.com\/#\/schema\/logo\/image\/"},"sameAs":["https:\/\/www.facebook.com\/people\/Notimemes-de-los-Polticos\/61565672886568\/","https:\/\/x.com\/LosPoliticosVer"]},{"@type":"Person","@id":"https:\/\/lospoliticosveracruz.com\/#\/schema\/person\/b8702bb0e538456e6efd07080bf2a4a2","name":"Lo viste en Los Pol\u00edticos","image":{"@type":"ImageObject","inLanguage":"es","@id":"https:\/\/secure.gravatar.com\/avatar\/3a8de04a2656d44082be478bd6c086daa447c4651605818287b9532d3d0bd435?s=96&d=mm&r=g","url":"https:\/\/secure.gravatar.com\/avatar\/3a8de04a2656d44082be478bd6c086daa447c4651605818287b9532d3d0bd435?s=96&d=mm&r=g","contentUrl":"https:\/\/secure.gravatar.com\/avatar\/3a8de04a2656d44082be478bd6c086daa447c4651605818287b9532d3d0bd435?s=96&d=mm&r=g","caption":"Lo viste en Los Pol\u00edticos"},"url":"https:\/\/lospoliticosveracruz.com\/?author=2"}]}},"_links":{"self":[{"href":"https:\/\/lospoliticosveracruz.com\/index.php?rest_route=\/wp\/v2\/posts\/109895","targetHints":{"allow":["GET"]}}],"collection":[{"href":"https:\/\/lospoliticosveracruz.com\/index.php?rest_route=\/wp\/v2\/posts"}],"about":[{"href":"https:\/\/lospoliticosveracruz.com\/index.php?rest_route=\/wp\/v2\/types\/post"}],"author":[{"embeddable":true,"href":"https:\/\/lospoliticosveracruz.com\/index.php?rest_route=\/wp\/v2\/users\/2"}],"replies":[{"embeddable":true,"href":"https:\/\/lospoliticosveracruz.com\/index.php?rest_route=%2Fwp%2Fv2%2Fcomments&post=109895"}],"version-history":[{"count":1,"href":"https:\/\/lospoliticosveracruz.com\/index.php?rest_route=\/wp\/v2\/posts\/109895\/revisions"}],"predecessor-version":[{"id":109896,"href":"https:\/\/lospoliticosveracruz.com\/index.php?rest_route=\/wp\/v2\/posts\/109895\/revisions\/109896"}],"wp:attachment":[{"href":"https:\/\/lospoliticosveracruz.com\/index.php?rest_route=%2Fwp%2Fv2%2Fmedia&parent=109895"}],"wp:term":[{"taxonomy":"category","embeddable":true,"href":"https:\/\/lospoliticosveracruz.com\/index.php?rest_route=%2Fwp%2Fv2%2Fcategories&post=109895"},{"taxonomy":"post_tag","embeddable":true,"href":"https:\/\/lospoliticosveracruz.com\/index.php?rest_route=%2Fwp%2Fv2%2Ftags&post=109895"}],"curies":[{"name":"wp","href":"https:\/\/api.w.org\/{rel}","templated":true}]}}