{"id":109897,"date":"2023-08-11T13:29:26","date_gmt":"2023-08-11T18:29:26","guid":{"rendered":"https:\/\/lospoliticosveracruz.com.mx\/?p=109897"},"modified":"2023-08-11T13:29:45","modified_gmt":"2023-08-11T18:29:45","slug":"frente-amplio-que-tan-amplio","status":"publish","type":"post","link":"https:\/\/lospoliticosveracruz.com\/?p=109897","title":{"rendered":"FRENTE AMPLIO \u00bfQUE TAN AMPLIO?"},"content":{"rendered":"\n<p><strong>Vicente Luna Hern\u00e1ndez<\/strong><\/p>\n\n\n\n<p>\u00bfAlguien esperaba que no hubiera conflictos o diferencias en el Frente Amplio por M\u00e9xico? \u00bfAlguien de manera ilusa \u2013 ante 3 tigres en la misma jaula- esperaba que no hubiera miradas amenazantes en esa jaula? \u00bfCu\u00e1l es el punto a favor del Frente Amplio? que los 3 tigres estaban tristes y hoy en su mirada hay una luz de esperanza para el 2024 \u00bfes poco? Es la vida partidista misma de sus integrantes.<\/p>\n\n\n\n<figure class=\"wp-block-image size-large\"><a href=\"https:\/\/lospoliticosveracruz.com.mx\/wp-content\/uploads\/2016\/07\/Seguro-Julio-Cerecedo-2.jpg\"><img decoding=\"async\" src=\"https:\/\/lospoliticosveracruz.com.mx\/wp-content\/uploads\/2016\/07\/Seguro-Julio-Cerecedo-2-1024x381.jpg\" alt=\"\" class=\"wp-image-105879\"\/><\/a><\/figure>\n\n\n\n<p><br>Lo cierto es que los 3 tigres son pol\u00edticos profesionales, entiendo que ser profesionales en ese medio es estar consciente de los riesgos que conlleva una alianza de esta naturaleza, profesionales al saber y estar conscientes de sus principales fortalezas pero tambi\u00e9n de sus principales debilidades, \u00bfeso les asusta? Seguramente todos los escenarios est\u00e1n considerados ante la batalla final por la Presidencia de la Rep\u00fablica y la mayor\u00eda en el Congreso de la Uni\u00f3n, ante un \u201cTigre\u201d pol\u00edtico que habita palacio nacional, \u00bflos 3 tigres pasar\u00e1n a ser 3 corderitos? Ni a los partidos, ni al Frente Amplio muchos menos a la sociedad en general que est\u00e1 en contra del gobierno de morena les conviene ese escenario.<br>Durante el primer Foro de Di\u00e1logos Ciudadanos del Frente Amplio por M\u00e9xico, qued\u00f3 claro algo: todos necesitan de todos, claro que importa el PRD, se trata que sean 4 partidos \u2013 pensando en MC &#8211; en el Frente no que sean 2, no hay lugar para la mezquindad, ambici\u00f3n ofensiva, agandalle pol\u00edtico ni nada que se le parezca, \u00bfacaso morena en el 2018 no subi\u00f3 al barco de AMLO a personajes presentables e impresentables? \u00bfAcaso AMLO en aras de ganar no subi\u00f3 al barco a quienes lo hab\u00edan denostado en campa\u00f1as anteriores? \u00bfSe trata de ganar el poder o de buscar el poder? \u00bfAcaso AMLO no se cansa de acusar de corruptos a los de ayer y a muchos los subi\u00f3 al barco de la abundancia de hoy? \u00bfAcaso morena y aliados no tuvieron que ampliar su radio de acci\u00f3n para poder ganar? \u00bfAh\u00ed se reservaron su derecho de admisi\u00f3n? La realidad es que el bloque opositor debe hacer honor a su nombre: ampliar \u2013 de manera legal \u2013 la participaci\u00f3n de las organizaciones civiles y ciudadanos para ganar, ahora m\u00e1s que nunca las minor\u00edas valen igual que una mayor\u00eda, hay que cuidar a los de casa pero dejar la ventanas abiertas a quienes pueden aportar lo que m\u00e1s necesitar\u00e1n\u2026votos.<\/p>\n\n\n\n<p>La realidad es que el m\u00e9todo de selecci\u00f3n de quien ser\u00e1 la o el responsable de la Construcci\u00f3n del Frente Amplio por M\u00e9xico es una novedad que se puede mejorar pero que las circunstancias sociales obligaban a los partidos pol\u00edticos a presentar un mejor proceso de selecci\u00f3n de quien \u2013 en un futuro pr\u00f3ximo \u2013 ser\u00e1 su candidata o candidato a la presidencia de la rep\u00fablica, no hay que dar muchos brincos estando el piso parejo, las exigencias y la participaci\u00f3n entusiasta de la sociedad organizada y de los ciudadanos logr\u00f3 lo que no se pensaba lograr: que los dirigentes partidistas se sentaran con las organizaciones civiles y se miraran a los ojos sin soberbia ni aires de grandeza.<br>Mas all\u00e1 del an\u00e1lisis de los dichos de los 4 aspirantes a la construcci\u00f3n del Frente Amplio, m\u00e1s all\u00e1 de las frases chuscas o an\u00e9cdotas durante el Foro de Di\u00e1logos, m\u00e1s all\u00e1 de las desavenencias y enojos partidistas lo cierto es que hay que se\u00f1alar de manera contundente los errores y deficiencias del gobierno de morena, con datos concretos hay que se\u00f1alar todo lo malo que \u2013 desde su punto de vista \u2013 representa la 4T para M\u00e9xico, \u00bfhabr\u00e1 algo rescatable? Sin duda alguna, sin embargo, parece que los programas sociales no son suficientes para consolidar nuestra democracia, un gobierno no solo se debe medir por el recurso que reparte, se debe medir por el respeto irrestricto al Estado de Derecho, \u00bf parece poco? No se debe permitir que el discurso basado en las bondades de los programas sociales oculten los excesos en el ejercicio del poder del habitante de palacio nacional pero de quienes tambi\u00e9n despachan en los palacios de gobiernos estatales.<br>\u00bfQu\u00e9 tan amplio es el Frente Amplio? En la media que m\u00e1s organizaciones sociales se sumen a los trabajos, en los diagn\u00f3sticos que hagan los analistas pol\u00edticos, en la tolerancia y respeto que haya entre los integrantes y sobretodo, en la legitimidad con la que surja la o el responsable de la construcci\u00f3n del Frente el pueblo ver\u00e1 reflejado sus expectativas de tener una verdadera opci\u00f3n de gobierno competitiva y que rescate lo rescatable y deje a un lado las ocurrencias y polarizaci\u00f3n de una transformaci\u00f3n que sobra en el discurso pero falt\u00f3 en la realidad.<br>P.D.- Con el \u00e1nimo que la m\u00e1xima pol\u00edtica: \u201cSe trata de que los de arriba jalen a los de abajo y no que los de abajo jalen a los arriba\u201d sea parte esencial del Frente Amplio\u2026.Escribir\u00e9 otro d\u00eda.<\/p>\n","protected":false},"excerpt":{"rendered":"<p>Vicente Luna Hern\u00e1ndez \u00bfAlguien esperaba que no hubiera conflictos o diferencias en el Frente Amplio por M\u00e9xico? \u00bfAlguien de manera ilusa \u2013 ante 3 tigres en la misma jaula- esperaba que no hubiera miradas amenazantes en esa jaula? \u00bfCu\u00e1l es el punto a favor del Frente Amplio? que los 3 tigres estaban tristes y hoy [&hellip;]<\/p>\n","protected":false},"author":2,"featured_media":0,"comment_status":"closed","ping_status":"closed","sticky":false,"template":"","format":"standard","meta":{"tdm_status":"","tdm_grid_status":"","footnotes":""},"categories":[70],"tags":[38524],"class_list":{"0":"post-109897","1":"post","2":"type-post","3":"status-publish","4":"format-standard","6":"category-de-opinion","7":"tag-frente-amplio-por-mexico"},"yoast_head":"<!-- This site is optimized with the Yoast SEO plugin v27.4 - https:\/\/yoast.com\/product\/yoast-seo-wordpress\/ -->\n<title>FRENTE AMPLIO \u00bfQUE TAN AMPLIO? - Los pol\u00edticos Veracruz<\/title>\n<meta name=\"robots\" content=\"index, follow, max-snippet:-1, max-image-preview:large, max-video-preview:-1\" \/>\n<link rel=\"canonical\" href=\"https:\/\/lospoliticosveracruz.com\/?p=109897\" \/>\n<meta property=\"og:locale\" content=\"es_ES\" \/>\n<meta property=\"og:type\" content=\"article\" \/>\n<meta property=\"og:title\" content=\"FRENTE AMPLIO \u00bfQUE TAN AMPLIO? - Los pol\u00edticos Veracruz\" \/>\n<meta property=\"og:description\" content=\"Vicente Luna Hern\u00e1ndez \u00bfAlguien esperaba que no hubiera conflictos o diferencias en el Frente Amplio por M\u00e9xico? \u00bfAlguien de manera ilusa \u2013 ante 3 tigres en la misma jaula- esperaba que no hubiera miradas amenazantes en esa jaula? \u00bfCu\u00e1l es el punto a favor del Frente Amplio? que los 3 tigres estaban tristes y hoy [&hellip;]\" \/>\n<meta property=\"og:url\" content=\"https:\/\/lospoliticosveracruz.com\/?p=109897\" \/>\n<meta property=\"og:site_name\" content=\"Los pol\u00edticos Veracruz\" \/>\n<meta property=\"article:publisher\" content=\"https:\/\/www.facebook.com\/people\/Notimemes-de-los-Polticos\/61565672886568\/\" \/>\n<meta property=\"article:published_time\" content=\"2023-08-11T18:29:26+00:00\" \/>\n<meta property=\"article:modified_time\" content=\"2023-08-11T18:29:45+00:00\" \/>\n<meta property=\"og:image\" content=\"https:\/\/lospoliticosveracruz.com.mx\/wp-content\/uploads\/2016\/07\/Seguro-Julio-Cerecedo-2-1024x381.jpg\" \/>\n<meta name=\"author\" content=\"Lo viste en Los Pol\u00edticos\" \/>\n<meta name=\"twitter:card\" content=\"summary_large_image\" \/>\n<meta name=\"twitter:creator\" content=\"@LosPoliticosVer\" \/>\n<meta name=\"twitter:site\" content=\"@LosPoliticosVer\" \/>\n<meta name=\"twitter:label1\" content=\"Escrito por\" \/>\n\t<meta name=\"twitter:data1\" content=\"Lo viste en Los Pol\u00edticos\" \/>\n\t<meta name=\"twitter:label2\" content=\"Tiempo de lectura\" \/>\n\t<meta name=\"twitter:data2\" content=\"4 minutos\" \/>\n<script type=\"application\/ld+json\" class=\"yoast-schema-graph\">{\"@context\":\"https:\\\/\\\/schema.org\",\"@graph\":[{\"@type\":\"Article\",\"@id\":\"https:\\\/\\\/lospoliticosveracruz.com\\\/?p=109897#article\",\"isPartOf\":{\"@id\":\"https:\\\/\\\/lospoliticosveracruz.com\\\/?p=109897\"},\"author\":{\"name\":\"Lo viste en Los Pol\u00edticos\",\"@id\":\"https:\\\/\\\/lospoliticosveracruz.com\\\/#\\\/schema\\\/person\\\/b8702bb0e538456e6efd07080bf2a4a2\"},\"headline\":\"FRENTE AMPLIO \u00bfQUE TAN AMPLIO?\",\"datePublished\":\"2023-08-11T18:29:26+00:00\",\"dateModified\":\"2023-08-11T18:29:45+00:00\",\"mainEntityOfPage\":{\"@id\":\"https:\\\/\\\/lospoliticosveracruz.com\\\/?p=109897\"},\"wordCount\":863,\"publisher\":{\"@id\":\"https:\\\/\\\/lospoliticosveracruz.com\\\/#organization\"},\"image\":{\"@id\":\"https:\\\/\\\/lospoliticosveracruz.com\\\/?p=109897#primaryimage\"},\"thumbnailUrl\":\"https:\\\/\\\/lospoliticosveracruz.com.mx\\\/wp-content\\\/uploads\\\/2016\\\/07\\\/Seguro-Julio-Cerecedo-2-1024x381.jpg\",\"keywords\":[\"Frente Amplio por M\u00e9xico\"],\"articleSection\":[\"De Opini\u00f3n\"],\"inLanguage\":\"es\"},{\"@type\":\"WebPage\",\"@id\":\"https:\\\/\\\/lospoliticosveracruz.com\\\/?p=109897\",\"url\":\"https:\\\/\\\/lospoliticosveracruz.com\\\/?p=109897\",\"name\":\"FRENTE AMPLIO \u00bfQUE TAN AMPLIO? - Los pol\u00edticos Veracruz\",\"isPartOf\":{\"@id\":\"https:\\\/\\\/lospoliticosveracruz.com\\\/#website\"},\"primaryImageOfPage\":{\"@id\":\"https:\\\/\\\/lospoliticosveracruz.com\\\/?p=109897#primaryimage\"},\"image\":{\"@id\":\"https:\\\/\\\/lospoliticosveracruz.com\\\/?p=109897#primaryimage\"},\"thumbnailUrl\":\"https:\\\/\\\/lospoliticosveracruz.com.mx\\\/wp-content\\\/uploads\\\/2016\\\/07\\\/Seguro-Julio-Cerecedo-2-1024x381.jpg\",\"datePublished\":\"2023-08-11T18:29:26+00:00\",\"dateModified\":\"2023-08-11T18:29:45+00:00\",\"breadcrumb\":{\"@id\":\"https:\\\/\\\/lospoliticosveracruz.com\\\/?p=109897#breadcrumb\"},\"inLanguage\":\"es\",\"potentialAction\":[{\"@type\":\"ReadAction\",\"target\":[\"https:\\\/\\\/lospoliticosveracruz.com\\\/?p=109897\"]}]},{\"@type\":\"ImageObject\",\"inLanguage\":\"es\",\"@id\":\"https:\\\/\\\/lospoliticosveracruz.com\\\/?p=109897#primaryimage\",\"url\":\"https:\\\/\\\/lospoliticosveracruz.com.mx\\\/wp-content\\\/uploads\\\/2016\\\/07\\\/Seguro-Julio-Cerecedo-2-1024x381.jpg\",\"contentUrl\":\"https:\\\/\\\/lospoliticosveracruz.com.mx\\\/wp-content\\\/uploads\\\/2016\\\/07\\\/Seguro-Julio-Cerecedo-2-1024x381.jpg\"},{\"@type\":\"BreadcrumbList\",\"@id\":\"https:\\\/\\\/lospoliticosveracruz.com\\\/?p=109897#breadcrumb\",\"itemListElement\":[{\"@type\":\"ListItem\",\"position\":1,\"name\":\"Portada\",\"item\":\"https:\\\/\\\/lospoliticosveracruz.com\\\/\"},{\"@type\":\"ListItem\",\"position\":2,\"name\":\"FRENTE AMPLIO \u00bfQUE TAN AMPLIO?\"}]},{\"@type\":\"WebSite\",\"@id\":\"https:\\\/\\\/lospoliticosveracruz.com\\\/#website\",\"url\":\"https:\\\/\\\/lospoliticosveracruz.com\\\/\",\"name\":\"Los pol\u00edticos Veracruz\",\"description\":\"\",\"publisher\":{\"@id\":\"https:\\\/\\\/lospoliticosveracruz.com\\\/#organization\"},\"potentialAction\":[{\"@type\":\"SearchAction\",\"target\":{\"@type\":\"EntryPoint\",\"urlTemplate\":\"https:\\\/\\\/lospoliticosveracruz.com\\\/?s={search_term_string}\"},\"query-input\":{\"@type\":\"PropertyValueSpecification\",\"valueRequired\":true,\"valueName\":\"search_term_string\"}}],\"inLanguage\":\"es\"},{\"@type\":\"Organization\",\"@id\":\"https:\\\/\\\/lospoliticosveracruz.com\\\/#organization\",\"name\":\"Los pol\u00edticos Veracruz\",\"url\":\"https:\\\/\\\/lospoliticosveracruz.com\\\/\",\"logo\":{\"@type\":\"ImageObject\",\"inLanguage\":\"es\",\"@id\":\"https:\\\/\\\/lospoliticosveracruz.com\\\/#\\\/schema\\\/logo\\\/image\\\/\",\"url\":\"https:\\\/\\\/lospoliticosveracruz.com\\\/wp-content\\\/uploads\\\/2025\\\/12\\\/Logo-Nuevo-LOS-POLITICOS-1.jpg\",\"contentUrl\":\"https:\\\/\\\/lospoliticosveracruz.com\\\/wp-content\\\/uploads\\\/2025\\\/12\\\/Logo-Nuevo-LOS-POLITICOS-1.jpg\",\"width\":260,\"height\":70,\"caption\":\"Los pol\u00edticos Veracruz\"},\"image\":{\"@id\":\"https:\\\/\\\/lospoliticosveracruz.com\\\/#\\\/schema\\\/logo\\\/image\\\/\"},\"sameAs\":[\"https:\\\/\\\/www.facebook.com\\\/people\\\/Notimemes-de-los-Polticos\\\/61565672886568\\\/\",\"https:\\\/\\\/x.com\\\/LosPoliticosVer\"]},{\"@type\":\"Person\",\"@id\":\"https:\\\/\\\/lospoliticosveracruz.com\\\/#\\\/schema\\\/person\\\/b8702bb0e538456e6efd07080bf2a4a2\",\"name\":\"Lo viste en Los Pol\u00edticos\",\"image\":{\"@type\":\"ImageObject\",\"inLanguage\":\"es\",\"@id\":\"https:\\\/\\\/secure.gravatar.com\\\/avatar\\\/3a8de04a2656d44082be478bd6c086daa447c4651605818287b9532d3d0bd435?s=96&d=mm&r=g\",\"url\":\"https:\\\/\\\/secure.gravatar.com\\\/avatar\\\/3a8de04a2656d44082be478bd6c086daa447c4651605818287b9532d3d0bd435?s=96&d=mm&r=g\",\"contentUrl\":\"https:\\\/\\\/secure.gravatar.com\\\/avatar\\\/3a8de04a2656d44082be478bd6c086daa447c4651605818287b9532d3d0bd435?s=96&d=mm&r=g\",\"caption\":\"Lo viste en Los Pol\u00edticos\"},\"url\":\"https:\\\/\\\/lospoliticosveracruz.com\\\/?author=2\"}]}<\/script>\n<!-- \/ Yoast SEO plugin. -->","yoast_head_json":{"title":"FRENTE AMPLIO \u00bfQUE TAN AMPLIO? - Los pol\u00edticos Veracruz","robots":{"index":"index","follow":"follow","max-snippet":"max-snippet:-1","max-image-preview":"max-image-preview:large","max-video-preview":"max-video-preview:-1"},"canonical":"https:\/\/lospoliticosveracruz.com\/?p=109897","og_locale":"es_ES","og_type":"article","og_title":"FRENTE AMPLIO \u00bfQUE TAN AMPLIO? - Los pol\u00edticos Veracruz","og_description":"Vicente Luna Hern\u00e1ndez \u00bfAlguien esperaba que no hubiera conflictos o diferencias en el Frente Amplio por M\u00e9xico? \u00bfAlguien de manera ilusa \u2013 ante 3 tigres en la misma jaula- esperaba que no hubiera miradas amenazantes en esa jaula? \u00bfCu\u00e1l es el punto a favor del Frente Amplio? que los 3 tigres estaban tristes y hoy [&hellip;]","og_url":"https:\/\/lospoliticosveracruz.com\/?p=109897","og_site_name":"Los pol\u00edticos Veracruz","article_publisher":"https:\/\/www.facebook.com\/people\/Notimemes-de-los-Polticos\/61565672886568\/","article_published_time":"2023-08-11T18:29:26+00:00","article_modified_time":"2023-08-11T18:29:45+00:00","og_image":[{"url":"https:\/\/lospoliticosveracruz.com.mx\/wp-content\/uploads\/2016\/07\/Seguro-Julio-Cerecedo-2-1024x381.jpg","type":"","width":"","height":""}],"author":"Lo viste en Los Pol\u00edticos","twitter_card":"summary_large_image","twitter_creator":"@LosPoliticosVer","twitter_site":"@LosPoliticosVer","twitter_misc":{"Escrito por":"Lo viste en Los Pol\u00edticos","Tiempo de lectura":"4 minutos"},"schema":{"@context":"https:\/\/schema.org","@graph":[{"@type":"Article","@id":"https:\/\/lospoliticosveracruz.com\/?p=109897#article","isPartOf":{"@id":"https:\/\/lospoliticosveracruz.com\/?p=109897"},"author":{"name":"Lo viste en Los Pol\u00edticos","@id":"https:\/\/lospoliticosveracruz.com\/#\/schema\/person\/b8702bb0e538456e6efd07080bf2a4a2"},"headline":"FRENTE AMPLIO \u00bfQUE TAN AMPLIO?","datePublished":"2023-08-11T18:29:26+00:00","dateModified":"2023-08-11T18:29:45+00:00","mainEntityOfPage":{"@id":"https:\/\/lospoliticosveracruz.com\/?p=109897"},"wordCount":863,"publisher":{"@id":"https:\/\/lospoliticosveracruz.com\/#organization"},"image":{"@id":"https:\/\/lospoliticosveracruz.com\/?p=109897#primaryimage"},"thumbnailUrl":"https:\/\/lospoliticosveracruz.com.mx\/wp-content\/uploads\/2016\/07\/Seguro-Julio-Cerecedo-2-1024x381.jpg","keywords":["Frente Amplio por M\u00e9xico"],"articleSection":["De Opini\u00f3n"],"inLanguage":"es"},{"@type":"WebPage","@id":"https:\/\/lospoliticosveracruz.com\/?p=109897","url":"https:\/\/lospoliticosveracruz.com\/?p=109897","name":"FRENTE AMPLIO \u00bfQUE TAN AMPLIO? - Los pol\u00edticos Veracruz","isPartOf":{"@id":"https:\/\/lospoliticosveracruz.com\/#website"},"primaryImageOfPage":{"@id":"https:\/\/lospoliticosveracruz.com\/?p=109897#primaryimage"},"image":{"@id":"https:\/\/lospoliticosveracruz.com\/?p=109897#primaryimage"},"thumbnailUrl":"https:\/\/lospoliticosveracruz.com.mx\/wp-content\/uploads\/2016\/07\/Seguro-Julio-Cerecedo-2-1024x381.jpg","datePublished":"2023-08-11T18:29:26+00:00","dateModified":"2023-08-11T18:29:45+00:00","breadcrumb":{"@id":"https:\/\/lospoliticosveracruz.com\/?p=109897#breadcrumb"},"inLanguage":"es","potentialAction":[{"@type":"ReadAction","target":["https:\/\/lospoliticosveracruz.com\/?p=109897"]}]},{"@type":"ImageObject","inLanguage":"es","@id":"https:\/\/lospoliticosveracruz.com\/?p=109897#primaryimage","url":"https:\/\/lospoliticosveracruz.com.mx\/wp-content\/uploads\/2016\/07\/Seguro-Julio-Cerecedo-2-1024x381.jpg","contentUrl":"https:\/\/lospoliticosveracruz.com.mx\/wp-content\/uploads\/2016\/07\/Seguro-Julio-Cerecedo-2-1024x381.jpg"},{"@type":"BreadcrumbList","@id":"https:\/\/lospoliticosveracruz.com\/?p=109897#breadcrumb","itemListElement":[{"@type":"ListItem","position":1,"name":"Portada","item":"https:\/\/lospoliticosveracruz.com\/"},{"@type":"ListItem","position":2,"name":"FRENTE AMPLIO \u00bfQUE TAN AMPLIO?"}]},{"@type":"WebSite","@id":"https:\/\/lospoliticosveracruz.com\/#website","url":"https:\/\/lospoliticosveracruz.com\/","name":"Los pol\u00edticos Veracruz","description":"","publisher":{"@id":"https:\/\/lospoliticosveracruz.com\/#organization"},"potentialAction":[{"@type":"SearchAction","target":{"@type":"EntryPoint","urlTemplate":"https:\/\/lospoliticosveracruz.com\/?s={search_term_string}"},"query-input":{"@type":"PropertyValueSpecification","valueRequired":true,"valueName":"search_term_string"}}],"inLanguage":"es"},{"@type":"Organization","@id":"https:\/\/lospoliticosveracruz.com\/#organization","name":"Los pol\u00edticos Veracruz","url":"https:\/\/lospoliticosveracruz.com\/","logo":{"@type":"ImageObject","inLanguage":"es","@id":"https:\/\/lospoliticosveracruz.com\/#\/schema\/logo\/image\/","url":"https:\/\/lospoliticosveracruz.com\/wp-content\/uploads\/2025\/12\/Logo-Nuevo-LOS-POLITICOS-1.jpg","contentUrl":"https:\/\/lospoliticosveracruz.com\/wp-content\/uploads\/2025\/12\/Logo-Nuevo-LOS-POLITICOS-1.jpg","width":260,"height":70,"caption":"Los pol\u00edticos Veracruz"},"image":{"@id":"https:\/\/lospoliticosveracruz.com\/#\/schema\/logo\/image\/"},"sameAs":["https:\/\/www.facebook.com\/people\/Notimemes-de-los-Polticos\/61565672886568\/","https:\/\/x.com\/LosPoliticosVer"]},{"@type":"Person","@id":"https:\/\/lospoliticosveracruz.com\/#\/schema\/person\/b8702bb0e538456e6efd07080bf2a4a2","name":"Lo viste en Los Pol\u00edticos","image":{"@type":"ImageObject","inLanguage":"es","@id":"https:\/\/secure.gravatar.com\/avatar\/3a8de04a2656d44082be478bd6c086daa447c4651605818287b9532d3d0bd435?s=96&d=mm&r=g","url":"https:\/\/secure.gravatar.com\/avatar\/3a8de04a2656d44082be478bd6c086daa447c4651605818287b9532d3d0bd435?s=96&d=mm&r=g","contentUrl":"https:\/\/secure.gravatar.com\/avatar\/3a8de04a2656d44082be478bd6c086daa447c4651605818287b9532d3d0bd435?s=96&d=mm&r=g","caption":"Lo viste en Los Pol\u00edticos"},"url":"https:\/\/lospoliticosveracruz.com\/?author=2"}]}},"_links":{"self":[{"href":"https:\/\/lospoliticosveracruz.com\/index.php?rest_route=\/wp\/v2\/posts\/109897","targetHints":{"allow":["GET"]}}],"collection":[{"href":"https:\/\/lospoliticosveracruz.com\/index.php?rest_route=\/wp\/v2\/posts"}],"about":[{"href":"https:\/\/lospoliticosveracruz.com\/index.php?rest_route=\/wp\/v2\/types\/post"}],"author":[{"embeddable":true,"href":"https:\/\/lospoliticosveracruz.com\/index.php?rest_route=\/wp\/v2\/users\/2"}],"replies":[{"embeddable":true,"href":"https:\/\/lospoliticosveracruz.com\/index.php?rest_route=%2Fwp%2Fv2%2Fcomments&post=109897"}],"version-history":[{"count":1,"href":"https:\/\/lospoliticosveracruz.com\/index.php?rest_route=\/wp\/v2\/posts\/109897\/revisions"}],"predecessor-version":[{"id":109899,"href":"https:\/\/lospoliticosveracruz.com\/index.php?rest_route=\/wp\/v2\/posts\/109897\/revisions\/109899"}],"wp:attachment":[{"href":"https:\/\/lospoliticosveracruz.com\/index.php?rest_route=%2Fwp%2Fv2%2Fmedia&parent=109897"}],"wp:term":[{"taxonomy":"category","embeddable":true,"href":"https:\/\/lospoliticosveracruz.com\/index.php?rest_route=%2Fwp%2Fv2%2Fcategories&post=109897"},{"taxonomy":"post_tag","embeddable":true,"href":"https:\/\/lospoliticosveracruz.com\/index.php?rest_route=%2Fwp%2Fv2%2Ftags&post=109897"}],"curies":[{"name":"wp","href":"https:\/\/api.w.org\/{rel}","templated":true}]}}