{"id":109937,"date":"2023-08-12T11:01:09","date_gmt":"2023-08-12T16:01:09","guid":{"rendered":"https:\/\/lospoliticosveracruz.com.mx\/?p=109937"},"modified":"2023-08-12T11:01:15","modified_gmt":"2023-08-12T16:01:15","slug":"camiones-con-cilindros-de-gas-alerta-y-bombas-de-tiempo","status":"publish","type":"post","link":"https:\/\/lospoliticosveracruz.com\/?p=109937","title":{"rendered":"CAMIONES CON CILINDROS DE GAS, ALERTA Y BOMBAS DE TIEMPO"},"content":{"rendered":"\n<p><strong>Jos\u00e9 Luis Enr\u00edquez Ambell<\/strong><\/p>\n\n\n\n<p><em>Caf\u00e9 de Ma\u00f1ana<\/em><\/p>\n\n\n\n<p>Ver por calles, avenidas y nuestras casas el paso de camiones del gas con cilindros, entre llenos y vac\u00edos, es se\u00f1al de alerta para la poblaci\u00f3n y que hasta pueden convertirse en bombas de tiempo sobre ruedas que vemos a diario.<\/p>\n\n\n\n<p>En algunas localidades y ciudades de Veracruz hay desarrollos viviendisticos donde prohiben el uso de cilindros con gas dom\u00e9stico y cuentan con los llamados tanques estacionarios, pero esta regulaci\u00f3n normativa demanda la atenci\u00f3n de Protecci\u00f3n Civil Municipal como primer piso de autoridad.<\/p>\n\n\n\n<p>En Xalapa, en conjuntos habitacionales &#8211; como ejemplo &#8211; est\u00e1 prohibido el uso de cilindros con gas e incluso, se sabe de conflictos de vecinos al percatarse de quienes intentan introducirlos y abastecerse para su consumo.<\/p>\n\n\n\n<p>Pero, aunque parece que en t\u00e9rminos de casas habitaci\u00f3n y en departamentos el uso de los cilindros con gas se ha reducido, y m\u00e1s en \u00e1reas comunes (desarrollos viviend\u00edsticos), existen otros focos de atenci\u00f3n adem\u00e1s de m\u00e1s calles, como resultan nuestros mercados p\u00fablicos y algunas zonas de concentraci\u00f3n como cl\u00ednicas, hospitales, centros de diversi\u00f3n, parques, entre otros puntos.<\/p>\n\n\n\n<p>Y en este sentido -regulaci\u00f3n y control- todas las autoridades responsables revisan, atienden, supervisan e implementan operativos que nos advierten que el uso y la pr\u00e1ctica de cilindros con gas resultan peque\u00f1as bombas de tiempo, y que todos podemos contribuir a regularizar y no s\u00f3lo dejar que los cuerpos edilicios desde las administraciones municipales desde los ayuntamientos en todo Veracruz deben atender, pues la conciencia y eficiencia en este tipo de asuntos debe verse desde lo que conviene a la poblaci\u00f3n y sociedad en su conjunto.<\/p>\n\n\n\n<p>Incluso, los d\u00edas de la semana que los mercados ambulantes -tianguis- se instalan en distintos puntos de las localidades veracruzanas ampl\u00edan los riesgos ya de por s\u00ed instalados casi siempre en el comercio informal incluso frente, junto o alrededor de oficinas p\u00fablicas, y claro, alguien lo autoriza o lo tolera, pero sin cerrar el derecho al trabajo, si puede intensificarse la regulaci\u00f3n, el orden y control, pues lo explosivo es expansivo y aumenta riesgos ya de por si latentes por el uso de los cilindros con gas en viviendas, pero igual en las calles, entre el transporte que vende y el comercio sobre todo informal.<\/p>\n\n\n\n<p>En s\u00edntesis, debiera de darse otro paso e ir eliminando poco a poco el uso de los cilindros sobre todo en ciudades como Xalapa y zonas metropolitanas en la entidad, como en la Ciudad de M\u00e9xico y otros sitios, y es inevitable valorar a partir de la informaci\u00f3n veraz y objetiva en torno a la introducci\u00f3n, suministro y uso del Gas Natural, entubado, sin transgredir intereses que a\u00fan existen en ese sentido, y que parece han venido frenando ese cambio, pues ya hasta hay un crecimiento en el uso de garages de casas en el comercio informal, colocando entre peque\u00f1os y no tan peque\u00f1os sitios de comida, de d\u00eda y de noche.<\/p>\n\n\n\n<p>Las familias veracruzanas que regulan y tienen el control de la venta y distribuci\u00f3n de cilindros con gas, bien pueden tambi\u00e9n aportar ideas a nuestras autoridades municipales y estatales en ese sentido.<\/p>\n\n\n\n<p>DE SOBREMESA<\/p>\n\n\n\n<p>Por cierto, siendo el Jefe de Gobierno de la Cdmx Don Andr\u00e9s Manuel L\u00f3pez Obrador, fue cuando el gas natural se introdujo en la capital del pa\u00eds de manera intensa y pienso que ac\u00e1, no habr\u00e1 que hacerle \u00abel fuchi\u00bb a una opci\u00f3n que es mucho menos riesgosa, pero que a\u00fan carece de informaci\u00f3n transmitida en forma clara a la sociedad, y despu\u00e9s poder pasar a un cambio menos explosivo que convenga a todos.<\/p>\n\n\n\n<p>UN CAF\u00c9 CON DOBLE CARGA<\/p>\n\n\n\n<p>Nos alarmamos al saber de explosiciones en \u00e1reas de trabajo de Pemex en Coatzacoalcos, Minatitl\u00e1n, Nanchital y hasta creemos que eso s\u00f3lo est\u00e1 latente en esos sitios del territorio veracruzano, pero es responsabilidad de todos buscar alternativas que no lleve a tener que esperar sucesos que lamentar por el uso a veces desmedido y sin control de los cilindros con gas.<\/p>\n\n\n\n<p>UN CAF\u00c9 LECHERO LIGHT DIVORCIADO<\/p>\n\n\n\n<p>Y ahora que tenemos a una Secretaria de Energ\u00eda como do\u00f1a Roc\u00edo Nahle, creo es buen momento para que en Veracruz se impulse la posibilidad de mejorar eficientemente y con menor riesgo el uso de cilindros con gas dom\u00e9stico y el instalar Gas Natural como toda su Infraestructura en las ciudades de mayor poblaci\u00f3n. Y si no es mucho pedir, hasta ayudar a resolver el alto costo de la tarifa en el servicio de energ\u00eda el\u00e9ctrica que nos provee y vende la CFE.<\/p>\n\n\n\n<p>\u00a1 ES CUANDO !<\/p>\n\n\n\n<p>enriquezambell@gmail.com<\/p>\n\n\n\n<p><\/p>\n","protected":false},"excerpt":{"rendered":"<p>Jos\u00e9 Luis Enr\u00edquez Ambell Caf\u00e9 de Ma\u00f1ana Ver por calles, avenidas y nuestras casas el paso de camiones del gas con cilindros, entre llenos y vac\u00edos, es se\u00f1al de alerta para la poblaci\u00f3n y que hasta pueden convertirse en bombas de tiempo sobre ruedas que vemos a diario. En algunas localidades y ciudades de Veracruz [&hellip;]<\/p>\n","protected":false},"author":2,"featured_media":0,"comment_status":"closed","ping_status":"closed","sticky":false,"template":"","format":"standard","meta":{"tdm_status":"","tdm_grid_status":"","footnotes":""},"categories":[70],"tags":[8383],"class_list":{"0":"post-109937","1":"post","2":"type-post","3":"status-publish","4":"format-standard","6":"category-de-opinion","7":"tag-jose-luis-enriquez-ambell"},"yoast_head":"<!-- This site is optimized with the Yoast SEO plugin v27.4 - https:\/\/yoast.com\/product\/yoast-seo-wordpress\/ -->\n<title>CAMIONES CON CILINDROS DE GAS, ALERTA Y BOMBAS DE TIEMPO - Los pol\u00edticos Veracruz<\/title>\n<meta name=\"robots\" content=\"index, follow, max-snippet:-1, max-image-preview:large, max-video-preview:-1\" \/>\n<link rel=\"canonical\" href=\"https:\/\/lospoliticosveracruz.com\/?p=109937\" \/>\n<meta property=\"og:locale\" content=\"es_ES\" \/>\n<meta property=\"og:type\" content=\"article\" \/>\n<meta property=\"og:title\" content=\"CAMIONES CON CILINDROS DE GAS, ALERTA Y BOMBAS DE TIEMPO - Los pol\u00edticos Veracruz\" \/>\n<meta property=\"og:description\" content=\"Jos\u00e9 Luis Enr\u00edquez Ambell Caf\u00e9 de Ma\u00f1ana Ver por calles, avenidas y nuestras casas el paso de camiones del gas con cilindros, entre llenos y vac\u00edos, es se\u00f1al de alerta para la poblaci\u00f3n y que hasta pueden convertirse en bombas de tiempo sobre ruedas que vemos a diario. En algunas localidades y ciudades de Veracruz [&hellip;]\" \/>\n<meta property=\"og:url\" content=\"https:\/\/lospoliticosveracruz.com\/?p=109937\" \/>\n<meta property=\"og:site_name\" content=\"Los pol\u00edticos Veracruz\" \/>\n<meta property=\"article:publisher\" content=\"https:\/\/www.facebook.com\/people\/Notimemes-de-los-Polticos\/61565672886568\/\" \/>\n<meta property=\"article:published_time\" content=\"2023-08-12T16:01:09+00:00\" \/>\n<meta property=\"article:modified_time\" content=\"2023-08-12T16:01:15+00:00\" \/>\n<meta property=\"og:image\" content=\"https:\/\/lospoliticosveracruz.com\/wp-content\/uploads\/2016\/07\/Logo-Dor.jpg\" \/>\n\t<meta property=\"og:image:width\" content=\"200\" \/>\n\t<meta property=\"og:image:height\" content=\"200\" \/>\n\t<meta property=\"og:image:type\" content=\"image\/jpeg\" \/>\n<meta name=\"author\" content=\"Lo viste en Los Pol\u00edticos\" \/>\n<meta name=\"twitter:card\" content=\"summary_large_image\" \/>\n<meta name=\"twitter:creator\" content=\"@LosPoliticosVer\" \/>\n<meta name=\"twitter:site\" content=\"@LosPoliticosVer\" \/>\n<meta name=\"twitter:label1\" content=\"Escrito por\" \/>\n\t<meta name=\"twitter:data1\" content=\"Lo viste en Los Pol\u00edticos\" \/>\n\t<meta name=\"twitter:label2\" content=\"Tiempo de lectura\" \/>\n\t<meta name=\"twitter:data2\" content=\"4 minutos\" \/>\n<script type=\"application\/ld+json\" class=\"yoast-schema-graph\">{\"@context\":\"https:\\\/\\\/schema.org\",\"@graph\":[{\"@type\":\"Article\",\"@id\":\"https:\\\/\\\/lospoliticosveracruz.com\\\/?p=109937#article\",\"isPartOf\":{\"@id\":\"https:\\\/\\\/lospoliticosveracruz.com\\\/?p=109937\"},\"author\":{\"name\":\"Lo viste en Los Pol\u00edticos\",\"@id\":\"https:\\\/\\\/lospoliticosveracruz.com\\\/#\\\/schema\\\/person\\\/b8702bb0e538456e6efd07080bf2a4a2\"},\"headline\":\"CAMIONES CON CILINDROS DE GAS, ALERTA Y BOMBAS DE TIEMPO\",\"datePublished\":\"2023-08-12T16:01:09+00:00\",\"dateModified\":\"2023-08-12T16:01:15+00:00\",\"mainEntityOfPage\":{\"@id\":\"https:\\\/\\\/lospoliticosveracruz.com\\\/?p=109937\"},\"wordCount\":819,\"publisher\":{\"@id\":\"https:\\\/\\\/lospoliticosveracruz.com\\\/#organization\"},\"keywords\":[\"Jos\u00e9 Luis Enr\u00edquez Ambell\"],\"articleSection\":[\"De Opini\u00f3n\"],\"inLanguage\":\"es\"},{\"@type\":\"WebPage\",\"@id\":\"https:\\\/\\\/lospoliticosveracruz.com\\\/?p=109937\",\"url\":\"https:\\\/\\\/lospoliticosveracruz.com\\\/?p=109937\",\"name\":\"CAMIONES CON CILINDROS DE GAS, ALERTA Y BOMBAS DE TIEMPO - Los pol\u00edticos Veracruz\",\"isPartOf\":{\"@id\":\"https:\\\/\\\/lospoliticosveracruz.com\\\/#website\"},\"datePublished\":\"2023-08-12T16:01:09+00:00\",\"dateModified\":\"2023-08-12T16:01:15+00:00\",\"breadcrumb\":{\"@id\":\"https:\\\/\\\/lospoliticosveracruz.com\\\/?p=109937#breadcrumb\"},\"inLanguage\":\"es\",\"potentialAction\":[{\"@type\":\"ReadAction\",\"target\":[\"https:\\\/\\\/lospoliticosveracruz.com\\\/?p=109937\"]}]},{\"@type\":\"BreadcrumbList\",\"@id\":\"https:\\\/\\\/lospoliticosveracruz.com\\\/?p=109937#breadcrumb\",\"itemListElement\":[{\"@type\":\"ListItem\",\"position\":1,\"name\":\"Portada\",\"item\":\"https:\\\/\\\/lospoliticosveracruz.com\\\/\"},{\"@type\":\"ListItem\",\"position\":2,\"name\":\"CAMIONES CON CILINDROS DE GAS, ALERTA Y BOMBAS DE TIEMPO\"}]},{\"@type\":\"WebSite\",\"@id\":\"https:\\\/\\\/lospoliticosveracruz.com\\\/#website\",\"url\":\"https:\\\/\\\/lospoliticosveracruz.com\\\/\",\"name\":\"Los pol\u00edticos Veracruz\",\"description\":\"\",\"publisher\":{\"@id\":\"https:\\\/\\\/lospoliticosveracruz.com\\\/#organization\"},\"potentialAction\":[{\"@type\":\"SearchAction\",\"target\":{\"@type\":\"EntryPoint\",\"urlTemplate\":\"https:\\\/\\\/lospoliticosveracruz.com\\\/?s={search_term_string}\"},\"query-input\":{\"@type\":\"PropertyValueSpecification\",\"valueRequired\":true,\"valueName\":\"search_term_string\"}}],\"inLanguage\":\"es\"},{\"@type\":\"Organization\",\"@id\":\"https:\\\/\\\/lospoliticosveracruz.com\\\/#organization\",\"name\":\"Los pol\u00edticos Veracruz\",\"url\":\"https:\\\/\\\/lospoliticosveracruz.com\\\/\",\"logo\":{\"@type\":\"ImageObject\",\"inLanguage\":\"es\",\"@id\":\"https:\\\/\\\/lospoliticosveracruz.com\\\/#\\\/schema\\\/logo\\\/image\\\/\",\"url\":\"https:\\\/\\\/lospoliticosveracruz.com\\\/wp-content\\\/uploads\\\/2025\\\/12\\\/Logo-Nuevo-LOS-POLITICOS-1.jpg\",\"contentUrl\":\"https:\\\/\\\/lospoliticosveracruz.com\\\/wp-content\\\/uploads\\\/2025\\\/12\\\/Logo-Nuevo-LOS-POLITICOS-1.jpg\",\"width\":260,\"height\":70,\"caption\":\"Los pol\u00edticos Veracruz\"},\"image\":{\"@id\":\"https:\\\/\\\/lospoliticosveracruz.com\\\/#\\\/schema\\\/logo\\\/image\\\/\"},\"sameAs\":[\"https:\\\/\\\/www.facebook.com\\\/people\\\/Notimemes-de-los-Polticos\\\/61565672886568\\\/\",\"https:\\\/\\\/x.com\\\/LosPoliticosVer\"]},{\"@type\":\"Person\",\"@id\":\"https:\\\/\\\/lospoliticosveracruz.com\\\/#\\\/schema\\\/person\\\/b8702bb0e538456e6efd07080bf2a4a2\",\"name\":\"Lo viste en Los Pol\u00edticos\",\"image\":{\"@type\":\"ImageObject\",\"inLanguage\":\"es\",\"@id\":\"https:\\\/\\\/secure.gravatar.com\\\/avatar\\\/3a8de04a2656d44082be478bd6c086daa447c4651605818287b9532d3d0bd435?s=96&d=mm&r=g\",\"url\":\"https:\\\/\\\/secure.gravatar.com\\\/avatar\\\/3a8de04a2656d44082be478bd6c086daa447c4651605818287b9532d3d0bd435?s=96&d=mm&r=g\",\"contentUrl\":\"https:\\\/\\\/secure.gravatar.com\\\/avatar\\\/3a8de04a2656d44082be478bd6c086daa447c4651605818287b9532d3d0bd435?s=96&d=mm&r=g\",\"caption\":\"Lo viste en Los Pol\u00edticos\"},\"url\":\"https:\\\/\\\/lospoliticosveracruz.com\\\/?author=2\"}]}<\/script>\n<!-- \/ Yoast SEO plugin. -->","yoast_head_json":{"title":"CAMIONES CON CILINDROS DE GAS, ALERTA Y BOMBAS DE TIEMPO - Los pol\u00edticos Veracruz","robots":{"index":"index","follow":"follow","max-snippet":"max-snippet:-1","max-image-preview":"max-image-preview:large","max-video-preview":"max-video-preview:-1"},"canonical":"https:\/\/lospoliticosveracruz.com\/?p=109937","og_locale":"es_ES","og_type":"article","og_title":"CAMIONES CON CILINDROS DE GAS, ALERTA Y BOMBAS DE TIEMPO - Los pol\u00edticos Veracruz","og_description":"Jos\u00e9 Luis Enr\u00edquez Ambell Caf\u00e9 de Ma\u00f1ana Ver por calles, avenidas y nuestras casas el paso de camiones del gas con cilindros, entre llenos y vac\u00edos, es se\u00f1al de alerta para la poblaci\u00f3n y que hasta pueden convertirse en bombas de tiempo sobre ruedas que vemos a diario. En algunas localidades y ciudades de Veracruz [&hellip;]","og_url":"https:\/\/lospoliticosveracruz.com\/?p=109937","og_site_name":"Los pol\u00edticos Veracruz","article_publisher":"https:\/\/www.facebook.com\/people\/Notimemes-de-los-Polticos\/61565672886568\/","article_published_time":"2023-08-12T16:01:09+00:00","article_modified_time":"2023-08-12T16:01:15+00:00","og_image":[{"width":200,"height":200,"url":"https:\/\/lospoliticosveracruz.com\/wp-content\/uploads\/2016\/07\/Logo-Dor.jpg","type":"image\/jpeg"}],"author":"Lo viste en Los Pol\u00edticos","twitter_card":"summary_large_image","twitter_creator":"@LosPoliticosVer","twitter_site":"@LosPoliticosVer","twitter_misc":{"Escrito por":"Lo viste en Los Pol\u00edticos","Tiempo de lectura":"4 minutos"},"schema":{"@context":"https:\/\/schema.org","@graph":[{"@type":"Article","@id":"https:\/\/lospoliticosveracruz.com\/?p=109937#article","isPartOf":{"@id":"https:\/\/lospoliticosveracruz.com\/?p=109937"},"author":{"name":"Lo viste en Los Pol\u00edticos","@id":"https:\/\/lospoliticosveracruz.com\/#\/schema\/person\/b8702bb0e538456e6efd07080bf2a4a2"},"headline":"CAMIONES CON CILINDROS DE GAS, ALERTA Y BOMBAS DE TIEMPO","datePublished":"2023-08-12T16:01:09+00:00","dateModified":"2023-08-12T16:01:15+00:00","mainEntityOfPage":{"@id":"https:\/\/lospoliticosveracruz.com\/?p=109937"},"wordCount":819,"publisher":{"@id":"https:\/\/lospoliticosveracruz.com\/#organization"},"keywords":["Jos\u00e9 Luis Enr\u00edquez Ambell"],"articleSection":["De Opini\u00f3n"],"inLanguage":"es"},{"@type":"WebPage","@id":"https:\/\/lospoliticosveracruz.com\/?p=109937","url":"https:\/\/lospoliticosveracruz.com\/?p=109937","name":"CAMIONES CON CILINDROS DE GAS, ALERTA Y BOMBAS DE TIEMPO - Los pol\u00edticos Veracruz","isPartOf":{"@id":"https:\/\/lospoliticosveracruz.com\/#website"},"datePublished":"2023-08-12T16:01:09+00:00","dateModified":"2023-08-12T16:01:15+00:00","breadcrumb":{"@id":"https:\/\/lospoliticosveracruz.com\/?p=109937#breadcrumb"},"inLanguage":"es","potentialAction":[{"@type":"ReadAction","target":["https:\/\/lospoliticosveracruz.com\/?p=109937"]}]},{"@type":"BreadcrumbList","@id":"https:\/\/lospoliticosveracruz.com\/?p=109937#breadcrumb","itemListElement":[{"@type":"ListItem","position":1,"name":"Portada","item":"https:\/\/lospoliticosveracruz.com\/"},{"@type":"ListItem","position":2,"name":"CAMIONES CON CILINDROS DE GAS, ALERTA Y BOMBAS DE TIEMPO"}]},{"@type":"WebSite","@id":"https:\/\/lospoliticosveracruz.com\/#website","url":"https:\/\/lospoliticosveracruz.com\/","name":"Los pol\u00edticos Veracruz","description":"","publisher":{"@id":"https:\/\/lospoliticosveracruz.com\/#organization"},"potentialAction":[{"@type":"SearchAction","target":{"@type":"EntryPoint","urlTemplate":"https:\/\/lospoliticosveracruz.com\/?s={search_term_string}"},"query-input":{"@type":"PropertyValueSpecification","valueRequired":true,"valueName":"search_term_string"}}],"inLanguage":"es"},{"@type":"Organization","@id":"https:\/\/lospoliticosveracruz.com\/#organization","name":"Los pol\u00edticos Veracruz","url":"https:\/\/lospoliticosveracruz.com\/","logo":{"@type":"ImageObject","inLanguage":"es","@id":"https:\/\/lospoliticosveracruz.com\/#\/schema\/logo\/image\/","url":"https:\/\/lospoliticosveracruz.com\/wp-content\/uploads\/2025\/12\/Logo-Nuevo-LOS-POLITICOS-1.jpg","contentUrl":"https:\/\/lospoliticosveracruz.com\/wp-content\/uploads\/2025\/12\/Logo-Nuevo-LOS-POLITICOS-1.jpg","width":260,"height":70,"caption":"Los pol\u00edticos Veracruz"},"image":{"@id":"https:\/\/lospoliticosveracruz.com\/#\/schema\/logo\/image\/"},"sameAs":["https:\/\/www.facebook.com\/people\/Notimemes-de-los-Polticos\/61565672886568\/","https:\/\/x.com\/LosPoliticosVer"]},{"@type":"Person","@id":"https:\/\/lospoliticosveracruz.com\/#\/schema\/person\/b8702bb0e538456e6efd07080bf2a4a2","name":"Lo viste en Los Pol\u00edticos","image":{"@type":"ImageObject","inLanguage":"es","@id":"https:\/\/secure.gravatar.com\/avatar\/3a8de04a2656d44082be478bd6c086daa447c4651605818287b9532d3d0bd435?s=96&d=mm&r=g","url":"https:\/\/secure.gravatar.com\/avatar\/3a8de04a2656d44082be478bd6c086daa447c4651605818287b9532d3d0bd435?s=96&d=mm&r=g","contentUrl":"https:\/\/secure.gravatar.com\/avatar\/3a8de04a2656d44082be478bd6c086daa447c4651605818287b9532d3d0bd435?s=96&d=mm&r=g","caption":"Lo viste en Los Pol\u00edticos"},"url":"https:\/\/lospoliticosveracruz.com\/?author=2"}]}},"_links":{"self":[{"href":"https:\/\/lospoliticosveracruz.com\/index.php?rest_route=\/wp\/v2\/posts\/109937","targetHints":{"allow":["GET"]}}],"collection":[{"href":"https:\/\/lospoliticosveracruz.com\/index.php?rest_route=\/wp\/v2\/posts"}],"about":[{"href":"https:\/\/lospoliticosveracruz.com\/index.php?rest_route=\/wp\/v2\/types\/post"}],"author":[{"embeddable":true,"href":"https:\/\/lospoliticosveracruz.com\/index.php?rest_route=\/wp\/v2\/users\/2"}],"replies":[{"embeddable":true,"href":"https:\/\/lospoliticosveracruz.com\/index.php?rest_route=%2Fwp%2Fv2%2Fcomments&post=109937"}],"version-history":[{"count":1,"href":"https:\/\/lospoliticosveracruz.com\/index.php?rest_route=\/wp\/v2\/posts\/109937\/revisions"}],"predecessor-version":[{"id":109938,"href":"https:\/\/lospoliticosveracruz.com\/index.php?rest_route=\/wp\/v2\/posts\/109937\/revisions\/109938"}],"wp:attachment":[{"href":"https:\/\/lospoliticosveracruz.com\/index.php?rest_route=%2Fwp%2Fv2%2Fmedia&parent=109937"}],"wp:term":[{"taxonomy":"category","embeddable":true,"href":"https:\/\/lospoliticosveracruz.com\/index.php?rest_route=%2Fwp%2Fv2%2Fcategories&post=109937"},{"taxonomy":"post_tag","embeddable":true,"href":"https:\/\/lospoliticosveracruz.com\/index.php?rest_route=%2Fwp%2Fv2%2Ftags&post=109937"}],"curies":[{"name":"wp","href":"https:\/\/api.w.org\/{rel}","templated":true}]}}