{"id":109944,"date":"2023-08-12T13:15:14","date_gmt":"2023-08-12T18:15:14","guid":{"rendered":"https:\/\/lospoliticosveracruz.com.mx\/?p=109944"},"modified":"2023-08-12T13:15:18","modified_gmt":"2023-08-12T18:15:18","slug":"a-nada-de-salir","status":"publish","type":"post","link":"https:\/\/lospoliticosveracruz.com\/?p=109944","title":{"rendered":"A NADA DE SALIR!"},"content":{"rendered":"\n<p><\/p>\n\n\n\n<p><\/p>\n\n\n\n<p><strong>Veracruz<\/strong><br>Un juez federal otorg\u00f3 al ex Secretario de Gobierno y diputado federal electo, Rogelio Franco Cast\u00e1n, una nueva sentencia en la cual la justicia federal lo ampara y protege contra la prisi\u00f3n preventiva justificada dictada en el proceso de retenci\u00f3n de menores.<\/p>\n\n\n\n<p>Por lo anterior, ordena que en las pr\u00f3ximas 24 horas, el juez de control responsable fije fecha para audiencia, misma que no deber\u00e1 de exceder de 5 d\u00edas para que deje insubsistente la prisi\u00f3n preventiva justificada y se impongan las medidas cautelares que correspondan.<\/p>\n\n\n\n<p>En conferencia de prensa las hijas de Rogelio Franco, Viviana y Luisa, y su abogado Luis Enrique Gonz\u00e1lez Lira, informaron que en este sentido, no se debe olvidar que las sentencias de amparo deben ser puntualmente cumplidas, por lo que el juez de control responsable deber\u00e1 observar los efectos establecidos en la referida sentencia amparadora, emitida dentro del amparo 510\/2022 del juez de distrito 18 con residencia en Xalapa.<\/p>\n\n\n\n<p>Subrayaron que con esta sentencia, 29 meses despu\u00e9s, Rogelio Franco Cast\u00e1n, obtendr\u00e1 de forma inmediata su libertad.<\/p>\n\n\n\n<p><em>Detenci\u00f3n<\/em><\/p>\n\n\n\n<p>Rogelio Franco Cast\u00e1n fue detenido el 13 de marzo de 2021, a\u00fan cuando ten\u00eda vigente un amparo y despu\u00e9s de su detenci\u00f3n lo acusaron por los delitos fabricados de ultrajes a la autoridad y contra las instituciones de seguridad p\u00fablica.<\/p>\n\n\n\n<p>Posteriormente, ya casi para resolverse el amparo contra los primeros delitos, le fueron imputados 3 delitos; extorsi\u00f3n, abuso de autoridad y contra la administraci\u00f3n de justicia.<\/p>\n\n\n\n<p>En octubre de 2021, peculado equiparado; en diciembre de 2022 violencia familiar y ejercicio indebido del servicio p\u00fablico; y finalmente en mayo de 2023 cuando estaba a punto de obtener su libertad lo vincularon a proceso por retenci\u00f3n de menores.<\/p>\n\n\n\n<p>Todos estos delitos se realizaron de forma arbitraria e ilegal fijando prisi\u00f3n preventiva justificada, no s\u00f3lo una vez sino varias ocasiones por el mismo delito en el mismo proceso.<\/p>\n\n\n\n<p>\u201cHemos logrado que se levante la prisi\u00f3n preventiva justificada por ser violatoria de derechos humanos y por ser delitos que no lo ameritan, cabe resaltar que no tienen pruebas que acrediten todos estos delitos\u201d, se\u00f1alaron.<\/p>\n\n\n\n<p>Por este motivo cada uno de los procesos fueron cayendo, tal y como ha sido resuelto por los juzgados federales, los autos de vinculaci\u00f3n deber\u00e1n ser dejados sin efectos.<\/p>\n\n\n\n<p>Desde mayo del presente a\u00f1o, se encuentra en prisi\u00f3n solo por el delito de retenci\u00f3n de menores, la cual fue Impuesta unos d\u00edas antes de obtener libertad absoluta.<\/p>\n\n\n\n<p>Es el quinto proceso penal en que le otorgan libertad.<\/p>\n\n\n\n<p>\u201cRecordemos que han sido 10 delitos los que le han fincado y m\u00e1s de 15 amparos han salido favorables\u201d, manifestaron.<\/p>\n\n\n\n<p>Subrayaron que a trav\u00e9s de estos amparos el Poder Judicial Federal ha evidenciado de forma reiterada que la constante en cada uno de los procesos penales instaurados en contra de Rogelio Franco Castan, lo constituye la violaci\u00f3n a sus derechos humanos, as\u00ed como a los principios de legalidad y de presunci\u00f3n de inocencia.<\/p>\n\n\n\n<p>\u201cHoy hacemos un llamado al juez de control para que acate a la brevedad y en sus t\u00e9rminos la resoluci\u00f3n federal. Pedimos a la fiscal\u00eda termine su acoso ya que existen otras carpetas abiertas\u201d, expresaron.<\/p>\n\n\n\n<p>Piden que se respete el derecho a la libertad y los dejen vivir como familia \u201cporque no solo mi padre ha sufrido, tambi\u00e9n nosotras, sus 3 hijas, familia y amigos\u201d, dijeron.<\/p>\n\n\n\n<p>\u201cNuestro padre est\u00e1 a unas horas de obtener su libertad y acabar con esta injusticia de m\u00e1s de dos a\u00f1os y medio\u201d, a\u00f1adieron.<\/p>\n\n\n\n<p>Por \u00faltimo, agradecieron el apoyo de la opini\u00f3n p\u00fablica, medios de comunicaci\u00f3n, amigos de su padre, ciudadanos, pol\u00edticos, militantes del PRD y a sus abogados, todo su apoyo y solidaridad en esta etapa tan dif\u00edcil que les ha tocado vivir.<\/p>\n","protected":false},"excerpt":{"rendered":"<p>VeracruzUn juez federal otorg\u00f3 al ex Secretario de Gobierno y diputado federal electo, Rogelio Franco Cast\u00e1n, una nueva sentencia en la cual la justicia federal lo ampara y protege contra la prisi\u00f3n preventiva justificada dictada en el proceso de retenci\u00f3n de menores. Por lo anterior, ordena que en las pr\u00f3ximas 24 horas, el juez de [&hellip;]<\/p>\n","protected":false},"author":2,"featured_media":0,"comment_status":"closed","ping_status":"closed","sticky":false,"template":"","format":"standard","meta":{"tdm_status":"","tdm_grid_status":"","footnotes":""},"categories":[72],"tags":[39011,107,808],"class_list":{"0":"post-109944","1":"post","2":"type-post","3":"status-publish","4":"format-standard","6":"category-palomazos","7":"tag-hijas-de-rogelio-franco","8":"tag-prd","9":"tag-rogelio-franco-castan"},"yoast_head":"<!-- This site is optimized with the Yoast SEO plugin v27.4 - https:\/\/yoast.com\/product\/yoast-seo-wordpress\/ -->\n<title>A NADA DE SALIR! - Los pol\u00edticos Veracruz<\/title>\n<meta name=\"robots\" content=\"index, follow, max-snippet:-1, max-image-preview:large, max-video-preview:-1\" \/>\n<link rel=\"canonical\" href=\"https:\/\/lospoliticosveracruz.com\/?p=109944\" \/>\n<meta property=\"og:locale\" content=\"es_ES\" \/>\n<meta property=\"og:type\" content=\"article\" \/>\n<meta property=\"og:title\" content=\"A NADA DE SALIR! - Los pol\u00edticos Veracruz\" \/>\n<meta property=\"og:description\" content=\"VeracruzUn juez federal otorg\u00f3 al ex Secretario de Gobierno y diputado federal electo, Rogelio Franco Cast\u00e1n, una nueva sentencia en la cual la justicia federal lo ampara y protege contra la prisi\u00f3n preventiva justificada dictada en el proceso de retenci\u00f3n de menores. Por lo anterior, ordena que en las pr\u00f3ximas 24 horas, el juez de [&hellip;]\" \/>\n<meta property=\"og:url\" content=\"https:\/\/lospoliticosveracruz.com\/?p=109944\" \/>\n<meta property=\"og:site_name\" content=\"Los pol\u00edticos Veracruz\" \/>\n<meta property=\"article:publisher\" content=\"https:\/\/www.facebook.com\/people\/Notimemes-de-los-Polticos\/61565672886568\/\" \/>\n<meta property=\"article:published_time\" content=\"2023-08-12T18:15:14+00:00\" \/>\n<meta property=\"article:modified_time\" content=\"2023-08-12T18:15:18+00:00\" \/>\n<meta property=\"og:image\" content=\"https:\/\/lospoliticosveracruz.com\/wp-content\/uploads\/2016\/07\/Logo-Dor.jpg\" \/>\n\t<meta property=\"og:image:width\" content=\"200\" \/>\n\t<meta property=\"og:image:height\" content=\"200\" \/>\n\t<meta property=\"og:image:type\" content=\"image\/jpeg\" \/>\n<meta name=\"author\" content=\"Lo viste en Los Pol\u00edticos\" \/>\n<meta name=\"twitter:card\" content=\"summary_large_image\" \/>\n<meta name=\"twitter:creator\" content=\"@LosPoliticosVer\" \/>\n<meta name=\"twitter:site\" content=\"@LosPoliticosVer\" \/>\n<meta name=\"twitter:label1\" content=\"Escrito por\" \/>\n\t<meta name=\"twitter:data1\" content=\"Lo viste en Los Pol\u00edticos\" \/>\n\t<meta name=\"twitter:label2\" content=\"Tiempo de lectura\" \/>\n\t<meta name=\"twitter:data2\" content=\"3 minutos\" \/>\n<script type=\"application\/ld+json\" class=\"yoast-schema-graph\">{\"@context\":\"https:\\\/\\\/schema.org\",\"@graph\":[{\"@type\":\"Article\",\"@id\":\"https:\\\/\\\/lospoliticosveracruz.com\\\/?p=109944#article\",\"isPartOf\":{\"@id\":\"https:\\\/\\\/lospoliticosveracruz.com\\\/?p=109944\"},\"author\":{\"name\":\"Lo viste en Los Pol\u00edticos\",\"@id\":\"https:\\\/\\\/lospoliticosveracruz.com\\\/#\\\/schema\\\/person\\\/b8702bb0e538456e6efd07080bf2a4a2\"},\"headline\":\"A NADA DE SALIR!\",\"datePublished\":\"2023-08-12T18:15:14+00:00\",\"dateModified\":\"2023-08-12T18:15:18+00:00\",\"mainEntityOfPage\":{\"@id\":\"https:\\\/\\\/lospoliticosveracruz.com\\\/?p=109944\"},\"wordCount\":649,\"publisher\":{\"@id\":\"https:\\\/\\\/lospoliticosveracruz.com\\\/#organization\"},\"keywords\":[\"hijas de Rogelio Franco\",\"PRD\",\"Rogelio Franco Cast\u00e1n\"],\"articleSection\":[\"Palomazos\"],\"inLanguage\":\"es\"},{\"@type\":\"WebPage\",\"@id\":\"https:\\\/\\\/lospoliticosveracruz.com\\\/?p=109944\",\"url\":\"https:\\\/\\\/lospoliticosveracruz.com\\\/?p=109944\",\"name\":\"A NADA DE SALIR! - Los pol\u00edticos Veracruz\",\"isPartOf\":{\"@id\":\"https:\\\/\\\/lospoliticosveracruz.com\\\/#website\"},\"datePublished\":\"2023-08-12T18:15:14+00:00\",\"dateModified\":\"2023-08-12T18:15:18+00:00\",\"breadcrumb\":{\"@id\":\"https:\\\/\\\/lospoliticosveracruz.com\\\/?p=109944#breadcrumb\"},\"inLanguage\":\"es\",\"potentialAction\":[{\"@type\":\"ReadAction\",\"target\":[\"https:\\\/\\\/lospoliticosveracruz.com\\\/?p=109944\"]}]},{\"@type\":\"BreadcrumbList\",\"@id\":\"https:\\\/\\\/lospoliticosveracruz.com\\\/?p=109944#breadcrumb\",\"itemListElement\":[{\"@type\":\"ListItem\",\"position\":1,\"name\":\"Portada\",\"item\":\"https:\\\/\\\/lospoliticosveracruz.com\\\/\"},{\"@type\":\"ListItem\",\"position\":2,\"name\":\"A NADA DE SALIR!\"}]},{\"@type\":\"WebSite\",\"@id\":\"https:\\\/\\\/lospoliticosveracruz.com\\\/#website\",\"url\":\"https:\\\/\\\/lospoliticosveracruz.com\\\/\",\"name\":\"Los pol\u00edticos Veracruz\",\"description\":\"\",\"publisher\":{\"@id\":\"https:\\\/\\\/lospoliticosveracruz.com\\\/#organization\"},\"potentialAction\":[{\"@type\":\"SearchAction\",\"target\":{\"@type\":\"EntryPoint\",\"urlTemplate\":\"https:\\\/\\\/lospoliticosveracruz.com\\\/?s={search_term_string}\"},\"query-input\":{\"@type\":\"PropertyValueSpecification\",\"valueRequired\":true,\"valueName\":\"search_term_string\"}}],\"inLanguage\":\"es\"},{\"@type\":\"Organization\",\"@id\":\"https:\\\/\\\/lospoliticosveracruz.com\\\/#organization\",\"name\":\"Los pol\u00edticos Veracruz\",\"url\":\"https:\\\/\\\/lospoliticosveracruz.com\\\/\",\"logo\":{\"@type\":\"ImageObject\",\"inLanguage\":\"es\",\"@id\":\"https:\\\/\\\/lospoliticosveracruz.com\\\/#\\\/schema\\\/logo\\\/image\\\/\",\"url\":\"https:\\\/\\\/lospoliticosveracruz.com\\\/wp-content\\\/uploads\\\/2025\\\/12\\\/Logo-Nuevo-LOS-POLITICOS-1.jpg\",\"contentUrl\":\"https:\\\/\\\/lospoliticosveracruz.com\\\/wp-content\\\/uploads\\\/2025\\\/12\\\/Logo-Nuevo-LOS-POLITICOS-1.jpg\",\"width\":260,\"height\":70,\"caption\":\"Los pol\u00edticos Veracruz\"},\"image\":{\"@id\":\"https:\\\/\\\/lospoliticosveracruz.com\\\/#\\\/schema\\\/logo\\\/image\\\/\"},\"sameAs\":[\"https:\\\/\\\/www.facebook.com\\\/people\\\/Notimemes-de-los-Polticos\\\/61565672886568\\\/\",\"https:\\\/\\\/x.com\\\/LosPoliticosVer\"]},{\"@type\":\"Person\",\"@id\":\"https:\\\/\\\/lospoliticosveracruz.com\\\/#\\\/schema\\\/person\\\/b8702bb0e538456e6efd07080bf2a4a2\",\"name\":\"Lo viste en Los Pol\u00edticos\",\"image\":{\"@type\":\"ImageObject\",\"inLanguage\":\"es\",\"@id\":\"https:\\\/\\\/secure.gravatar.com\\\/avatar\\\/3a8de04a2656d44082be478bd6c086daa447c4651605818287b9532d3d0bd435?s=96&d=mm&r=g\",\"url\":\"https:\\\/\\\/secure.gravatar.com\\\/avatar\\\/3a8de04a2656d44082be478bd6c086daa447c4651605818287b9532d3d0bd435?s=96&d=mm&r=g\",\"contentUrl\":\"https:\\\/\\\/secure.gravatar.com\\\/avatar\\\/3a8de04a2656d44082be478bd6c086daa447c4651605818287b9532d3d0bd435?s=96&d=mm&r=g\",\"caption\":\"Lo viste en Los Pol\u00edticos\"},\"url\":\"https:\\\/\\\/lospoliticosveracruz.com\\\/?author=2\"}]}<\/script>\n<!-- \/ Yoast SEO plugin. -->","yoast_head_json":{"title":"A NADA DE SALIR! - Los pol\u00edticos Veracruz","robots":{"index":"index","follow":"follow","max-snippet":"max-snippet:-1","max-image-preview":"max-image-preview:large","max-video-preview":"max-video-preview:-1"},"canonical":"https:\/\/lospoliticosveracruz.com\/?p=109944","og_locale":"es_ES","og_type":"article","og_title":"A NADA DE SALIR! - Los pol\u00edticos Veracruz","og_description":"VeracruzUn juez federal otorg\u00f3 al ex Secretario de Gobierno y diputado federal electo, Rogelio Franco Cast\u00e1n, una nueva sentencia en la cual la justicia federal lo ampara y protege contra la prisi\u00f3n preventiva justificada dictada en el proceso de retenci\u00f3n de menores. Por lo anterior, ordena que en las pr\u00f3ximas 24 horas, el juez de [&hellip;]","og_url":"https:\/\/lospoliticosveracruz.com\/?p=109944","og_site_name":"Los pol\u00edticos Veracruz","article_publisher":"https:\/\/www.facebook.com\/people\/Notimemes-de-los-Polticos\/61565672886568\/","article_published_time":"2023-08-12T18:15:14+00:00","article_modified_time":"2023-08-12T18:15:18+00:00","og_image":[{"width":200,"height":200,"url":"https:\/\/lospoliticosveracruz.com\/wp-content\/uploads\/2016\/07\/Logo-Dor.jpg","type":"image\/jpeg"}],"author":"Lo viste en Los Pol\u00edticos","twitter_card":"summary_large_image","twitter_creator":"@LosPoliticosVer","twitter_site":"@LosPoliticosVer","twitter_misc":{"Escrito por":"Lo viste en Los Pol\u00edticos","Tiempo de lectura":"3 minutos"},"schema":{"@context":"https:\/\/schema.org","@graph":[{"@type":"Article","@id":"https:\/\/lospoliticosveracruz.com\/?p=109944#article","isPartOf":{"@id":"https:\/\/lospoliticosveracruz.com\/?p=109944"},"author":{"name":"Lo viste en Los Pol\u00edticos","@id":"https:\/\/lospoliticosveracruz.com\/#\/schema\/person\/b8702bb0e538456e6efd07080bf2a4a2"},"headline":"A NADA DE SALIR!","datePublished":"2023-08-12T18:15:14+00:00","dateModified":"2023-08-12T18:15:18+00:00","mainEntityOfPage":{"@id":"https:\/\/lospoliticosveracruz.com\/?p=109944"},"wordCount":649,"publisher":{"@id":"https:\/\/lospoliticosveracruz.com\/#organization"},"keywords":["hijas de Rogelio Franco","PRD","Rogelio Franco Cast\u00e1n"],"articleSection":["Palomazos"],"inLanguage":"es"},{"@type":"WebPage","@id":"https:\/\/lospoliticosveracruz.com\/?p=109944","url":"https:\/\/lospoliticosveracruz.com\/?p=109944","name":"A NADA DE SALIR! - Los pol\u00edticos Veracruz","isPartOf":{"@id":"https:\/\/lospoliticosveracruz.com\/#website"},"datePublished":"2023-08-12T18:15:14+00:00","dateModified":"2023-08-12T18:15:18+00:00","breadcrumb":{"@id":"https:\/\/lospoliticosveracruz.com\/?p=109944#breadcrumb"},"inLanguage":"es","potentialAction":[{"@type":"ReadAction","target":["https:\/\/lospoliticosveracruz.com\/?p=109944"]}]},{"@type":"BreadcrumbList","@id":"https:\/\/lospoliticosveracruz.com\/?p=109944#breadcrumb","itemListElement":[{"@type":"ListItem","position":1,"name":"Portada","item":"https:\/\/lospoliticosveracruz.com\/"},{"@type":"ListItem","position":2,"name":"A NADA DE SALIR!"}]},{"@type":"WebSite","@id":"https:\/\/lospoliticosveracruz.com\/#website","url":"https:\/\/lospoliticosveracruz.com\/","name":"Los pol\u00edticos Veracruz","description":"","publisher":{"@id":"https:\/\/lospoliticosveracruz.com\/#organization"},"potentialAction":[{"@type":"SearchAction","target":{"@type":"EntryPoint","urlTemplate":"https:\/\/lospoliticosveracruz.com\/?s={search_term_string}"},"query-input":{"@type":"PropertyValueSpecification","valueRequired":true,"valueName":"search_term_string"}}],"inLanguage":"es"},{"@type":"Organization","@id":"https:\/\/lospoliticosveracruz.com\/#organization","name":"Los pol\u00edticos Veracruz","url":"https:\/\/lospoliticosveracruz.com\/","logo":{"@type":"ImageObject","inLanguage":"es","@id":"https:\/\/lospoliticosveracruz.com\/#\/schema\/logo\/image\/","url":"https:\/\/lospoliticosveracruz.com\/wp-content\/uploads\/2025\/12\/Logo-Nuevo-LOS-POLITICOS-1.jpg","contentUrl":"https:\/\/lospoliticosveracruz.com\/wp-content\/uploads\/2025\/12\/Logo-Nuevo-LOS-POLITICOS-1.jpg","width":260,"height":70,"caption":"Los pol\u00edticos Veracruz"},"image":{"@id":"https:\/\/lospoliticosveracruz.com\/#\/schema\/logo\/image\/"},"sameAs":["https:\/\/www.facebook.com\/people\/Notimemes-de-los-Polticos\/61565672886568\/","https:\/\/x.com\/LosPoliticosVer"]},{"@type":"Person","@id":"https:\/\/lospoliticosveracruz.com\/#\/schema\/person\/b8702bb0e538456e6efd07080bf2a4a2","name":"Lo viste en Los Pol\u00edticos","image":{"@type":"ImageObject","inLanguage":"es","@id":"https:\/\/secure.gravatar.com\/avatar\/3a8de04a2656d44082be478bd6c086daa447c4651605818287b9532d3d0bd435?s=96&d=mm&r=g","url":"https:\/\/secure.gravatar.com\/avatar\/3a8de04a2656d44082be478bd6c086daa447c4651605818287b9532d3d0bd435?s=96&d=mm&r=g","contentUrl":"https:\/\/secure.gravatar.com\/avatar\/3a8de04a2656d44082be478bd6c086daa447c4651605818287b9532d3d0bd435?s=96&d=mm&r=g","caption":"Lo viste en Los Pol\u00edticos"},"url":"https:\/\/lospoliticosveracruz.com\/?author=2"}]}},"_links":{"self":[{"href":"https:\/\/lospoliticosveracruz.com\/index.php?rest_route=\/wp\/v2\/posts\/109944","targetHints":{"allow":["GET"]}}],"collection":[{"href":"https:\/\/lospoliticosveracruz.com\/index.php?rest_route=\/wp\/v2\/posts"}],"about":[{"href":"https:\/\/lospoliticosveracruz.com\/index.php?rest_route=\/wp\/v2\/types\/post"}],"author":[{"embeddable":true,"href":"https:\/\/lospoliticosveracruz.com\/index.php?rest_route=\/wp\/v2\/users\/2"}],"replies":[{"embeddable":true,"href":"https:\/\/lospoliticosveracruz.com\/index.php?rest_route=%2Fwp%2Fv2%2Fcomments&post=109944"}],"version-history":[{"count":1,"href":"https:\/\/lospoliticosveracruz.com\/index.php?rest_route=\/wp\/v2\/posts\/109944\/revisions"}],"predecessor-version":[{"id":109946,"href":"https:\/\/lospoliticosveracruz.com\/index.php?rest_route=\/wp\/v2\/posts\/109944\/revisions\/109946"}],"wp:attachment":[{"href":"https:\/\/lospoliticosveracruz.com\/index.php?rest_route=%2Fwp%2Fv2%2Fmedia&parent=109944"}],"wp:term":[{"taxonomy":"category","embeddable":true,"href":"https:\/\/lospoliticosveracruz.com\/index.php?rest_route=%2Fwp%2Fv2%2Fcategories&post=109944"},{"taxonomy":"post_tag","embeddable":true,"href":"https:\/\/lospoliticosveracruz.com\/index.php?rest_route=%2Fwp%2Fv2%2Ftags&post=109944"}],"curies":[{"name":"wp","href":"https:\/\/api.w.org\/{rel}","templated":true}]}}