{"id":109966,"date":"2023-08-12T20:25:20","date_gmt":"2023-08-13T01:25:20","guid":{"rendered":"https:\/\/lospoliticosveracruz.com.mx\/?p=109966"},"modified":"2023-08-12T20:25:26","modified_gmt":"2023-08-13T01:25:26","slug":"mcm-tambien-con-claudia","status":"publish","type":"post","link":"https:\/\/lospoliticosveracruz.com\/?p=109966","title":{"rendered":"MCM TAMBI\u00c9N CON CLAUDIA!"},"content":{"rendered":"\n<p><\/p>\n\n\n\n<p><strong>C\u00f3rdoba<\/strong><br>En la visita de la aspirante a la Coordinaci\u00f3n de la Defensa de la Cuarta Transformaci\u00f3n, Claudia Sheinbaum Pardo, a Ciudad Mendoza y C\u00f3rdoba, se hizo presente la organizaci\u00f3n #RedEsClaudia Veracruz, el movimiento de Maestros Con Morena (MCM), as\u00ed como Esperanza Juvenil Veracruzana (EJUVE) con su l\u00edder, Darian Escobar, para respaldar a la exjefa de Gobierno de la Ciudad de M\u00e9xico por considerar que es la mejor opci\u00f3n para ganar la encuesta interna del Movimiento Regeneraci\u00f3n Nacional (Morena).<\/p>\n\n\n\n<p>En las Asambleas Informativas que se realizaron al medio d\u00eda en Ciudad Mendoza y en la tarde en C\u00f3rdoba, estuvo Darian Escobar, quien por su liderazgo ya sobresale por impulsar la transformaci\u00f3n desde su respectivo \u00e1mbito.<\/p>\n\n\n\n<p>En el campo Esfuerzo Obrero, en Ciudad Mendoza, Sheinbaum fue recibida por 11 mil asistentes, m\u00e1s otros 20 mil en el parque 21 de Mayo, de C\u00f3rdoba, quienes le demostraron su respaldo para que gane la encuesta interna del partido.<\/p>\n\n\n\n<p>En C\u00f3rdoba, Darian Escobar dio la bienvenida a la exjefa de Gobierno y le extern\u00f3 su reconocimiento por ser una mujer de compromiso, ideales, de car\u00e1cter, honesta, sencilla y con amplia preparaci\u00f3n acad\u00e9mica, por ello, fue bien recibida en esta tierra de gente noble trabajadora, honesta y combativa.<\/p>\n\n\n\n<p>Durante las Asambleas Informativas, Claudia Sheinbaum destac\u00f3 parte de los logros del gobierno del presidente de M\u00e9xico, Andr\u00e9s Manuel L\u00f3pez Obrador, entre ellos, los programas sociales, en el sector educativo, de salud, energ\u00e9tico, petrolero, infraestructura carretera y obra p\u00fablica, as\u00ed como los megaproyectos del Tren Maya, el Tren Trans\u00edstmico y la Refiner\u00eda de Dos Bocas, de igual manera hizo un resumen del trabajo que realiz\u00f3 cuando fue jefa de Gobierno de la Ciudad de M\u00e9xico.<\/p>\n\n\n\n<p>Dej\u00f3 claro que desde joven ha apoyado las causas justas, por eso quiere que siga la transformaci\u00f3n en el pa\u00eds y no regresen al poder los viejos gobiernos corruptos.<\/p>\n\n\n\n<p>Por su entusiasmo sobresalieron los docentes agrupados en MCM, a quienes les agradeci\u00f3 su respaldo, y a todos los presentes les record\u00f3 que son protagonistas del cambio verdadero del pa\u00eds.<\/p>\n\n\n\n<p>En ambos eventos se vivi\u00f3 una gran fiesta del partido guinda al recibir a la \u00fanica mujer de entre los seis aspirantes para dirigir la Coordinaci\u00f3n de la Defensa de la Cuarta Transformaci\u00f3n; ser\u00e1 el 6 de septiembre pr\u00f3ximo cuando se den a conocer los resultados de la encuesta y a partir de ah\u00ed se tomar\u00e1n las decisiones m\u00e1s importantes del partido.<\/p>\n","protected":false},"excerpt":{"rendered":"<p>C\u00f3rdobaEn la visita de la aspirante a la Coordinaci\u00f3n de la Defensa de la Cuarta Transformaci\u00f3n, Claudia Sheinbaum Pardo, a Ciudad Mendoza y C\u00f3rdoba, se hizo presente la organizaci\u00f3n #RedEsClaudia Veracruz, el movimiento de Maestros Con Morena (MCM), as\u00ed como Esperanza Juvenil Veracruzana (EJUVE) con su l\u00edder, Darian Escobar, para respaldar a la exjefa de [&hellip;]<\/p>\n","protected":false},"author":2,"featured_media":0,"comment_status":"closed","ping_status":"closed","sticky":false,"template":"","format":"standard","meta":{"tdm_status":"","tdm_grid_status":"","footnotes":""},"categories":[73],"tags":[17763,12744,38614,39014],"class_list":{"0":"post-109966","1":"post","2":"type-post","3":"status-publish","4":"format-standard","6":"category-de-boleto","7":"tag-claudia-sheinbaum-pardo","8":"tag-cuarta-transformacion","9":"tag-darian-escobar-lopez","10":"tag-movimiento-de-maestros-con-morena"},"yoast_head":"<!-- This site is optimized with the Yoast SEO plugin v27.4 - https:\/\/yoast.com\/product\/yoast-seo-wordpress\/ -->\n<title>MCM TAMBI\u00c9N CON CLAUDIA! - Los pol\u00edticos Veracruz<\/title>\n<meta name=\"robots\" content=\"index, follow, max-snippet:-1, max-image-preview:large, max-video-preview:-1\" \/>\n<link rel=\"canonical\" href=\"https:\/\/lospoliticosveracruz.com\/?p=109966\" \/>\n<meta property=\"og:locale\" content=\"es_ES\" \/>\n<meta property=\"og:type\" content=\"article\" \/>\n<meta property=\"og:title\" content=\"MCM TAMBI\u00c9N CON CLAUDIA! - Los pol\u00edticos Veracruz\" \/>\n<meta property=\"og:description\" content=\"C\u00f3rdobaEn la visita de la aspirante a la Coordinaci\u00f3n de la Defensa de la Cuarta Transformaci\u00f3n, Claudia Sheinbaum Pardo, a Ciudad Mendoza y C\u00f3rdoba, se hizo presente la organizaci\u00f3n #RedEsClaudia Veracruz, el movimiento de Maestros Con Morena (MCM), as\u00ed como Esperanza Juvenil Veracruzana (EJUVE) con su l\u00edder, Darian Escobar, para respaldar a la exjefa de [&hellip;]\" \/>\n<meta property=\"og:url\" content=\"https:\/\/lospoliticosveracruz.com\/?p=109966\" \/>\n<meta property=\"og:site_name\" content=\"Los pol\u00edticos Veracruz\" \/>\n<meta property=\"article:publisher\" content=\"https:\/\/www.facebook.com\/people\/Notimemes-de-los-Polticos\/61565672886568\/\" \/>\n<meta property=\"article:published_time\" content=\"2023-08-13T01:25:20+00:00\" \/>\n<meta property=\"article:modified_time\" content=\"2023-08-13T01:25:26+00:00\" \/>\n<meta property=\"og:image\" content=\"https:\/\/lospoliticosveracruz.com\/wp-content\/uploads\/2016\/07\/Logo-Dor.jpg\" \/>\n\t<meta property=\"og:image:width\" content=\"200\" \/>\n\t<meta property=\"og:image:height\" content=\"200\" \/>\n\t<meta property=\"og:image:type\" content=\"image\/jpeg\" \/>\n<meta name=\"author\" content=\"Lo viste en Los Pol\u00edticos\" \/>\n<meta name=\"twitter:card\" content=\"summary_large_image\" \/>\n<meta name=\"twitter:creator\" content=\"@LosPoliticosVer\" \/>\n<meta name=\"twitter:site\" content=\"@LosPoliticosVer\" \/>\n<meta name=\"twitter:label1\" content=\"Escrito por\" \/>\n\t<meta name=\"twitter:data1\" content=\"Lo viste en Los Pol\u00edticos\" \/>\n\t<meta name=\"twitter:label2\" content=\"Tiempo de lectura\" \/>\n\t<meta name=\"twitter:data2\" content=\"2 minutos\" \/>\n<script type=\"application\/ld+json\" class=\"yoast-schema-graph\">{\"@context\":\"https:\\\/\\\/schema.org\",\"@graph\":[{\"@type\":\"Article\",\"@id\":\"https:\\\/\\\/lospoliticosveracruz.com\\\/?p=109966#article\",\"isPartOf\":{\"@id\":\"https:\\\/\\\/lospoliticosveracruz.com\\\/?p=109966\"},\"author\":{\"name\":\"Lo viste en Los Pol\u00edticos\",\"@id\":\"https:\\\/\\\/lospoliticosveracruz.com\\\/#\\\/schema\\\/person\\\/b8702bb0e538456e6efd07080bf2a4a2\"},\"headline\":\"MCM TAMBI\u00c9N CON CLAUDIA!\",\"datePublished\":\"2023-08-13T01:25:20+00:00\",\"dateModified\":\"2023-08-13T01:25:26+00:00\",\"mainEntityOfPage\":{\"@id\":\"https:\\\/\\\/lospoliticosveracruz.com\\\/?p=109966\"},\"wordCount\":434,\"publisher\":{\"@id\":\"https:\\\/\\\/lospoliticosveracruz.com\\\/#organization\"},\"keywords\":[\"Claudia Sheinbaum Pardo\",\"Cuarta Transformaci\u00f3n\",\"Darian Escobar L\u00f3pez\",\"movimiento de Maestros Con Morena\"],\"articleSection\":[\"De Boleto\"],\"inLanguage\":\"es\"},{\"@type\":\"WebPage\",\"@id\":\"https:\\\/\\\/lospoliticosveracruz.com\\\/?p=109966\",\"url\":\"https:\\\/\\\/lospoliticosveracruz.com\\\/?p=109966\",\"name\":\"MCM TAMBI\u00c9N CON CLAUDIA! - Los pol\u00edticos Veracruz\",\"isPartOf\":{\"@id\":\"https:\\\/\\\/lospoliticosveracruz.com\\\/#website\"},\"datePublished\":\"2023-08-13T01:25:20+00:00\",\"dateModified\":\"2023-08-13T01:25:26+00:00\",\"breadcrumb\":{\"@id\":\"https:\\\/\\\/lospoliticosveracruz.com\\\/?p=109966#breadcrumb\"},\"inLanguage\":\"es\",\"potentialAction\":[{\"@type\":\"ReadAction\",\"target\":[\"https:\\\/\\\/lospoliticosveracruz.com\\\/?p=109966\"]}]},{\"@type\":\"BreadcrumbList\",\"@id\":\"https:\\\/\\\/lospoliticosveracruz.com\\\/?p=109966#breadcrumb\",\"itemListElement\":[{\"@type\":\"ListItem\",\"position\":1,\"name\":\"Portada\",\"item\":\"https:\\\/\\\/lospoliticosveracruz.com\\\/\"},{\"@type\":\"ListItem\",\"position\":2,\"name\":\"MCM TAMBI\u00c9N CON CLAUDIA!\"}]},{\"@type\":\"WebSite\",\"@id\":\"https:\\\/\\\/lospoliticosveracruz.com\\\/#website\",\"url\":\"https:\\\/\\\/lospoliticosveracruz.com\\\/\",\"name\":\"Los pol\u00edticos Veracruz\",\"description\":\"\",\"publisher\":{\"@id\":\"https:\\\/\\\/lospoliticosveracruz.com\\\/#organization\"},\"potentialAction\":[{\"@type\":\"SearchAction\",\"target\":{\"@type\":\"EntryPoint\",\"urlTemplate\":\"https:\\\/\\\/lospoliticosveracruz.com\\\/?s={search_term_string}\"},\"query-input\":{\"@type\":\"PropertyValueSpecification\",\"valueRequired\":true,\"valueName\":\"search_term_string\"}}],\"inLanguage\":\"es\"},{\"@type\":\"Organization\",\"@id\":\"https:\\\/\\\/lospoliticosveracruz.com\\\/#organization\",\"name\":\"Los pol\u00edticos Veracruz\",\"url\":\"https:\\\/\\\/lospoliticosveracruz.com\\\/\",\"logo\":{\"@type\":\"ImageObject\",\"inLanguage\":\"es\",\"@id\":\"https:\\\/\\\/lospoliticosveracruz.com\\\/#\\\/schema\\\/logo\\\/image\\\/\",\"url\":\"https:\\\/\\\/lospoliticosveracruz.com\\\/wp-content\\\/uploads\\\/2025\\\/12\\\/Logo-Nuevo-LOS-POLITICOS-1.jpg\",\"contentUrl\":\"https:\\\/\\\/lospoliticosveracruz.com\\\/wp-content\\\/uploads\\\/2025\\\/12\\\/Logo-Nuevo-LOS-POLITICOS-1.jpg\",\"width\":260,\"height\":70,\"caption\":\"Los pol\u00edticos Veracruz\"},\"image\":{\"@id\":\"https:\\\/\\\/lospoliticosveracruz.com\\\/#\\\/schema\\\/logo\\\/image\\\/\"},\"sameAs\":[\"https:\\\/\\\/www.facebook.com\\\/people\\\/Notimemes-de-los-Polticos\\\/61565672886568\\\/\",\"https:\\\/\\\/x.com\\\/LosPoliticosVer\"]},{\"@type\":\"Person\",\"@id\":\"https:\\\/\\\/lospoliticosveracruz.com\\\/#\\\/schema\\\/person\\\/b8702bb0e538456e6efd07080bf2a4a2\",\"name\":\"Lo viste en Los Pol\u00edticos\",\"image\":{\"@type\":\"ImageObject\",\"inLanguage\":\"es\",\"@id\":\"https:\\\/\\\/secure.gravatar.com\\\/avatar\\\/3a8de04a2656d44082be478bd6c086daa447c4651605818287b9532d3d0bd435?s=96&d=mm&r=g\",\"url\":\"https:\\\/\\\/secure.gravatar.com\\\/avatar\\\/3a8de04a2656d44082be478bd6c086daa447c4651605818287b9532d3d0bd435?s=96&d=mm&r=g\",\"contentUrl\":\"https:\\\/\\\/secure.gravatar.com\\\/avatar\\\/3a8de04a2656d44082be478bd6c086daa447c4651605818287b9532d3d0bd435?s=96&d=mm&r=g\",\"caption\":\"Lo viste en Los Pol\u00edticos\"},\"url\":\"https:\\\/\\\/lospoliticosveracruz.com\\\/?author=2\"}]}<\/script>\n<!-- \/ Yoast SEO plugin. -->","yoast_head_json":{"title":"MCM TAMBI\u00c9N CON CLAUDIA! - Los pol\u00edticos Veracruz","robots":{"index":"index","follow":"follow","max-snippet":"max-snippet:-1","max-image-preview":"max-image-preview:large","max-video-preview":"max-video-preview:-1"},"canonical":"https:\/\/lospoliticosveracruz.com\/?p=109966","og_locale":"es_ES","og_type":"article","og_title":"MCM TAMBI\u00c9N CON CLAUDIA! - Los pol\u00edticos Veracruz","og_description":"C\u00f3rdobaEn la visita de la aspirante a la Coordinaci\u00f3n de la Defensa de la Cuarta Transformaci\u00f3n, Claudia Sheinbaum Pardo, a Ciudad Mendoza y C\u00f3rdoba, se hizo presente la organizaci\u00f3n #RedEsClaudia Veracruz, el movimiento de Maestros Con Morena (MCM), as\u00ed como Esperanza Juvenil Veracruzana (EJUVE) con su l\u00edder, Darian Escobar, para respaldar a la exjefa de [&hellip;]","og_url":"https:\/\/lospoliticosveracruz.com\/?p=109966","og_site_name":"Los pol\u00edticos Veracruz","article_publisher":"https:\/\/www.facebook.com\/people\/Notimemes-de-los-Polticos\/61565672886568\/","article_published_time":"2023-08-13T01:25:20+00:00","article_modified_time":"2023-08-13T01:25:26+00:00","og_image":[{"width":200,"height":200,"url":"https:\/\/lospoliticosveracruz.com\/wp-content\/uploads\/2016\/07\/Logo-Dor.jpg","type":"image\/jpeg"}],"author":"Lo viste en Los Pol\u00edticos","twitter_card":"summary_large_image","twitter_creator":"@LosPoliticosVer","twitter_site":"@LosPoliticosVer","twitter_misc":{"Escrito por":"Lo viste en Los Pol\u00edticos","Tiempo de lectura":"2 minutos"},"schema":{"@context":"https:\/\/schema.org","@graph":[{"@type":"Article","@id":"https:\/\/lospoliticosveracruz.com\/?p=109966#article","isPartOf":{"@id":"https:\/\/lospoliticosveracruz.com\/?p=109966"},"author":{"name":"Lo viste en Los Pol\u00edticos","@id":"https:\/\/lospoliticosveracruz.com\/#\/schema\/person\/b8702bb0e538456e6efd07080bf2a4a2"},"headline":"MCM TAMBI\u00c9N CON CLAUDIA!","datePublished":"2023-08-13T01:25:20+00:00","dateModified":"2023-08-13T01:25:26+00:00","mainEntityOfPage":{"@id":"https:\/\/lospoliticosveracruz.com\/?p=109966"},"wordCount":434,"publisher":{"@id":"https:\/\/lospoliticosveracruz.com\/#organization"},"keywords":["Claudia Sheinbaum Pardo","Cuarta Transformaci\u00f3n","Darian Escobar L\u00f3pez","movimiento de Maestros Con Morena"],"articleSection":["De Boleto"],"inLanguage":"es"},{"@type":"WebPage","@id":"https:\/\/lospoliticosveracruz.com\/?p=109966","url":"https:\/\/lospoliticosveracruz.com\/?p=109966","name":"MCM TAMBI\u00c9N CON CLAUDIA! - Los pol\u00edticos Veracruz","isPartOf":{"@id":"https:\/\/lospoliticosveracruz.com\/#website"},"datePublished":"2023-08-13T01:25:20+00:00","dateModified":"2023-08-13T01:25:26+00:00","breadcrumb":{"@id":"https:\/\/lospoliticosveracruz.com\/?p=109966#breadcrumb"},"inLanguage":"es","potentialAction":[{"@type":"ReadAction","target":["https:\/\/lospoliticosveracruz.com\/?p=109966"]}]},{"@type":"BreadcrumbList","@id":"https:\/\/lospoliticosveracruz.com\/?p=109966#breadcrumb","itemListElement":[{"@type":"ListItem","position":1,"name":"Portada","item":"https:\/\/lospoliticosveracruz.com\/"},{"@type":"ListItem","position":2,"name":"MCM TAMBI\u00c9N CON CLAUDIA!"}]},{"@type":"WebSite","@id":"https:\/\/lospoliticosveracruz.com\/#website","url":"https:\/\/lospoliticosveracruz.com\/","name":"Los pol\u00edticos Veracruz","description":"","publisher":{"@id":"https:\/\/lospoliticosveracruz.com\/#organization"},"potentialAction":[{"@type":"SearchAction","target":{"@type":"EntryPoint","urlTemplate":"https:\/\/lospoliticosveracruz.com\/?s={search_term_string}"},"query-input":{"@type":"PropertyValueSpecification","valueRequired":true,"valueName":"search_term_string"}}],"inLanguage":"es"},{"@type":"Organization","@id":"https:\/\/lospoliticosveracruz.com\/#organization","name":"Los pol\u00edticos Veracruz","url":"https:\/\/lospoliticosveracruz.com\/","logo":{"@type":"ImageObject","inLanguage":"es","@id":"https:\/\/lospoliticosveracruz.com\/#\/schema\/logo\/image\/","url":"https:\/\/lospoliticosveracruz.com\/wp-content\/uploads\/2025\/12\/Logo-Nuevo-LOS-POLITICOS-1.jpg","contentUrl":"https:\/\/lospoliticosveracruz.com\/wp-content\/uploads\/2025\/12\/Logo-Nuevo-LOS-POLITICOS-1.jpg","width":260,"height":70,"caption":"Los pol\u00edticos Veracruz"},"image":{"@id":"https:\/\/lospoliticosveracruz.com\/#\/schema\/logo\/image\/"},"sameAs":["https:\/\/www.facebook.com\/people\/Notimemes-de-los-Polticos\/61565672886568\/","https:\/\/x.com\/LosPoliticosVer"]},{"@type":"Person","@id":"https:\/\/lospoliticosveracruz.com\/#\/schema\/person\/b8702bb0e538456e6efd07080bf2a4a2","name":"Lo viste en Los Pol\u00edticos","image":{"@type":"ImageObject","inLanguage":"es","@id":"https:\/\/secure.gravatar.com\/avatar\/3a8de04a2656d44082be478bd6c086daa447c4651605818287b9532d3d0bd435?s=96&d=mm&r=g","url":"https:\/\/secure.gravatar.com\/avatar\/3a8de04a2656d44082be478bd6c086daa447c4651605818287b9532d3d0bd435?s=96&d=mm&r=g","contentUrl":"https:\/\/secure.gravatar.com\/avatar\/3a8de04a2656d44082be478bd6c086daa447c4651605818287b9532d3d0bd435?s=96&d=mm&r=g","caption":"Lo viste en Los Pol\u00edticos"},"url":"https:\/\/lospoliticosveracruz.com\/?author=2"}]}},"_links":{"self":[{"href":"https:\/\/lospoliticosveracruz.com\/index.php?rest_route=\/wp\/v2\/posts\/109966","targetHints":{"allow":["GET"]}}],"collection":[{"href":"https:\/\/lospoliticosveracruz.com\/index.php?rest_route=\/wp\/v2\/posts"}],"about":[{"href":"https:\/\/lospoliticosveracruz.com\/index.php?rest_route=\/wp\/v2\/types\/post"}],"author":[{"embeddable":true,"href":"https:\/\/lospoliticosveracruz.com\/index.php?rest_route=\/wp\/v2\/users\/2"}],"replies":[{"embeddable":true,"href":"https:\/\/lospoliticosveracruz.com\/index.php?rest_route=%2Fwp%2Fv2%2Fcomments&post=109966"}],"version-history":[{"count":1,"href":"https:\/\/lospoliticosveracruz.com\/index.php?rest_route=\/wp\/v2\/posts\/109966\/revisions"}],"predecessor-version":[{"id":109968,"href":"https:\/\/lospoliticosveracruz.com\/index.php?rest_route=\/wp\/v2\/posts\/109966\/revisions\/109968"}],"wp:attachment":[{"href":"https:\/\/lospoliticosveracruz.com\/index.php?rest_route=%2Fwp%2Fv2%2Fmedia&parent=109966"}],"wp:term":[{"taxonomy":"category","embeddable":true,"href":"https:\/\/lospoliticosveracruz.com\/index.php?rest_route=%2Fwp%2Fv2%2Fcategories&post=109966"},{"taxonomy":"post_tag","embeddable":true,"href":"https:\/\/lospoliticosveracruz.com\/index.php?rest_route=%2Fwp%2Fv2%2Ftags&post=109966"}],"curies":[{"name":"wp","href":"https:\/\/api.w.org\/{rel}","templated":true}]}}