{"id":110071,"date":"2023-08-15T09:15:27","date_gmt":"2023-08-15T14:15:27","guid":{"rendered":"https:\/\/lospoliticosveracruz.com.mx\/?p=110071"},"modified":"2023-08-15T09:15:32","modified_gmt":"2023-08-15T14:15:32","slug":"avanza-proyecto-de-la-4t","status":"publish","type":"post","link":"https:\/\/lospoliticosveracruz.com\/?p=110071","title":{"rendered":"AVANZA PROYECTO DE LA 4T"},"content":{"rendered":"\n<p><\/p>\n\n\n\n<p><strong>Yair Ademar Dom\u00ednguez<br><\/strong><em>Punto y Coma<\/em><\/p>\n\n\n\n<p>Veracruz no s\u00f3lo es un rinconcito de la patria donde hacen sus nidos las olas del mar, como escribi\u00f3 y cant\u00f3 Agust\u00edn Lara. En la historia de M\u00e9xico, Veracruz ha sido una entidad clave. Fue la puerta de entrada del nuevo mundo, tambi\u00e9n de desarrollo y modernidad. En el \u00e1mbito pol\u00edtico representa el cuarto padr\u00f3n m\u00e1s importante del pa\u00eds y aunque fue saqueado por gobiernos corruptos y neoliberales, hoy, gracias al reconocimiento y revalorizaci\u00f3n de su pueblo, se ha levantado para ser protagonista de la Cuarta Transformaci\u00f3n.<\/p>\n\n\n<div class=\"wp-block-image\">\n<figure class=\"alignleft size-medium\"><a href=\"https:\/\/lospoliticosveracruz.com.mx\/wp-content\/uploads\/2021\/10\/WhatsApp-Image-2021-10-02-at-15.20.25.jpeg\"><img loading=\"lazy\" decoding=\"async\" width=\"212\" height=\"300\" src=\"https:\/\/lospoliticosveracruz.com.mx\/wp-content\/uploads\/2021\/10\/WhatsApp-Image-2021-10-02-at-15.20.25-212x300.jpeg\" alt=\"\" class=\"wp-image-80177\" srcset=\"https:\/\/lospoliticosveracruz.com\/wp-content\/uploads\/2021\/10\/WhatsApp-Image-2021-10-02-at-15.20.25-212x300.jpeg 212w, https:\/\/lospoliticosveracruz.com\/wp-content\/uploads\/2021\/10\/WhatsApp-Image-2021-10-02-at-15.20.25-724x1024.jpeg 724w, https:\/\/lospoliticosveracruz.com\/wp-content\/uploads\/2021\/10\/WhatsApp-Image-2021-10-02-at-15.20.25-768x1086.jpeg 768w, https:\/\/lospoliticosveracruz.com\/wp-content\/uploads\/2021\/10\/WhatsApp-Image-2021-10-02-at-15.20.25.jpeg 905w\" sizes=\"auto, (max-width: 212px) 100vw, 212px\" \/><\/a><\/figure>\n<\/div>\n\n\n<p>Por eso la atenci\u00f3n, la deferencia, las constantes visitas del presidente Andr\u00e9s Manuel L\u00f3pez Obrador a todas sus regiones \u2014norte, centro y sur\u2014 y por ello tambi\u00e9n la atenci\u00f3n que le ha dado la doctora Claudia Sheinbaum Pardo, quien en la b\u00fasqueda de liderar la defensa de la 4T, dijo desde Ciudad Mendoza el pasado viernes 11 de agosto coment\u00f3 que \u201cse han logrado grandes cambios gracias a que se tiene como prioridad al pueblo\u201d.<\/p>\n\n\n\n<p>\u201cNosotros buscamos la prosperidad compartida, que el que est\u00e1 arriba sepa que no puede haber desarrollo si los m\u00e1s pobres, los que vienen atr\u00e1s no caminan m\u00e1s r\u00e1pido, nosotros construimos caminos m\u00e1s amplios donde quepan todos y todas las mexicanas\u201d, indic\u00f3 en una Asamblea Informativa llevada a cabo en esta ciudad industrial en donde cientos de veracruzanos le mostraron su afecto y cari\u00f1o.<\/p>\n\n\n\n<p>Ah\u00ed, la cient\u00edfica mexicana se refiri\u00f3 a los recientes datos dados a conocer por el Consejo Nacional de Evaluaci\u00f3n de la Pol\u00edtica de Desarrollo Social (CONEVAL), en donde se indica que M\u00e9xico redujo en 8.9 millones su n\u00famero de pobres. Al comienzo de la d\u00e9cada hab\u00eda 55.7 millones en esa condici\u00f3n, para el a\u00f1o pasado se ubicaban en 46.8 millones, apunt\u00f3 el organismo evaluador. Destac\u00f3 que, en ese lapso, el porcentaje de poblaci\u00f3n del pa\u00eds con carencias sociales pas\u00f3 de 43.9 a 36.3 por ciento.<\/p>\n\n\n\n<p>Estos datos cient\u00edficos demuestran que el proyecto de naci\u00f3n de la Cuarta Transformaci\u00f3n en M\u00e9xico est\u00e1 funcionando y que el lema \u201cPor el bien de todos, primero los pobres\u201d es una realidad. S\u00ed, este hecho hist\u00f3rico, que no tiene precedentes, demuestra la eficacia de los programas sociales que implement\u00f3 el gobierno del presidente Andr\u00e9s Manuel L\u00f3pez Obrador y el impacto directo sobre los mexicanos.<\/p>\n\n\n\n<p>Pero no s\u00f3lo es el dato duro de n\u00famero de mexicanos que redujo su pobreza; hay otros datos interesantes como el hecho de que la pobreza moderada pas\u00f3 de 43.2 millones a 37.7 millones entre 2018 y 2022. En otras palabras, 5.5 millones de personas salieron adelante, lo que representa una reducci\u00f3n del 13 por ciento. Analistas, observadores de estas mediciones, han dicho que uno de los indicadores m\u00e1s cr\u00edticos de esta medici\u00f3n muestra una disminuci\u00f3n importante de la poblaci\u00f3n en situaci\u00f3n de pobreza extrema, aquella que no cuenta con los medios suficientes ni para satisfacer sus necesidades b\u00e1sicas como la alimentaci\u00f3n, vestido o vivienda. Entre 2020 y 2022, 1.7 millones de personas dejaron de estar en esta condici\u00f3n, es decir una contracci\u00f3n de 16%, para ubicarse en las 9.1 millones de mexicanos a\u00fan en situaci\u00f3n de pobreza extrema.<\/p>\n\n\n\n<p>Por ello, la doctora Sheinbaum insisti\u00f3 desde Ciudad Mendoza que, con la Transformaci\u00f3n se han logrado grandes cambios gracias a que se tiene como prioridad al pueblo, una cuesti\u00f3n contraria a los objetivos de la oposici\u00f3n, la cual asegur\u00f3, est\u00e1 llena de envidia y enojo por el bienestar que experimentan todas y todos los mexicanos.<\/p>\n\n\n\n<p>\u201cLa econom\u00eda est\u00e1 creciendo, hay inversiones, incluso la inseguridad est\u00e1 disminuyendo, pero la oposici\u00f3n lo \u00fanico que tienen en com\u00fan entre ellos es hablar mal del Presidente L\u00f3pez Obrador y de la Cuarta Transformaci\u00f3n. All\u00e1 les carcome el odio, el enojo porque a M\u00e9xico le est\u00e1 yendo muy bien\u201d, expuso.<br>Por ello el proyecto de la 4T va firme, porque no se est\u00e1 tejiendo con falacias, con discursos huecos, con espejitos, sino con realidades, con hechos concretos, con resultados para nuestro pueblo, el \u00fanico motivo, la \u00fanica raz\u00f3n, el camino y el destino de este movimiento pol\u00edtico y social que lleg\u00f3 para quedarse en M\u00e9xico y en Veracruz.&nbsp;<\/p>\n\n\n\n<p>Comentarios: Facebook Yair Ademar Dominguez Twitter @YairAdemar<\/p>\n","protected":false},"excerpt":{"rendered":"<p>Yair Ademar Dom\u00ednguezPunto y Coma Veracruz no s\u00f3lo es un rinconcito de la patria donde hacen sus nidos las olas del mar, como escribi\u00f3 y cant\u00f3 Agust\u00edn Lara. En la historia de M\u00e9xico, Veracruz ha sido una entidad clave. Fue la puerta de entrada del nuevo mundo, tambi\u00e9n de desarrollo y modernidad. En el \u00e1mbito [&hellip;]<\/p>\n","protected":false},"author":2,"featured_media":0,"comment_status":"closed","ping_status":"closed","sticky":false,"template":"","format":"standard","meta":{"tdm_status":"","tdm_grid_status":"","footnotes":""},"categories":[70],"tags":[618,9627,1026],"class_list":{"0":"post-110071","1":"post","2":"type-post","3":"status-publish","4":"format-standard","6":"category-de-opinion","7":"tag-andres-manuel-lopez-obrador","8":"tag-claudia-sheinbaum","9":"tag-morena"},"yoast_head":"<!-- This site is optimized with the Yoast SEO plugin v27.4 - https:\/\/yoast.com\/product\/yoast-seo-wordpress\/ -->\n<title>AVANZA PROYECTO DE LA 4T - Los pol\u00edticos Veracruz<\/title>\n<meta name=\"robots\" content=\"index, follow, max-snippet:-1, max-image-preview:large, max-video-preview:-1\" \/>\n<link rel=\"canonical\" href=\"https:\/\/lospoliticosveracruz.com\/?p=110071\" \/>\n<meta property=\"og:locale\" content=\"es_ES\" \/>\n<meta property=\"og:type\" content=\"article\" \/>\n<meta property=\"og:title\" content=\"AVANZA PROYECTO DE LA 4T - Los pol\u00edticos Veracruz\" \/>\n<meta property=\"og:description\" content=\"Yair Ademar Dom\u00ednguezPunto y Coma Veracruz no s\u00f3lo es un rinconcito de la patria donde hacen sus nidos las olas del mar, como escribi\u00f3 y cant\u00f3 Agust\u00edn Lara. En la historia de M\u00e9xico, Veracruz ha sido una entidad clave. Fue la puerta de entrada del nuevo mundo, tambi\u00e9n de desarrollo y modernidad. En el \u00e1mbito [&hellip;]\" \/>\n<meta property=\"og:url\" content=\"https:\/\/lospoliticosveracruz.com\/?p=110071\" \/>\n<meta property=\"og:site_name\" content=\"Los pol\u00edticos Veracruz\" \/>\n<meta property=\"article:publisher\" content=\"https:\/\/www.facebook.com\/people\/Notimemes-de-los-Polticos\/61565672886568\/\" \/>\n<meta property=\"article:published_time\" content=\"2023-08-15T14:15:27+00:00\" \/>\n<meta property=\"article:modified_time\" content=\"2023-08-15T14:15:32+00:00\" \/>\n<meta property=\"og:image\" content=\"https:\/\/lospoliticosveracruz.com.mx\/wp-content\/uploads\/2021\/10\/WhatsApp-Image-2021-10-02-at-15.20.25-212x300.jpeg\" \/>\n<meta name=\"author\" content=\"Lo viste en Los Pol\u00edticos\" \/>\n<meta name=\"twitter:card\" content=\"summary_large_image\" \/>\n<meta name=\"twitter:creator\" content=\"@LosPoliticosVer\" \/>\n<meta name=\"twitter:site\" content=\"@LosPoliticosVer\" \/>\n<meta name=\"twitter:label1\" content=\"Escrito por\" \/>\n\t<meta name=\"twitter:data1\" content=\"Lo viste en Los Pol\u00edticos\" \/>\n\t<meta name=\"twitter:label2\" content=\"Tiempo de lectura\" \/>\n\t<meta name=\"twitter:data2\" content=\"4 minutos\" \/>\n<script type=\"application\/ld+json\" class=\"yoast-schema-graph\">{\"@context\":\"https:\\\/\\\/schema.org\",\"@graph\":[{\"@type\":\"Article\",\"@id\":\"https:\\\/\\\/lospoliticosveracruz.com\\\/?p=110071#article\",\"isPartOf\":{\"@id\":\"https:\\\/\\\/lospoliticosveracruz.com\\\/?p=110071\"},\"author\":{\"name\":\"Lo viste en Los Pol\u00edticos\",\"@id\":\"https:\\\/\\\/lospoliticosveracruz.com\\\/#\\\/schema\\\/person\\\/b8702bb0e538456e6efd07080bf2a4a2\"},\"headline\":\"AVANZA PROYECTO DE LA 4T\",\"datePublished\":\"2023-08-15T14:15:27+00:00\",\"dateModified\":\"2023-08-15T14:15:32+00:00\",\"mainEntityOfPage\":{\"@id\":\"https:\\\/\\\/lospoliticosveracruz.com\\\/?p=110071\"},\"wordCount\":746,\"publisher\":{\"@id\":\"https:\\\/\\\/lospoliticosveracruz.com\\\/#organization\"},\"image\":{\"@id\":\"https:\\\/\\\/lospoliticosveracruz.com\\\/?p=110071#primaryimage\"},\"thumbnailUrl\":\"https:\\\/\\\/lospoliticosveracruz.com.mx\\\/wp-content\\\/uploads\\\/2021\\\/10\\\/WhatsApp-Image-2021-10-02-at-15.20.25-212x300.jpeg\",\"keywords\":[\"Andr\u00e9s Manuel L\u00f3pez Obrador\",\"Claudia Sheinbaum\",\"Morena\"],\"articleSection\":[\"De Opini\u00f3n\"],\"inLanguage\":\"es\"},{\"@type\":\"WebPage\",\"@id\":\"https:\\\/\\\/lospoliticosveracruz.com\\\/?p=110071\",\"url\":\"https:\\\/\\\/lospoliticosveracruz.com\\\/?p=110071\",\"name\":\"AVANZA PROYECTO DE LA 4T - Los pol\u00edticos Veracruz\",\"isPartOf\":{\"@id\":\"https:\\\/\\\/lospoliticosveracruz.com\\\/#website\"},\"primaryImageOfPage\":{\"@id\":\"https:\\\/\\\/lospoliticosveracruz.com\\\/?p=110071#primaryimage\"},\"image\":{\"@id\":\"https:\\\/\\\/lospoliticosveracruz.com\\\/?p=110071#primaryimage\"},\"thumbnailUrl\":\"https:\\\/\\\/lospoliticosveracruz.com.mx\\\/wp-content\\\/uploads\\\/2021\\\/10\\\/WhatsApp-Image-2021-10-02-at-15.20.25-212x300.jpeg\",\"datePublished\":\"2023-08-15T14:15:27+00:00\",\"dateModified\":\"2023-08-15T14:15:32+00:00\",\"breadcrumb\":{\"@id\":\"https:\\\/\\\/lospoliticosveracruz.com\\\/?p=110071#breadcrumb\"},\"inLanguage\":\"es\",\"potentialAction\":[{\"@type\":\"ReadAction\",\"target\":[\"https:\\\/\\\/lospoliticosveracruz.com\\\/?p=110071\"]}]},{\"@type\":\"ImageObject\",\"inLanguage\":\"es\",\"@id\":\"https:\\\/\\\/lospoliticosveracruz.com\\\/?p=110071#primaryimage\",\"url\":\"https:\\\/\\\/lospoliticosveracruz.com.mx\\\/wp-content\\\/uploads\\\/2021\\\/10\\\/WhatsApp-Image-2021-10-02-at-15.20.25-212x300.jpeg\",\"contentUrl\":\"https:\\\/\\\/lospoliticosveracruz.com.mx\\\/wp-content\\\/uploads\\\/2021\\\/10\\\/WhatsApp-Image-2021-10-02-at-15.20.25-212x300.jpeg\"},{\"@type\":\"BreadcrumbList\",\"@id\":\"https:\\\/\\\/lospoliticosveracruz.com\\\/?p=110071#breadcrumb\",\"itemListElement\":[{\"@type\":\"ListItem\",\"position\":1,\"name\":\"Portada\",\"item\":\"https:\\\/\\\/lospoliticosveracruz.com\\\/\"},{\"@type\":\"ListItem\",\"position\":2,\"name\":\"AVANZA PROYECTO DE LA 4T\"}]},{\"@type\":\"WebSite\",\"@id\":\"https:\\\/\\\/lospoliticosveracruz.com\\\/#website\",\"url\":\"https:\\\/\\\/lospoliticosveracruz.com\\\/\",\"name\":\"Los pol\u00edticos Veracruz\",\"description\":\"\",\"publisher\":{\"@id\":\"https:\\\/\\\/lospoliticosveracruz.com\\\/#organization\"},\"potentialAction\":[{\"@type\":\"SearchAction\",\"target\":{\"@type\":\"EntryPoint\",\"urlTemplate\":\"https:\\\/\\\/lospoliticosveracruz.com\\\/?s={search_term_string}\"},\"query-input\":{\"@type\":\"PropertyValueSpecification\",\"valueRequired\":true,\"valueName\":\"search_term_string\"}}],\"inLanguage\":\"es\"},{\"@type\":\"Organization\",\"@id\":\"https:\\\/\\\/lospoliticosveracruz.com\\\/#organization\",\"name\":\"Los pol\u00edticos Veracruz\",\"url\":\"https:\\\/\\\/lospoliticosveracruz.com\\\/\",\"logo\":{\"@type\":\"ImageObject\",\"inLanguage\":\"es\",\"@id\":\"https:\\\/\\\/lospoliticosveracruz.com\\\/#\\\/schema\\\/logo\\\/image\\\/\",\"url\":\"https:\\\/\\\/lospoliticosveracruz.com\\\/wp-content\\\/uploads\\\/2025\\\/12\\\/Logo-Nuevo-LOS-POLITICOS-1.jpg\",\"contentUrl\":\"https:\\\/\\\/lospoliticosveracruz.com\\\/wp-content\\\/uploads\\\/2025\\\/12\\\/Logo-Nuevo-LOS-POLITICOS-1.jpg\",\"width\":260,\"height\":70,\"caption\":\"Los pol\u00edticos Veracruz\"},\"image\":{\"@id\":\"https:\\\/\\\/lospoliticosveracruz.com\\\/#\\\/schema\\\/logo\\\/image\\\/\"},\"sameAs\":[\"https:\\\/\\\/www.facebook.com\\\/people\\\/Notimemes-de-los-Polticos\\\/61565672886568\\\/\",\"https:\\\/\\\/x.com\\\/LosPoliticosVer\"]},{\"@type\":\"Person\",\"@id\":\"https:\\\/\\\/lospoliticosveracruz.com\\\/#\\\/schema\\\/person\\\/b8702bb0e538456e6efd07080bf2a4a2\",\"name\":\"Lo viste en Los Pol\u00edticos\",\"image\":{\"@type\":\"ImageObject\",\"inLanguage\":\"es\",\"@id\":\"https:\\\/\\\/secure.gravatar.com\\\/avatar\\\/3a8de04a2656d44082be478bd6c086daa447c4651605818287b9532d3d0bd435?s=96&d=mm&r=g\",\"url\":\"https:\\\/\\\/secure.gravatar.com\\\/avatar\\\/3a8de04a2656d44082be478bd6c086daa447c4651605818287b9532d3d0bd435?s=96&d=mm&r=g\",\"contentUrl\":\"https:\\\/\\\/secure.gravatar.com\\\/avatar\\\/3a8de04a2656d44082be478bd6c086daa447c4651605818287b9532d3d0bd435?s=96&d=mm&r=g\",\"caption\":\"Lo viste en Los Pol\u00edticos\"},\"url\":\"https:\\\/\\\/lospoliticosveracruz.com\\\/?author=2\"}]}<\/script>\n<!-- \/ Yoast SEO plugin. -->","yoast_head_json":{"title":"AVANZA PROYECTO DE LA 4T - Los pol\u00edticos Veracruz","robots":{"index":"index","follow":"follow","max-snippet":"max-snippet:-1","max-image-preview":"max-image-preview:large","max-video-preview":"max-video-preview:-1"},"canonical":"https:\/\/lospoliticosveracruz.com\/?p=110071","og_locale":"es_ES","og_type":"article","og_title":"AVANZA PROYECTO DE LA 4T - Los pol\u00edticos Veracruz","og_description":"Yair Ademar Dom\u00ednguezPunto y Coma Veracruz no s\u00f3lo es un rinconcito de la patria donde hacen sus nidos las olas del mar, como escribi\u00f3 y cant\u00f3 Agust\u00edn Lara. En la historia de M\u00e9xico, Veracruz ha sido una entidad clave. Fue la puerta de entrada del nuevo mundo, tambi\u00e9n de desarrollo y modernidad. En el \u00e1mbito [&hellip;]","og_url":"https:\/\/lospoliticosveracruz.com\/?p=110071","og_site_name":"Los pol\u00edticos Veracruz","article_publisher":"https:\/\/www.facebook.com\/people\/Notimemes-de-los-Polticos\/61565672886568\/","article_published_time":"2023-08-15T14:15:27+00:00","article_modified_time":"2023-08-15T14:15:32+00:00","og_image":[{"url":"https:\/\/lospoliticosveracruz.com.mx\/wp-content\/uploads\/2021\/10\/WhatsApp-Image-2021-10-02-at-15.20.25-212x300.jpeg","type":"","width":"","height":""}],"author":"Lo viste en Los Pol\u00edticos","twitter_card":"summary_large_image","twitter_creator":"@LosPoliticosVer","twitter_site":"@LosPoliticosVer","twitter_misc":{"Escrito por":"Lo viste en Los Pol\u00edticos","Tiempo de lectura":"4 minutos"},"schema":{"@context":"https:\/\/schema.org","@graph":[{"@type":"Article","@id":"https:\/\/lospoliticosveracruz.com\/?p=110071#article","isPartOf":{"@id":"https:\/\/lospoliticosveracruz.com\/?p=110071"},"author":{"name":"Lo viste en Los Pol\u00edticos","@id":"https:\/\/lospoliticosveracruz.com\/#\/schema\/person\/b8702bb0e538456e6efd07080bf2a4a2"},"headline":"AVANZA PROYECTO DE LA 4T","datePublished":"2023-08-15T14:15:27+00:00","dateModified":"2023-08-15T14:15:32+00:00","mainEntityOfPage":{"@id":"https:\/\/lospoliticosveracruz.com\/?p=110071"},"wordCount":746,"publisher":{"@id":"https:\/\/lospoliticosveracruz.com\/#organization"},"image":{"@id":"https:\/\/lospoliticosveracruz.com\/?p=110071#primaryimage"},"thumbnailUrl":"https:\/\/lospoliticosveracruz.com.mx\/wp-content\/uploads\/2021\/10\/WhatsApp-Image-2021-10-02-at-15.20.25-212x300.jpeg","keywords":["Andr\u00e9s Manuel L\u00f3pez Obrador","Claudia Sheinbaum","Morena"],"articleSection":["De Opini\u00f3n"],"inLanguage":"es"},{"@type":"WebPage","@id":"https:\/\/lospoliticosveracruz.com\/?p=110071","url":"https:\/\/lospoliticosveracruz.com\/?p=110071","name":"AVANZA PROYECTO DE LA 4T - Los pol\u00edticos Veracruz","isPartOf":{"@id":"https:\/\/lospoliticosveracruz.com\/#website"},"primaryImageOfPage":{"@id":"https:\/\/lospoliticosveracruz.com\/?p=110071#primaryimage"},"image":{"@id":"https:\/\/lospoliticosveracruz.com\/?p=110071#primaryimage"},"thumbnailUrl":"https:\/\/lospoliticosveracruz.com.mx\/wp-content\/uploads\/2021\/10\/WhatsApp-Image-2021-10-02-at-15.20.25-212x300.jpeg","datePublished":"2023-08-15T14:15:27+00:00","dateModified":"2023-08-15T14:15:32+00:00","breadcrumb":{"@id":"https:\/\/lospoliticosveracruz.com\/?p=110071#breadcrumb"},"inLanguage":"es","potentialAction":[{"@type":"ReadAction","target":["https:\/\/lospoliticosveracruz.com\/?p=110071"]}]},{"@type":"ImageObject","inLanguage":"es","@id":"https:\/\/lospoliticosveracruz.com\/?p=110071#primaryimage","url":"https:\/\/lospoliticosveracruz.com.mx\/wp-content\/uploads\/2021\/10\/WhatsApp-Image-2021-10-02-at-15.20.25-212x300.jpeg","contentUrl":"https:\/\/lospoliticosveracruz.com.mx\/wp-content\/uploads\/2021\/10\/WhatsApp-Image-2021-10-02-at-15.20.25-212x300.jpeg"},{"@type":"BreadcrumbList","@id":"https:\/\/lospoliticosveracruz.com\/?p=110071#breadcrumb","itemListElement":[{"@type":"ListItem","position":1,"name":"Portada","item":"https:\/\/lospoliticosveracruz.com\/"},{"@type":"ListItem","position":2,"name":"AVANZA PROYECTO DE LA 4T"}]},{"@type":"WebSite","@id":"https:\/\/lospoliticosveracruz.com\/#website","url":"https:\/\/lospoliticosveracruz.com\/","name":"Los pol\u00edticos Veracruz","description":"","publisher":{"@id":"https:\/\/lospoliticosveracruz.com\/#organization"},"potentialAction":[{"@type":"SearchAction","target":{"@type":"EntryPoint","urlTemplate":"https:\/\/lospoliticosveracruz.com\/?s={search_term_string}"},"query-input":{"@type":"PropertyValueSpecification","valueRequired":true,"valueName":"search_term_string"}}],"inLanguage":"es"},{"@type":"Organization","@id":"https:\/\/lospoliticosveracruz.com\/#organization","name":"Los pol\u00edticos Veracruz","url":"https:\/\/lospoliticosveracruz.com\/","logo":{"@type":"ImageObject","inLanguage":"es","@id":"https:\/\/lospoliticosveracruz.com\/#\/schema\/logo\/image\/","url":"https:\/\/lospoliticosveracruz.com\/wp-content\/uploads\/2025\/12\/Logo-Nuevo-LOS-POLITICOS-1.jpg","contentUrl":"https:\/\/lospoliticosveracruz.com\/wp-content\/uploads\/2025\/12\/Logo-Nuevo-LOS-POLITICOS-1.jpg","width":260,"height":70,"caption":"Los pol\u00edticos Veracruz"},"image":{"@id":"https:\/\/lospoliticosveracruz.com\/#\/schema\/logo\/image\/"},"sameAs":["https:\/\/www.facebook.com\/people\/Notimemes-de-los-Polticos\/61565672886568\/","https:\/\/x.com\/LosPoliticosVer"]},{"@type":"Person","@id":"https:\/\/lospoliticosveracruz.com\/#\/schema\/person\/b8702bb0e538456e6efd07080bf2a4a2","name":"Lo viste en Los Pol\u00edticos","image":{"@type":"ImageObject","inLanguage":"es","@id":"https:\/\/secure.gravatar.com\/avatar\/3a8de04a2656d44082be478bd6c086daa447c4651605818287b9532d3d0bd435?s=96&d=mm&r=g","url":"https:\/\/secure.gravatar.com\/avatar\/3a8de04a2656d44082be478bd6c086daa447c4651605818287b9532d3d0bd435?s=96&d=mm&r=g","contentUrl":"https:\/\/secure.gravatar.com\/avatar\/3a8de04a2656d44082be478bd6c086daa447c4651605818287b9532d3d0bd435?s=96&d=mm&r=g","caption":"Lo viste en Los Pol\u00edticos"},"url":"https:\/\/lospoliticosveracruz.com\/?author=2"}]}},"_links":{"self":[{"href":"https:\/\/lospoliticosveracruz.com\/index.php?rest_route=\/wp\/v2\/posts\/110071","targetHints":{"allow":["GET"]}}],"collection":[{"href":"https:\/\/lospoliticosveracruz.com\/index.php?rest_route=\/wp\/v2\/posts"}],"about":[{"href":"https:\/\/lospoliticosveracruz.com\/index.php?rest_route=\/wp\/v2\/types\/post"}],"author":[{"embeddable":true,"href":"https:\/\/lospoliticosveracruz.com\/index.php?rest_route=\/wp\/v2\/users\/2"}],"replies":[{"embeddable":true,"href":"https:\/\/lospoliticosveracruz.com\/index.php?rest_route=%2Fwp%2Fv2%2Fcomments&post=110071"}],"version-history":[{"count":1,"href":"https:\/\/lospoliticosveracruz.com\/index.php?rest_route=\/wp\/v2\/posts\/110071\/revisions"}],"predecessor-version":[{"id":110072,"href":"https:\/\/lospoliticosveracruz.com\/index.php?rest_route=\/wp\/v2\/posts\/110071\/revisions\/110072"}],"wp:attachment":[{"href":"https:\/\/lospoliticosveracruz.com\/index.php?rest_route=%2Fwp%2Fv2%2Fmedia&parent=110071"}],"wp:term":[{"taxonomy":"category","embeddable":true,"href":"https:\/\/lospoliticosveracruz.com\/index.php?rest_route=%2Fwp%2Fv2%2Fcategories&post=110071"},{"taxonomy":"post_tag","embeddable":true,"href":"https:\/\/lospoliticosveracruz.com\/index.php?rest_route=%2Fwp%2Fv2%2Ftags&post=110071"}],"curies":[{"name":"wp","href":"https:\/\/api.w.org\/{rel}","templated":true}]}}