{"id":110078,"date":"2023-08-15T11:39:07","date_gmt":"2023-08-15T16:39:07","guid":{"rendered":"https:\/\/lospoliticosveracruz.com.mx\/?p=110078"},"modified":"2023-08-15T11:39:15","modified_gmt":"2023-08-15T16:39:15","slug":"en-veracruz-la-historia-fue-descuartizada","status":"publish","type":"post","link":"https:\/\/lospoliticosveracruz.com\/?p=110078","title":{"rendered":"EN VERACRUZ, LA HISTORIA, FUE DESCUARTIZADA\u00a0"},"content":{"rendered":"\n<p><strong>Jos\u00e9 Luis Ortega Vidal<\/strong><\/p>\n\n\n\n<p><em>Claroscuros<\/em><\/p>\n\n\n\n<p>(1)<\/p>\n\n\n\n<p>El domingo pasado quedar\u00e1 registrado en la historia veracruzana como un d\u00eda de contrastes: el presidente Andr\u00e9s Manuel L\u00f3pez Obrador encabez\u00f3 una reuni\u00f3n privada en Coatzacoalcos para supervisar los avances del Corredor Interoce\u00e1nico del Istmo de Tehuantepec; el secretario de Gobierno, Erick Patrocinio Cisneros Burgos presumi\u00f3 en sus redes sociales una jornada de billar entre amigos y en Poza Rica fueron hallados unos trece cad\u00e1veres en hieleras.<\/p>\n\n\n\n<figure class=\"wp-block-image size-large\"><a href=\"https:\/\/lospoliticosveracruz.com.mx\/wp-content\/uploads\/2016\/07\/Seguro-Julio-Cerecedo-2.jpg\"><img decoding=\"async\" src=\"https:\/\/lospoliticosveracruz.com.mx\/wp-content\/uploads\/2016\/07\/Seguro-Julio-Cerecedo-2-1024x381.jpg\" alt=\"\" class=\"wp-image-105879\"\/><\/a><\/figure>\n\n\n\n<p>La difusi\u00f3n del juego de billar de Cisneros Burgos incluy\u00f3 una fotograf\u00eda donde el segundo hombre m\u00e1s poderoso de la entidad sonr\u00ede mientras muestra la bola ocho.<\/p>\n\n\n\n<p>AMLO no tuvo encuentro con nadie, fuera de los funcionarios acompa\u00f1antes ni se emiti\u00f3 declaraci\u00f3n suya sobre los pormenores de la jornada iniciada en Oaxaca y dentro de la cual se realiz\u00f3 un sobrevuelo sobre el tren interoce\u00e1nico.<\/p>\n\n\n\n<p>Sobre el t\u00e9trico hallazgo en Poza Rica, hasta el cierre de este art\u00edculo no se conoc\u00eda el n\u00famero exacto de cuerpos desmembrados pero la fiscal\u00eda admiti\u00f3 la posibilidad de un incremento de v\u00edctimas.<\/p>\n\n\n\n<p>Extraoficialmente se habl\u00f3 de 34 m\u00e1s v\u00edctimas pero Ver\u00f3nica Hern\u00e1ndez Giadans ha dicho que son 13&#8230;o m\u00e1s.<\/p>\n\n\n\n<p>Las dudas surgen por un tema cient\u00edfico: dado que las v\u00edctimas humanas fueron descuartizadas por agresores humanos, la Fiscal\u00eda debe armar el mapa inhumano colocado a modo de embalaje por el crimen organizado.<\/p>\n\n\n\n<p>Se entiende.\u00a0<br>Nuestras autoridades, siempre a tiempo y comprometidas con la paz social, la seguridad y la verdad hist\u00f3rica, no pueden avalar un n\u00famero de muertos as\u00ed como as\u00ed porque desde la perspectiva del estado de Derecho no es lo mismo 34 m\u00e1s que 13 o m\u00e1s&#8230;\u00a0\u00a0Gracias, Ver\u00f3nica.\u00a0<br>Y el gobernador?\u00a0<br>Ah, el gobernador&#8230;<\/p>\n\n\n\n<p>(2).\u00a0 \u00a0 \u00a0 \u00a0 \u00a0 \u00a0 \u00a0 \u00a0 \u00a0 \u00a0 \u00a0 \u00a0 \u00a0 \u00a0 \u00a0 \u00a0 \u00a0 \u00a0 \u00a0 \u00a0 \u00a0 \u00a0 \u00a0 \u00a0 \u00a0 \u00a0 \u00a0 \u00a0 \u00a0 \u00a0 \u00a0 \u00a0 \u00a0 \u00a0 \u00a0 \u00a0 \u00a0 \u00a0 \u00a0\u00a0Este texto es\u00a0\u00a0como un armado de pedacer\u00eda hist\u00f3rica.\u00a0\u00a0 \u00a0 \u00a0 \u00a0 \u00a0 \u00a0 \u00a0 \u00a0 \u00a0 \u00a0 \u00a0 \u00a0 \u00a0 \u00a0 \u00a0 \u00a0 \u00a0 \u00a0 \u00a0 \u00a0 \u00a0 \u00a0 \u00a0 \u00a0 \u00a0 \u00a0 \u00a0 \u00a0 \u00a0 \u00a0<\/p>\n\n\n\n<p>\u00a0(3)<\/p>\n\n\n\n<p>\u00a0A media semana, espec\u00edficamente el mi\u00e9rcoles nueve de agosto, fue suspendida la presentaci\u00f3n del libro sobre la negritud en Veracruz -autor\u00eda de Eric Patrocinio Cisneros Burgos- en Playa Vicente.<\/p>\n\n\n\n<p>En CLAROSCUROS dimos a conocer en d\u00edas previos la detenci\u00f3n del l\u00edder ganadero Cristian V\u00e1zquez Feria.<\/p>\n\n\n\n<p>Presidente de la Asociaci\u00f3n Ganadera Local de Playa Vicente, V\u00e1zquez Feria fue capturado en Lerdo de Tejada, a donde habr\u00eda acudido para un negocio de su ramo: el pecuario.<\/p>\n\n\n\n<p>Existen denuncias en redes sociales sobre la presunta violaci\u00f3n a los derechos humanos del dirigente y productor, por parte de polic\u00edas estatales.<\/p>\n\n\n\n<p>Familiares y amigos suyos organizaron una protesta alrededor del evento de Cisneros Burgos en la tierra del detenido y la investigaci\u00f3n sobre el origen moreno de nuestra piel no pudo ser expuesta.<\/p>\n\n\n\n<p>En la carta de Erasmo V\u00e1zquez Gonz\u00e1lez referida en CLAROSCUROS bajo el subt\u00edtulo AMLO y Eric, juego de poder; Cuitl\u00e1huac: \u00bfIngenuidad o complicidad pol\u00edtica? Parte II, se acusa directamente al secretario de Gobierno por la golpiza y detenci\u00f3n de Cristian V\u00e1zquez Feria.<\/p>\n\n\n\n<p>Los hechos denunciados en dicho texto ocurrieron el domingo 6 de agosto y hasta la fecha no hay comunicado oficial al respecto.<\/p>\n\n\n\n<p>Respecto a la presentaci\u00f3n del libro sobre la negritud, se apunta al Ayuntamiento de Playa Vicente como organizador sorpresivo.<\/p>\n\n\n\n<p>El domingo seis fue detenido Cristian V\u00e1zquez; el lunes siete trascendi\u00f3 la carta donde se acusa al secretario de Gobierno de emplear a polic\u00edas estatales en la (presunta) violaci\u00f3n de los derechos humanos del l\u00edder ganadero; para el mi\u00e9rcoles nueve se program\u00f3 la presentaci\u00f3n del libro finalmente fallida y el domingo trece conocimos la imagen de Cisneros Burgos con una bola ocho en la mano.<\/p>\n\n\n\n<p>Una nota firmada por Eirenet G\u00f3mez en la edici\u00f3n del martes ocho de La Jornada, expone:<\/p>\n\n\n\n<p>\u201cXalapa, Ver., Cristian V\u00e1zquez Feria, presidente de la Asociaci\u00f3n Ganadera de Playa Vicente y familiar directo de los padres de cinco j\u00f3venes oriundos de esa localidad desaparecidos en enero de 2016 en Tierra Blanca, fue arrestado junto con sus dos escoltas y dos personas m\u00e1s, acusado de portaci\u00f3n de armas, posesi\u00f3n de droga y ataque a las instituciones.\u201d<\/p>\n\n\n\n<p>A\u00f1ade:<\/p>\n\n\n\n<p>\u201cJunto con Cristian V\u00e1zquez, el acopiador de ganado con m\u00e1s presencia en la regi\u00f3n, fueron detenidos el 4 de agosto Juan Borja V\u00e1zquez, Enrique Andrade Rives Guti\u00e9rrez, Francisco Alberto Hermosillo Ramos y \u00c1ngel Gabriel Caballero Feria, dos de ellos escoltas del empresario ganadero y los otros trabajadores y familiares. La aprehensi\u00f3n se llev\u00f3 a cabo en la ciudad de Lerdo de Tejada, cuando el dirigente ganadero negociaba la compra de bovinos junto con sus acompa\u00f1antes.<\/p>\n\n\n\n<p>Elementos de la Secretar\u00eda de Seguridad P\u00fablica (SSP) estatal concretaron los arrestos violentando los derechos humanos de los capturados, dijeron parientes de V\u00e1zquez Feria. A\u00f1adieron que despu\u00e9s de ser sometidos, los golpearon, les rociaron p\u00f3lvora en las manos, les sembraron drogas y los incomunicaron por largo tiempo.\u201d<\/p>\n\n\n\n<p>(4)<\/p>\n\n\n\n<p>As\u00ed las cosas, emanan varias dudas ante esta singular lista de acontecimientos en Veracruz, entre el domingo seis y el domingo trece de agosto:<\/p>\n\n\n\n<p>&#8211; \u00bfCu\u00e1ntos cad\u00e1veres fueron descuartizados y congelados en Poza Rica?<\/p>\n\n\n\n<p>&#8211; \u00bfGan\u00f3 o perdi\u00f3 Eric Patrocinio el juego de billar que presumi\u00f3 en sus redes sociales el mismo d\u00eda del hallazgo de la pedacer\u00eda humana e inhumana?<\/p>\n\n\n\n<p>&#8211; \u00bfD\u00f3nde est\u00e1n, bajo qu\u00e9 cargos y cu\u00e1les condiciones legales y de salud, los detenidos en Lerdo de Tejada el domingo seis de agosto, uno de los cuales es l\u00edder ganadero y con v\u00ednculos familiares entre los cinco j\u00f3venes secuestrados por polic\u00edas en Tierra Blanca aquel fat\u00eddico enero del 2016?<\/p>\n\n\n\n<p>&#8211; \u00bfC\u00f3mo podemos acceder a un ejemplar del libro sobre la negritud en Veracruz?<\/p>\n\n\n\n<p>&#8211; \u00bfQu\u00e9 va a inaugurar el presidente Andr\u00e9s Manuel L\u00f3pez Obrador cuando corte el list\u00f3n inaugural del Corredor Interoce\u00e1nico del Istmo de Tehuantepec?<\/p>\n\n\n\n<p>(5)<\/p>\n\n\n\n<p>Hay m\u00e1s temas y dudas, pero ya habr\u00e1 oportunidad.<\/p>\n","protected":false},"excerpt":{"rendered":"<p>Jos\u00e9 Luis Ortega Vidal Claroscuros (1) El domingo pasado quedar\u00e1 registrado en la historia veracruzana como un d\u00eda de contrastes: el presidente Andr\u00e9s Manuel L\u00f3pez Obrador encabez\u00f3 una reuni\u00f3n privada en Coatzacoalcos para supervisar los avances del Corredor Interoce\u00e1nico del Istmo de Tehuantepec; el secretario de Gobierno, Erick Patrocinio Cisneros Burgos presumi\u00f3 en sus redes [&hellip;]<\/p>\n","protected":false},"author":2,"featured_media":0,"comment_status":"closed","ping_status":"closed","sticky":false,"template":"","format":"standard","meta":{"tdm_status":"","tdm_grid_status":"","footnotes":""},"categories":[70],"tags":[618,39038,10225,12299,2769,1026,1267,195],"class_list":{"0":"post-110078","1":"post","2":"type-post","3":"status-publish","4":"format-standard","6":"category-de-opinion","7":"tag-andres-manuel-lopez-obrador","8":"tag-cadaveres-en-hieleras","9":"tag-erasmo-vazquez-gonzalez","10":"tag-eric-cisneros-burgos","11":"tag-jose-luis-ortega-vidal","12":"tag-morena","13":"tag-poza-rica","14":"tag-veracruz"},"yoast_head":"<!-- This site is optimized with the Yoast SEO plugin v27.4 - https:\/\/yoast.com\/product\/yoast-seo-wordpress\/ -->\n<title>EN VERACRUZ, LA HISTORIA, FUE DESCUARTIZADA\u00a0 - Los pol\u00edticos Veracruz<\/title>\n<meta name=\"robots\" content=\"index, follow, max-snippet:-1, max-image-preview:large, max-video-preview:-1\" \/>\n<link rel=\"canonical\" href=\"https:\/\/lospoliticosveracruz.com\/?p=110078\" \/>\n<meta property=\"og:locale\" content=\"es_ES\" \/>\n<meta property=\"og:type\" content=\"article\" \/>\n<meta property=\"og:title\" content=\"EN VERACRUZ, LA HISTORIA, FUE DESCUARTIZADA\u00a0 - Los pol\u00edticos Veracruz\" \/>\n<meta property=\"og:description\" content=\"Jos\u00e9 Luis Ortega Vidal Claroscuros (1) El domingo pasado quedar\u00e1 registrado en la historia veracruzana como un d\u00eda de contrastes: el presidente Andr\u00e9s Manuel L\u00f3pez Obrador encabez\u00f3 una reuni\u00f3n privada en Coatzacoalcos para supervisar los avances del Corredor Interoce\u00e1nico del Istmo de Tehuantepec; el secretario de Gobierno, Erick Patrocinio Cisneros Burgos presumi\u00f3 en sus redes [&hellip;]\" \/>\n<meta property=\"og:url\" content=\"https:\/\/lospoliticosveracruz.com\/?p=110078\" \/>\n<meta property=\"og:site_name\" content=\"Los pol\u00edticos Veracruz\" \/>\n<meta property=\"article:publisher\" content=\"https:\/\/www.facebook.com\/people\/Notimemes-de-los-Polticos\/61565672886568\/\" \/>\n<meta property=\"article:published_time\" content=\"2023-08-15T16:39:07+00:00\" \/>\n<meta property=\"article:modified_time\" content=\"2023-08-15T16:39:15+00:00\" \/>\n<meta property=\"og:image\" content=\"https:\/\/lospoliticosveracruz.com.mx\/wp-content\/uploads\/2016\/07\/Seguro-Julio-Cerecedo-2-1024x381.jpg\" \/>\n<meta name=\"author\" content=\"Lo viste en Los Pol\u00edticos\" \/>\n<meta name=\"twitter:card\" content=\"summary_large_image\" \/>\n<meta name=\"twitter:creator\" content=\"@LosPoliticosVer\" \/>\n<meta name=\"twitter:site\" content=\"@LosPoliticosVer\" \/>\n<meta name=\"twitter:label1\" content=\"Escrito por\" \/>\n\t<meta name=\"twitter:data1\" content=\"Lo viste en Los Pol\u00edticos\" \/>\n\t<meta name=\"twitter:label2\" content=\"Tiempo de lectura\" \/>\n\t<meta name=\"twitter:data2\" content=\"5 minutos\" \/>\n<script type=\"application\/ld+json\" class=\"yoast-schema-graph\">{\"@context\":\"https:\\\/\\\/schema.org\",\"@graph\":[{\"@type\":\"Article\",\"@id\":\"https:\\\/\\\/lospoliticosveracruz.com\\\/?p=110078#article\",\"isPartOf\":{\"@id\":\"https:\\\/\\\/lospoliticosveracruz.com\\\/?p=110078\"},\"author\":{\"name\":\"Lo viste en Los Pol\u00edticos\",\"@id\":\"https:\\\/\\\/lospoliticosveracruz.com\\\/#\\\/schema\\\/person\\\/b8702bb0e538456e6efd07080bf2a4a2\"},\"headline\":\"EN VERACRUZ, LA HISTORIA, FUE DESCUARTIZADA\u00a0\",\"datePublished\":\"2023-08-15T16:39:07+00:00\",\"dateModified\":\"2023-08-15T16:39:15+00:00\",\"mainEntityOfPage\":{\"@id\":\"https:\\\/\\\/lospoliticosveracruz.com\\\/?p=110078\"},\"wordCount\":1015,\"publisher\":{\"@id\":\"https:\\\/\\\/lospoliticosveracruz.com\\\/#organization\"},\"image\":{\"@id\":\"https:\\\/\\\/lospoliticosveracruz.com\\\/?p=110078#primaryimage\"},\"thumbnailUrl\":\"https:\\\/\\\/lospoliticosveracruz.com.mx\\\/wp-content\\\/uploads\\\/2016\\\/07\\\/Seguro-Julio-Cerecedo-2-1024x381.jpg\",\"keywords\":[\"Andr\u00e9s Manuel L\u00f3pez Obrador\",\"cad\u00e1veres en hieleras\",\"Erasmo V\u00e1zquez Gonz\u00e1lez\",\"Eric Cisneros Burgos\",\"Jos\u00e9 Luis Ortega Vidal\",\"Morena\",\"Poza Rica\",\"Veracruz\"],\"articleSection\":[\"De Opini\u00f3n\"],\"inLanguage\":\"es\"},{\"@type\":\"WebPage\",\"@id\":\"https:\\\/\\\/lospoliticosveracruz.com\\\/?p=110078\",\"url\":\"https:\\\/\\\/lospoliticosveracruz.com\\\/?p=110078\",\"name\":\"EN VERACRUZ, LA HISTORIA, FUE DESCUARTIZADA\u00a0 - Los pol\u00edticos Veracruz\",\"isPartOf\":{\"@id\":\"https:\\\/\\\/lospoliticosveracruz.com\\\/#website\"},\"primaryImageOfPage\":{\"@id\":\"https:\\\/\\\/lospoliticosveracruz.com\\\/?p=110078#primaryimage\"},\"image\":{\"@id\":\"https:\\\/\\\/lospoliticosveracruz.com\\\/?p=110078#primaryimage\"},\"thumbnailUrl\":\"https:\\\/\\\/lospoliticosveracruz.com.mx\\\/wp-content\\\/uploads\\\/2016\\\/07\\\/Seguro-Julio-Cerecedo-2-1024x381.jpg\",\"datePublished\":\"2023-08-15T16:39:07+00:00\",\"dateModified\":\"2023-08-15T16:39:15+00:00\",\"breadcrumb\":{\"@id\":\"https:\\\/\\\/lospoliticosveracruz.com\\\/?p=110078#breadcrumb\"},\"inLanguage\":\"es\",\"potentialAction\":[{\"@type\":\"ReadAction\",\"target\":[\"https:\\\/\\\/lospoliticosveracruz.com\\\/?p=110078\"]}]},{\"@type\":\"ImageObject\",\"inLanguage\":\"es\",\"@id\":\"https:\\\/\\\/lospoliticosveracruz.com\\\/?p=110078#primaryimage\",\"url\":\"https:\\\/\\\/lospoliticosveracruz.com.mx\\\/wp-content\\\/uploads\\\/2016\\\/07\\\/Seguro-Julio-Cerecedo-2-1024x381.jpg\",\"contentUrl\":\"https:\\\/\\\/lospoliticosveracruz.com.mx\\\/wp-content\\\/uploads\\\/2016\\\/07\\\/Seguro-Julio-Cerecedo-2-1024x381.jpg\"},{\"@type\":\"BreadcrumbList\",\"@id\":\"https:\\\/\\\/lospoliticosveracruz.com\\\/?p=110078#breadcrumb\",\"itemListElement\":[{\"@type\":\"ListItem\",\"position\":1,\"name\":\"Portada\",\"item\":\"https:\\\/\\\/lospoliticosveracruz.com\\\/\"},{\"@type\":\"ListItem\",\"position\":2,\"name\":\"EN VERACRUZ, LA HISTORIA, FUE DESCUARTIZADA\u00a0\"}]},{\"@type\":\"WebSite\",\"@id\":\"https:\\\/\\\/lospoliticosveracruz.com\\\/#website\",\"url\":\"https:\\\/\\\/lospoliticosveracruz.com\\\/\",\"name\":\"Los pol\u00edticos Veracruz\",\"description\":\"\",\"publisher\":{\"@id\":\"https:\\\/\\\/lospoliticosveracruz.com\\\/#organization\"},\"potentialAction\":[{\"@type\":\"SearchAction\",\"target\":{\"@type\":\"EntryPoint\",\"urlTemplate\":\"https:\\\/\\\/lospoliticosveracruz.com\\\/?s={search_term_string}\"},\"query-input\":{\"@type\":\"PropertyValueSpecification\",\"valueRequired\":true,\"valueName\":\"search_term_string\"}}],\"inLanguage\":\"es\"},{\"@type\":\"Organization\",\"@id\":\"https:\\\/\\\/lospoliticosveracruz.com\\\/#organization\",\"name\":\"Los pol\u00edticos Veracruz\",\"url\":\"https:\\\/\\\/lospoliticosveracruz.com\\\/\",\"logo\":{\"@type\":\"ImageObject\",\"inLanguage\":\"es\",\"@id\":\"https:\\\/\\\/lospoliticosveracruz.com\\\/#\\\/schema\\\/logo\\\/image\\\/\",\"url\":\"https:\\\/\\\/lospoliticosveracruz.com\\\/wp-content\\\/uploads\\\/2025\\\/12\\\/Logo-Nuevo-LOS-POLITICOS-1.jpg\",\"contentUrl\":\"https:\\\/\\\/lospoliticosveracruz.com\\\/wp-content\\\/uploads\\\/2025\\\/12\\\/Logo-Nuevo-LOS-POLITICOS-1.jpg\",\"width\":260,\"height\":70,\"caption\":\"Los pol\u00edticos Veracruz\"},\"image\":{\"@id\":\"https:\\\/\\\/lospoliticosveracruz.com\\\/#\\\/schema\\\/logo\\\/image\\\/\"},\"sameAs\":[\"https:\\\/\\\/www.facebook.com\\\/people\\\/Notimemes-de-los-Polticos\\\/61565672886568\\\/\",\"https:\\\/\\\/x.com\\\/LosPoliticosVer\"]},{\"@type\":\"Person\",\"@id\":\"https:\\\/\\\/lospoliticosveracruz.com\\\/#\\\/schema\\\/person\\\/b8702bb0e538456e6efd07080bf2a4a2\",\"name\":\"Lo viste en Los Pol\u00edticos\",\"image\":{\"@type\":\"ImageObject\",\"inLanguage\":\"es\",\"@id\":\"https:\\\/\\\/secure.gravatar.com\\\/avatar\\\/3a8de04a2656d44082be478bd6c086daa447c4651605818287b9532d3d0bd435?s=96&d=mm&r=g\",\"url\":\"https:\\\/\\\/secure.gravatar.com\\\/avatar\\\/3a8de04a2656d44082be478bd6c086daa447c4651605818287b9532d3d0bd435?s=96&d=mm&r=g\",\"contentUrl\":\"https:\\\/\\\/secure.gravatar.com\\\/avatar\\\/3a8de04a2656d44082be478bd6c086daa447c4651605818287b9532d3d0bd435?s=96&d=mm&r=g\",\"caption\":\"Lo viste en Los Pol\u00edticos\"},\"url\":\"https:\\\/\\\/lospoliticosveracruz.com\\\/?author=2\"}]}<\/script>\n<!-- \/ Yoast SEO plugin. -->","yoast_head_json":{"title":"EN VERACRUZ, LA HISTORIA, FUE DESCUARTIZADA\u00a0 - Los pol\u00edticos Veracruz","robots":{"index":"index","follow":"follow","max-snippet":"max-snippet:-1","max-image-preview":"max-image-preview:large","max-video-preview":"max-video-preview:-1"},"canonical":"https:\/\/lospoliticosveracruz.com\/?p=110078","og_locale":"es_ES","og_type":"article","og_title":"EN VERACRUZ, LA HISTORIA, FUE DESCUARTIZADA\u00a0 - Los pol\u00edticos Veracruz","og_description":"Jos\u00e9 Luis Ortega Vidal Claroscuros (1) El domingo pasado quedar\u00e1 registrado en la historia veracruzana como un d\u00eda de contrastes: el presidente Andr\u00e9s Manuel L\u00f3pez Obrador encabez\u00f3 una reuni\u00f3n privada en Coatzacoalcos para supervisar los avances del Corredor Interoce\u00e1nico del Istmo de Tehuantepec; el secretario de Gobierno, Erick Patrocinio Cisneros Burgos presumi\u00f3 en sus redes [&hellip;]","og_url":"https:\/\/lospoliticosveracruz.com\/?p=110078","og_site_name":"Los pol\u00edticos Veracruz","article_publisher":"https:\/\/www.facebook.com\/people\/Notimemes-de-los-Polticos\/61565672886568\/","article_published_time":"2023-08-15T16:39:07+00:00","article_modified_time":"2023-08-15T16:39:15+00:00","og_image":[{"url":"https:\/\/lospoliticosveracruz.com.mx\/wp-content\/uploads\/2016\/07\/Seguro-Julio-Cerecedo-2-1024x381.jpg","type":"","width":"","height":""}],"author":"Lo viste en Los Pol\u00edticos","twitter_card":"summary_large_image","twitter_creator":"@LosPoliticosVer","twitter_site":"@LosPoliticosVer","twitter_misc":{"Escrito por":"Lo viste en Los Pol\u00edticos","Tiempo de lectura":"5 minutos"},"schema":{"@context":"https:\/\/schema.org","@graph":[{"@type":"Article","@id":"https:\/\/lospoliticosveracruz.com\/?p=110078#article","isPartOf":{"@id":"https:\/\/lospoliticosveracruz.com\/?p=110078"},"author":{"name":"Lo viste en Los Pol\u00edticos","@id":"https:\/\/lospoliticosveracruz.com\/#\/schema\/person\/b8702bb0e538456e6efd07080bf2a4a2"},"headline":"EN VERACRUZ, LA HISTORIA, FUE DESCUARTIZADA\u00a0","datePublished":"2023-08-15T16:39:07+00:00","dateModified":"2023-08-15T16:39:15+00:00","mainEntityOfPage":{"@id":"https:\/\/lospoliticosveracruz.com\/?p=110078"},"wordCount":1015,"publisher":{"@id":"https:\/\/lospoliticosveracruz.com\/#organization"},"image":{"@id":"https:\/\/lospoliticosveracruz.com\/?p=110078#primaryimage"},"thumbnailUrl":"https:\/\/lospoliticosveracruz.com.mx\/wp-content\/uploads\/2016\/07\/Seguro-Julio-Cerecedo-2-1024x381.jpg","keywords":["Andr\u00e9s Manuel L\u00f3pez Obrador","cad\u00e1veres en hieleras","Erasmo V\u00e1zquez Gonz\u00e1lez","Eric Cisneros Burgos","Jos\u00e9 Luis Ortega Vidal","Morena","Poza Rica","Veracruz"],"articleSection":["De Opini\u00f3n"],"inLanguage":"es"},{"@type":"WebPage","@id":"https:\/\/lospoliticosveracruz.com\/?p=110078","url":"https:\/\/lospoliticosveracruz.com\/?p=110078","name":"EN VERACRUZ, LA HISTORIA, FUE DESCUARTIZADA\u00a0 - Los pol\u00edticos Veracruz","isPartOf":{"@id":"https:\/\/lospoliticosveracruz.com\/#website"},"primaryImageOfPage":{"@id":"https:\/\/lospoliticosveracruz.com\/?p=110078#primaryimage"},"image":{"@id":"https:\/\/lospoliticosveracruz.com\/?p=110078#primaryimage"},"thumbnailUrl":"https:\/\/lospoliticosveracruz.com.mx\/wp-content\/uploads\/2016\/07\/Seguro-Julio-Cerecedo-2-1024x381.jpg","datePublished":"2023-08-15T16:39:07+00:00","dateModified":"2023-08-15T16:39:15+00:00","breadcrumb":{"@id":"https:\/\/lospoliticosveracruz.com\/?p=110078#breadcrumb"},"inLanguage":"es","potentialAction":[{"@type":"ReadAction","target":["https:\/\/lospoliticosveracruz.com\/?p=110078"]}]},{"@type":"ImageObject","inLanguage":"es","@id":"https:\/\/lospoliticosveracruz.com\/?p=110078#primaryimage","url":"https:\/\/lospoliticosveracruz.com.mx\/wp-content\/uploads\/2016\/07\/Seguro-Julio-Cerecedo-2-1024x381.jpg","contentUrl":"https:\/\/lospoliticosveracruz.com.mx\/wp-content\/uploads\/2016\/07\/Seguro-Julio-Cerecedo-2-1024x381.jpg"},{"@type":"BreadcrumbList","@id":"https:\/\/lospoliticosveracruz.com\/?p=110078#breadcrumb","itemListElement":[{"@type":"ListItem","position":1,"name":"Portada","item":"https:\/\/lospoliticosveracruz.com\/"},{"@type":"ListItem","position":2,"name":"EN VERACRUZ, LA HISTORIA, FUE DESCUARTIZADA\u00a0"}]},{"@type":"WebSite","@id":"https:\/\/lospoliticosveracruz.com\/#website","url":"https:\/\/lospoliticosveracruz.com\/","name":"Los pol\u00edticos Veracruz","description":"","publisher":{"@id":"https:\/\/lospoliticosveracruz.com\/#organization"},"potentialAction":[{"@type":"SearchAction","target":{"@type":"EntryPoint","urlTemplate":"https:\/\/lospoliticosveracruz.com\/?s={search_term_string}"},"query-input":{"@type":"PropertyValueSpecification","valueRequired":true,"valueName":"search_term_string"}}],"inLanguage":"es"},{"@type":"Organization","@id":"https:\/\/lospoliticosveracruz.com\/#organization","name":"Los pol\u00edticos Veracruz","url":"https:\/\/lospoliticosveracruz.com\/","logo":{"@type":"ImageObject","inLanguage":"es","@id":"https:\/\/lospoliticosveracruz.com\/#\/schema\/logo\/image\/","url":"https:\/\/lospoliticosveracruz.com\/wp-content\/uploads\/2025\/12\/Logo-Nuevo-LOS-POLITICOS-1.jpg","contentUrl":"https:\/\/lospoliticosveracruz.com\/wp-content\/uploads\/2025\/12\/Logo-Nuevo-LOS-POLITICOS-1.jpg","width":260,"height":70,"caption":"Los pol\u00edticos Veracruz"},"image":{"@id":"https:\/\/lospoliticosveracruz.com\/#\/schema\/logo\/image\/"},"sameAs":["https:\/\/www.facebook.com\/people\/Notimemes-de-los-Polticos\/61565672886568\/","https:\/\/x.com\/LosPoliticosVer"]},{"@type":"Person","@id":"https:\/\/lospoliticosveracruz.com\/#\/schema\/person\/b8702bb0e538456e6efd07080bf2a4a2","name":"Lo viste en Los Pol\u00edticos","image":{"@type":"ImageObject","inLanguage":"es","@id":"https:\/\/secure.gravatar.com\/avatar\/3a8de04a2656d44082be478bd6c086daa447c4651605818287b9532d3d0bd435?s=96&d=mm&r=g","url":"https:\/\/secure.gravatar.com\/avatar\/3a8de04a2656d44082be478bd6c086daa447c4651605818287b9532d3d0bd435?s=96&d=mm&r=g","contentUrl":"https:\/\/secure.gravatar.com\/avatar\/3a8de04a2656d44082be478bd6c086daa447c4651605818287b9532d3d0bd435?s=96&d=mm&r=g","caption":"Lo viste en Los Pol\u00edticos"},"url":"https:\/\/lospoliticosveracruz.com\/?author=2"}]}},"_links":{"self":[{"href":"https:\/\/lospoliticosveracruz.com\/index.php?rest_route=\/wp\/v2\/posts\/110078","targetHints":{"allow":["GET"]}}],"collection":[{"href":"https:\/\/lospoliticosveracruz.com\/index.php?rest_route=\/wp\/v2\/posts"}],"about":[{"href":"https:\/\/lospoliticosveracruz.com\/index.php?rest_route=\/wp\/v2\/types\/post"}],"author":[{"embeddable":true,"href":"https:\/\/lospoliticosveracruz.com\/index.php?rest_route=\/wp\/v2\/users\/2"}],"replies":[{"embeddable":true,"href":"https:\/\/lospoliticosveracruz.com\/index.php?rest_route=%2Fwp%2Fv2%2Fcomments&post=110078"}],"version-history":[{"count":1,"href":"https:\/\/lospoliticosveracruz.com\/index.php?rest_route=\/wp\/v2\/posts\/110078\/revisions"}],"predecessor-version":[{"id":110079,"href":"https:\/\/lospoliticosveracruz.com\/index.php?rest_route=\/wp\/v2\/posts\/110078\/revisions\/110079"}],"wp:attachment":[{"href":"https:\/\/lospoliticosveracruz.com\/index.php?rest_route=%2Fwp%2Fv2%2Fmedia&parent=110078"}],"wp:term":[{"taxonomy":"category","embeddable":true,"href":"https:\/\/lospoliticosveracruz.com\/index.php?rest_route=%2Fwp%2Fv2%2Fcategories&post=110078"},{"taxonomy":"post_tag","embeddable":true,"href":"https:\/\/lospoliticosveracruz.com\/index.php?rest_route=%2Fwp%2Fv2%2Ftags&post=110078"}],"curies":[{"name":"wp","href":"https:\/\/api.w.org\/{rel}","templated":true}]}}