{"id":110103,"date":"2023-08-16T08:32:00","date_gmt":"2023-08-16T13:32:00","guid":{"rendered":"https:\/\/lospoliticosveracruz.com.mx\/?p=110103"},"modified":"2023-08-15T20:36:01","modified_gmt":"2023-08-16T01:36:01","slug":"costumbritas","status":"publish","type":"post","link":"https:\/\/lospoliticosveracruz.com\/?p=110103","title":{"rendered":"COSTUMBRITAS"},"content":{"rendered":"\n<p><strong>Guadalupe H. Mar<\/strong><\/p>\n\n\n\n<p><em>Mira Pol\u00edtica<\/em><\/p>\n\n\n\n<p><strong>A FALTA DE ESTADO<\/strong> \u2026Mientras en el sur de la entidad veracruzana la costumbrita de los que forman parte de las bien organizadas bandas criminales es quemar establecimientos comerciales, autos y todo aquello de quienes se oponen a pagar el impuesto de los malosos, conocido como derecho de piso, en el norte del estado, en el corredor Papantla, Poza Rica, \u00c1lamo y Tuxpan, la costumbre delincuencial es descuartizar, desmembrar o hacer pedazos cuerpos humanos, para luego embolsarlos y en la mayor\u00eda de los casos abandonarlos en las calles.<\/p>\n\n\n\n<p><a href=\"https:\/\/youtu.be\/Nxe-vxf8GuY\"><\/a><\/p>\n\n\n\n<figure class=\"wp-block-embed is-type-video is-provider-youtube wp-block-embed-youtube wp-embed-aspect-16-9 wp-has-aspect-ratio\"><div class=\"wp-block-embed__wrapper\">\n<iframe loading=\"lazy\" title=\"Cluster Coworking\" width=\"696\" height=\"392\" src=\"https:\/\/www.youtube.com\/embed\/Nxe-vxf8GuY?feature=oembed\" frameborder=\"0\" allow=\"accelerometer; autoplay; clipboard-write; encrypted-media; gyroscope; picture-in-picture; web-share\" referrerpolicy=\"strict-origin-when-cross-origin\" allowfullscreen><\/iframe>\n<\/div><\/figure>\n\n\n\n<p>Ambas costumbritas amables lectoras y lectores, tienen como objetivo establecer, infundir y propagar el miedo, aprovechando la impunidad con la que operan esos grupos criminales en el estado de Veracruz.<\/p>\n\n\n\n<p>Del reciente caso de cuerpos humanos desmembrados en la ciudad de Poza Rica de Hidalgo Veracruz, ya han circulado muchas informaciones que destacan la atrocidad de los criminales al no solo desmembrar o descuartizar los cuerpos humanos, sino de empaquetarlos y refrigerarlos, no sabemos realmente con qu\u00e9 fin.<\/p>\n\n\n\n<p>Pero ya olvidamos que, en estos ocho meses del a\u00f1o, en la regi\u00f3n de Poza Rica de Hidalgo Veracruz los del crimen organizado han desmembrado un buen n\u00famero de cuerpos humanos, sobre todo en el pasado mes de mayo.<\/p>\n\n\n\n<p>Ese mes, al menos ocho cuerpos humanos desmembrados fueron arrojados en bolsas negras en calles de Poza Rica.<\/p>\n\n\n\n<p>No ha habido mes en este a\u00f1o que no aparezcan restos de cuerpos humanos embolsados, pues como hemos mencionado es la costumbrita de los malosos.<\/p>\n\n\n\n<p><strong>ADIVINA ADIVINADOR<\/strong> \u2026 Pero si bien atrajo la atenci\u00f3n el abominable hallazgo de cuerpos humanos desmembrados, embolsados, empaquetados y refrigerados en domicilios del municipio de Poza Rica de Hidalgo, m\u00e1s comentarios gener\u00f3 la versi\u00f3n oficial de la Fiscal\u00eda General del estado de Veracruz (FGEVER), en el sentido de que falseaba la informaci\u00f3n sobre el n\u00famero exacto de cad\u00e1veres.<\/p>\n\n\n\n<p>Textualmente el gobernador del estado de Veracruz, Cuitl\u00e1huac Garc\u00eda Jim\u00e9nez, ingeniero mec\u00e1nico electricista de profesi\u00f3n dijo: \u201cNo se puede hablar en este momento de un n\u00famero espec\u00edfico; sin embargo, s\u00ed se puede aclarar que no se trata de los 34 que en algunos medios han difundido err\u00f3neamente, lamentablemente podr\u00edan ser m\u00e1s de 13 cuerpos\u201d.<\/p>\n\n\n\n<p>O sea, amables lectores, m\u00e1s de 13 y menos de 34, podr\u00edan ser 20, 25 o 33, de acuerdo a la ret\u00f3rica del mandatario estatal.<\/p>\n\n\n\n<p>Ins\u00f3lito tambi\u00e9n es la justificaci\u00f3n del caso que hizo el gobernador de la entidad veracruzana, quien convencido explic\u00f3 que los hechos est\u00e1n relacionados con las disputas entre dos grupos del crimen organizado que operan en la regi\u00f3n de Poza Rica.<\/p>\n\n\n\n<p>Uff, qu\u00e9 alivio para los veracruzanos que los cr\u00edmenes de la zona de Poza Rica de Hidalgo solo sean consecuencia de una disputa entre los malosos.<\/p>\n\n\n\n<p><strong>LA DISPUTA EN COATEPEC \u2026<\/strong> Pues no est\u00e1n ustedes para saberlo, pero ayer martes temprano elementos policiacos encontraron en el municipio de Coatepec, cerca de la ciudad de Xalapa, el cad\u00e1ver de una persona dentro de una bolsa negra, de esas que se utilizan para la basura.<\/p>\n\n\n\n<p>Siguiendo la l\u00f3gica gubernamental de que los pleitos entre grupos criminales son la causa de los asesinatos de personas, cuyos cuerpos son desmembrados y luego embolsados, podr\u00edamos decir que los peleoneros andan en Veracruz como Pedro por su casa, impunes, imponiendo sus costumbritas.<\/p>\n\n\n\n<p><strong>CLASE MUNDIAL \u2026<\/strong> Ya no es novedad, pero ayer martes un grupo de vecinos de las colonias Pocitos y Rivera e Hidalgo del poniente de la ciudad de Veracruz, a pesar de la fuerte lluvia ma\u00f1anera, se plantaron en las puertas de acceso de la oficina de la Comisi\u00f3n Federal de Electricidad de la avenida D\u00edaz Mir\u00f3n, en el puerto jarocho, para protestar porque llevaban una semana sin energ\u00eda el\u00e9ctrica.<\/p>\n\n\n\n<p>Portando pancartas en las que se denunciaba la falta de energ\u00eda el\u00e9ctrica y sobre todo que no es humano que los dejen tanto tiempo sin este servicio, los vecinos que participaron en el plant\u00f3n se\u00f1alaron que el problema se origina por un transformador en malas condiciones que la CFE no ha querido cambiar.<\/p>\n\n\n\n<p>D\u00cdGALO SIN MIEDO \u2026 Al correo electr\u00f3nico guadalupehmar@yahoo.com<\/p>\n","protected":false},"excerpt":{"rendered":"<p>Guadalupe H. Mar Mira Pol\u00edtica A FALTA DE ESTADO \u2026Mientras en el sur de la entidad veracruzana la costumbrita de los que forman parte de las bien organizadas bandas criminales es quemar establecimientos comerciales, autos y todo aquello de quienes se oponen a pagar el impuesto de los malosos, conocido como derecho de piso, en [&hellip;]<\/p>\n","protected":false},"author":2,"featured_media":0,"comment_status":"closed","ping_status":"closed","sticky":false,"template":"","format":"standard","meta":{"tdm_status":"","tdm_grid_status":"","footnotes":""},"categories":[70],"tags":[28461,39041,1563,39042,39043,1026,39044,3315,1267,195],"class_list":{"0":"post-110103","1":"post","2":"type-post","3":"status-publish","4":"format-standard","6":"category-de-opinion","7":"tag-alamo-2","8":"tag-cuerpos-humanos-desmembrados","9":"tag-cuitlahuac-garcia-jimenez","10":"tag-embolsados","11":"tag-empaquetados","12":"tag-morena","13":"tag-neveras","14":"tag-papantla","15":"tag-poza-rica","16":"tag-veracruz"},"yoast_head":"<!-- This site is optimized with the Yoast SEO plugin v27.4 - https:\/\/yoast.com\/product\/yoast-seo-wordpress\/ -->\n<title>COSTUMBRITAS - Los pol\u00edticos Veracruz<\/title>\n<meta name=\"robots\" content=\"index, follow, max-snippet:-1, max-image-preview:large, max-video-preview:-1\" \/>\n<link rel=\"canonical\" href=\"https:\/\/lospoliticosveracruz.com\/?p=110103\" \/>\n<meta property=\"og:locale\" content=\"es_ES\" \/>\n<meta property=\"og:type\" content=\"article\" \/>\n<meta property=\"og:title\" content=\"COSTUMBRITAS - Los pol\u00edticos Veracruz\" \/>\n<meta property=\"og:description\" content=\"Guadalupe H. Mar Mira Pol\u00edtica A FALTA DE ESTADO \u2026Mientras en el sur de la entidad veracruzana la costumbrita de los que forman parte de las bien organizadas bandas criminales es quemar establecimientos comerciales, autos y todo aquello de quienes se oponen a pagar el impuesto de los malosos, conocido como derecho de piso, en [&hellip;]\" \/>\n<meta property=\"og:url\" content=\"https:\/\/lospoliticosveracruz.com\/?p=110103\" \/>\n<meta property=\"og:site_name\" content=\"Los pol\u00edticos Veracruz\" \/>\n<meta property=\"article:publisher\" content=\"https:\/\/www.facebook.com\/people\/Notimemes-de-los-Polticos\/61565672886568\/\" \/>\n<meta property=\"article:published_time\" content=\"2023-08-16T13:32:00+00:00\" \/>\n<meta property=\"og:image\" content=\"https:\/\/lospoliticosveracruz.com\/wp-content\/uploads\/2016\/07\/Logo-Dor.jpg\" \/>\n\t<meta property=\"og:image:width\" content=\"200\" \/>\n\t<meta property=\"og:image:height\" content=\"200\" \/>\n\t<meta property=\"og:image:type\" content=\"image\/jpeg\" \/>\n<meta name=\"author\" content=\"Lo viste en Los Pol\u00edticos\" \/>\n<meta name=\"twitter:card\" content=\"summary_large_image\" \/>\n<meta name=\"twitter:creator\" content=\"@LosPoliticosVer\" \/>\n<meta name=\"twitter:site\" content=\"@LosPoliticosVer\" \/>\n<meta name=\"twitter:label1\" content=\"Escrito por\" \/>\n\t<meta name=\"twitter:data1\" content=\"Lo viste en Los Pol\u00edticos\" \/>\n\t<meta name=\"twitter:label2\" content=\"Tiempo de lectura\" \/>\n\t<meta name=\"twitter:data2\" content=\"4 minutos\" \/>\n<script type=\"application\/ld+json\" class=\"yoast-schema-graph\">{\"@context\":\"https:\\\/\\\/schema.org\",\"@graph\":[{\"@type\":\"Article\",\"@id\":\"https:\\\/\\\/lospoliticosveracruz.com\\\/?p=110103#article\",\"isPartOf\":{\"@id\":\"https:\\\/\\\/lospoliticosveracruz.com\\\/?p=110103\"},\"author\":{\"name\":\"Lo viste en Los Pol\u00edticos\",\"@id\":\"https:\\\/\\\/lospoliticosveracruz.com\\\/#\\\/schema\\\/person\\\/b8702bb0e538456e6efd07080bf2a4a2\"},\"headline\":\"COSTUMBRITAS\",\"datePublished\":\"2023-08-16T13:32:00+00:00\",\"mainEntityOfPage\":{\"@id\":\"https:\\\/\\\/lospoliticosveracruz.com\\\/?p=110103\"},\"wordCount\":722,\"publisher\":{\"@id\":\"https:\\\/\\\/lospoliticosveracruz.com\\\/#organization\"},\"keywords\":[\"\u00c1lamo\",\"cuerpos humanos desmembrados\",\"Cuitl\u00e1huac Garc\u00eda Jim\u00e9nez\",\"embolsados\",\"empaquetados\",\"Morena\",\"neveras\",\"Papantla\",\"Poza Rica\",\"Veracruz\"],\"articleSection\":[\"De Opini\u00f3n\"],\"inLanguage\":\"es\"},{\"@type\":\"WebPage\",\"@id\":\"https:\\\/\\\/lospoliticosveracruz.com\\\/?p=110103\",\"url\":\"https:\\\/\\\/lospoliticosveracruz.com\\\/?p=110103\",\"name\":\"COSTUMBRITAS - Los pol\u00edticos Veracruz\",\"isPartOf\":{\"@id\":\"https:\\\/\\\/lospoliticosveracruz.com\\\/#website\"},\"datePublished\":\"2023-08-16T13:32:00+00:00\",\"breadcrumb\":{\"@id\":\"https:\\\/\\\/lospoliticosveracruz.com\\\/?p=110103#breadcrumb\"},\"inLanguage\":\"es\",\"potentialAction\":[{\"@type\":\"ReadAction\",\"target\":[\"https:\\\/\\\/lospoliticosveracruz.com\\\/?p=110103\"]}]},{\"@type\":\"BreadcrumbList\",\"@id\":\"https:\\\/\\\/lospoliticosveracruz.com\\\/?p=110103#breadcrumb\",\"itemListElement\":[{\"@type\":\"ListItem\",\"position\":1,\"name\":\"Portada\",\"item\":\"https:\\\/\\\/lospoliticosveracruz.com\\\/\"},{\"@type\":\"ListItem\",\"position\":2,\"name\":\"COSTUMBRITAS\"}]},{\"@type\":\"WebSite\",\"@id\":\"https:\\\/\\\/lospoliticosveracruz.com\\\/#website\",\"url\":\"https:\\\/\\\/lospoliticosveracruz.com\\\/\",\"name\":\"Los pol\u00edticos Veracruz\",\"description\":\"\",\"publisher\":{\"@id\":\"https:\\\/\\\/lospoliticosveracruz.com\\\/#organization\"},\"potentialAction\":[{\"@type\":\"SearchAction\",\"target\":{\"@type\":\"EntryPoint\",\"urlTemplate\":\"https:\\\/\\\/lospoliticosveracruz.com\\\/?s={search_term_string}\"},\"query-input\":{\"@type\":\"PropertyValueSpecification\",\"valueRequired\":true,\"valueName\":\"search_term_string\"}}],\"inLanguage\":\"es\"},{\"@type\":\"Organization\",\"@id\":\"https:\\\/\\\/lospoliticosveracruz.com\\\/#organization\",\"name\":\"Los pol\u00edticos Veracruz\",\"url\":\"https:\\\/\\\/lospoliticosveracruz.com\\\/\",\"logo\":{\"@type\":\"ImageObject\",\"inLanguage\":\"es\",\"@id\":\"https:\\\/\\\/lospoliticosveracruz.com\\\/#\\\/schema\\\/logo\\\/image\\\/\",\"url\":\"https:\\\/\\\/lospoliticosveracruz.com\\\/wp-content\\\/uploads\\\/2025\\\/12\\\/Logo-Nuevo-LOS-POLITICOS-1.jpg\",\"contentUrl\":\"https:\\\/\\\/lospoliticosveracruz.com\\\/wp-content\\\/uploads\\\/2025\\\/12\\\/Logo-Nuevo-LOS-POLITICOS-1.jpg\",\"width\":260,\"height\":70,\"caption\":\"Los pol\u00edticos Veracruz\"},\"image\":{\"@id\":\"https:\\\/\\\/lospoliticosveracruz.com\\\/#\\\/schema\\\/logo\\\/image\\\/\"},\"sameAs\":[\"https:\\\/\\\/www.facebook.com\\\/people\\\/Notimemes-de-los-Polticos\\\/61565672886568\\\/\",\"https:\\\/\\\/x.com\\\/LosPoliticosVer\"]},{\"@type\":\"Person\",\"@id\":\"https:\\\/\\\/lospoliticosveracruz.com\\\/#\\\/schema\\\/person\\\/b8702bb0e538456e6efd07080bf2a4a2\",\"name\":\"Lo viste en Los Pol\u00edticos\",\"image\":{\"@type\":\"ImageObject\",\"inLanguage\":\"es\",\"@id\":\"https:\\\/\\\/secure.gravatar.com\\\/avatar\\\/3a8de04a2656d44082be478bd6c086daa447c4651605818287b9532d3d0bd435?s=96&d=mm&r=g\",\"url\":\"https:\\\/\\\/secure.gravatar.com\\\/avatar\\\/3a8de04a2656d44082be478bd6c086daa447c4651605818287b9532d3d0bd435?s=96&d=mm&r=g\",\"contentUrl\":\"https:\\\/\\\/secure.gravatar.com\\\/avatar\\\/3a8de04a2656d44082be478bd6c086daa447c4651605818287b9532d3d0bd435?s=96&d=mm&r=g\",\"caption\":\"Lo viste en Los Pol\u00edticos\"},\"url\":\"https:\\\/\\\/lospoliticosveracruz.com\\\/?author=2\"}]}<\/script>\n<!-- \/ Yoast SEO plugin. -->","yoast_head_json":{"title":"COSTUMBRITAS - Los pol\u00edticos Veracruz","robots":{"index":"index","follow":"follow","max-snippet":"max-snippet:-1","max-image-preview":"max-image-preview:large","max-video-preview":"max-video-preview:-1"},"canonical":"https:\/\/lospoliticosveracruz.com\/?p=110103","og_locale":"es_ES","og_type":"article","og_title":"COSTUMBRITAS - Los pol\u00edticos Veracruz","og_description":"Guadalupe H. Mar Mira Pol\u00edtica A FALTA DE ESTADO \u2026Mientras en el sur de la entidad veracruzana la costumbrita de los que forman parte de las bien organizadas bandas criminales es quemar establecimientos comerciales, autos y todo aquello de quienes se oponen a pagar el impuesto de los malosos, conocido como derecho de piso, en [&hellip;]","og_url":"https:\/\/lospoliticosveracruz.com\/?p=110103","og_site_name":"Los pol\u00edticos Veracruz","article_publisher":"https:\/\/www.facebook.com\/people\/Notimemes-de-los-Polticos\/61565672886568\/","article_published_time":"2023-08-16T13:32:00+00:00","og_image":[{"width":200,"height":200,"url":"https:\/\/lospoliticosveracruz.com\/wp-content\/uploads\/2016\/07\/Logo-Dor.jpg","type":"image\/jpeg"}],"author":"Lo viste en Los Pol\u00edticos","twitter_card":"summary_large_image","twitter_creator":"@LosPoliticosVer","twitter_site":"@LosPoliticosVer","twitter_misc":{"Escrito por":"Lo viste en Los Pol\u00edticos","Tiempo de lectura":"4 minutos"},"schema":{"@context":"https:\/\/schema.org","@graph":[{"@type":"Article","@id":"https:\/\/lospoliticosveracruz.com\/?p=110103#article","isPartOf":{"@id":"https:\/\/lospoliticosveracruz.com\/?p=110103"},"author":{"name":"Lo viste en Los Pol\u00edticos","@id":"https:\/\/lospoliticosveracruz.com\/#\/schema\/person\/b8702bb0e538456e6efd07080bf2a4a2"},"headline":"COSTUMBRITAS","datePublished":"2023-08-16T13:32:00+00:00","mainEntityOfPage":{"@id":"https:\/\/lospoliticosveracruz.com\/?p=110103"},"wordCount":722,"publisher":{"@id":"https:\/\/lospoliticosveracruz.com\/#organization"},"keywords":["\u00c1lamo","cuerpos humanos desmembrados","Cuitl\u00e1huac Garc\u00eda Jim\u00e9nez","embolsados","empaquetados","Morena","neveras","Papantla","Poza Rica","Veracruz"],"articleSection":["De Opini\u00f3n"],"inLanguage":"es"},{"@type":"WebPage","@id":"https:\/\/lospoliticosveracruz.com\/?p=110103","url":"https:\/\/lospoliticosveracruz.com\/?p=110103","name":"COSTUMBRITAS - Los pol\u00edticos Veracruz","isPartOf":{"@id":"https:\/\/lospoliticosveracruz.com\/#website"},"datePublished":"2023-08-16T13:32:00+00:00","breadcrumb":{"@id":"https:\/\/lospoliticosveracruz.com\/?p=110103#breadcrumb"},"inLanguage":"es","potentialAction":[{"@type":"ReadAction","target":["https:\/\/lospoliticosveracruz.com\/?p=110103"]}]},{"@type":"BreadcrumbList","@id":"https:\/\/lospoliticosveracruz.com\/?p=110103#breadcrumb","itemListElement":[{"@type":"ListItem","position":1,"name":"Portada","item":"https:\/\/lospoliticosveracruz.com\/"},{"@type":"ListItem","position":2,"name":"COSTUMBRITAS"}]},{"@type":"WebSite","@id":"https:\/\/lospoliticosveracruz.com\/#website","url":"https:\/\/lospoliticosveracruz.com\/","name":"Los pol\u00edticos Veracruz","description":"","publisher":{"@id":"https:\/\/lospoliticosveracruz.com\/#organization"},"potentialAction":[{"@type":"SearchAction","target":{"@type":"EntryPoint","urlTemplate":"https:\/\/lospoliticosveracruz.com\/?s={search_term_string}"},"query-input":{"@type":"PropertyValueSpecification","valueRequired":true,"valueName":"search_term_string"}}],"inLanguage":"es"},{"@type":"Organization","@id":"https:\/\/lospoliticosveracruz.com\/#organization","name":"Los pol\u00edticos Veracruz","url":"https:\/\/lospoliticosveracruz.com\/","logo":{"@type":"ImageObject","inLanguage":"es","@id":"https:\/\/lospoliticosveracruz.com\/#\/schema\/logo\/image\/","url":"https:\/\/lospoliticosveracruz.com\/wp-content\/uploads\/2025\/12\/Logo-Nuevo-LOS-POLITICOS-1.jpg","contentUrl":"https:\/\/lospoliticosveracruz.com\/wp-content\/uploads\/2025\/12\/Logo-Nuevo-LOS-POLITICOS-1.jpg","width":260,"height":70,"caption":"Los pol\u00edticos Veracruz"},"image":{"@id":"https:\/\/lospoliticosveracruz.com\/#\/schema\/logo\/image\/"},"sameAs":["https:\/\/www.facebook.com\/people\/Notimemes-de-los-Polticos\/61565672886568\/","https:\/\/x.com\/LosPoliticosVer"]},{"@type":"Person","@id":"https:\/\/lospoliticosveracruz.com\/#\/schema\/person\/b8702bb0e538456e6efd07080bf2a4a2","name":"Lo viste en Los Pol\u00edticos","image":{"@type":"ImageObject","inLanguage":"es","@id":"https:\/\/secure.gravatar.com\/avatar\/3a8de04a2656d44082be478bd6c086daa447c4651605818287b9532d3d0bd435?s=96&d=mm&r=g","url":"https:\/\/secure.gravatar.com\/avatar\/3a8de04a2656d44082be478bd6c086daa447c4651605818287b9532d3d0bd435?s=96&d=mm&r=g","contentUrl":"https:\/\/secure.gravatar.com\/avatar\/3a8de04a2656d44082be478bd6c086daa447c4651605818287b9532d3d0bd435?s=96&d=mm&r=g","caption":"Lo viste en Los Pol\u00edticos"},"url":"https:\/\/lospoliticosveracruz.com\/?author=2"}]}},"_links":{"self":[{"href":"https:\/\/lospoliticosveracruz.com\/index.php?rest_route=\/wp\/v2\/posts\/110103","targetHints":{"allow":["GET"]}}],"collection":[{"href":"https:\/\/lospoliticosveracruz.com\/index.php?rest_route=\/wp\/v2\/posts"}],"about":[{"href":"https:\/\/lospoliticosveracruz.com\/index.php?rest_route=\/wp\/v2\/types\/post"}],"author":[{"embeddable":true,"href":"https:\/\/lospoliticosveracruz.com\/index.php?rest_route=\/wp\/v2\/users\/2"}],"replies":[{"embeddable":true,"href":"https:\/\/lospoliticosveracruz.com\/index.php?rest_route=%2Fwp%2Fv2%2Fcomments&post=110103"}],"version-history":[{"count":1,"href":"https:\/\/lospoliticosveracruz.com\/index.php?rest_route=\/wp\/v2\/posts\/110103\/revisions"}],"predecessor-version":[{"id":110104,"href":"https:\/\/lospoliticosveracruz.com\/index.php?rest_route=\/wp\/v2\/posts\/110103\/revisions\/110104"}],"wp:attachment":[{"href":"https:\/\/lospoliticosveracruz.com\/index.php?rest_route=%2Fwp%2Fv2%2Fmedia&parent=110103"}],"wp:term":[{"taxonomy":"category","embeddable":true,"href":"https:\/\/lospoliticosveracruz.com\/index.php?rest_route=%2Fwp%2Fv2%2Fcategories&post=110103"},{"taxonomy":"post_tag","embeddable":true,"href":"https:\/\/lospoliticosveracruz.com\/index.php?rest_route=%2Fwp%2Fv2%2Ftags&post=110103"}],"curies":[{"name":"wp","href":"https:\/\/api.w.org\/{rel}","templated":true}]}}