{"id":110110,"date":"2023-08-16T08:48:49","date_gmt":"2023-08-16T13:48:49","guid":{"rendered":"https:\/\/lospoliticosveracruz.com.mx\/?p=110110"},"modified":"2023-08-16T08:48:59","modified_gmt":"2023-08-16T13:48:59","slug":"los-13-de-poza-rica","status":"publish","type":"post","link":"https:\/\/lospoliticosveracruz.com\/?p=110110","title":{"rendered":"LOS 13 DE POZA RICA"},"content":{"rendered":"\n<p><\/p>\n\n\n\n<p><strong>Bernardo Guti\u00e9rrez Parra<br><\/strong><em>Desde el Caf\u00e9<\/em><\/p>\n\n\n\n<p>El primer hecho violento de este a\u00f1o ocurri\u00f3 el 1 de enero en Poza Rica, donde fueron asesinadas ocho personas y dos m\u00e1s resultaron heridas por sujetos armados que irrumpieron en bares de diferentes colonias y dispararon a mansalva contra los parroquianos. A partir de entonces, los ataques a los antros han sido la constante en ese municipio al grado que algunos cerraron \u201ctemporalmente\u201d en lo que las cosas se calmaban.<\/p>\n\n\n<div class=\"wp-block-image\">\n<figure class=\"alignleft size-medium\"><a href=\"https:\/\/lospoliticosveracruz.com.mx\/wp-content\/uploads\/2021\/10\/Zacauilt.jpg\"><img decoding=\"async\" src=\"https:\/\/lospoliticosveracruz.com.mx\/wp-content\/uploads\/2021\/10\/Zacauilt-150x300.jpg\" alt=\"\" class=\"wp-image-80558\"\/><\/a><\/figure>\n<\/div>\n\n\n<p>Pero las cosas no se han calmado, por el contrario, la violencia ha ido en aumento y pr\u00e1cticamente no hay semana en que no se sepa de un hecho sangriento.<\/p>\n\n\n\n<p>El escalofriante hallazgo el domingo anterior de al menos 13 cuerpos desmembrados y metidos en congeladores, no hizo m\u00e1s que reconfirmar que la delincuencia hace lo que se le antoja en Poza Rica y la autoridad nom\u00e1s no puede con ella.<\/p>\n\n\n\n<p>El otrora emporio petrolero vive uno de los momentos m\u00e1s violentos de su historia y el gobierno estatal no sabe por d\u00f3nde parar las masacres. Y menos sabe c\u00f3mo responder al hartazgo ciudadano por tanto muerto.<\/p>\n\n\n\n<p>Cada vez que sucede un hecho sangriento y noticioso, el gobernador agarra a su gabinete de seguridad y se va al municipio afectado como si su presencia hiciera el milagro de parar la violencia. Ayer no fue la excepci\u00f3n y una vez m\u00e1s se aperson\u00f3 en Poza Rica donde prometi\u00f3: \u201cVamos a reforzar la seguridad\u201d.<\/p>\n\n\n\n<p>\u201cEsa cantaleta ya la hemos escuchado, el gobernador la ha dicho al menos en tres ocasiones, pero los asesinatos siguen y las masacres tambi\u00e9n, as\u00ed como el miedo ciudadano. Lo que hay en Poza Rica es colusi\u00f3n entre algunas autoridades con los delincuentes y mientras no se detenga a los responsables, la violencia no va a parar por muchos refuerzos que manden,\u201d me dijo un reportero con quien habl\u00e9 telef\u00f3nicamente ayer.<\/p>\n\n\n\n<p>En lo que va de este a\u00f1o han sido asesinadas 37 personas en Poza Rica presuntamente por \u201cajuste de cuentas\u201d entre delincuentes. De acuerdo con el Sistema Nacional de Seguridad el 2020 fue el a\u00f1o m\u00e1s violento en esa ciudad con 31 homicidios dolosos, pero el 2023 ya lo rebas\u00f3 y a\u00fan le quedan cuatro meses y medio.<\/p>\n\n\n\n<p>Y el resto de la entidad no le va a la zaga.<\/p>\n\n\n\n<p>De acuerdo con Causa en Com\u00fan, de enero a junio de este a\u00f1o se han cometido en Veracruz 110 atrocidades o hechos atroces como masacres, torturas, descuartizamientos y mutilaciones.<\/p>\n\n\n\n<p>Si todo esto se lleva al terreno electoral, mal pinta el panorama para quien sea el candidato de Morena a la gubernatura. Y p\u00e9simo si se le ocurre decir que dar\u00e1 continuidad a la 4T porque \u00bfqui\u00e9n en su sano juicio va a querer que contin\u00faen los secuestros, las violaciones, los femincidios, las masacres, las desapariciones y los desmembrados?<\/p>\n\n\n\n<p>El hallazgo en Poza Rica es una bestial atrocidad que de seguro va a crecer en n\u00famero de v\u00edctimas porque (aunque es de desearse que ya ni uno m\u00e1s), quiz\u00e1 sean m\u00e1s de 13 los cuerpos cercenados. Y esto le pegar\u00e1 negativamente y de manera irremediable al gobierno de Cuitl\u00e1huac, pero sobre todo, al candidato o candidata de Morena.<\/p>\n\n\n\n<p>Y es que Cuitl\u00e1huac le dejar\u00e1 un estado m\u00e1s violento e inseguro que el que dej\u00f3 Javier Duarte, un gobierno m\u00e1s atascado de corrupci\u00f3n de la que hubo con Duarte y de ribete la popularidad del propio gobernador como uno de los peores del pa\u00eds y sin duda el peor de Veracruz.<\/p>\n\n\n\n<p>Y a ver qui\u00e9n es el guapo o la guapa que aguantar\u00e1 tanto lastre.<\/p>\n\n\n\n<p><strong>Otorga la UX doctorado a Jos\u00e9 Luis Lima Franco<\/strong><\/p>\n\n\n\n<p>El titular de la Secretar\u00eda de Finanzas y Planeaci\u00f3n, Jos\u00e9 Luis Lima Franco, agreg\u00f3 un blas\u00f3n m\u00e1s a sus m\u00e9ritos profesionales ya que obtuvo de la Universidad de Xalapa el grado de Doctor en Ciencias Econ\u00f3micas y Empresariales.<\/p>\n\n\n\n<p>El economista veracruzano present\u00f3 este lunes 14 de agosto ante las autoridades universitarias su tesis doctoral: Incidencia del gasto en infrasetructura como detonador del desarrollo y crecimiento econ\u00f3mico municipal, Veracruz 2015-2021, por la cual le fue otorgado el t\u00edtulo y el reconocimiento de la academia.<\/p>\n\n\n\n<p>Este grado doctoral reafirma la autoridad en materia financiera y de pol\u00edticas p\u00fablicas del pol\u00edtico pozarricense, que destaca por sus competencias y vocaci\u00f3n social, siempre con base en conocimientos s\u00f3lidos.<\/p>\n\n\n\n<p>bernardogup@hotmail.com<\/p>\n","protected":false},"excerpt":{"rendered":"<p>Bernardo Guti\u00e9rrez ParraDesde el Caf\u00e9 El primer hecho violento de este a\u00f1o ocurri\u00f3 el 1 de enero en Poza Rica, donde fueron asesinadas ocho personas y dos m\u00e1s resultaron heridas por sujetos armados que irrumpieron en bares de diferentes colonias y dispararon a mansalva contra los parroquianos. A partir de entonces, los ataques a los [&hellip;]<\/p>\n","protected":false},"author":2,"featured_media":0,"comment_status":"closed","ping_status":"closed","sticky":false,"template":"","format":"standard","meta":{"tdm_status":"","tdm_grid_status":"","footnotes":""},"categories":[70],"tags":[34206,1563,13713,1026,1267,195],"class_list":{"0":"post-110110","1":"post","2":"type-post","3":"status-publish","4":"format-standard","6":"category-de-opinion","7":"tag-bernardo-gutierrez-parra","8":"tag-cuitlahuac-garcia-jimenez","9":"tag-jose-luis-lima-franco","10":"tag-morena","11":"tag-poza-rica","12":"tag-veracruz"},"yoast_head":"<!-- This site is optimized with the Yoast SEO plugin v27.4 - https:\/\/yoast.com\/product\/yoast-seo-wordpress\/ -->\n<title>LOS 13 DE POZA RICA - Los pol\u00edticos Veracruz<\/title>\n<meta name=\"robots\" content=\"index, follow, max-snippet:-1, max-image-preview:large, max-video-preview:-1\" \/>\n<link rel=\"canonical\" href=\"https:\/\/lospoliticosveracruz.com\/?p=110110\" \/>\n<meta property=\"og:locale\" content=\"es_ES\" \/>\n<meta property=\"og:type\" content=\"article\" \/>\n<meta property=\"og:title\" content=\"LOS 13 DE POZA RICA - Los pol\u00edticos Veracruz\" \/>\n<meta property=\"og:description\" content=\"Bernardo Guti\u00e9rrez ParraDesde el Caf\u00e9 El primer hecho violento de este a\u00f1o ocurri\u00f3 el 1 de enero en Poza Rica, donde fueron asesinadas ocho personas y dos m\u00e1s resultaron heridas por sujetos armados que irrumpieron en bares de diferentes colonias y dispararon a mansalva contra los parroquianos. A partir de entonces, los ataques a los [&hellip;]\" \/>\n<meta property=\"og:url\" content=\"https:\/\/lospoliticosveracruz.com\/?p=110110\" \/>\n<meta property=\"og:site_name\" content=\"Los pol\u00edticos Veracruz\" \/>\n<meta property=\"article:publisher\" content=\"https:\/\/www.facebook.com\/people\/Notimemes-de-los-Polticos\/61565672886568\/\" \/>\n<meta property=\"article:published_time\" content=\"2023-08-16T13:48:49+00:00\" \/>\n<meta property=\"article:modified_time\" content=\"2023-08-16T13:48:59+00:00\" \/>\n<meta property=\"og:image\" content=\"https:\/\/lospoliticosveracruz.com.mx\/wp-content\/uploads\/2021\/10\/Zacauilt-150x300.jpg\" \/>\n<meta name=\"author\" content=\"Lo viste en Los Pol\u00edticos\" \/>\n<meta name=\"twitter:card\" content=\"summary_large_image\" \/>\n<meta name=\"twitter:creator\" content=\"@LosPoliticosVer\" \/>\n<meta name=\"twitter:site\" content=\"@LosPoliticosVer\" \/>\n<meta name=\"twitter:label1\" content=\"Escrito por\" \/>\n\t<meta name=\"twitter:data1\" content=\"Lo viste en Los Pol\u00edticos\" \/>\n\t<meta name=\"twitter:label2\" content=\"Tiempo de lectura\" \/>\n\t<meta name=\"twitter:data2\" content=\"4 minutos\" \/>\n<script type=\"application\/ld+json\" class=\"yoast-schema-graph\">{\"@context\":\"https:\\\/\\\/schema.org\",\"@graph\":[{\"@type\":\"Article\",\"@id\":\"https:\\\/\\\/lospoliticosveracruz.com\\\/?p=110110#article\",\"isPartOf\":{\"@id\":\"https:\\\/\\\/lospoliticosveracruz.com\\\/?p=110110\"},\"author\":{\"name\":\"Lo viste en Los Pol\u00edticos\",\"@id\":\"https:\\\/\\\/lospoliticosveracruz.com\\\/#\\\/schema\\\/person\\\/b8702bb0e538456e6efd07080bf2a4a2\"},\"headline\":\"LOS 13 DE POZA RICA\",\"datePublished\":\"2023-08-16T13:48:49+00:00\",\"dateModified\":\"2023-08-16T13:48:59+00:00\",\"mainEntityOfPage\":{\"@id\":\"https:\\\/\\\/lospoliticosveracruz.com\\\/?p=110110\"},\"wordCount\":760,\"publisher\":{\"@id\":\"https:\\\/\\\/lospoliticosveracruz.com\\\/#organization\"},\"image\":{\"@id\":\"https:\\\/\\\/lospoliticosveracruz.com\\\/?p=110110#primaryimage\"},\"thumbnailUrl\":\"https:\\\/\\\/lospoliticosveracruz.com.mx\\\/wp-content\\\/uploads\\\/2021\\\/10\\\/Zacauilt-150x300.jpg\",\"keywords\":[\"Bernardo Guti\u00e9rrez Parra\",\"Cuitl\u00e1huac Garc\u00eda Jim\u00e9nez\",\"Jos\u00e9 Luis Lima Franco\",\"Morena\",\"Poza Rica\",\"Veracruz\"],\"articleSection\":[\"De Opini\u00f3n\"],\"inLanguage\":\"es\"},{\"@type\":\"WebPage\",\"@id\":\"https:\\\/\\\/lospoliticosveracruz.com\\\/?p=110110\",\"url\":\"https:\\\/\\\/lospoliticosveracruz.com\\\/?p=110110\",\"name\":\"LOS 13 DE POZA RICA - Los pol\u00edticos Veracruz\",\"isPartOf\":{\"@id\":\"https:\\\/\\\/lospoliticosveracruz.com\\\/#website\"},\"primaryImageOfPage\":{\"@id\":\"https:\\\/\\\/lospoliticosveracruz.com\\\/?p=110110#primaryimage\"},\"image\":{\"@id\":\"https:\\\/\\\/lospoliticosveracruz.com\\\/?p=110110#primaryimage\"},\"thumbnailUrl\":\"https:\\\/\\\/lospoliticosveracruz.com.mx\\\/wp-content\\\/uploads\\\/2021\\\/10\\\/Zacauilt-150x300.jpg\",\"datePublished\":\"2023-08-16T13:48:49+00:00\",\"dateModified\":\"2023-08-16T13:48:59+00:00\",\"breadcrumb\":{\"@id\":\"https:\\\/\\\/lospoliticosveracruz.com\\\/?p=110110#breadcrumb\"},\"inLanguage\":\"es\",\"potentialAction\":[{\"@type\":\"ReadAction\",\"target\":[\"https:\\\/\\\/lospoliticosveracruz.com\\\/?p=110110\"]}]},{\"@type\":\"ImageObject\",\"inLanguage\":\"es\",\"@id\":\"https:\\\/\\\/lospoliticosveracruz.com\\\/?p=110110#primaryimage\",\"url\":\"https:\\\/\\\/lospoliticosveracruz.com.mx\\\/wp-content\\\/uploads\\\/2021\\\/10\\\/Zacauilt-150x300.jpg\",\"contentUrl\":\"https:\\\/\\\/lospoliticosveracruz.com.mx\\\/wp-content\\\/uploads\\\/2021\\\/10\\\/Zacauilt-150x300.jpg\"},{\"@type\":\"BreadcrumbList\",\"@id\":\"https:\\\/\\\/lospoliticosveracruz.com\\\/?p=110110#breadcrumb\",\"itemListElement\":[{\"@type\":\"ListItem\",\"position\":1,\"name\":\"Portada\",\"item\":\"https:\\\/\\\/lospoliticosveracruz.com\\\/\"},{\"@type\":\"ListItem\",\"position\":2,\"name\":\"LOS 13 DE POZA RICA\"}]},{\"@type\":\"WebSite\",\"@id\":\"https:\\\/\\\/lospoliticosveracruz.com\\\/#website\",\"url\":\"https:\\\/\\\/lospoliticosveracruz.com\\\/\",\"name\":\"Los pol\u00edticos Veracruz\",\"description\":\"\",\"publisher\":{\"@id\":\"https:\\\/\\\/lospoliticosveracruz.com\\\/#organization\"},\"potentialAction\":[{\"@type\":\"SearchAction\",\"target\":{\"@type\":\"EntryPoint\",\"urlTemplate\":\"https:\\\/\\\/lospoliticosveracruz.com\\\/?s={search_term_string}\"},\"query-input\":{\"@type\":\"PropertyValueSpecification\",\"valueRequired\":true,\"valueName\":\"search_term_string\"}}],\"inLanguage\":\"es\"},{\"@type\":\"Organization\",\"@id\":\"https:\\\/\\\/lospoliticosveracruz.com\\\/#organization\",\"name\":\"Los pol\u00edticos Veracruz\",\"url\":\"https:\\\/\\\/lospoliticosveracruz.com\\\/\",\"logo\":{\"@type\":\"ImageObject\",\"inLanguage\":\"es\",\"@id\":\"https:\\\/\\\/lospoliticosveracruz.com\\\/#\\\/schema\\\/logo\\\/image\\\/\",\"url\":\"https:\\\/\\\/lospoliticosveracruz.com\\\/wp-content\\\/uploads\\\/2025\\\/12\\\/Logo-Nuevo-LOS-POLITICOS-1.jpg\",\"contentUrl\":\"https:\\\/\\\/lospoliticosveracruz.com\\\/wp-content\\\/uploads\\\/2025\\\/12\\\/Logo-Nuevo-LOS-POLITICOS-1.jpg\",\"width\":260,\"height\":70,\"caption\":\"Los pol\u00edticos Veracruz\"},\"image\":{\"@id\":\"https:\\\/\\\/lospoliticosveracruz.com\\\/#\\\/schema\\\/logo\\\/image\\\/\"},\"sameAs\":[\"https:\\\/\\\/www.facebook.com\\\/people\\\/Notimemes-de-los-Polticos\\\/61565672886568\\\/\",\"https:\\\/\\\/x.com\\\/LosPoliticosVer\"]},{\"@type\":\"Person\",\"@id\":\"https:\\\/\\\/lospoliticosveracruz.com\\\/#\\\/schema\\\/person\\\/b8702bb0e538456e6efd07080bf2a4a2\",\"name\":\"Lo viste en Los Pol\u00edticos\",\"image\":{\"@type\":\"ImageObject\",\"inLanguage\":\"es\",\"@id\":\"https:\\\/\\\/secure.gravatar.com\\\/avatar\\\/3a8de04a2656d44082be478bd6c086daa447c4651605818287b9532d3d0bd435?s=96&d=mm&r=g\",\"url\":\"https:\\\/\\\/secure.gravatar.com\\\/avatar\\\/3a8de04a2656d44082be478bd6c086daa447c4651605818287b9532d3d0bd435?s=96&d=mm&r=g\",\"contentUrl\":\"https:\\\/\\\/secure.gravatar.com\\\/avatar\\\/3a8de04a2656d44082be478bd6c086daa447c4651605818287b9532d3d0bd435?s=96&d=mm&r=g\",\"caption\":\"Lo viste en Los Pol\u00edticos\"},\"url\":\"https:\\\/\\\/lospoliticosveracruz.com\\\/?author=2\"}]}<\/script>\n<!-- \/ Yoast SEO plugin. -->","yoast_head_json":{"title":"LOS 13 DE POZA RICA - Los pol\u00edticos Veracruz","robots":{"index":"index","follow":"follow","max-snippet":"max-snippet:-1","max-image-preview":"max-image-preview:large","max-video-preview":"max-video-preview:-1"},"canonical":"https:\/\/lospoliticosveracruz.com\/?p=110110","og_locale":"es_ES","og_type":"article","og_title":"LOS 13 DE POZA RICA - Los pol\u00edticos Veracruz","og_description":"Bernardo Guti\u00e9rrez ParraDesde el Caf\u00e9 El primer hecho violento de este a\u00f1o ocurri\u00f3 el 1 de enero en Poza Rica, donde fueron asesinadas ocho personas y dos m\u00e1s resultaron heridas por sujetos armados que irrumpieron en bares de diferentes colonias y dispararon a mansalva contra los parroquianos. A partir de entonces, los ataques a los [&hellip;]","og_url":"https:\/\/lospoliticosveracruz.com\/?p=110110","og_site_name":"Los pol\u00edticos Veracruz","article_publisher":"https:\/\/www.facebook.com\/people\/Notimemes-de-los-Polticos\/61565672886568\/","article_published_time":"2023-08-16T13:48:49+00:00","article_modified_time":"2023-08-16T13:48:59+00:00","og_image":[{"url":"https:\/\/lospoliticosveracruz.com.mx\/wp-content\/uploads\/2021\/10\/Zacauilt-150x300.jpg","type":"","width":"","height":""}],"author":"Lo viste en Los Pol\u00edticos","twitter_card":"summary_large_image","twitter_creator":"@LosPoliticosVer","twitter_site":"@LosPoliticosVer","twitter_misc":{"Escrito por":"Lo viste en Los Pol\u00edticos","Tiempo de lectura":"4 minutos"},"schema":{"@context":"https:\/\/schema.org","@graph":[{"@type":"Article","@id":"https:\/\/lospoliticosveracruz.com\/?p=110110#article","isPartOf":{"@id":"https:\/\/lospoliticosveracruz.com\/?p=110110"},"author":{"name":"Lo viste en Los Pol\u00edticos","@id":"https:\/\/lospoliticosveracruz.com\/#\/schema\/person\/b8702bb0e538456e6efd07080bf2a4a2"},"headline":"LOS 13 DE POZA RICA","datePublished":"2023-08-16T13:48:49+00:00","dateModified":"2023-08-16T13:48:59+00:00","mainEntityOfPage":{"@id":"https:\/\/lospoliticosveracruz.com\/?p=110110"},"wordCount":760,"publisher":{"@id":"https:\/\/lospoliticosveracruz.com\/#organization"},"image":{"@id":"https:\/\/lospoliticosveracruz.com\/?p=110110#primaryimage"},"thumbnailUrl":"https:\/\/lospoliticosveracruz.com.mx\/wp-content\/uploads\/2021\/10\/Zacauilt-150x300.jpg","keywords":["Bernardo Guti\u00e9rrez Parra","Cuitl\u00e1huac Garc\u00eda Jim\u00e9nez","Jos\u00e9 Luis Lima Franco","Morena","Poza Rica","Veracruz"],"articleSection":["De Opini\u00f3n"],"inLanguage":"es"},{"@type":"WebPage","@id":"https:\/\/lospoliticosveracruz.com\/?p=110110","url":"https:\/\/lospoliticosveracruz.com\/?p=110110","name":"LOS 13 DE POZA RICA - Los pol\u00edticos Veracruz","isPartOf":{"@id":"https:\/\/lospoliticosveracruz.com\/#website"},"primaryImageOfPage":{"@id":"https:\/\/lospoliticosveracruz.com\/?p=110110#primaryimage"},"image":{"@id":"https:\/\/lospoliticosveracruz.com\/?p=110110#primaryimage"},"thumbnailUrl":"https:\/\/lospoliticosveracruz.com.mx\/wp-content\/uploads\/2021\/10\/Zacauilt-150x300.jpg","datePublished":"2023-08-16T13:48:49+00:00","dateModified":"2023-08-16T13:48:59+00:00","breadcrumb":{"@id":"https:\/\/lospoliticosveracruz.com\/?p=110110#breadcrumb"},"inLanguage":"es","potentialAction":[{"@type":"ReadAction","target":["https:\/\/lospoliticosveracruz.com\/?p=110110"]}]},{"@type":"ImageObject","inLanguage":"es","@id":"https:\/\/lospoliticosveracruz.com\/?p=110110#primaryimage","url":"https:\/\/lospoliticosveracruz.com.mx\/wp-content\/uploads\/2021\/10\/Zacauilt-150x300.jpg","contentUrl":"https:\/\/lospoliticosveracruz.com.mx\/wp-content\/uploads\/2021\/10\/Zacauilt-150x300.jpg"},{"@type":"BreadcrumbList","@id":"https:\/\/lospoliticosveracruz.com\/?p=110110#breadcrumb","itemListElement":[{"@type":"ListItem","position":1,"name":"Portada","item":"https:\/\/lospoliticosveracruz.com\/"},{"@type":"ListItem","position":2,"name":"LOS 13 DE POZA RICA"}]},{"@type":"WebSite","@id":"https:\/\/lospoliticosveracruz.com\/#website","url":"https:\/\/lospoliticosveracruz.com\/","name":"Los pol\u00edticos Veracruz","description":"","publisher":{"@id":"https:\/\/lospoliticosveracruz.com\/#organization"},"potentialAction":[{"@type":"SearchAction","target":{"@type":"EntryPoint","urlTemplate":"https:\/\/lospoliticosveracruz.com\/?s={search_term_string}"},"query-input":{"@type":"PropertyValueSpecification","valueRequired":true,"valueName":"search_term_string"}}],"inLanguage":"es"},{"@type":"Organization","@id":"https:\/\/lospoliticosveracruz.com\/#organization","name":"Los pol\u00edticos Veracruz","url":"https:\/\/lospoliticosveracruz.com\/","logo":{"@type":"ImageObject","inLanguage":"es","@id":"https:\/\/lospoliticosveracruz.com\/#\/schema\/logo\/image\/","url":"https:\/\/lospoliticosveracruz.com\/wp-content\/uploads\/2025\/12\/Logo-Nuevo-LOS-POLITICOS-1.jpg","contentUrl":"https:\/\/lospoliticosveracruz.com\/wp-content\/uploads\/2025\/12\/Logo-Nuevo-LOS-POLITICOS-1.jpg","width":260,"height":70,"caption":"Los pol\u00edticos Veracruz"},"image":{"@id":"https:\/\/lospoliticosveracruz.com\/#\/schema\/logo\/image\/"},"sameAs":["https:\/\/www.facebook.com\/people\/Notimemes-de-los-Polticos\/61565672886568\/","https:\/\/x.com\/LosPoliticosVer"]},{"@type":"Person","@id":"https:\/\/lospoliticosveracruz.com\/#\/schema\/person\/b8702bb0e538456e6efd07080bf2a4a2","name":"Lo viste en Los Pol\u00edticos","image":{"@type":"ImageObject","inLanguage":"es","@id":"https:\/\/secure.gravatar.com\/avatar\/3a8de04a2656d44082be478bd6c086daa447c4651605818287b9532d3d0bd435?s=96&d=mm&r=g","url":"https:\/\/secure.gravatar.com\/avatar\/3a8de04a2656d44082be478bd6c086daa447c4651605818287b9532d3d0bd435?s=96&d=mm&r=g","contentUrl":"https:\/\/secure.gravatar.com\/avatar\/3a8de04a2656d44082be478bd6c086daa447c4651605818287b9532d3d0bd435?s=96&d=mm&r=g","caption":"Lo viste en Los Pol\u00edticos"},"url":"https:\/\/lospoliticosveracruz.com\/?author=2"}]}},"_links":{"self":[{"href":"https:\/\/lospoliticosveracruz.com\/index.php?rest_route=\/wp\/v2\/posts\/110110","targetHints":{"allow":["GET"]}}],"collection":[{"href":"https:\/\/lospoliticosveracruz.com\/index.php?rest_route=\/wp\/v2\/posts"}],"about":[{"href":"https:\/\/lospoliticosveracruz.com\/index.php?rest_route=\/wp\/v2\/types\/post"}],"author":[{"embeddable":true,"href":"https:\/\/lospoliticosveracruz.com\/index.php?rest_route=\/wp\/v2\/users\/2"}],"replies":[{"embeddable":true,"href":"https:\/\/lospoliticosveracruz.com\/index.php?rest_route=%2Fwp%2Fv2%2Fcomments&post=110110"}],"version-history":[{"count":1,"href":"https:\/\/lospoliticosveracruz.com\/index.php?rest_route=\/wp\/v2\/posts\/110110\/revisions"}],"predecessor-version":[{"id":110111,"href":"https:\/\/lospoliticosveracruz.com\/index.php?rest_route=\/wp\/v2\/posts\/110110\/revisions\/110111"}],"wp:attachment":[{"href":"https:\/\/lospoliticosveracruz.com\/index.php?rest_route=%2Fwp%2Fv2%2Fmedia&parent=110110"}],"wp:term":[{"taxonomy":"category","embeddable":true,"href":"https:\/\/lospoliticosveracruz.com\/index.php?rest_route=%2Fwp%2Fv2%2Fcategories&post=110110"},{"taxonomy":"post_tag","embeddable":true,"href":"https:\/\/lospoliticosveracruz.com\/index.php?rest_route=%2Fwp%2Fv2%2Ftags&post=110110"}],"curies":[{"name":"wp","href":"https:\/\/api.w.org\/{rel}","templated":true}]}}