{"id":110118,"date":"2023-08-16T09:25:12","date_gmt":"2023-08-16T14:25:12","guid":{"rendered":"https:\/\/lospoliticosveracruz.com.mx\/?p=110118"},"modified":"2023-08-16T09:25:21","modified_gmt":"2023-08-16T14:25:21","slug":"ser-testigo-de-absoluta-confusion","status":"publish","type":"post","link":"https:\/\/lospoliticosveracruz.com\/?p=110118","title":{"rendered":"SER TESTIGO DE ABSOLUTA CONFUSI\u00d3N"},"content":{"rendered":"\n<p><\/p>\n\n\n\n<p><strong>Julio Vallejo<br><\/strong><em>La l\u00ednea delgada entre mi opini\u00f3n y la tuya<\/em><\/p>\n\n\n\n<p>\u00a0<br>Durante una tormentosa noche, recuerdo escuchar un par de taconazos color rojo, guiados por unas piernas que sol\u00edan bailar sobre el empedrado de la calle.<br>La intensa lluvia no dejaba apreciar si se trataba de una mujer o un hombre. La noche era m\u00e1s que oscura; era la c\u00f3mplice de la sexualidad de un ser humano viajando por el tiempo despu\u00e9s de una parranda.<br>Al llegar el transexual a su hogar solo se escuch\u00f3 una fuerte discusi\u00f3n con el hermano mayor.<\/p>\n\n\n\n<figure class=\"wp-block-image size-large\"><a href=\"https:\/\/lospoliticosveracruz.com.mx\/wp-content\/uploads\/2016\/07\/Seguro-Julio-Cerecedo-2.jpg\"><img decoding=\"async\" src=\"https:\/\/lospoliticosveracruz.com.mx\/wp-content\/uploads\/2016\/07\/Seguro-Julio-Cerecedo-2-1024x381.jpg\" alt=\"\" class=\"wp-image-105879\"\/><\/a><\/figure>\n\n\n\n<p><br>Como primer acto, las zapatillas de punta sal\u00edan volando por la ventana de la casa. Poco a poco se descubr\u00eda la identidad de esta persona al quedarse sin cabellera y, cambiando el delineador de los ojos por moretones, sangre sal\u00eda de sus labios. Una micropigmentacion tan natural pero menos sensual de aquel color rojo turbaci\u00f3n del \u00e1nimo deshonroso por verse vestido de mujer.<br>\u00bfLecci\u00f3n positiva de los estragos?<br>Cuando la historia te cobra en el momento justo, qui\u00e9n iba a pensar que ese \u201chombre machista\u201d -oto\u00f1os m\u00e1s adelante- la vida se lo cobrar\u00eda teniendo un hijo homosexual. A partir de aquel d\u00eda, no habr\u00eda nada que se pudiera decir para calmar su coraje. Es m\u00e1s, ni recurrir al alcohol le ayudar\u00eda a lamer sus heridas homof\u00f3bicas.<br>Miradas que demuestran confusi\u00f3n.<br>El domingo pasado un reality show llamado, \u201cLa Casa de los Famosos M\u00e9xico\u201d hecho por Televisa, dar\u00eda el primer lugar a Wendy Guevara con la cantidad de 18 millones de llamadas telef\u00f3nicas convertidas en votos.<br>Sin duda alguna, la chica tambi\u00e9n gan\u00f3 por su carisma, ocurrencias y contando cosas de su vida personal, con la que m\u00e1s de un televidente se identific\u00f3.<br>Fen\u00f3meno para el p\u00fablico.<br>Ojo. No se trata de victimizar a este sector, como tambi\u00e9n no se vale que una casa productora y generadora de contenido hagan otra telenovela para \u201cincluir\u201d a cierto segmento de la poblaci\u00f3n.<br>Si lo ponemos bajo un contexto pol\u00edtico, el objetivo de la integraci\u00f3n de la comunidad LGBTIQ+ en LCDLFM es lavarles el cerebro a los televidentes para que este sector sea aceptado en un pa\u00eds machista y transf\u00f3bico, sin hacer \u00e9nfasis en su lucha contra la discriminaci\u00f3n y hacer una caricatura de su esperanza y resistencia.<br>Hay que recordar que hace un par de a\u00f1os, esta misma televisora fabric\u00f3 una telenovela que nos enjaret\u00f3 a una actriz como primera dama, dando como resultado un presidente de la Rep\u00fablica. Nos referimos a Enrique Pe\u00f1a Nieto quien, en todo momento m\u00e1s all\u00e1 de gobernar, solo nos dej\u00f3 una telenovela pol\u00edtica m\u00e1s.<br>Con esta inclusi\u00f3n no quiero pensar que nos quieran vender espejitos para que la sociedad se prepare y acepte que nos gobierne una mujer &#8211; que no ser\u00eda malo, aclaro-, pero este fen\u00f3meno que dej\u00f3 Wendy va m\u00e1s all\u00e1 de un simple show medi\u00e1tico. \u00bfQu\u00e9 opinas o c\u00f3mo nos afecta este tipo de situaciones?<br>Yo, por lo pronto, mis dudas se disipar\u00e1n lentamente, conforme pase el tiempo.<\/p>\n","protected":false},"excerpt":{"rendered":"<p>Julio VallejoLa l\u00ednea delgada entre mi opini\u00f3n y la tuya \u00a0Durante una tormentosa noche, recuerdo escuchar un par de taconazos color rojo, guiados por unas piernas que sol\u00edan bailar sobre el empedrado de la calle.La intensa lluvia no dejaba apreciar si se trataba de una mujer o un hombre. La noche era m\u00e1s que oscura; [&hellip;]<\/p>\n","protected":false},"author":2,"featured_media":0,"comment_status":"closed","ping_status":"closed","sticky":false,"template":"","format":"standard","meta":{"tdm_status":"","tdm_grid_status":"","footnotes":""},"categories":[70],"tags":[32927,39047,39046],"class_list":{"0":"post-110118","1":"post","2":"type-post","3":"status-publish","4":"format-standard","6":"category-de-opinion","7":"tag-julio-vallejo","8":"tag-la-casa-de-los-famosos-mexico","9":"tag-transexual"},"yoast_head":"<!-- This site is optimized with the Yoast SEO plugin v27.4 - https:\/\/yoast.com\/product\/yoast-seo-wordpress\/ -->\n<title>SER TESTIGO DE ABSOLUTA CONFUSI\u00d3N - Los pol\u00edticos Veracruz<\/title>\n<meta name=\"robots\" content=\"index, follow, max-snippet:-1, max-image-preview:large, max-video-preview:-1\" \/>\n<link rel=\"canonical\" href=\"https:\/\/lospoliticosveracruz.com\/?p=110118\" \/>\n<meta property=\"og:locale\" content=\"es_ES\" \/>\n<meta property=\"og:type\" content=\"article\" \/>\n<meta property=\"og:title\" content=\"SER TESTIGO DE ABSOLUTA CONFUSI\u00d3N - Los pol\u00edticos Veracruz\" \/>\n<meta property=\"og:description\" content=\"Julio VallejoLa l\u00ednea delgada entre mi opini\u00f3n y la tuya \u00a0Durante una tormentosa noche, recuerdo escuchar un par de taconazos color rojo, guiados por unas piernas que sol\u00edan bailar sobre el empedrado de la calle.La intensa lluvia no dejaba apreciar si se trataba de una mujer o un hombre. La noche era m\u00e1s que oscura; [&hellip;]\" \/>\n<meta property=\"og:url\" content=\"https:\/\/lospoliticosveracruz.com\/?p=110118\" \/>\n<meta property=\"og:site_name\" content=\"Los pol\u00edticos Veracruz\" \/>\n<meta property=\"article:publisher\" content=\"https:\/\/www.facebook.com\/people\/Notimemes-de-los-Polticos\/61565672886568\/\" \/>\n<meta property=\"article:published_time\" content=\"2023-08-16T14:25:12+00:00\" \/>\n<meta property=\"article:modified_time\" content=\"2023-08-16T14:25:21+00:00\" \/>\n<meta property=\"og:image\" content=\"https:\/\/lospoliticosveracruz.com.mx\/wp-content\/uploads\/2016\/07\/Seguro-Julio-Cerecedo-2-1024x381.jpg\" \/>\n<meta name=\"author\" content=\"Lo viste en Los Pol\u00edticos\" \/>\n<meta name=\"twitter:card\" content=\"summary_large_image\" \/>\n<meta name=\"twitter:creator\" content=\"@LosPoliticosVer\" \/>\n<meta name=\"twitter:site\" content=\"@LosPoliticosVer\" \/>\n<meta name=\"twitter:label1\" content=\"Escrito por\" \/>\n\t<meta name=\"twitter:data1\" content=\"Lo viste en Los Pol\u00edticos\" \/>\n\t<meta name=\"twitter:label2\" content=\"Tiempo de lectura\" \/>\n\t<meta name=\"twitter:data2\" content=\"3 minutos\" \/>\n<script type=\"application\/ld+json\" class=\"yoast-schema-graph\">{\"@context\":\"https:\\\/\\\/schema.org\",\"@graph\":[{\"@type\":\"Article\",\"@id\":\"https:\\\/\\\/lospoliticosveracruz.com\\\/?p=110118#article\",\"isPartOf\":{\"@id\":\"https:\\\/\\\/lospoliticosveracruz.com\\\/?p=110118\"},\"author\":{\"name\":\"Lo viste en Los Pol\u00edticos\",\"@id\":\"https:\\\/\\\/lospoliticosveracruz.com\\\/#\\\/schema\\\/person\\\/b8702bb0e538456e6efd07080bf2a4a2\"},\"headline\":\"SER TESTIGO DE ABSOLUTA CONFUSI\u00d3N\",\"datePublished\":\"2023-08-16T14:25:12+00:00\",\"dateModified\":\"2023-08-16T14:25:21+00:00\",\"mainEntityOfPage\":{\"@id\":\"https:\\\/\\\/lospoliticosveracruz.com\\\/?p=110118\"},\"wordCount\":550,\"publisher\":{\"@id\":\"https:\\\/\\\/lospoliticosveracruz.com\\\/#organization\"},\"image\":{\"@id\":\"https:\\\/\\\/lospoliticosveracruz.com\\\/?p=110118#primaryimage\"},\"thumbnailUrl\":\"https:\\\/\\\/lospoliticosveracruz.com.mx\\\/wp-content\\\/uploads\\\/2016\\\/07\\\/Seguro-Julio-Cerecedo-2-1024x381.jpg\",\"keywords\":[\"Julio Vallejo\",\"La Casa de los Famosos M\u00e9xico\",\"transexual\"],\"articleSection\":[\"De Opini\u00f3n\"],\"inLanguage\":\"es\"},{\"@type\":\"WebPage\",\"@id\":\"https:\\\/\\\/lospoliticosveracruz.com\\\/?p=110118\",\"url\":\"https:\\\/\\\/lospoliticosveracruz.com\\\/?p=110118\",\"name\":\"SER TESTIGO DE ABSOLUTA CONFUSI\u00d3N - Los pol\u00edticos Veracruz\",\"isPartOf\":{\"@id\":\"https:\\\/\\\/lospoliticosveracruz.com\\\/#website\"},\"primaryImageOfPage\":{\"@id\":\"https:\\\/\\\/lospoliticosveracruz.com\\\/?p=110118#primaryimage\"},\"image\":{\"@id\":\"https:\\\/\\\/lospoliticosveracruz.com\\\/?p=110118#primaryimage\"},\"thumbnailUrl\":\"https:\\\/\\\/lospoliticosveracruz.com.mx\\\/wp-content\\\/uploads\\\/2016\\\/07\\\/Seguro-Julio-Cerecedo-2-1024x381.jpg\",\"datePublished\":\"2023-08-16T14:25:12+00:00\",\"dateModified\":\"2023-08-16T14:25:21+00:00\",\"breadcrumb\":{\"@id\":\"https:\\\/\\\/lospoliticosveracruz.com\\\/?p=110118#breadcrumb\"},\"inLanguage\":\"es\",\"potentialAction\":[{\"@type\":\"ReadAction\",\"target\":[\"https:\\\/\\\/lospoliticosveracruz.com\\\/?p=110118\"]}]},{\"@type\":\"ImageObject\",\"inLanguage\":\"es\",\"@id\":\"https:\\\/\\\/lospoliticosveracruz.com\\\/?p=110118#primaryimage\",\"url\":\"https:\\\/\\\/lospoliticosveracruz.com.mx\\\/wp-content\\\/uploads\\\/2016\\\/07\\\/Seguro-Julio-Cerecedo-2-1024x381.jpg\",\"contentUrl\":\"https:\\\/\\\/lospoliticosveracruz.com.mx\\\/wp-content\\\/uploads\\\/2016\\\/07\\\/Seguro-Julio-Cerecedo-2-1024x381.jpg\"},{\"@type\":\"BreadcrumbList\",\"@id\":\"https:\\\/\\\/lospoliticosveracruz.com\\\/?p=110118#breadcrumb\",\"itemListElement\":[{\"@type\":\"ListItem\",\"position\":1,\"name\":\"Portada\",\"item\":\"https:\\\/\\\/lospoliticosveracruz.com\\\/\"},{\"@type\":\"ListItem\",\"position\":2,\"name\":\"SER TESTIGO DE ABSOLUTA CONFUSI\u00d3N\"}]},{\"@type\":\"WebSite\",\"@id\":\"https:\\\/\\\/lospoliticosveracruz.com\\\/#website\",\"url\":\"https:\\\/\\\/lospoliticosveracruz.com\\\/\",\"name\":\"Los pol\u00edticos Veracruz\",\"description\":\"\",\"publisher\":{\"@id\":\"https:\\\/\\\/lospoliticosveracruz.com\\\/#organization\"},\"potentialAction\":[{\"@type\":\"SearchAction\",\"target\":{\"@type\":\"EntryPoint\",\"urlTemplate\":\"https:\\\/\\\/lospoliticosveracruz.com\\\/?s={search_term_string}\"},\"query-input\":{\"@type\":\"PropertyValueSpecification\",\"valueRequired\":true,\"valueName\":\"search_term_string\"}}],\"inLanguage\":\"es\"},{\"@type\":\"Organization\",\"@id\":\"https:\\\/\\\/lospoliticosveracruz.com\\\/#organization\",\"name\":\"Los pol\u00edticos Veracruz\",\"url\":\"https:\\\/\\\/lospoliticosveracruz.com\\\/\",\"logo\":{\"@type\":\"ImageObject\",\"inLanguage\":\"es\",\"@id\":\"https:\\\/\\\/lospoliticosveracruz.com\\\/#\\\/schema\\\/logo\\\/image\\\/\",\"url\":\"https:\\\/\\\/lospoliticosveracruz.com\\\/wp-content\\\/uploads\\\/2025\\\/12\\\/Logo-Nuevo-LOS-POLITICOS-1.jpg\",\"contentUrl\":\"https:\\\/\\\/lospoliticosveracruz.com\\\/wp-content\\\/uploads\\\/2025\\\/12\\\/Logo-Nuevo-LOS-POLITICOS-1.jpg\",\"width\":260,\"height\":70,\"caption\":\"Los pol\u00edticos Veracruz\"},\"image\":{\"@id\":\"https:\\\/\\\/lospoliticosveracruz.com\\\/#\\\/schema\\\/logo\\\/image\\\/\"},\"sameAs\":[\"https:\\\/\\\/www.facebook.com\\\/people\\\/Notimemes-de-los-Polticos\\\/61565672886568\\\/\",\"https:\\\/\\\/x.com\\\/LosPoliticosVer\"]},{\"@type\":\"Person\",\"@id\":\"https:\\\/\\\/lospoliticosveracruz.com\\\/#\\\/schema\\\/person\\\/b8702bb0e538456e6efd07080bf2a4a2\",\"name\":\"Lo viste en Los Pol\u00edticos\",\"image\":{\"@type\":\"ImageObject\",\"inLanguage\":\"es\",\"@id\":\"https:\\\/\\\/secure.gravatar.com\\\/avatar\\\/3a8de04a2656d44082be478bd6c086daa447c4651605818287b9532d3d0bd435?s=96&d=mm&r=g\",\"url\":\"https:\\\/\\\/secure.gravatar.com\\\/avatar\\\/3a8de04a2656d44082be478bd6c086daa447c4651605818287b9532d3d0bd435?s=96&d=mm&r=g\",\"contentUrl\":\"https:\\\/\\\/secure.gravatar.com\\\/avatar\\\/3a8de04a2656d44082be478bd6c086daa447c4651605818287b9532d3d0bd435?s=96&d=mm&r=g\",\"caption\":\"Lo viste en Los Pol\u00edticos\"},\"url\":\"https:\\\/\\\/lospoliticosveracruz.com\\\/?author=2\"}]}<\/script>\n<!-- \/ Yoast SEO plugin. -->","yoast_head_json":{"title":"SER TESTIGO DE ABSOLUTA CONFUSI\u00d3N - Los pol\u00edticos Veracruz","robots":{"index":"index","follow":"follow","max-snippet":"max-snippet:-1","max-image-preview":"max-image-preview:large","max-video-preview":"max-video-preview:-1"},"canonical":"https:\/\/lospoliticosveracruz.com\/?p=110118","og_locale":"es_ES","og_type":"article","og_title":"SER TESTIGO DE ABSOLUTA CONFUSI\u00d3N - Los pol\u00edticos Veracruz","og_description":"Julio VallejoLa l\u00ednea delgada entre mi opini\u00f3n y la tuya \u00a0Durante una tormentosa noche, recuerdo escuchar un par de taconazos color rojo, guiados por unas piernas que sol\u00edan bailar sobre el empedrado de la calle.La intensa lluvia no dejaba apreciar si se trataba de una mujer o un hombre. La noche era m\u00e1s que oscura; [&hellip;]","og_url":"https:\/\/lospoliticosveracruz.com\/?p=110118","og_site_name":"Los pol\u00edticos Veracruz","article_publisher":"https:\/\/www.facebook.com\/people\/Notimemes-de-los-Polticos\/61565672886568\/","article_published_time":"2023-08-16T14:25:12+00:00","article_modified_time":"2023-08-16T14:25:21+00:00","og_image":[{"url":"https:\/\/lospoliticosveracruz.com.mx\/wp-content\/uploads\/2016\/07\/Seguro-Julio-Cerecedo-2-1024x381.jpg","type":"","width":"","height":""}],"author":"Lo viste en Los Pol\u00edticos","twitter_card":"summary_large_image","twitter_creator":"@LosPoliticosVer","twitter_site":"@LosPoliticosVer","twitter_misc":{"Escrito por":"Lo viste en Los Pol\u00edticos","Tiempo de lectura":"3 minutos"},"schema":{"@context":"https:\/\/schema.org","@graph":[{"@type":"Article","@id":"https:\/\/lospoliticosveracruz.com\/?p=110118#article","isPartOf":{"@id":"https:\/\/lospoliticosveracruz.com\/?p=110118"},"author":{"name":"Lo viste en Los Pol\u00edticos","@id":"https:\/\/lospoliticosveracruz.com\/#\/schema\/person\/b8702bb0e538456e6efd07080bf2a4a2"},"headline":"SER TESTIGO DE ABSOLUTA CONFUSI\u00d3N","datePublished":"2023-08-16T14:25:12+00:00","dateModified":"2023-08-16T14:25:21+00:00","mainEntityOfPage":{"@id":"https:\/\/lospoliticosveracruz.com\/?p=110118"},"wordCount":550,"publisher":{"@id":"https:\/\/lospoliticosveracruz.com\/#organization"},"image":{"@id":"https:\/\/lospoliticosveracruz.com\/?p=110118#primaryimage"},"thumbnailUrl":"https:\/\/lospoliticosveracruz.com.mx\/wp-content\/uploads\/2016\/07\/Seguro-Julio-Cerecedo-2-1024x381.jpg","keywords":["Julio Vallejo","La Casa de los Famosos M\u00e9xico","transexual"],"articleSection":["De Opini\u00f3n"],"inLanguage":"es"},{"@type":"WebPage","@id":"https:\/\/lospoliticosveracruz.com\/?p=110118","url":"https:\/\/lospoliticosveracruz.com\/?p=110118","name":"SER TESTIGO DE ABSOLUTA CONFUSI\u00d3N - Los pol\u00edticos Veracruz","isPartOf":{"@id":"https:\/\/lospoliticosveracruz.com\/#website"},"primaryImageOfPage":{"@id":"https:\/\/lospoliticosveracruz.com\/?p=110118#primaryimage"},"image":{"@id":"https:\/\/lospoliticosveracruz.com\/?p=110118#primaryimage"},"thumbnailUrl":"https:\/\/lospoliticosveracruz.com.mx\/wp-content\/uploads\/2016\/07\/Seguro-Julio-Cerecedo-2-1024x381.jpg","datePublished":"2023-08-16T14:25:12+00:00","dateModified":"2023-08-16T14:25:21+00:00","breadcrumb":{"@id":"https:\/\/lospoliticosveracruz.com\/?p=110118#breadcrumb"},"inLanguage":"es","potentialAction":[{"@type":"ReadAction","target":["https:\/\/lospoliticosveracruz.com\/?p=110118"]}]},{"@type":"ImageObject","inLanguage":"es","@id":"https:\/\/lospoliticosveracruz.com\/?p=110118#primaryimage","url":"https:\/\/lospoliticosveracruz.com.mx\/wp-content\/uploads\/2016\/07\/Seguro-Julio-Cerecedo-2-1024x381.jpg","contentUrl":"https:\/\/lospoliticosveracruz.com.mx\/wp-content\/uploads\/2016\/07\/Seguro-Julio-Cerecedo-2-1024x381.jpg"},{"@type":"BreadcrumbList","@id":"https:\/\/lospoliticosveracruz.com\/?p=110118#breadcrumb","itemListElement":[{"@type":"ListItem","position":1,"name":"Portada","item":"https:\/\/lospoliticosveracruz.com\/"},{"@type":"ListItem","position":2,"name":"SER TESTIGO DE ABSOLUTA CONFUSI\u00d3N"}]},{"@type":"WebSite","@id":"https:\/\/lospoliticosveracruz.com\/#website","url":"https:\/\/lospoliticosveracruz.com\/","name":"Los pol\u00edticos Veracruz","description":"","publisher":{"@id":"https:\/\/lospoliticosveracruz.com\/#organization"},"potentialAction":[{"@type":"SearchAction","target":{"@type":"EntryPoint","urlTemplate":"https:\/\/lospoliticosveracruz.com\/?s={search_term_string}"},"query-input":{"@type":"PropertyValueSpecification","valueRequired":true,"valueName":"search_term_string"}}],"inLanguage":"es"},{"@type":"Organization","@id":"https:\/\/lospoliticosveracruz.com\/#organization","name":"Los pol\u00edticos Veracruz","url":"https:\/\/lospoliticosveracruz.com\/","logo":{"@type":"ImageObject","inLanguage":"es","@id":"https:\/\/lospoliticosveracruz.com\/#\/schema\/logo\/image\/","url":"https:\/\/lospoliticosveracruz.com\/wp-content\/uploads\/2025\/12\/Logo-Nuevo-LOS-POLITICOS-1.jpg","contentUrl":"https:\/\/lospoliticosveracruz.com\/wp-content\/uploads\/2025\/12\/Logo-Nuevo-LOS-POLITICOS-1.jpg","width":260,"height":70,"caption":"Los pol\u00edticos Veracruz"},"image":{"@id":"https:\/\/lospoliticosveracruz.com\/#\/schema\/logo\/image\/"},"sameAs":["https:\/\/www.facebook.com\/people\/Notimemes-de-los-Polticos\/61565672886568\/","https:\/\/x.com\/LosPoliticosVer"]},{"@type":"Person","@id":"https:\/\/lospoliticosveracruz.com\/#\/schema\/person\/b8702bb0e538456e6efd07080bf2a4a2","name":"Lo viste en Los Pol\u00edticos","image":{"@type":"ImageObject","inLanguage":"es","@id":"https:\/\/secure.gravatar.com\/avatar\/3a8de04a2656d44082be478bd6c086daa447c4651605818287b9532d3d0bd435?s=96&d=mm&r=g","url":"https:\/\/secure.gravatar.com\/avatar\/3a8de04a2656d44082be478bd6c086daa447c4651605818287b9532d3d0bd435?s=96&d=mm&r=g","contentUrl":"https:\/\/secure.gravatar.com\/avatar\/3a8de04a2656d44082be478bd6c086daa447c4651605818287b9532d3d0bd435?s=96&d=mm&r=g","caption":"Lo viste en Los Pol\u00edticos"},"url":"https:\/\/lospoliticosveracruz.com\/?author=2"}]}},"_links":{"self":[{"href":"https:\/\/lospoliticosveracruz.com\/index.php?rest_route=\/wp\/v2\/posts\/110118","targetHints":{"allow":["GET"]}}],"collection":[{"href":"https:\/\/lospoliticosveracruz.com\/index.php?rest_route=\/wp\/v2\/posts"}],"about":[{"href":"https:\/\/lospoliticosveracruz.com\/index.php?rest_route=\/wp\/v2\/types\/post"}],"author":[{"embeddable":true,"href":"https:\/\/lospoliticosveracruz.com\/index.php?rest_route=\/wp\/v2\/users\/2"}],"replies":[{"embeddable":true,"href":"https:\/\/lospoliticosveracruz.com\/index.php?rest_route=%2Fwp%2Fv2%2Fcomments&post=110118"}],"version-history":[{"count":1,"href":"https:\/\/lospoliticosveracruz.com\/index.php?rest_route=\/wp\/v2\/posts\/110118\/revisions"}],"predecessor-version":[{"id":110120,"href":"https:\/\/lospoliticosveracruz.com\/index.php?rest_route=\/wp\/v2\/posts\/110118\/revisions\/110120"}],"wp:attachment":[{"href":"https:\/\/lospoliticosveracruz.com\/index.php?rest_route=%2Fwp%2Fv2%2Fmedia&parent=110118"}],"wp:term":[{"taxonomy":"category","embeddable":true,"href":"https:\/\/lospoliticosveracruz.com\/index.php?rest_route=%2Fwp%2Fv2%2Fcategories&post=110118"},{"taxonomy":"post_tag","embeddable":true,"href":"https:\/\/lospoliticosveracruz.com\/index.php?rest_route=%2Fwp%2Fv2%2Ftags&post=110118"}],"curies":[{"name":"wp","href":"https:\/\/api.w.org\/{rel}","templated":true}]}}