{"id":110128,"date":"2023-08-16T10:56:41","date_gmt":"2023-08-16T15:56:41","guid":{"rendered":"https:\/\/lospoliticosveracruz.com.mx\/?p=110128"},"modified":"2023-08-16T10:56:47","modified_gmt":"2023-08-16T15:56:47","slug":"dos-bocas-2","status":"publish","type":"post","link":"https:\/\/lospoliticosveracruz.com\/?p=110128","title":{"rendered":"DOS BOCAS"},"content":{"rendered":"\n<p><\/p>\n\n\n\n<p><strong>Jos\u00e9 Luis Ortega Vidal<\/strong><br><em>Claroscuros<\/em><\/p>\n\n\n\n<p>(1)<br>Roc\u00edo Nahle Garc\u00eda entregar\u00e1 la refiner\u00eda Olmeca, en Dos Bocas, antes de la conclusi\u00f3n del gobierno de Andr\u00e9s Manuel L\u00f3pez Obrador.<br>De eso no queda duda.<br>\u00bfBajo qu\u00e9 condiciones?<br>Esa duda ser\u00e1 despejada durante las pr\u00f3ximas semanas\u2026o meses.<\/p>\n\n\n<div class=\"wp-block-image\">\n<figure class=\"alignleft size-medium\"><a href=\"https:\/\/lospoliticosveracruz.com.mx\/wp-content\/uploads\/2021\/10\/WhatsApp-Image-2021-10-02-at-15.20.25.jpeg\"><img loading=\"lazy\" decoding=\"async\" width=\"212\" height=\"300\" src=\"https:\/\/lospoliticosveracruz.com.mx\/wp-content\/uploads\/2021\/10\/WhatsApp-Image-2021-10-02-at-15.20.25-212x300.jpeg\" alt=\"\" class=\"wp-image-80177\" srcset=\"https:\/\/lospoliticosveracruz.com\/wp-content\/uploads\/2021\/10\/WhatsApp-Image-2021-10-02-at-15.20.25-212x300.jpeg 212w, https:\/\/lospoliticosveracruz.com\/wp-content\/uploads\/2021\/10\/WhatsApp-Image-2021-10-02-at-15.20.25-724x1024.jpeg 724w, https:\/\/lospoliticosveracruz.com\/wp-content\/uploads\/2021\/10\/WhatsApp-Image-2021-10-02-at-15.20.25-768x1086.jpeg 768w, https:\/\/lospoliticosveracruz.com\/wp-content\/uploads\/2021\/10\/WhatsApp-Image-2021-10-02-at-15.20.25.jpeg 905w\" sizes=\"auto, (max-width: 212px) 100vw, 212px\" \/><\/a><\/figure>\n<\/div>\n\n\n<p><br>Operan dos calendarios paralelos alrededor de la mega obra energ\u00e9tica de la 4T:<\/p>\n\n\n\n<p>a) El relativo al objetivo: producir combustibles<br>b) El del deseo de la ingeniera Nahle Garc\u00eda: gobernar Veracruz.<\/p>\n\n\n\n<p>(2)<\/p>\n\n\n\n<p>Tic, tac\u2026<\/p>\n\n\n\n<p>(3)<\/p>\n\n\n\n<p>El primer calendario est\u00e1 en manos de la secretaria de Energ\u00eda; el segundo lo maneja el presidente Andr\u00e9s Manuel L\u00f3pez Obrador.<\/p>\n\n\n\n<p>(4)<\/p>\n\n\n\n<p>Puede ocurrir que la refiner\u00eda Olmeca entregue la gasolina y di\u00e9sel para los cuales fue creada, antes de enero del 2024 y \u2013as\u00ed sea de \u00faltima hora- la senadora con licencia obtenga el argumento principal para levantar la mano y reiterar su sue\u00f1o:<br>\u00a1Quiero gobernar Veracruz!<br>Puede ocurrir que los combustibles no lleguen en lo que resta del 2023 y \u2013acaso- tampoco en los primeros meses del 2024.<br>\u00bfDe ser as\u00ed, el presidente L\u00f3pez Obrador conceder\u00eda a su brazo derecho en materia energ\u00e9tica el paso para sustituir al gobernador Cuitl\u00e1huac Garc\u00eda Jim\u00e9nez?<br>\u00c9sta, es una pregunta sin respuesta.<br>Al menos lo es para m\u00ed, dado el impredecible comportamiento pol\u00edtico de AMLO.<\/p>\n\n\n\n<p>(5)<\/p>\n\n\n\n<p>Sin combustible en Dos Bocas, a m\u00e1s tardar en diciembre del 2023 o \u2013ya muy generosos- en enero del 2024, se antoja muy compleja la concesi\u00f3n de L\u00f3pez Obrador a la candidatura de Nahle Garc\u00eda por la gubernatura.<br>Hay un elemento clave en esta coyuntura: la identidad pol\u00edtica de presidente mexicano se define por su visi\u00f3n de un M\u00e9xico con soberan\u00eda energ\u00e9tica, lo cual visualiza en el rescate y fortalecimiento de Petr\u00f3leos Mexicanos.<br>De ah\u00ed que PEMEX represente el sujeto, verbo y predicado de una parte toral en el discurso presidencial.<br>De las cuatro mega obras de la 4T impulsadas por L\u00f3pez Obrador, el Corredor Interoce\u00e1nico del Istmo de Tehuantepec era y es la de mayor trascendencia econ\u00f3mica al corto, mediano y largo plazo.<br>Sin embargo, el presidente coloc\u00f3 la refiner\u00eda Olmeca de Dos Bocas en el primer lugar de la inversi\u00f3n p\u00fablica sexenal.<\/p>\n\n\n\n<p>(6)<\/p>\n\n\n\n<p>Hacia Tabasco se han canalizado m\u00e1s de 16 mil millones de d\u00f3lares, por encima de todo y de todos; incluyendo secretarios de Hacienda y consejeros especializados en finanzas e inversi\u00f3n p\u00fablica.<br>Si Roc\u00edo Nahle Garc\u00eda sue\u00f1a con ser gobernadora de Veracruz, Andr\u00e9s Manuel L\u00f3pez Obrador ha so\u00f1ado toda su vida con PEMEX como elemento de identidad de la Patria y en el papel de principal generador de energ\u00eda para movilizar a 127 millones de mexicanos.<\/p>\n\n\n\n<p>(7)<\/p>\n\n\n\n<p>Al carajo con las energ\u00edas limpias\u2026<br>No me salgan con que PEMEX debe 105 millones de d\u00f3lares\u2026<br>Es el Estado o es el Estado; el sector privado es el enemigo de los pobres\u2026<\/p>\n\n\n\n<p>(8)<\/p>\n\n\n\n<p>Hay que ser nativo y vecino de estados, municipios y ciudades petroleras para entender el amor de AMLO por PEMEX.<br>Se requiere conocer la historia del cardenismo, la expropiaci\u00f3n petrolera, la fundaci\u00f3n y desarrollo cultural de ciudades como Poza Rica, Minatitl\u00e1n, Coatzacoalcos, Nanchital, Agua Dulce, Salina Cruz, Campeche, Villahermosa, Ciudad PEMEX, Tula, Cadereyta, Azcapotzalco, Tampico, Reynosa, Cactus, La Venta, Nuevo PEMEX, Salamanca, Guanajuato, para comprender el amor del presidente por PEMEX.<br>El M\u00e9xico Profundo: el de los chontales, los nahuas, los zapotecos, los popolucas, los mixes, los zoques, los totonacos, los tojolabales, los mazatecos, los huaves, los mixtecos, los huastecos, los mazahuas, los triquis, los tarahumaras, los tepehuanes, los chichimecas, los otom\u00eds, los pur\u00e9pechas, los coras, los huicholes, los yaquis, los chinantecos, hasta sumar m\u00e1s de sesenta grupos de nuestra cultura originaria\u2026<br>Ellos deben ser visualizados para asomarnos a una parte de la mentalidad de Andr\u00e9s Manuel L\u00f3pez Obrador, quien ha recorrido sus calles, les ha mirado a los ojos, ha dialogado sobre sus respectivos universos y cree, est\u00e1 convencido de conocerlos.<br>M\u00e1s a\u00fan: el presidente est\u00e1 totalmente convencido de que banderas como la soberan\u00eda energ\u00e9tica y la macroeconom\u00eda en manos del gobierno, representan el camino para hacerles justicia tras quinientos a\u00f1os de haber sido despojados\u2026<\/p>\n\n\n\n<p>(9)<\/p>\n\n\n\n<p>AMLO morir\u00e1 bajo la \u00e9gida de que Espa\u00f1a nos debe una disculpa\u2026<\/p>\n\n\n\n<p>(10)<\/p>\n\n\n\n<p>Y as\u00ed, suma tras suma, los m\u00faltiples elementos que conforman el pensamiento amloista, se traducen en discurso y en acciones de Estado.<br>As\u00ed hemos vivido cinco a\u00f1os de gobierno y as\u00ed habr\u00e1 de concluir la 4T.<\/p>\n\n\n\n<p>(11)<\/p>\n\n\n\n<p>Ante ese pensamiento pol\u00edtico tan singular, sui g\u00e9neris, topa el compromiso de entregar combustibles desde Dos Bocas.<br>Y de esa entrega oportuna y exitosa, depende el sue\u00f1o de Roc\u00edo Nahle Garc\u00eda.<br>De no cumplir la meta durante los pr\u00f3ximos cuatro meses \u2013m\u00e1ximo cinco- la titular de SENER recibir\u00eda un visto bueno presidencial contra todo pron\u00f3stico y francamente extra\u00f1o: ser premiada con una candidatura sin haber hecho feliz al \u00e9mulo de L\u00e1zaro C\u00e1rdenas, al hombre convencido de poseer una estatura hist\u00f3rica al nivel de Francisco I. Madero, Benito Ju\u00e1rez y Miguel Hidalgo.<\/p>\n\n\n\n<p>(12)<\/p>\n\n\n\n<p>Con la entrega de Dos Bocas funcionando al cien por ciento antes de concluir su mandato, L\u00f3pez Obrador apuesta a superar la figura de L\u00e1zaro C\u00e1rdenas que entreg\u00f3 el poder a Manuel \u00c1vila Camacho por encima de Francisco J. M\u00fagica.<br>Para ello, AMLO ha hecho todo lo necesario en el abono del camino a favor de Claudia Sheinbaum, su alter ego ideol\u00f3gico.<\/p>\n\n\n\n<p>(13)<\/p>\n\n\n\n<p>Claudia va. Firme hasta hoy, a tres semanas de concluir la pre-precampa\u00f1a corcholatera.<br>\u00bfY Roc\u00edo?<br>Reitero mi ignorancia sobre su futuro: la certeza de su sue\u00f1o se alimenta del olor a gasolina\u2026<br>De no ser as\u00ed ya veremos, ya sabremos si se impone la generosidad presidencial o se aplica la regla anunciada m\u00e1s de una vez: primero terminas el encargo\u2026<\/p>\n\n\n\n<p>(14)<\/p>\n\n\n\n<p>Lucen listos los ej\u00e9rcitos de aspirantes presidenciales y estatales; comen ansias; pronto sabr\u00e1n si apostaron al caballo ganador o pasar\u00e1n a la lista de los desalentados sexenales.<br>En tal caso habr\u00edan de ir \u2013perd\u00f3n en ristre y de rodillas- en b\u00fasqueda de aquel o aquella a quien vilipendiaron\u2026<\/p>\n\n\n\n<p>(15)<\/p>\n\n\n\n<p>En la pol\u00edtica la moral es un \u00e1rbol que da moras y el poder es como Dios: se alimenta de los arrepentidos porque en la obra teatral llamada vida alguien debe cubrir el papel de los abyectos\u2026<\/p>\n","protected":false},"excerpt":{"rendered":"<p>Jos\u00e9 Luis Ortega VidalClaroscuros (1)Roc\u00edo Nahle Garc\u00eda entregar\u00e1 la refiner\u00eda Olmeca, en Dos Bocas, antes de la conclusi\u00f3n del gobierno de Andr\u00e9s Manuel L\u00f3pez Obrador.De eso no queda duda.\u00bfBajo qu\u00e9 condiciones?Esa duda ser\u00e1 despejada durante las pr\u00f3ximas semanas\u2026o meses. Operan dos calendarios paralelos alrededor de la mega obra energ\u00e9tica de la 4T: a) El relativo [&hellip;]<\/p>\n","protected":false},"author":2,"featured_media":0,"comment_status":"closed","ping_status":"closed","sticky":false,"template":"","format":"standard","meta":{"tdm_status":"","tdm_grid_status":"","footnotes":""},"categories":[70],"tags":[618,9627,1563,2769,1026,3578,195],"class_list":{"0":"post-110128","1":"post","2":"type-post","3":"status-publish","4":"format-standard","6":"category-de-opinion","7":"tag-andres-manuel-lopez-obrador","8":"tag-claudia-sheinbaum","9":"tag-cuitlahuac-garcia-jimenez","10":"tag-jose-luis-ortega-vidal","11":"tag-morena","12":"tag-rocio-nahle","13":"tag-veracruz"},"yoast_head":"<!-- This site is optimized with the Yoast SEO plugin v27.4 - https:\/\/yoast.com\/product\/yoast-seo-wordpress\/ -->\n<title>DOS BOCAS - Los pol\u00edticos Veracruz<\/title>\n<meta name=\"robots\" content=\"index, follow, max-snippet:-1, max-image-preview:large, max-video-preview:-1\" \/>\n<link rel=\"canonical\" href=\"https:\/\/lospoliticosveracruz.com\/?p=110128\" \/>\n<meta property=\"og:locale\" content=\"es_ES\" \/>\n<meta property=\"og:type\" content=\"article\" \/>\n<meta property=\"og:title\" content=\"DOS BOCAS - Los pol\u00edticos Veracruz\" \/>\n<meta property=\"og:description\" content=\"Jos\u00e9 Luis Ortega VidalClaroscuros (1)Roc\u00edo Nahle Garc\u00eda entregar\u00e1 la refiner\u00eda Olmeca, en Dos Bocas, antes de la conclusi\u00f3n del gobierno de Andr\u00e9s Manuel L\u00f3pez Obrador.De eso no queda duda.\u00bfBajo qu\u00e9 condiciones?Esa duda ser\u00e1 despejada durante las pr\u00f3ximas semanas\u2026o meses. Operan dos calendarios paralelos alrededor de la mega obra energ\u00e9tica de la 4T: a) El relativo [&hellip;]\" \/>\n<meta property=\"og:url\" content=\"https:\/\/lospoliticosveracruz.com\/?p=110128\" \/>\n<meta property=\"og:site_name\" content=\"Los pol\u00edticos Veracruz\" \/>\n<meta property=\"article:publisher\" content=\"https:\/\/www.facebook.com\/people\/Notimemes-de-los-Polticos\/61565672886568\/\" \/>\n<meta property=\"article:published_time\" content=\"2023-08-16T15:56:41+00:00\" \/>\n<meta property=\"article:modified_time\" content=\"2023-08-16T15:56:47+00:00\" \/>\n<meta property=\"og:image\" content=\"https:\/\/lospoliticosveracruz.com.mx\/wp-content\/uploads\/2021\/10\/WhatsApp-Image-2021-10-02-at-15.20.25-212x300.jpeg\" \/>\n<meta name=\"author\" content=\"Lo viste en Los Pol\u00edticos\" \/>\n<meta name=\"twitter:card\" content=\"summary_large_image\" \/>\n<meta name=\"twitter:creator\" content=\"@LosPoliticosVer\" \/>\n<meta name=\"twitter:site\" content=\"@LosPoliticosVer\" \/>\n<meta name=\"twitter:label1\" content=\"Escrito por\" \/>\n\t<meta name=\"twitter:data1\" content=\"Lo viste en Los Pol\u00edticos\" \/>\n\t<meta name=\"twitter:label2\" content=\"Tiempo de lectura\" \/>\n\t<meta name=\"twitter:data2\" content=\"6 minutos\" \/>\n<script type=\"application\/ld+json\" class=\"yoast-schema-graph\">{\"@context\":\"https:\\\/\\\/schema.org\",\"@graph\":[{\"@type\":\"Article\",\"@id\":\"https:\\\/\\\/lospoliticosveracruz.com\\\/?p=110128#article\",\"isPartOf\":{\"@id\":\"https:\\\/\\\/lospoliticosveracruz.com\\\/?p=110128\"},\"author\":{\"name\":\"Lo viste en Los Pol\u00edticos\",\"@id\":\"https:\\\/\\\/lospoliticosveracruz.com\\\/#\\\/schema\\\/person\\\/b8702bb0e538456e6efd07080bf2a4a2\"},\"headline\":\"DOS BOCAS\",\"datePublished\":\"2023-08-16T15:56:41+00:00\",\"dateModified\":\"2023-08-16T15:56:47+00:00\",\"mainEntityOfPage\":{\"@id\":\"https:\\\/\\\/lospoliticosveracruz.com\\\/?p=110128\"},\"wordCount\":1105,\"publisher\":{\"@id\":\"https:\\\/\\\/lospoliticosveracruz.com\\\/#organization\"},\"image\":{\"@id\":\"https:\\\/\\\/lospoliticosveracruz.com\\\/?p=110128#primaryimage\"},\"thumbnailUrl\":\"https:\\\/\\\/lospoliticosveracruz.com.mx\\\/wp-content\\\/uploads\\\/2021\\\/10\\\/WhatsApp-Image-2021-10-02-at-15.20.25-212x300.jpeg\",\"keywords\":[\"Andr\u00e9s Manuel L\u00f3pez Obrador\",\"Claudia Sheinbaum\",\"Cuitl\u00e1huac Garc\u00eda Jim\u00e9nez\",\"Jos\u00e9 Luis Ortega Vidal\",\"Morena\",\"Roc\u00edo Nahle\",\"Veracruz\"],\"articleSection\":[\"De Opini\u00f3n\"],\"inLanguage\":\"es\"},{\"@type\":\"WebPage\",\"@id\":\"https:\\\/\\\/lospoliticosveracruz.com\\\/?p=110128\",\"url\":\"https:\\\/\\\/lospoliticosveracruz.com\\\/?p=110128\",\"name\":\"DOS BOCAS - Los pol\u00edticos Veracruz\",\"isPartOf\":{\"@id\":\"https:\\\/\\\/lospoliticosveracruz.com\\\/#website\"},\"primaryImageOfPage\":{\"@id\":\"https:\\\/\\\/lospoliticosveracruz.com\\\/?p=110128#primaryimage\"},\"image\":{\"@id\":\"https:\\\/\\\/lospoliticosveracruz.com\\\/?p=110128#primaryimage\"},\"thumbnailUrl\":\"https:\\\/\\\/lospoliticosveracruz.com.mx\\\/wp-content\\\/uploads\\\/2021\\\/10\\\/WhatsApp-Image-2021-10-02-at-15.20.25-212x300.jpeg\",\"datePublished\":\"2023-08-16T15:56:41+00:00\",\"dateModified\":\"2023-08-16T15:56:47+00:00\",\"breadcrumb\":{\"@id\":\"https:\\\/\\\/lospoliticosveracruz.com\\\/?p=110128#breadcrumb\"},\"inLanguage\":\"es\",\"potentialAction\":[{\"@type\":\"ReadAction\",\"target\":[\"https:\\\/\\\/lospoliticosveracruz.com\\\/?p=110128\"]}]},{\"@type\":\"ImageObject\",\"inLanguage\":\"es\",\"@id\":\"https:\\\/\\\/lospoliticosveracruz.com\\\/?p=110128#primaryimage\",\"url\":\"https:\\\/\\\/lospoliticosveracruz.com.mx\\\/wp-content\\\/uploads\\\/2021\\\/10\\\/WhatsApp-Image-2021-10-02-at-15.20.25-212x300.jpeg\",\"contentUrl\":\"https:\\\/\\\/lospoliticosveracruz.com.mx\\\/wp-content\\\/uploads\\\/2021\\\/10\\\/WhatsApp-Image-2021-10-02-at-15.20.25-212x300.jpeg\"},{\"@type\":\"BreadcrumbList\",\"@id\":\"https:\\\/\\\/lospoliticosveracruz.com\\\/?p=110128#breadcrumb\",\"itemListElement\":[{\"@type\":\"ListItem\",\"position\":1,\"name\":\"Portada\",\"item\":\"https:\\\/\\\/lospoliticosveracruz.com\\\/\"},{\"@type\":\"ListItem\",\"position\":2,\"name\":\"DOS BOCAS\"}]},{\"@type\":\"WebSite\",\"@id\":\"https:\\\/\\\/lospoliticosveracruz.com\\\/#website\",\"url\":\"https:\\\/\\\/lospoliticosveracruz.com\\\/\",\"name\":\"Los pol\u00edticos Veracruz\",\"description\":\"\",\"publisher\":{\"@id\":\"https:\\\/\\\/lospoliticosveracruz.com\\\/#organization\"},\"potentialAction\":[{\"@type\":\"SearchAction\",\"target\":{\"@type\":\"EntryPoint\",\"urlTemplate\":\"https:\\\/\\\/lospoliticosveracruz.com\\\/?s={search_term_string}\"},\"query-input\":{\"@type\":\"PropertyValueSpecification\",\"valueRequired\":true,\"valueName\":\"search_term_string\"}}],\"inLanguage\":\"es\"},{\"@type\":\"Organization\",\"@id\":\"https:\\\/\\\/lospoliticosveracruz.com\\\/#organization\",\"name\":\"Los pol\u00edticos Veracruz\",\"url\":\"https:\\\/\\\/lospoliticosveracruz.com\\\/\",\"logo\":{\"@type\":\"ImageObject\",\"inLanguage\":\"es\",\"@id\":\"https:\\\/\\\/lospoliticosveracruz.com\\\/#\\\/schema\\\/logo\\\/image\\\/\",\"url\":\"https:\\\/\\\/lospoliticosveracruz.com\\\/wp-content\\\/uploads\\\/2025\\\/12\\\/Logo-Nuevo-LOS-POLITICOS-1.jpg\",\"contentUrl\":\"https:\\\/\\\/lospoliticosveracruz.com\\\/wp-content\\\/uploads\\\/2025\\\/12\\\/Logo-Nuevo-LOS-POLITICOS-1.jpg\",\"width\":260,\"height\":70,\"caption\":\"Los pol\u00edticos Veracruz\"},\"image\":{\"@id\":\"https:\\\/\\\/lospoliticosveracruz.com\\\/#\\\/schema\\\/logo\\\/image\\\/\"},\"sameAs\":[\"https:\\\/\\\/www.facebook.com\\\/people\\\/Notimemes-de-los-Polticos\\\/61565672886568\\\/\",\"https:\\\/\\\/x.com\\\/LosPoliticosVer\"]},{\"@type\":\"Person\",\"@id\":\"https:\\\/\\\/lospoliticosveracruz.com\\\/#\\\/schema\\\/person\\\/b8702bb0e538456e6efd07080bf2a4a2\",\"name\":\"Lo viste en Los Pol\u00edticos\",\"image\":{\"@type\":\"ImageObject\",\"inLanguage\":\"es\",\"@id\":\"https:\\\/\\\/secure.gravatar.com\\\/avatar\\\/3a8de04a2656d44082be478bd6c086daa447c4651605818287b9532d3d0bd435?s=96&d=mm&r=g\",\"url\":\"https:\\\/\\\/secure.gravatar.com\\\/avatar\\\/3a8de04a2656d44082be478bd6c086daa447c4651605818287b9532d3d0bd435?s=96&d=mm&r=g\",\"contentUrl\":\"https:\\\/\\\/secure.gravatar.com\\\/avatar\\\/3a8de04a2656d44082be478bd6c086daa447c4651605818287b9532d3d0bd435?s=96&d=mm&r=g\",\"caption\":\"Lo viste en Los Pol\u00edticos\"},\"url\":\"https:\\\/\\\/lospoliticosveracruz.com\\\/?author=2\"}]}<\/script>\n<!-- \/ Yoast SEO plugin. -->","yoast_head_json":{"title":"DOS BOCAS - Los pol\u00edticos Veracruz","robots":{"index":"index","follow":"follow","max-snippet":"max-snippet:-1","max-image-preview":"max-image-preview:large","max-video-preview":"max-video-preview:-1"},"canonical":"https:\/\/lospoliticosveracruz.com\/?p=110128","og_locale":"es_ES","og_type":"article","og_title":"DOS BOCAS - Los pol\u00edticos Veracruz","og_description":"Jos\u00e9 Luis Ortega VidalClaroscuros (1)Roc\u00edo Nahle Garc\u00eda entregar\u00e1 la refiner\u00eda Olmeca, en Dos Bocas, antes de la conclusi\u00f3n del gobierno de Andr\u00e9s Manuel L\u00f3pez Obrador.De eso no queda duda.\u00bfBajo qu\u00e9 condiciones?Esa duda ser\u00e1 despejada durante las pr\u00f3ximas semanas\u2026o meses. Operan dos calendarios paralelos alrededor de la mega obra energ\u00e9tica de la 4T: a) El relativo [&hellip;]","og_url":"https:\/\/lospoliticosveracruz.com\/?p=110128","og_site_name":"Los pol\u00edticos Veracruz","article_publisher":"https:\/\/www.facebook.com\/people\/Notimemes-de-los-Polticos\/61565672886568\/","article_published_time":"2023-08-16T15:56:41+00:00","article_modified_time":"2023-08-16T15:56:47+00:00","og_image":[{"url":"https:\/\/lospoliticosveracruz.com.mx\/wp-content\/uploads\/2021\/10\/WhatsApp-Image-2021-10-02-at-15.20.25-212x300.jpeg","type":"","width":"","height":""}],"author":"Lo viste en Los Pol\u00edticos","twitter_card":"summary_large_image","twitter_creator":"@LosPoliticosVer","twitter_site":"@LosPoliticosVer","twitter_misc":{"Escrito por":"Lo viste en Los Pol\u00edticos","Tiempo de lectura":"6 minutos"},"schema":{"@context":"https:\/\/schema.org","@graph":[{"@type":"Article","@id":"https:\/\/lospoliticosveracruz.com\/?p=110128#article","isPartOf":{"@id":"https:\/\/lospoliticosveracruz.com\/?p=110128"},"author":{"name":"Lo viste en Los Pol\u00edticos","@id":"https:\/\/lospoliticosveracruz.com\/#\/schema\/person\/b8702bb0e538456e6efd07080bf2a4a2"},"headline":"DOS BOCAS","datePublished":"2023-08-16T15:56:41+00:00","dateModified":"2023-08-16T15:56:47+00:00","mainEntityOfPage":{"@id":"https:\/\/lospoliticosveracruz.com\/?p=110128"},"wordCount":1105,"publisher":{"@id":"https:\/\/lospoliticosveracruz.com\/#organization"},"image":{"@id":"https:\/\/lospoliticosveracruz.com\/?p=110128#primaryimage"},"thumbnailUrl":"https:\/\/lospoliticosveracruz.com.mx\/wp-content\/uploads\/2021\/10\/WhatsApp-Image-2021-10-02-at-15.20.25-212x300.jpeg","keywords":["Andr\u00e9s Manuel L\u00f3pez Obrador","Claudia Sheinbaum","Cuitl\u00e1huac Garc\u00eda Jim\u00e9nez","Jos\u00e9 Luis Ortega Vidal","Morena","Roc\u00edo Nahle","Veracruz"],"articleSection":["De Opini\u00f3n"],"inLanguage":"es"},{"@type":"WebPage","@id":"https:\/\/lospoliticosveracruz.com\/?p=110128","url":"https:\/\/lospoliticosveracruz.com\/?p=110128","name":"DOS BOCAS - Los pol\u00edticos Veracruz","isPartOf":{"@id":"https:\/\/lospoliticosveracruz.com\/#website"},"primaryImageOfPage":{"@id":"https:\/\/lospoliticosveracruz.com\/?p=110128#primaryimage"},"image":{"@id":"https:\/\/lospoliticosveracruz.com\/?p=110128#primaryimage"},"thumbnailUrl":"https:\/\/lospoliticosveracruz.com.mx\/wp-content\/uploads\/2021\/10\/WhatsApp-Image-2021-10-02-at-15.20.25-212x300.jpeg","datePublished":"2023-08-16T15:56:41+00:00","dateModified":"2023-08-16T15:56:47+00:00","breadcrumb":{"@id":"https:\/\/lospoliticosveracruz.com\/?p=110128#breadcrumb"},"inLanguage":"es","potentialAction":[{"@type":"ReadAction","target":["https:\/\/lospoliticosveracruz.com\/?p=110128"]}]},{"@type":"ImageObject","inLanguage":"es","@id":"https:\/\/lospoliticosveracruz.com\/?p=110128#primaryimage","url":"https:\/\/lospoliticosveracruz.com.mx\/wp-content\/uploads\/2021\/10\/WhatsApp-Image-2021-10-02-at-15.20.25-212x300.jpeg","contentUrl":"https:\/\/lospoliticosveracruz.com.mx\/wp-content\/uploads\/2021\/10\/WhatsApp-Image-2021-10-02-at-15.20.25-212x300.jpeg"},{"@type":"BreadcrumbList","@id":"https:\/\/lospoliticosveracruz.com\/?p=110128#breadcrumb","itemListElement":[{"@type":"ListItem","position":1,"name":"Portada","item":"https:\/\/lospoliticosveracruz.com\/"},{"@type":"ListItem","position":2,"name":"DOS BOCAS"}]},{"@type":"WebSite","@id":"https:\/\/lospoliticosveracruz.com\/#website","url":"https:\/\/lospoliticosveracruz.com\/","name":"Los pol\u00edticos Veracruz","description":"","publisher":{"@id":"https:\/\/lospoliticosveracruz.com\/#organization"},"potentialAction":[{"@type":"SearchAction","target":{"@type":"EntryPoint","urlTemplate":"https:\/\/lospoliticosveracruz.com\/?s={search_term_string}"},"query-input":{"@type":"PropertyValueSpecification","valueRequired":true,"valueName":"search_term_string"}}],"inLanguage":"es"},{"@type":"Organization","@id":"https:\/\/lospoliticosveracruz.com\/#organization","name":"Los pol\u00edticos Veracruz","url":"https:\/\/lospoliticosveracruz.com\/","logo":{"@type":"ImageObject","inLanguage":"es","@id":"https:\/\/lospoliticosveracruz.com\/#\/schema\/logo\/image\/","url":"https:\/\/lospoliticosveracruz.com\/wp-content\/uploads\/2025\/12\/Logo-Nuevo-LOS-POLITICOS-1.jpg","contentUrl":"https:\/\/lospoliticosveracruz.com\/wp-content\/uploads\/2025\/12\/Logo-Nuevo-LOS-POLITICOS-1.jpg","width":260,"height":70,"caption":"Los pol\u00edticos Veracruz"},"image":{"@id":"https:\/\/lospoliticosveracruz.com\/#\/schema\/logo\/image\/"},"sameAs":["https:\/\/www.facebook.com\/people\/Notimemes-de-los-Polticos\/61565672886568\/","https:\/\/x.com\/LosPoliticosVer"]},{"@type":"Person","@id":"https:\/\/lospoliticosveracruz.com\/#\/schema\/person\/b8702bb0e538456e6efd07080bf2a4a2","name":"Lo viste en Los Pol\u00edticos","image":{"@type":"ImageObject","inLanguage":"es","@id":"https:\/\/secure.gravatar.com\/avatar\/3a8de04a2656d44082be478bd6c086daa447c4651605818287b9532d3d0bd435?s=96&d=mm&r=g","url":"https:\/\/secure.gravatar.com\/avatar\/3a8de04a2656d44082be478bd6c086daa447c4651605818287b9532d3d0bd435?s=96&d=mm&r=g","contentUrl":"https:\/\/secure.gravatar.com\/avatar\/3a8de04a2656d44082be478bd6c086daa447c4651605818287b9532d3d0bd435?s=96&d=mm&r=g","caption":"Lo viste en Los Pol\u00edticos"},"url":"https:\/\/lospoliticosveracruz.com\/?author=2"}]}},"_links":{"self":[{"href":"https:\/\/lospoliticosveracruz.com\/index.php?rest_route=\/wp\/v2\/posts\/110128","targetHints":{"allow":["GET"]}}],"collection":[{"href":"https:\/\/lospoliticosveracruz.com\/index.php?rest_route=\/wp\/v2\/posts"}],"about":[{"href":"https:\/\/lospoliticosveracruz.com\/index.php?rest_route=\/wp\/v2\/types\/post"}],"author":[{"embeddable":true,"href":"https:\/\/lospoliticosveracruz.com\/index.php?rest_route=\/wp\/v2\/users\/2"}],"replies":[{"embeddable":true,"href":"https:\/\/lospoliticosveracruz.com\/index.php?rest_route=%2Fwp%2Fv2%2Fcomments&post=110128"}],"version-history":[{"count":1,"href":"https:\/\/lospoliticosveracruz.com\/index.php?rest_route=\/wp\/v2\/posts\/110128\/revisions"}],"predecessor-version":[{"id":110129,"href":"https:\/\/lospoliticosveracruz.com\/index.php?rest_route=\/wp\/v2\/posts\/110128\/revisions\/110129"}],"wp:attachment":[{"href":"https:\/\/lospoliticosveracruz.com\/index.php?rest_route=%2Fwp%2Fv2%2Fmedia&parent=110128"}],"wp:term":[{"taxonomy":"category","embeddable":true,"href":"https:\/\/lospoliticosveracruz.com\/index.php?rest_route=%2Fwp%2Fv2%2Fcategories&post=110128"},{"taxonomy":"post_tag","embeddable":true,"href":"https:\/\/lospoliticosveracruz.com\/index.php?rest_route=%2Fwp%2Fv2%2Ftags&post=110128"}],"curies":[{"name":"wp","href":"https:\/\/api.w.org\/{rel}","templated":true}]}}