{"id":110216,"date":"2023-08-17T17:12:33","date_gmt":"2023-08-17T22:12:33","guid":{"rendered":"https:\/\/lospoliticosveracruz.com.mx\/?p=110216"},"modified":"2023-08-17T17:12:46","modified_gmt":"2023-08-17T22:12:46","slug":"el-horror-de-la-violencia-criminal","status":"publish","type":"post","link":"https:\/\/lospoliticosveracruz.com\/?p=110216","title":{"rendered":"EL HORROR DE LA VIOLENCIA CRIMINAL"},"content":{"rendered":"\n<p><strong>Emilio C\u00e1rdenas Escobosa<\/strong><\/p>\n\n\n\n<p><em>De Inter\u00e9s P\u00fablico<\/em><\/p>\n\n\n\n<p>El secuestro y presunto asesinato de los cinco j\u00f3venes en Lagos de Moreno, Jalisco, que habr\u00edan sido obligados a matarse entre ellos, o las perturbadoras im\u00e1genes de refrigeradores con restos de al menos 14 personas perfectamente embalados -como si de carne en los congeladores de un supermercado se tratara- descubiertos en Poza Rica, adem\u00e1s de la aparici\u00f3n de cuerpos desmembrados arrojados en la v\u00eda p\u00fablica, lo mismo en ciudades de nuestro estado como en diversos puntos del pa\u00eds, son hechos atroces que nos han conmocionado en los d\u00edas recientes.<\/p>\n\n\n\n<p>Son la m\u00e1s clara expresi\u00f3n de la tragedia cotidiana que representa que el crimen organizado controle amplias regiones del pa\u00eds y se enfrasque en sanguinarios ajustes de cuentas con las bandas rivales.<\/p>\n\n\n\n<p>Nos recuerdan que, m\u00e1s all\u00e1 de los discursos, las proclamas, los desmentidos y las negativas a escuchar y reconocer la gravedad de la situaci\u00f3n, o los consabidos ofrecimientos de que \u201cse actuar\u00e1 y se har\u00e1 justicia\u201d, la sociedad vive en peligro y que las administraciones de los tres \u00f3rdenes de gobierno poco pueden o quieren hacer para garantizar la seguridad de la gente.<\/p>\n\n\n\n<p>A los pol\u00edticos de todos colores que padecemos solo les ocupa y les preocupa la sucesi\u00f3n presidencial o estatal, el acomodarse en el siguiente cargo, los negocios que hacen, el agradar al primer mandatario o combatir al adversario pol\u00edtico, entre una larga lista de asuntos que podemos enumerar de los afanes de quienes gobiernan. Son sus prioridades.<\/p>\n\n\n\n<p>Ante la lacerante realidad y el horror que vivimos en este M\u00e9xico convertido en campo de guerra de los grupos del crimen organizado y en una gigantesca fosa clandestina desde hace casi dos d\u00e9cadas, agobia pensar en cu\u00e1ndo llegar\u00e1 a su fin este estado de cosas.<\/p>\n\n\n\n<p>Tenemos a\u00f1os de ver escenas sangrientas, llevar la cuenta de los desaparecidos, saber de cr\u00edmenes atroces o de enfrentamientos, de balaceras, ajusticiamientos y un sinf\u00edn de hechos violentos. Pero cuando se presentan actos espeluznantes que revelan la deshumanizaci\u00f3n de los criminales, su falta de piedad o la degradaci\u00f3n o el sadismo al que se llega en el mundo de las drogas y del crimen organizado, el espanto es a\u00fan mayor.<\/p>\n\n\n\n<p>Estos cr\u00edmenes son reveladores de la terrible descomposici\u00f3n que vivimos y en la que los j\u00f3venes llevan la peor parte. La ola delincuencial que nos atenaza a todos los tiene a ellos especialmente en sus manos, sea para volverlos v\u00edctimas o, merced a la falta de oportunidades o el reclutamiento forzado, convertirlos en victimarios.<\/p>\n\n\n\n<p>\u00bfCu\u00e1ntos j\u00f3venes pobres, del campo y la ciudad, son sumados a las filas criminales como sicarios o halcones?&nbsp;&nbsp;\u00bfCu\u00e1ntos adolescentes engrosan las filas de la delincuencia d\u00eda a d\u00eda? \u00bfSer\u00e1 porque admiran el \u201cmundo narco\u201d o porque no tienen de otra?<\/p>\n\n\n\n<p>En un pa\u00eds donde un joven no encuentra trabajo o debe emplearse de lo que se pueda para subsistir o ayudar a su familia sumida en la pobreza o que batalla para llegar al fin de quincena, es muy probable que se les haga f\u00e1cil traspasar la l\u00ednea. Lo mismo que un joven del campo al que solo le queda como alternativa emigrar o sumarse a las filas de la delincuencia para ganarse la vida.<\/p>\n\n\n\n<p>Esa es la triste realidad entre los sectores m\u00e1s desfavorecidos, donde la pobreza y la falta de empleo e ingreso m\u00ednimamente remunerador es la constante, lo mismo que en sectores menos golpeados por la crisis, pero donde la educaci\u00f3n ha fracasado y la p\u00e9rdida de valores es el pan de cada d\u00eda. Y en todos los casos las v\u00edctimas son j\u00f3venes. La falta de oportunidades los condena.<\/p>\n\n\n\n<p>No vayamos lejos. Seguramente usted conoce o sabe de estudiantes o universitarios reci\u00e9n egresados que no encuentran empleo y los vemos despachando gasolina en una estaci\u00f3n, manejando un taxi, de empleados en tiendas, por citar casos de trabajos respetables pero que desde luego no eran su aspiraci\u00f3n, o simple y llanamente desempleados porque no hay trabajo o en el que hay se les ofrecen salarios miserables.<\/p>\n\n\n\n<p>En esas condiciones salta la pregunta evidente: \u00bfY los gobiernos, los pol\u00edticos y candidatos qu\u00e9 hacen? \u00bfQu\u00e9 han hecho, para atender esta emergencia nacional? \u00bfCu\u00e1ntos programas de J\u00f3venes Construyendo el Futuro habr\u00eda que replicar en todo el pa\u00eds para salir al paso? \u00bfQu\u00e9 ir\u00e1n a ofrecer al respecto quienes muy pronto andar\u00e1n en campa\u00f1a?<\/p>\n\n\n\n<p>Hoy por hoy, para decirlo claro, los pol\u00edticos de todos los colores solo est\u00e1n enfrascados en la guerra electoral, en la descarnada lucha por el poder.<\/p>\n\n\n\n<p>Si los gobiernos han fallado estrepitosamente y a los pol\u00edticos solo los mueve el poder y los negocios, la sociedad no puede resignarse a vivir con miedo y a quedarse en el recuento de cr\u00edmenes, de j\u00f3venes vidas truncadas, de historias de horror e impunidad.<\/p>\n\n\n\n<p>Es tiempo de que nuestra indignaci\u00f3n se transforme en acci\u00f3n, en exigencia para revertir nuestra terrible realidad. No podemos quedarnos cruzados de brazos, antes de que la irracional violencia nos alcance.<\/p>\n\n\n\n<p>Al crimen se le debe combatir no solo con armas. Se debe hacerlo con mejor educaci\u00f3n, con trabajo para todos, con pol\u00edticas p\u00fablicas efectivas de apoyo a los j\u00f3venes, con fomento a los valores, con honestidad en el ejercicio de gobierno, cerrando espacios a la corrupci\u00f3n, castigando al que delinque, lo mismo al sicario que al pol\u00edtico que desv\u00eda recursos.<\/p>\n\n\n\n<p>Revertir el estado de cosas exige la toma de conciencia de todos de cara a las pr\u00f3ximas elecciones. Vivir en paz es lo menos que esperamos a cambio de nuestro voto.<\/p>\n\n\n\n<p>jecesco@hotmail.com<\/p>\n\n\n\n<p>www.deinterespublico.com<\/p>\n","protected":false},"excerpt":{"rendered":"<p>Emilio C\u00e1rdenas Escobosa De Inter\u00e9s P\u00fablico El secuestro y presunto asesinato de los cinco j\u00f3venes en Lagos de Moreno, Jalisco, que habr\u00edan sido obligados a matarse entre ellos, o las perturbadoras im\u00e1genes de refrigeradores con restos de al menos 14 personas perfectamente embalados -como si de carne en los congeladores de un supermercado se tratara- [&hellip;]<\/p>\n","protected":false},"author":2,"featured_media":0,"comment_status":"closed","ping_status":"closed","sticky":false,"template":"","format":"standard","meta":{"tdm_status":"","tdm_grid_status":"","footnotes":""},"categories":[70],"tags":[1563,1432,1026,195],"class_list":{"0":"post-110216","1":"post","2":"type-post","3":"status-publish","4":"format-standard","6":"category-de-opinion","7":"tag-cuitlahuac-garcia-jimenez","8":"tag-emilio-cardenas-escobosa","9":"tag-morena","10":"tag-veracruz"},"yoast_head":"<!-- This site is optimized with the Yoast SEO plugin v27.4 - https:\/\/yoast.com\/product\/yoast-seo-wordpress\/ -->\n<title>EL HORROR DE LA VIOLENCIA CRIMINAL - Los pol\u00edticos Veracruz<\/title>\n<meta name=\"robots\" content=\"index, follow, max-snippet:-1, max-image-preview:large, max-video-preview:-1\" \/>\n<link rel=\"canonical\" href=\"https:\/\/lospoliticosveracruz.com\/?p=110216\" \/>\n<meta property=\"og:locale\" content=\"es_ES\" \/>\n<meta property=\"og:type\" content=\"article\" \/>\n<meta property=\"og:title\" content=\"EL HORROR DE LA VIOLENCIA CRIMINAL - Los pol\u00edticos Veracruz\" \/>\n<meta property=\"og:description\" content=\"Emilio C\u00e1rdenas Escobosa De Inter\u00e9s P\u00fablico El secuestro y presunto asesinato de los cinco j\u00f3venes en Lagos de Moreno, Jalisco, que habr\u00edan sido obligados a matarse entre ellos, o las perturbadoras im\u00e1genes de refrigeradores con restos de al menos 14 personas perfectamente embalados -como si de carne en los congeladores de un supermercado se tratara- [&hellip;]\" \/>\n<meta property=\"og:url\" content=\"https:\/\/lospoliticosveracruz.com\/?p=110216\" \/>\n<meta property=\"og:site_name\" content=\"Los pol\u00edticos Veracruz\" \/>\n<meta property=\"article:publisher\" content=\"https:\/\/www.facebook.com\/people\/Notimemes-de-los-Polticos\/61565672886568\/\" \/>\n<meta property=\"article:published_time\" content=\"2023-08-17T22:12:33+00:00\" \/>\n<meta property=\"article:modified_time\" content=\"2023-08-17T22:12:46+00:00\" \/>\n<meta property=\"og:image\" content=\"https:\/\/lospoliticosveracruz.com\/wp-content\/uploads\/2016\/07\/Logo-Dor.jpg\" \/>\n\t<meta property=\"og:image:width\" content=\"200\" \/>\n\t<meta property=\"og:image:height\" content=\"200\" \/>\n\t<meta property=\"og:image:type\" content=\"image\/jpeg\" \/>\n<meta name=\"author\" content=\"Lo viste en Los Pol\u00edticos\" \/>\n<meta name=\"twitter:card\" content=\"summary_large_image\" \/>\n<meta name=\"twitter:creator\" content=\"@LosPoliticosVer\" \/>\n<meta name=\"twitter:site\" content=\"@LosPoliticosVer\" \/>\n<meta name=\"twitter:label1\" content=\"Escrito por\" \/>\n\t<meta name=\"twitter:data1\" content=\"Lo viste en Los Pol\u00edticos\" \/>\n\t<meta name=\"twitter:label2\" content=\"Tiempo de lectura\" \/>\n\t<meta name=\"twitter:data2\" content=\"5 minutos\" \/>\n<script type=\"application\/ld+json\" class=\"yoast-schema-graph\">{\"@context\":\"https:\\\/\\\/schema.org\",\"@graph\":[{\"@type\":\"Article\",\"@id\":\"https:\\\/\\\/lospoliticosveracruz.com\\\/?p=110216#article\",\"isPartOf\":{\"@id\":\"https:\\\/\\\/lospoliticosveracruz.com\\\/?p=110216\"},\"author\":{\"name\":\"Lo viste en Los Pol\u00edticos\",\"@id\":\"https:\\\/\\\/lospoliticosveracruz.com\\\/#\\\/schema\\\/person\\\/b8702bb0e538456e6efd07080bf2a4a2\"},\"headline\":\"EL HORROR DE LA VIOLENCIA CRIMINAL\",\"datePublished\":\"2023-08-17T22:12:33+00:00\",\"dateModified\":\"2023-08-17T22:12:46+00:00\",\"mainEntityOfPage\":{\"@id\":\"https:\\\/\\\/lospoliticosveracruz.com\\\/?p=110216\"},\"wordCount\":1000,\"publisher\":{\"@id\":\"https:\\\/\\\/lospoliticosveracruz.com\\\/#organization\"},\"keywords\":[\"Cuitl\u00e1huac Garc\u00eda Jim\u00e9nez\",\"Emilio C\u00e1rdenas Escobosa\",\"Morena\",\"Veracruz\"],\"articleSection\":[\"De Opini\u00f3n\"],\"inLanguage\":\"es\"},{\"@type\":\"WebPage\",\"@id\":\"https:\\\/\\\/lospoliticosveracruz.com\\\/?p=110216\",\"url\":\"https:\\\/\\\/lospoliticosveracruz.com\\\/?p=110216\",\"name\":\"EL HORROR DE LA VIOLENCIA CRIMINAL - Los pol\u00edticos Veracruz\",\"isPartOf\":{\"@id\":\"https:\\\/\\\/lospoliticosveracruz.com\\\/#website\"},\"datePublished\":\"2023-08-17T22:12:33+00:00\",\"dateModified\":\"2023-08-17T22:12:46+00:00\",\"breadcrumb\":{\"@id\":\"https:\\\/\\\/lospoliticosveracruz.com\\\/?p=110216#breadcrumb\"},\"inLanguage\":\"es\",\"potentialAction\":[{\"@type\":\"ReadAction\",\"target\":[\"https:\\\/\\\/lospoliticosveracruz.com\\\/?p=110216\"]}]},{\"@type\":\"BreadcrumbList\",\"@id\":\"https:\\\/\\\/lospoliticosveracruz.com\\\/?p=110216#breadcrumb\",\"itemListElement\":[{\"@type\":\"ListItem\",\"position\":1,\"name\":\"Portada\",\"item\":\"https:\\\/\\\/lospoliticosveracruz.com\\\/\"},{\"@type\":\"ListItem\",\"position\":2,\"name\":\"EL HORROR DE LA VIOLENCIA CRIMINAL\"}]},{\"@type\":\"WebSite\",\"@id\":\"https:\\\/\\\/lospoliticosveracruz.com\\\/#website\",\"url\":\"https:\\\/\\\/lospoliticosveracruz.com\\\/\",\"name\":\"Los pol\u00edticos Veracruz\",\"description\":\"\",\"publisher\":{\"@id\":\"https:\\\/\\\/lospoliticosveracruz.com\\\/#organization\"},\"potentialAction\":[{\"@type\":\"SearchAction\",\"target\":{\"@type\":\"EntryPoint\",\"urlTemplate\":\"https:\\\/\\\/lospoliticosveracruz.com\\\/?s={search_term_string}\"},\"query-input\":{\"@type\":\"PropertyValueSpecification\",\"valueRequired\":true,\"valueName\":\"search_term_string\"}}],\"inLanguage\":\"es\"},{\"@type\":\"Organization\",\"@id\":\"https:\\\/\\\/lospoliticosveracruz.com\\\/#organization\",\"name\":\"Los pol\u00edticos Veracruz\",\"url\":\"https:\\\/\\\/lospoliticosveracruz.com\\\/\",\"logo\":{\"@type\":\"ImageObject\",\"inLanguage\":\"es\",\"@id\":\"https:\\\/\\\/lospoliticosveracruz.com\\\/#\\\/schema\\\/logo\\\/image\\\/\",\"url\":\"https:\\\/\\\/lospoliticosveracruz.com\\\/wp-content\\\/uploads\\\/2025\\\/12\\\/Logo-Nuevo-LOS-POLITICOS-1.jpg\",\"contentUrl\":\"https:\\\/\\\/lospoliticosveracruz.com\\\/wp-content\\\/uploads\\\/2025\\\/12\\\/Logo-Nuevo-LOS-POLITICOS-1.jpg\",\"width\":260,\"height\":70,\"caption\":\"Los pol\u00edticos Veracruz\"},\"image\":{\"@id\":\"https:\\\/\\\/lospoliticosveracruz.com\\\/#\\\/schema\\\/logo\\\/image\\\/\"},\"sameAs\":[\"https:\\\/\\\/www.facebook.com\\\/people\\\/Notimemes-de-los-Polticos\\\/61565672886568\\\/\",\"https:\\\/\\\/x.com\\\/LosPoliticosVer\"]},{\"@type\":\"Person\",\"@id\":\"https:\\\/\\\/lospoliticosveracruz.com\\\/#\\\/schema\\\/person\\\/b8702bb0e538456e6efd07080bf2a4a2\",\"name\":\"Lo viste en Los Pol\u00edticos\",\"image\":{\"@type\":\"ImageObject\",\"inLanguage\":\"es\",\"@id\":\"https:\\\/\\\/secure.gravatar.com\\\/avatar\\\/3a8de04a2656d44082be478bd6c086daa447c4651605818287b9532d3d0bd435?s=96&d=mm&r=g\",\"url\":\"https:\\\/\\\/secure.gravatar.com\\\/avatar\\\/3a8de04a2656d44082be478bd6c086daa447c4651605818287b9532d3d0bd435?s=96&d=mm&r=g\",\"contentUrl\":\"https:\\\/\\\/secure.gravatar.com\\\/avatar\\\/3a8de04a2656d44082be478bd6c086daa447c4651605818287b9532d3d0bd435?s=96&d=mm&r=g\",\"caption\":\"Lo viste en Los Pol\u00edticos\"},\"url\":\"https:\\\/\\\/lospoliticosveracruz.com\\\/?author=2\"}]}<\/script>\n<!-- \/ Yoast SEO plugin. -->","yoast_head_json":{"title":"EL HORROR DE LA VIOLENCIA CRIMINAL - Los pol\u00edticos Veracruz","robots":{"index":"index","follow":"follow","max-snippet":"max-snippet:-1","max-image-preview":"max-image-preview:large","max-video-preview":"max-video-preview:-1"},"canonical":"https:\/\/lospoliticosveracruz.com\/?p=110216","og_locale":"es_ES","og_type":"article","og_title":"EL HORROR DE LA VIOLENCIA CRIMINAL - Los pol\u00edticos Veracruz","og_description":"Emilio C\u00e1rdenas Escobosa De Inter\u00e9s P\u00fablico El secuestro y presunto asesinato de los cinco j\u00f3venes en Lagos de Moreno, Jalisco, que habr\u00edan sido obligados a matarse entre ellos, o las perturbadoras im\u00e1genes de refrigeradores con restos de al menos 14 personas perfectamente embalados -como si de carne en los congeladores de un supermercado se tratara- [&hellip;]","og_url":"https:\/\/lospoliticosveracruz.com\/?p=110216","og_site_name":"Los pol\u00edticos Veracruz","article_publisher":"https:\/\/www.facebook.com\/people\/Notimemes-de-los-Polticos\/61565672886568\/","article_published_time":"2023-08-17T22:12:33+00:00","article_modified_time":"2023-08-17T22:12:46+00:00","og_image":[{"width":200,"height":200,"url":"https:\/\/lospoliticosveracruz.com\/wp-content\/uploads\/2016\/07\/Logo-Dor.jpg","type":"image\/jpeg"}],"author":"Lo viste en Los Pol\u00edticos","twitter_card":"summary_large_image","twitter_creator":"@LosPoliticosVer","twitter_site":"@LosPoliticosVer","twitter_misc":{"Escrito por":"Lo viste en Los Pol\u00edticos","Tiempo de lectura":"5 minutos"},"schema":{"@context":"https:\/\/schema.org","@graph":[{"@type":"Article","@id":"https:\/\/lospoliticosveracruz.com\/?p=110216#article","isPartOf":{"@id":"https:\/\/lospoliticosveracruz.com\/?p=110216"},"author":{"name":"Lo viste en Los Pol\u00edticos","@id":"https:\/\/lospoliticosveracruz.com\/#\/schema\/person\/b8702bb0e538456e6efd07080bf2a4a2"},"headline":"EL HORROR DE LA VIOLENCIA CRIMINAL","datePublished":"2023-08-17T22:12:33+00:00","dateModified":"2023-08-17T22:12:46+00:00","mainEntityOfPage":{"@id":"https:\/\/lospoliticosveracruz.com\/?p=110216"},"wordCount":1000,"publisher":{"@id":"https:\/\/lospoliticosveracruz.com\/#organization"},"keywords":["Cuitl\u00e1huac Garc\u00eda Jim\u00e9nez","Emilio C\u00e1rdenas Escobosa","Morena","Veracruz"],"articleSection":["De Opini\u00f3n"],"inLanguage":"es"},{"@type":"WebPage","@id":"https:\/\/lospoliticosveracruz.com\/?p=110216","url":"https:\/\/lospoliticosveracruz.com\/?p=110216","name":"EL HORROR DE LA VIOLENCIA CRIMINAL - Los pol\u00edticos Veracruz","isPartOf":{"@id":"https:\/\/lospoliticosveracruz.com\/#website"},"datePublished":"2023-08-17T22:12:33+00:00","dateModified":"2023-08-17T22:12:46+00:00","breadcrumb":{"@id":"https:\/\/lospoliticosveracruz.com\/?p=110216#breadcrumb"},"inLanguage":"es","potentialAction":[{"@type":"ReadAction","target":["https:\/\/lospoliticosveracruz.com\/?p=110216"]}]},{"@type":"BreadcrumbList","@id":"https:\/\/lospoliticosveracruz.com\/?p=110216#breadcrumb","itemListElement":[{"@type":"ListItem","position":1,"name":"Portada","item":"https:\/\/lospoliticosveracruz.com\/"},{"@type":"ListItem","position":2,"name":"EL HORROR DE LA VIOLENCIA CRIMINAL"}]},{"@type":"WebSite","@id":"https:\/\/lospoliticosveracruz.com\/#website","url":"https:\/\/lospoliticosveracruz.com\/","name":"Los pol\u00edticos Veracruz","description":"","publisher":{"@id":"https:\/\/lospoliticosveracruz.com\/#organization"},"potentialAction":[{"@type":"SearchAction","target":{"@type":"EntryPoint","urlTemplate":"https:\/\/lospoliticosveracruz.com\/?s={search_term_string}"},"query-input":{"@type":"PropertyValueSpecification","valueRequired":true,"valueName":"search_term_string"}}],"inLanguage":"es"},{"@type":"Organization","@id":"https:\/\/lospoliticosveracruz.com\/#organization","name":"Los pol\u00edticos Veracruz","url":"https:\/\/lospoliticosveracruz.com\/","logo":{"@type":"ImageObject","inLanguage":"es","@id":"https:\/\/lospoliticosveracruz.com\/#\/schema\/logo\/image\/","url":"https:\/\/lospoliticosveracruz.com\/wp-content\/uploads\/2025\/12\/Logo-Nuevo-LOS-POLITICOS-1.jpg","contentUrl":"https:\/\/lospoliticosveracruz.com\/wp-content\/uploads\/2025\/12\/Logo-Nuevo-LOS-POLITICOS-1.jpg","width":260,"height":70,"caption":"Los pol\u00edticos Veracruz"},"image":{"@id":"https:\/\/lospoliticosveracruz.com\/#\/schema\/logo\/image\/"},"sameAs":["https:\/\/www.facebook.com\/people\/Notimemes-de-los-Polticos\/61565672886568\/","https:\/\/x.com\/LosPoliticosVer"]},{"@type":"Person","@id":"https:\/\/lospoliticosveracruz.com\/#\/schema\/person\/b8702bb0e538456e6efd07080bf2a4a2","name":"Lo viste en Los Pol\u00edticos","image":{"@type":"ImageObject","inLanguage":"es","@id":"https:\/\/secure.gravatar.com\/avatar\/3a8de04a2656d44082be478bd6c086daa447c4651605818287b9532d3d0bd435?s=96&d=mm&r=g","url":"https:\/\/secure.gravatar.com\/avatar\/3a8de04a2656d44082be478bd6c086daa447c4651605818287b9532d3d0bd435?s=96&d=mm&r=g","contentUrl":"https:\/\/secure.gravatar.com\/avatar\/3a8de04a2656d44082be478bd6c086daa447c4651605818287b9532d3d0bd435?s=96&d=mm&r=g","caption":"Lo viste en Los Pol\u00edticos"},"url":"https:\/\/lospoliticosveracruz.com\/?author=2"}]}},"_links":{"self":[{"href":"https:\/\/lospoliticosveracruz.com\/index.php?rest_route=\/wp\/v2\/posts\/110216","targetHints":{"allow":["GET"]}}],"collection":[{"href":"https:\/\/lospoliticosveracruz.com\/index.php?rest_route=\/wp\/v2\/posts"}],"about":[{"href":"https:\/\/lospoliticosveracruz.com\/index.php?rest_route=\/wp\/v2\/types\/post"}],"author":[{"embeddable":true,"href":"https:\/\/lospoliticosveracruz.com\/index.php?rest_route=\/wp\/v2\/users\/2"}],"replies":[{"embeddable":true,"href":"https:\/\/lospoliticosveracruz.com\/index.php?rest_route=%2Fwp%2Fv2%2Fcomments&post=110216"}],"version-history":[{"count":1,"href":"https:\/\/lospoliticosveracruz.com\/index.php?rest_route=\/wp\/v2\/posts\/110216\/revisions"}],"predecessor-version":[{"id":110217,"href":"https:\/\/lospoliticosveracruz.com\/index.php?rest_route=\/wp\/v2\/posts\/110216\/revisions\/110217"}],"wp:attachment":[{"href":"https:\/\/lospoliticosveracruz.com\/index.php?rest_route=%2Fwp%2Fv2%2Fmedia&parent=110216"}],"wp:term":[{"taxonomy":"category","embeddable":true,"href":"https:\/\/lospoliticosveracruz.com\/index.php?rest_route=%2Fwp%2Fv2%2Fcategories&post=110216"},{"taxonomy":"post_tag","embeddable":true,"href":"https:\/\/lospoliticosveracruz.com\/index.php?rest_route=%2Fwp%2Fv2%2Ftags&post=110216"}],"curies":[{"name":"wp","href":"https:\/\/api.w.org\/{rel}","templated":true}]}}