{"id":110225,"date":"2023-08-18T08:46:00","date_gmt":"2023-08-18T13:46:00","guid":{"rendered":"https:\/\/lospoliticosveracruz.com.mx\/?p=110225"},"modified":"2023-08-18T08:43:03","modified_gmt":"2023-08-18T13:43:03","slug":"frases","status":"publish","type":"post","link":"https:\/\/lospoliticosveracruz.com\/?p=110225","title":{"rendered":"FRASES"},"content":{"rendered":"\n<p><strong>Guadalupe H. Mar<br><\/strong><em>Mira Pol\u00edtica<\/em><\/p>\n\n\n\n<p><strong>LUGARES COMUNES \u2026<\/strong> No recordamos cu\u00e1ntas han sido las ocasiones en que el ciudadano presidente de la rep\u00fablica Andr\u00e9s Manuel L\u00f3pez Obrador ha mencionado a la Fiscal\u00eda General del estado de Veracruz (Fgever) como la responsable o encargada de las investigaciones de cr\u00edmenes cometidos en el estado que gobierna el tambi\u00e9n morenista e ingeniero mec\u00e1nico electricista, Cuitl\u00e1huac Garc\u00eda Jim\u00e9nez.<\/p>\n\n\n<div class=\"wp-block-image\">\n<figure class=\"alignleft size-full is-resized\"><a href=\"https:\/\/lospoliticosveracruz.com.mx\/wp-content\/uploads\/2023\/02\/Vinissimo.jpg\"><img loading=\"lazy\" decoding=\"async\" src=\"https:\/\/lospoliticosveracruz.com.mx\/wp-content\/uploads\/2023\/02\/Vinissimo.jpg\" alt=\"\" class=\"wp-image-102752\" width=\"175\" height=\"178\"\/><\/a><\/figure>\n<\/div>\n\n\n<p><br>No recordamos tampoco si en alguna ocasi\u00f3n el presidente L\u00f3pez se ha referido por su nombre a Ver\u00f3nica Hern\u00e1ndez Giad\u00e1ns, titular de la Fgever, por lo cual amables lectoras y lectores, esa frase de que \u201cla Fiscal\u00eda de Veracruz est\u00e1 atendiendo este asunto\u201d, se ha convertido en un vicio del lenguaje conocido como \u201clugar com\u00fan\u201d, que consiste en una expresi\u00f3n o idea conocida por todos y muy empleada en casos semejantes.<br>Recientemente el presidente L\u00f3pez recurri\u00f3 a su trillada frase \u201cla Fiscal\u00eda de Veracruz investiga\u201d, para dar respuesta al cuestionamiento sobre los de 13 a 34 cad\u00e1veres humanos que se encontraron en congeladores en la ciudad de Poza Rica de Hidalgo.<br>Por cierto, tampoco recordamos si en alguna ocasi\u00f3n el presidente L\u00f3pez en sus peroratas ma\u00f1aneras ha dado a conocer el resultado de alguna investigaci\u00f3n realizada por la Fiscal\u00eda General del estado de Veracruz, o se ha invitado al mandatario estatal veracruzano a explicar sobre alguna investigaci\u00f3n en particular.<br>Por ello, insistimos, eso de que \u201cla Fiscal\u00eda de Veracruz investiga\u201d, se ha sumado a la extensa lista de lugares comunes del lenguaje, utilizada para salir del paso y cubrir el expediente.<br>Recontraporcierto, otra frase que se ha convertido en \u201clugar com\u00fan\u201d en el estado de Veracruz es aquella de que \u201cla culpa es de los jueces\u201d, esos que, por cierto, seguir\u00e1n juzgando cuando concluya esta administraci\u00f3n estatal el pr\u00f3ximo 30 de noviembre del 2024. Ya mero.<br><strong>A LAS VENCIDAS \u2026<\/strong> Preocupa y bastante, que aun cuando el gobierno federal envi\u00f3 cientos de soldados y elementos de la Guardia Nacional a blindar la ciudad de Poza Rica de Hidalgo, los del crimen organizado volvieron a arrojar restos de cad\u00e1veres humanos en las inmediaciones de ese municipio, adem\u00e1s de colocar mantas y letreros alusivos a los latrocinios que se est\u00e1n cometiendo en aquella regi\u00f3n.<br>Obviamente los del crimen organizado est\u00e1n jugando a las vencidas con los gobiernos federal y estatal, en un territorio que se est\u00e1 convirtiendo en una zona sin ley.<br><strong>LUTO NACIONAL \u2026<\/strong> Ra\u00fal Trejo Delarbre, reconocido investigador y docente, @ciberfan maestro e investigador en temas de ciencias sociales, comentarista pol\u00edticamente incorrecto, adicto a Internet, comprometido con el derecho a la informaci\u00f3n, poste\u00f3 en Twitter lo siguiente: \u201cAnte la inaceptable normalizaci\u00f3n de la barbarie,<br>Ante la insensible e irresponsable indolencia oficial, Ante la intolerable impunidad de los criminales, Ante el sufrimiento y el temor de tantos mexicanos, #LutoNacional\u201d.<br>As\u00ed es, M\u00e9xico debe estar de luto por tan horrendos y constantes cr\u00edmenes que se est\u00e1n cometiendo en nuestro pa\u00eds y por supuesto en Veracruz, hechos que se pretenden ocultar llev\u00e1ndonos al tema corcholatero que es la prioridad del presidente L\u00f3pez.<br><strong>HEEEY FAMILIA \u2026<\/strong> El pr\u00f3ximo martes 22 de agosto a las cinco de la tarde, en el Centro Veracruzano de las Artes, \u201cHugo Arg\u00fcelles\u201d del Centro Hist\u00f3rico de la ciudad y puerto de Veracruz, el periodista Arturo Cano presentar\u00e1 su libro \u201cClaudia Sheinbaum: presidenta\u201d, que retrata la carrera pol\u00edtica de esta acad\u00e9mica e investigadora que aspira a gobernar nuestro pa\u00eds.<br>Los presentadores del libro ser\u00e1n el propio autor, Arturo Cano, Sara Ladr\u00f3n de Guevara, ex rectora de la Universidad Veracruzana y quien esto escribe como periodista y acad\u00e9mica de la UV, en tanto que Rosa Mar\u00eda Oliart Ros, investigadora del Instituto tecnol\u00f3gico de Veracruz, ser\u00e1 la moderadora.<br>D\u00cdGALO SIN MIEDO \u2026 Al correo electr\u00f3nico guadalupehmar@yahoo.com<\/p>\n","protected":false},"excerpt":{"rendered":"<p>Guadalupe H. MarMira Pol\u00edtica LUGARES COMUNES \u2026 No recordamos cu\u00e1ntas han sido las ocasiones en que el ciudadano presidente de la rep\u00fablica Andr\u00e9s Manuel L\u00f3pez Obrador ha mencionado a la Fiscal\u00eda General del estado de Veracruz (Fgever) como la responsable o encargada de las investigaciones de cr\u00edmenes cometidos en el estado que gobierna el tambi\u00e9n [&hellip;]<\/p>\n","protected":false},"author":2,"featured_media":0,"comment_status":"closed","ping_status":"closed","sticky":false,"template":"","format":"standard","meta":{"tdm_status":"","tdm_grid_status":"","footnotes":""},"categories":[70],"tags":[618,1563,24159,1026,39065,195,15165],"class_list":{"0":"post-110225","1":"post","2":"type-post","3":"status-publish","4":"format-standard","6":"category-de-opinion","7":"tag-andres-manuel-lopez-obrador","8":"tag-cuitlahuac-garcia-jimenez","9":"tag-fiscalia-general-del-estado-de-veracruz","10":"tag-morena","11":"tag-raul-trejo-delarbre","12":"tag-veracruz","13":"tag-veronica-hernandez-giadans"},"yoast_head":"<!-- This site is optimized with the Yoast SEO plugin v27.4 - https:\/\/yoast.com\/product\/yoast-seo-wordpress\/ -->\n<title>FRASES - Los pol\u00edticos Veracruz<\/title>\n<meta name=\"robots\" content=\"index, follow, max-snippet:-1, max-image-preview:large, max-video-preview:-1\" \/>\n<link rel=\"canonical\" href=\"https:\/\/lospoliticosveracruz.com\/?p=110225\" \/>\n<meta property=\"og:locale\" content=\"es_ES\" \/>\n<meta property=\"og:type\" content=\"article\" \/>\n<meta property=\"og:title\" content=\"FRASES - Los pol\u00edticos Veracruz\" \/>\n<meta property=\"og:description\" content=\"Guadalupe H. MarMira Pol\u00edtica LUGARES COMUNES \u2026 No recordamos cu\u00e1ntas han sido las ocasiones en que el ciudadano presidente de la rep\u00fablica Andr\u00e9s Manuel L\u00f3pez Obrador ha mencionado a la Fiscal\u00eda General del estado de Veracruz (Fgever) como la responsable o encargada de las investigaciones de cr\u00edmenes cometidos en el estado que gobierna el tambi\u00e9n [&hellip;]\" \/>\n<meta property=\"og:url\" content=\"https:\/\/lospoliticosveracruz.com\/?p=110225\" \/>\n<meta property=\"og:site_name\" content=\"Los pol\u00edticos Veracruz\" \/>\n<meta property=\"article:publisher\" content=\"https:\/\/www.facebook.com\/people\/Notimemes-de-los-Polticos\/61565672886568\/\" \/>\n<meta property=\"article:published_time\" content=\"2023-08-18T13:46:00+00:00\" \/>\n<meta property=\"og:image\" content=\"https:\/\/lospoliticosveracruz.com.mx\/wp-content\/uploads\/2023\/02\/Vinissimo.jpg\" \/>\n<meta name=\"author\" content=\"Lo viste en Los Pol\u00edticos\" \/>\n<meta name=\"twitter:card\" content=\"summary_large_image\" \/>\n<meta name=\"twitter:creator\" content=\"@LosPoliticosVer\" \/>\n<meta name=\"twitter:site\" content=\"@LosPoliticosVer\" \/>\n<meta name=\"twitter:label1\" content=\"Escrito por\" \/>\n\t<meta name=\"twitter:data1\" content=\"Lo viste en Los Pol\u00edticos\" \/>\n\t<meta name=\"twitter:label2\" content=\"Tiempo de lectura\" \/>\n\t<meta name=\"twitter:data2\" content=\"3 minutos\" \/>\n<script type=\"application\/ld+json\" class=\"yoast-schema-graph\">{\"@context\":\"https:\\\/\\\/schema.org\",\"@graph\":[{\"@type\":\"Article\",\"@id\":\"https:\\\/\\\/lospoliticosveracruz.com\\\/?p=110225#article\",\"isPartOf\":{\"@id\":\"https:\\\/\\\/lospoliticosveracruz.com\\\/?p=110225\"},\"author\":{\"name\":\"Lo viste en Los Pol\u00edticos\",\"@id\":\"https:\\\/\\\/lospoliticosveracruz.com\\\/#\\\/schema\\\/person\\\/b8702bb0e538456e6efd07080bf2a4a2\"},\"headline\":\"FRASES\",\"datePublished\":\"2023-08-18T13:46:00+00:00\",\"mainEntityOfPage\":{\"@id\":\"https:\\\/\\\/lospoliticosveracruz.com\\\/?p=110225\"},\"wordCount\":673,\"publisher\":{\"@id\":\"https:\\\/\\\/lospoliticosveracruz.com\\\/#organization\"},\"image\":{\"@id\":\"https:\\\/\\\/lospoliticosveracruz.com\\\/?p=110225#primaryimage\"},\"thumbnailUrl\":\"https:\\\/\\\/lospoliticosveracruz.com.mx\\\/wp-content\\\/uploads\\\/2023\\\/02\\\/Vinissimo.jpg\",\"keywords\":[\"Andr\u00e9s Manuel L\u00f3pez Obrador\",\"Cuitl\u00e1huac Garc\u00eda Jim\u00e9nez\",\"Fiscal\u00eda General del Estado de Veracruz\",\"Morena\",\"Ra\u00fal Trejo Delarbre\",\"Veracruz\",\"Ver\u00f3nica Hern\u00e1ndez Giad\u00e1ns\"],\"articleSection\":[\"De Opini\u00f3n\"],\"inLanguage\":\"es\"},{\"@type\":\"WebPage\",\"@id\":\"https:\\\/\\\/lospoliticosveracruz.com\\\/?p=110225\",\"url\":\"https:\\\/\\\/lospoliticosveracruz.com\\\/?p=110225\",\"name\":\"FRASES - Los pol\u00edticos Veracruz\",\"isPartOf\":{\"@id\":\"https:\\\/\\\/lospoliticosveracruz.com\\\/#website\"},\"primaryImageOfPage\":{\"@id\":\"https:\\\/\\\/lospoliticosveracruz.com\\\/?p=110225#primaryimage\"},\"image\":{\"@id\":\"https:\\\/\\\/lospoliticosveracruz.com\\\/?p=110225#primaryimage\"},\"thumbnailUrl\":\"https:\\\/\\\/lospoliticosveracruz.com.mx\\\/wp-content\\\/uploads\\\/2023\\\/02\\\/Vinissimo.jpg\",\"datePublished\":\"2023-08-18T13:46:00+00:00\",\"breadcrumb\":{\"@id\":\"https:\\\/\\\/lospoliticosveracruz.com\\\/?p=110225#breadcrumb\"},\"inLanguage\":\"es\",\"potentialAction\":[{\"@type\":\"ReadAction\",\"target\":[\"https:\\\/\\\/lospoliticosveracruz.com\\\/?p=110225\"]}]},{\"@type\":\"ImageObject\",\"inLanguage\":\"es\",\"@id\":\"https:\\\/\\\/lospoliticosveracruz.com\\\/?p=110225#primaryimage\",\"url\":\"https:\\\/\\\/lospoliticosveracruz.com.mx\\\/wp-content\\\/uploads\\\/2023\\\/02\\\/Vinissimo.jpg\",\"contentUrl\":\"https:\\\/\\\/lospoliticosveracruz.com.mx\\\/wp-content\\\/uploads\\\/2023\\\/02\\\/Vinissimo.jpg\"},{\"@type\":\"BreadcrumbList\",\"@id\":\"https:\\\/\\\/lospoliticosveracruz.com\\\/?p=110225#breadcrumb\",\"itemListElement\":[{\"@type\":\"ListItem\",\"position\":1,\"name\":\"Portada\",\"item\":\"https:\\\/\\\/lospoliticosveracruz.com\\\/\"},{\"@type\":\"ListItem\",\"position\":2,\"name\":\"FRASES\"}]},{\"@type\":\"WebSite\",\"@id\":\"https:\\\/\\\/lospoliticosveracruz.com\\\/#website\",\"url\":\"https:\\\/\\\/lospoliticosveracruz.com\\\/\",\"name\":\"Los pol\u00edticos Veracruz\",\"description\":\"\",\"publisher\":{\"@id\":\"https:\\\/\\\/lospoliticosveracruz.com\\\/#organization\"},\"potentialAction\":[{\"@type\":\"SearchAction\",\"target\":{\"@type\":\"EntryPoint\",\"urlTemplate\":\"https:\\\/\\\/lospoliticosveracruz.com\\\/?s={search_term_string}\"},\"query-input\":{\"@type\":\"PropertyValueSpecification\",\"valueRequired\":true,\"valueName\":\"search_term_string\"}}],\"inLanguage\":\"es\"},{\"@type\":\"Organization\",\"@id\":\"https:\\\/\\\/lospoliticosveracruz.com\\\/#organization\",\"name\":\"Los pol\u00edticos Veracruz\",\"url\":\"https:\\\/\\\/lospoliticosveracruz.com\\\/\",\"logo\":{\"@type\":\"ImageObject\",\"inLanguage\":\"es\",\"@id\":\"https:\\\/\\\/lospoliticosveracruz.com\\\/#\\\/schema\\\/logo\\\/image\\\/\",\"url\":\"https:\\\/\\\/lospoliticosveracruz.com\\\/wp-content\\\/uploads\\\/2025\\\/12\\\/Logo-Nuevo-LOS-POLITICOS-1.jpg\",\"contentUrl\":\"https:\\\/\\\/lospoliticosveracruz.com\\\/wp-content\\\/uploads\\\/2025\\\/12\\\/Logo-Nuevo-LOS-POLITICOS-1.jpg\",\"width\":260,\"height\":70,\"caption\":\"Los pol\u00edticos Veracruz\"},\"image\":{\"@id\":\"https:\\\/\\\/lospoliticosveracruz.com\\\/#\\\/schema\\\/logo\\\/image\\\/\"},\"sameAs\":[\"https:\\\/\\\/www.facebook.com\\\/people\\\/Notimemes-de-los-Polticos\\\/61565672886568\\\/\",\"https:\\\/\\\/x.com\\\/LosPoliticosVer\"]},{\"@type\":\"Person\",\"@id\":\"https:\\\/\\\/lospoliticosveracruz.com\\\/#\\\/schema\\\/person\\\/b8702bb0e538456e6efd07080bf2a4a2\",\"name\":\"Lo viste en Los Pol\u00edticos\",\"image\":{\"@type\":\"ImageObject\",\"inLanguage\":\"es\",\"@id\":\"https:\\\/\\\/secure.gravatar.com\\\/avatar\\\/3a8de04a2656d44082be478bd6c086daa447c4651605818287b9532d3d0bd435?s=96&d=mm&r=g\",\"url\":\"https:\\\/\\\/secure.gravatar.com\\\/avatar\\\/3a8de04a2656d44082be478bd6c086daa447c4651605818287b9532d3d0bd435?s=96&d=mm&r=g\",\"contentUrl\":\"https:\\\/\\\/secure.gravatar.com\\\/avatar\\\/3a8de04a2656d44082be478bd6c086daa447c4651605818287b9532d3d0bd435?s=96&d=mm&r=g\",\"caption\":\"Lo viste en Los Pol\u00edticos\"},\"url\":\"https:\\\/\\\/lospoliticosveracruz.com\\\/?author=2\"}]}<\/script>\n<!-- \/ Yoast SEO plugin. -->","yoast_head_json":{"title":"FRASES - Los pol\u00edticos Veracruz","robots":{"index":"index","follow":"follow","max-snippet":"max-snippet:-1","max-image-preview":"max-image-preview:large","max-video-preview":"max-video-preview:-1"},"canonical":"https:\/\/lospoliticosveracruz.com\/?p=110225","og_locale":"es_ES","og_type":"article","og_title":"FRASES - Los pol\u00edticos Veracruz","og_description":"Guadalupe H. MarMira Pol\u00edtica LUGARES COMUNES \u2026 No recordamos cu\u00e1ntas han sido las ocasiones en que el ciudadano presidente de la rep\u00fablica Andr\u00e9s Manuel L\u00f3pez Obrador ha mencionado a la Fiscal\u00eda General del estado de Veracruz (Fgever) como la responsable o encargada de las investigaciones de cr\u00edmenes cometidos en el estado que gobierna el tambi\u00e9n [&hellip;]","og_url":"https:\/\/lospoliticosveracruz.com\/?p=110225","og_site_name":"Los pol\u00edticos Veracruz","article_publisher":"https:\/\/www.facebook.com\/people\/Notimemes-de-los-Polticos\/61565672886568\/","article_published_time":"2023-08-18T13:46:00+00:00","og_image":[{"url":"https:\/\/lospoliticosveracruz.com.mx\/wp-content\/uploads\/2023\/02\/Vinissimo.jpg","type":"","width":"","height":""}],"author":"Lo viste en Los Pol\u00edticos","twitter_card":"summary_large_image","twitter_creator":"@LosPoliticosVer","twitter_site":"@LosPoliticosVer","twitter_misc":{"Escrito por":"Lo viste en Los Pol\u00edticos","Tiempo de lectura":"3 minutos"},"schema":{"@context":"https:\/\/schema.org","@graph":[{"@type":"Article","@id":"https:\/\/lospoliticosveracruz.com\/?p=110225#article","isPartOf":{"@id":"https:\/\/lospoliticosveracruz.com\/?p=110225"},"author":{"name":"Lo viste en Los Pol\u00edticos","@id":"https:\/\/lospoliticosveracruz.com\/#\/schema\/person\/b8702bb0e538456e6efd07080bf2a4a2"},"headline":"FRASES","datePublished":"2023-08-18T13:46:00+00:00","mainEntityOfPage":{"@id":"https:\/\/lospoliticosveracruz.com\/?p=110225"},"wordCount":673,"publisher":{"@id":"https:\/\/lospoliticosveracruz.com\/#organization"},"image":{"@id":"https:\/\/lospoliticosveracruz.com\/?p=110225#primaryimage"},"thumbnailUrl":"https:\/\/lospoliticosveracruz.com.mx\/wp-content\/uploads\/2023\/02\/Vinissimo.jpg","keywords":["Andr\u00e9s Manuel L\u00f3pez Obrador","Cuitl\u00e1huac Garc\u00eda Jim\u00e9nez","Fiscal\u00eda General del Estado de Veracruz","Morena","Ra\u00fal Trejo Delarbre","Veracruz","Ver\u00f3nica Hern\u00e1ndez Giad\u00e1ns"],"articleSection":["De Opini\u00f3n"],"inLanguage":"es"},{"@type":"WebPage","@id":"https:\/\/lospoliticosveracruz.com\/?p=110225","url":"https:\/\/lospoliticosveracruz.com\/?p=110225","name":"FRASES - Los pol\u00edticos Veracruz","isPartOf":{"@id":"https:\/\/lospoliticosveracruz.com\/#website"},"primaryImageOfPage":{"@id":"https:\/\/lospoliticosveracruz.com\/?p=110225#primaryimage"},"image":{"@id":"https:\/\/lospoliticosveracruz.com\/?p=110225#primaryimage"},"thumbnailUrl":"https:\/\/lospoliticosveracruz.com.mx\/wp-content\/uploads\/2023\/02\/Vinissimo.jpg","datePublished":"2023-08-18T13:46:00+00:00","breadcrumb":{"@id":"https:\/\/lospoliticosveracruz.com\/?p=110225#breadcrumb"},"inLanguage":"es","potentialAction":[{"@type":"ReadAction","target":["https:\/\/lospoliticosveracruz.com\/?p=110225"]}]},{"@type":"ImageObject","inLanguage":"es","@id":"https:\/\/lospoliticosveracruz.com\/?p=110225#primaryimage","url":"https:\/\/lospoliticosveracruz.com.mx\/wp-content\/uploads\/2023\/02\/Vinissimo.jpg","contentUrl":"https:\/\/lospoliticosveracruz.com.mx\/wp-content\/uploads\/2023\/02\/Vinissimo.jpg"},{"@type":"BreadcrumbList","@id":"https:\/\/lospoliticosveracruz.com\/?p=110225#breadcrumb","itemListElement":[{"@type":"ListItem","position":1,"name":"Portada","item":"https:\/\/lospoliticosveracruz.com\/"},{"@type":"ListItem","position":2,"name":"FRASES"}]},{"@type":"WebSite","@id":"https:\/\/lospoliticosveracruz.com\/#website","url":"https:\/\/lospoliticosveracruz.com\/","name":"Los pol\u00edticos Veracruz","description":"","publisher":{"@id":"https:\/\/lospoliticosveracruz.com\/#organization"},"potentialAction":[{"@type":"SearchAction","target":{"@type":"EntryPoint","urlTemplate":"https:\/\/lospoliticosveracruz.com\/?s={search_term_string}"},"query-input":{"@type":"PropertyValueSpecification","valueRequired":true,"valueName":"search_term_string"}}],"inLanguage":"es"},{"@type":"Organization","@id":"https:\/\/lospoliticosveracruz.com\/#organization","name":"Los pol\u00edticos Veracruz","url":"https:\/\/lospoliticosveracruz.com\/","logo":{"@type":"ImageObject","inLanguage":"es","@id":"https:\/\/lospoliticosveracruz.com\/#\/schema\/logo\/image\/","url":"https:\/\/lospoliticosveracruz.com\/wp-content\/uploads\/2025\/12\/Logo-Nuevo-LOS-POLITICOS-1.jpg","contentUrl":"https:\/\/lospoliticosveracruz.com\/wp-content\/uploads\/2025\/12\/Logo-Nuevo-LOS-POLITICOS-1.jpg","width":260,"height":70,"caption":"Los pol\u00edticos Veracruz"},"image":{"@id":"https:\/\/lospoliticosveracruz.com\/#\/schema\/logo\/image\/"},"sameAs":["https:\/\/www.facebook.com\/people\/Notimemes-de-los-Polticos\/61565672886568\/","https:\/\/x.com\/LosPoliticosVer"]},{"@type":"Person","@id":"https:\/\/lospoliticosveracruz.com\/#\/schema\/person\/b8702bb0e538456e6efd07080bf2a4a2","name":"Lo viste en Los Pol\u00edticos","image":{"@type":"ImageObject","inLanguage":"es","@id":"https:\/\/secure.gravatar.com\/avatar\/3a8de04a2656d44082be478bd6c086daa447c4651605818287b9532d3d0bd435?s=96&d=mm&r=g","url":"https:\/\/secure.gravatar.com\/avatar\/3a8de04a2656d44082be478bd6c086daa447c4651605818287b9532d3d0bd435?s=96&d=mm&r=g","contentUrl":"https:\/\/secure.gravatar.com\/avatar\/3a8de04a2656d44082be478bd6c086daa447c4651605818287b9532d3d0bd435?s=96&d=mm&r=g","caption":"Lo viste en Los Pol\u00edticos"},"url":"https:\/\/lospoliticosveracruz.com\/?author=2"}]}},"_links":{"self":[{"href":"https:\/\/lospoliticosveracruz.com\/index.php?rest_route=\/wp\/v2\/posts\/110225","targetHints":{"allow":["GET"]}}],"collection":[{"href":"https:\/\/lospoliticosveracruz.com\/index.php?rest_route=\/wp\/v2\/posts"}],"about":[{"href":"https:\/\/lospoliticosveracruz.com\/index.php?rest_route=\/wp\/v2\/types\/post"}],"author":[{"embeddable":true,"href":"https:\/\/lospoliticosveracruz.com\/index.php?rest_route=\/wp\/v2\/users\/2"}],"replies":[{"embeddable":true,"href":"https:\/\/lospoliticosveracruz.com\/index.php?rest_route=%2Fwp%2Fv2%2Fcomments&post=110225"}],"version-history":[{"count":1,"href":"https:\/\/lospoliticosveracruz.com\/index.php?rest_route=\/wp\/v2\/posts\/110225\/revisions"}],"predecessor-version":[{"id":110226,"href":"https:\/\/lospoliticosveracruz.com\/index.php?rest_route=\/wp\/v2\/posts\/110225\/revisions\/110226"}],"wp:attachment":[{"href":"https:\/\/lospoliticosveracruz.com\/index.php?rest_route=%2Fwp%2Fv2%2Fmedia&parent=110225"}],"wp:term":[{"taxonomy":"category","embeddable":true,"href":"https:\/\/lospoliticosveracruz.com\/index.php?rest_route=%2Fwp%2Fv2%2Fcategories&post=110225"},{"taxonomy":"post_tag","embeddable":true,"href":"https:\/\/lospoliticosveracruz.com\/index.php?rest_route=%2Fwp%2Fv2%2Ftags&post=110225"}],"curies":[{"name":"wp","href":"https:\/\/api.w.org\/{rel}","templated":true}]}}